{"id":155402,"date":"2019-11-26T18:43:23","date_gmt":"2019-11-26T21:43:23","guid":{"rendered":"http:\/\/aconteceunovale.com.br\/portal\/?p=155402"},"modified":"2026-09-02T18:08:58","modified_gmt":"2026-09-02T21:08:58","slug":"familia-do-norte-de-minas-recebera-mais-de-r-70-mil-em-indenizacao-da-copasa","status":"publish","type":"post","link":"https:\/\/aconteceunovale.com.br\/portal\/?p=155402","title":{"rendered":"Fam\u00edlia do Norte de Minas receber\u00e1 mais de R$ 70 mil em indeniza\u00e7\u00e3o da Copasa"},"content":{"rendered":"\n<p class=\"wp-block-paragraph\">Um casal receber\u00e1 da Companhia de Saneamento de Minas Gerais (Copasa) R$ 70 mil de indeniza\u00e7\u00e3o por danos morais pela morte por afogamento do filho no tanque de uma Esta\u00e7\u00e3o de Tratamento de Esgoto (ETE).<\/p>\n\n\n\n<p class=\"wp-block-paragraph\">O caso aconteceu na Comarca de Cora\u00e7\u00e3o de Jesus, Munic\u00edpio de Ibia\u00ed, regi\u00e3o Norte de Minas Gerais. Em primeira inst\u00e2ncia, a companhia foi condenada ao pagamento de R$ 50 mil.<\/p>\n\n\n\n<p class=\"wp-block-paragraph\">O casal e a Copasa recorreram. A 8\u00aa C\u00e2mara C\u00edvel do Tribunal de Justi\u00e7a do Estado de Minas Gerais determinou o pagamento de R$ 35 mil para cada um dos respons\u00e1veis pela crian\u00e7a.<\/p>\n\n\n\n<p class=\"wp-block-paragraph\"><strong>Senten\u00e7a<\/strong><\/p>\n\n\n\n<p class=\"wp-block-paragraph\">De acordo com familiares, ap\u00f3s darem conta do desaparecimento da crian\u00e7a de 9 anos, acionaram o Corpo de Bombeiros da cidade. Em meio \u00e0s buscas nas redondezas da esta\u00e7\u00e3o, encontraram o corpo do menino em um tanque da ETE.<\/p>\n\n\n\n<p class=\"wp-block-paragraph\">A fam\u00edlia ajuizou a a\u00e7\u00e3o, alegando a responsabilidade da companhia sobre as condi\u00e7\u00f5es de seguran\u00e7a do local e requerendo indeniza\u00e7\u00e3o por danos morais. Para os parentes do menino, a empresa n\u00e3o isolou o per\u00edmetro dos tanques. Alegaram que a cerca de arame que circunda a \u00e1rea estava rompida e em m\u00e1s condi\u00e7\u00f5es, facilitando o acesso de crian\u00e7as e at\u00e9 mesmo animais \u00e0 zona de risco.<\/p>\n\n\n\n<p class=\"wp-block-paragraph\">A Copasa afirma que a responsabilidade caberia \u00e0 v\u00edtima e aos seus respons\u00e1veis. Ressaltou que a Esta\u00e7\u00e3o de Tratamento de Esgoto fica em um local isolado&nbsp;que n\u00e3o faz parte do trajeto de crian\u00e7as e estudantes,&nbsp;e&nbsp;\u00e9 cercada&nbsp;por arame farpado, com poste de cimento de alambrado de cerca viva.<\/p>\n\n\n\n<p class=\"wp-block-paragraph\">A ju\u00edza Luciana de Oliveira Torres condenou a Copasa a&nbsp;pagar&nbsp;indeniza\u00e7\u00e3o por danos morais de R$ 25 mil para cada um dos pais da crian\u00e7a, al\u00e9m de pens\u00e3o mensal no valor de 2\/3 de um sal\u00e1rio m\u00ednimo, de 2018 a 2029. Ap\u00f3s essa data o valor seria revertido para 1\/3 de um sal\u00e1rio m\u00ednimo at\u00e9 2069, ano em que o menino completaria 65 anos.<\/p>\n\n\n\n<p class=\"wp-block-paragraph\"><strong>Recurso<\/strong><\/p>\n\n\n\n<p class=\"wp-block-paragraph\">A Copasa e os pais da v\u00edtima&nbsp;entraram com recurso. A companhia afirma que n\u00e3o foi negligente com rela\u00e7\u00e3o \u00e0 seguran\u00e7a da esta\u00e7\u00e3o de tratamento, uma vez que todos os recursos de prote\u00e7\u00e3o estavam instalados no local.<\/p>\n\n\n\n<p class=\"wp-block-paragraph\">Afirma tamb\u00e9m que a crian\u00e7a era portadora de defici\u00eancia mental, sendo certo que no dia do acidente&nbsp;foi vista&nbsp;sem o acompanhamento dos pais ou respons\u00e1veis. A Copasa pediu, portanto, que fosse admitida a culpa concorrente, com a mitiga\u00e7\u00e3o da responsabilidade. Requereu tamb\u00e9m que fosse afastada a pens\u00e3o mensal e os danos morais ou, ao menos, reduzido o valor fixado.<\/p>\n\n\n\n<p class=\"wp-block-paragraph\">Os familiares da v\u00edtima, por outro lado, requereram o aumento do valor estipulado pelos danos morais para R$ 100 mil.<\/p>\n\n\n\n<p class=\"wp-block-paragraph\"><strong>Decis\u00e3o<\/strong><\/p>\n\n\n\n<p class=\"wp-block-paragraph\">A decis\u00e3o do relator, desembargador Carlos Roberto de Faria, atendeu ao primeiro recurso da Copasa e, em parte, \u00e0 solicita\u00e7\u00e3o dos pais da crian\u00e7a, determinando o aumento do valor da indeniza\u00e7\u00e3o por danos morais para R$ 70 mil.<\/p>\n\n\n\n<p class=\"wp-block-paragraph\">De acordo com o magistrado, as&nbsp;vistorias realizadas&nbsp;conclu\u00edram&nbsp;que houve falta de zelo por parte da Copasa, que&nbsp;n\u00e3o cumpriu&nbsp;o que determina o caderno de orienta\u00e7\u00f5es b\u00e1sicas para opera\u00e7\u00f5es de esta\u00e7\u00f5es de tratamento de esgoto, principalmente no que tange \u00e0s medidas de seguran\u00e7a.<\/p>\n\n\n\n<p class=\"wp-block-paragraph\">Como se n\u00e3o bastasse a instala\u00e7\u00e3o de cercas de conten\u00e7\u00e3o em altura incorreta, facilitando o acesso de pessoas ao local, especialmente crian\u00e7as, a per\u00edcia tamb\u00e9m constatou que o arame farpado estava danificado em algumas \u00e1reas e que n\u00e3o existia placa alertando os transeuntes sobre os perigos.<\/p>\n\n\n\n<p class=\"wp-block-paragraph\">Por outro lado, ainda que se pudesse afirmar a exist\u00eancia de placas educativas, tais sinaliza\u00e7\u00f5es n\u00e3o seriam suficientes para impedir o acesso de menores ao local, sobretudo diante da aus\u00eancia de vigil\u00e2ncia por pessoal especializado e da falta de manuten\u00e7\u00e3o adequada das cercas.<\/p>\n\n\n\n<p class=\"wp-block-paragraph\">Sobre o valor definido para reparar os danos&nbsp;morais, o relator afirma que o ressarcimento \u00e9 devido \u00e0 ineg\u00e1vel dor, afli\u00e7\u00e3o, sofrimento e sentimento de impot\u00eancia experimentados pelos pais diante do trauma de perder seu filho tragicamente.<\/p>\n\n\n\n<p class=\"wp-block-paragraph\">Acompanharam o voto o juiz convocado F\u00e1bio Torres de Sousa e a desembargadora Teresa Cristina da Cunha Peixoto.<\/p>\n\n\n\n<p class=\"has-text-color has-background has-very-light-gray-color has-very-dark-gray-background-color wp-block-paragraph\"><strong>VER PRIMEIRO: <\/strong>Receba as not\u00edcias do Aconteceu no Vale em primeira m\u00e3o. Clique em curtir no endere\u00e7o <a rel=\"noreferrer noopener\" href=\"https:\/\/www.facebook.com\/aconteceunovale\" target=\"_blank\">www.facebook.com\/aconteceunovale<\/a>.<\/p>\n","protected":false},"excerpt":{"rendered":"<p>Um casal receber\u00e1 da Companhia de Saneamento de Minas Gerais (Copasa) R$ 70 mil de indeniza\u00e7\u00e3o por danos morais pela morte por afogamento do filho no tanque de uma Esta\u00e7\u00e3o de Tratamento de Esgoto (ETE). O caso aconteceu na Comarca de Cora\u00e7\u00e3o de Jesus, Munic\u00edpio de Ibia\u00ed, regi\u00e3o Norte de Minas Gerais. Em primeira inst\u00e2ncia, [&hellip;]<\/p>\n","protected":false},"author":1,"featured_media":155403,"comment_status":"open","ping_status":"closed","sticky":false,"template":"","format":"standard","meta":{"amp_status":"","footnotes":""},"categories":[6],"tags":[27758,210243,179,1801,211354,211353,1695,183601,140692,211355,211352,270],"class_list":["post-155402","post","type-post","status-publish","format-standard","has-post-thumbnail","hentry","category-br","tag-companhia-de-saneamento-de-minas-gerais","tag-condenacao-da-copasa","tag-copasa","tag-coracao-de-jesus","tag-crianca-afogada-em-ibiai","tag-familia-do-norte-de-minas-recebera-mais-de-r-70-mil-em-indenizacao-da-copasa","tag-ibiai","tag-indenizacao-copasa","tag-justica-de-minas-gerais","tag-morte-de-crianca-em-ibiai","tag-processo-contra-a-copasa","tag-tjmg"],"yoast_head":"<!-- This site is optimized with the Yoast SEO plugin v28.3 - https:\/\/yoast.com\/product\/yoast-seo-wordpress\/ -->\n<title>Fam\u00edlia do Norte de Minas receber\u00e1 mais de R$ 70 mil em indeniza\u00e7\u00e3o da Copasa - Aconteceu no Vale<\/title>\n<meta name=\"robots\" content=\"index, follow, max-snippet:-1, max-image-preview:large, max-video-preview:-1\" \/>\n<link rel=\"canonical\" href=\"https:\/\/aconteceunovale.com.br\/portal\/?p=155402\" \/>\n<meta property=\"og:locale\" content=\"pt_BR\" \/>\n<meta property=\"og:type\" content=\"article\" \/>\n<meta property=\"og:title\" content=\"Fam\u00edlia do Norte de Minas receber\u00e1 mais de R$ 70 mil em indeniza\u00e7\u00e3o da Copasa - Aconteceu no Vale\" \/>\n<meta property=\"og:description\" content=\"Um casal receber\u00e1 da Companhia de Saneamento de Minas Gerais (Copasa) R$ 70 mil de indeniza\u00e7\u00e3o por danos morais pela morte por afogamento do filho no tanque de uma Esta\u00e7\u00e3o de Tratamento de Esgoto (ETE). O caso aconteceu na Comarca de Cora\u00e7\u00e3o de Jesus, Munic\u00edpio de Ibia\u00ed, regi\u00e3o Norte de Minas Gerais. Em primeira inst\u00e2ncia, [&hellip;]\" \/>\n<meta property=\"og:url\" content=\"https:\/\/aconteceunovale.com.br\/portal\/?p=155402\" \/>\n<meta property=\"og:site_name\" content=\"Aconteceu no Vale\" \/>\n<meta property=\"article:publisher\" content=\"https:\/\/www.facebook.com\/aconteceunovale\/\" \/>\n<meta property=\"article:published_time\" content=\"2019-11-26T21:43:23+00:00\" \/>\n<meta property=\"article:modified_time\" content=\"2026-09-02T21:08:58+00:00\" \/>\n<meta property=\"og:image\" content=\"https:\/\/aconteceunovale.com.br\/portal\/wp-content\/uploads\/2019\/11\/ibiai_mg.jpg\" \/>\n\t<meta property=\"og:image:width\" content=\"600\" \/>\n\t<meta property=\"og:image:height\" content=\"450\" \/>\n\t<meta property=\"og:image:type\" content=\"image\/jpeg\" \/>\n<meta name=\"author\" content=\"Aconteceu no Vale\" \/>\n<meta name=\"twitter:card\" content=\"summary_large_image\" \/>\n<meta name=\"twitter:creator\" content=\"@noticiadosvales\" \/>\n<meta name=\"twitter:site\" content=\"@noticiadosvales\" \/>\n<meta name=\"twitter:label1\" content=\"Escrito por\" \/>\n\t<meta name=\"twitter:data1\" content=\"Aconteceu no Vale\" \/>\n\t<meta name=\"twitter:label2\" content=\"Est. tempo de leitura\" \/>\n\t<meta name=\"twitter:data2\" content=\"4 minutos\" \/>\n<script type=\"application\/ld+json\" class=\"yoast-schema-graph\">{\"@context\":\"https:\\\/\\\/schema.org\",\"@graph\":[{\"@type\":\"Article\",\"@id\":\"https:\\\/\\\/aconteceunovale.com.br\\\/portal\\\/?p=155402#article\",\"isPartOf\":{\"@id\":\"https:\\\/\\\/aconteceunovale.com.br\\\/portal\\\/?p=155402\"},\"author\":{\"name\":\"Aconteceu no Vale\",\"@id\":\"https:\\\/\\\/aconteceunovale.com.br\\\/portal\\\/#\\\/schema\\\/person\\\/633529146f2c94272bef50ac2953d589\"},\"headline\":\"Fam\u00edlia do Norte de Minas receber\u00e1 mais de R$ 70 mil em indeniza\u00e7\u00e3o da Copasa\",\"datePublished\":\"2019-11-26T21:43:23+00:00\",\"dateModified\":\"2026-09-02T21:08:58+00:00\",\"mainEntityOfPage\":{\"@id\":\"https:\\\/\\\/aconteceunovale.com.br\\\/portal\\\/?p=155402\"},\"wordCount\":782,\"commentCount\":0,\"image\":{\"@id\":\"https:\\\/\\\/aconteceunovale.com.br\\\/portal\\\/?p=155402#primaryimage\"},\"thumbnailUrl\":\"https:\\\/\\\/aconteceunovale.com.br\\\/portal\\\/wp-content\\\/uploads\\\/2019\\\/11\\\/ibiai_mg.jpg\",\"keywords\":[\"Companhia de Saneamento de Minas Gerais\",\"Condena\u00e7\u00e3o da Copasa\",\"Copasa\",\"Cora\u00e7\u00e3o de Jesus\",\"Crian\u00e7a afogada em Ibia\u00ed\",\"Fam\u00edlia do Norte de Minas receber\u00e1 mais de R$ 70 mil em indeniza\u00e7\u00e3o da Copasa\",\"Ibia\u00ed\",\"Indeniza\u00e7\u00e3o Copasa\",\"Justi\u00e7a de Minas Gerais\",\"Morte de crian\u00e7a em Ibia\u00ed\",\"Processo contra a Copasa\",\"TJMG\"],\"articleSection\":[\"Brasil\"],\"inLanguage\":\"pt-BR\",\"potentialAction\":[{\"@type\":\"CommentAction\",\"name\":\"Comment\",\"target\":[\"https:\\\/\\\/aconteceunovale.com.br\\\/portal\\\/?p=155402#respond\"]}]},{\"@type\":\"WebPage\",\"@id\":\"https:\\\/\\\/aconteceunovale.com.br\\\/portal\\\/?p=155402\",\"url\":\"https:\\\/\\\/aconteceunovale.com.br\\\/portal\\\/?p=155402\",\"name\":\"Fam\u00edlia do Norte de Minas receber\u00e1 mais de R$ 70 mil em indeniza\u00e7\u00e3o da Copasa - Aconteceu no Vale\",\"isPartOf\":{\"@id\":\"https:\\\/\\\/aconteceunovale.com.br\\\/portal\\\/#website\"},\"primaryImageOfPage\":{\"@id\":\"https:\\\/\\\/aconteceunovale.com.br\\\/portal\\\/?p=155402#primaryimage\"},\"image\":{\"@id\":\"https:\\\/\\\/aconteceunovale.com.br\\\/portal\\\/?p=155402#primaryimage\"},\"thumbnailUrl\":\"https:\\\/\\\/aconteceunovale.com.br\\\/portal\\\/wp-content\\\/uploads\\\/2019\\\/11\\\/ibiai_mg.jpg\",\"datePublished\":\"2019-11-26T21:43:23+00:00\",\"dateModified\":\"2026-09-02T21:08:58+00:00\",\"author\":{\"@id\":\"https:\\\/\\\/aconteceunovale.com.br\\\/portal\\\/#\\\/schema\\\/person\\\/633529146f2c94272bef50ac2953d589\"},\"breadcrumb\":{\"@id\":\"https:\\\/\\\/aconteceunovale.com.br\\\/portal\\\/?p=155402#breadcrumb\"},\"inLanguage\":\"pt-BR\",\"potentialAction\":[{\"@type\":\"ReadAction\",\"target\":[\"https:\\\/\\\/aconteceunovale.com.br\\\/portal\\\/?p=155402\"]}]},{\"@type\":\"ImageObject\",\"inLanguage\":\"pt-BR\",\"@id\":\"https:\\\/\\\/aconteceunovale.com.br\\\/portal\\\/?p=155402#primaryimage\",\"url\":\"https:\\\/\\\/aconteceunovale.com.br\\\/portal\\\/wp-content\\\/uploads\\\/2019\\\/11\\\/ibiai_mg.jpg\",\"contentUrl\":\"https:\\\/\\\/aconteceunovale.com.br\\\/portal\\\/wp-content\\\/uploads\\\/2019\\\/11\\\/ibiai_mg.jpg\",\"width\":600,\"height\":450},{\"@type\":\"BreadcrumbList\",\"@id\":\"https:\\\/\\\/aconteceunovale.com.br\\\/portal\\\/?p=155402#breadcrumb\",\"itemListElement\":[{\"@type\":\"ListItem\",\"position\":1,\"name\":\"In\u00edcio\",\"item\":\"https:\\\/\\\/aconteceunovale.com.br\\\/portal\\\/\"},{\"@type\":\"ListItem\",\"position\":2,\"name\":\"Fam\u00edlia do Norte de Minas receber\u00e1 mais de R$ 70 mil em indeniza\u00e7\u00e3o da Copasa\"}]},{\"@type\":\"WebSite\",\"@id\":\"https:\\\/\\\/aconteceunovale.com.br\\\/portal\\\/#website\",\"url\":\"https:\\\/\\\/aconteceunovale.com.br\\\/portal\\\/\",\"name\":\"Aconteceu no Vale\",\"description\":\"Portal de Not\u00edcias\",\"potentialAction\":[{\"@type\":\"SearchAction\",\"target\":{\"@type\":\"EntryPoint\",\"urlTemplate\":\"https:\\\/\\\/aconteceunovale.com.br\\\/portal\\\/?s={search_term_string}\"},\"query-input\":{\"@type\":\"PropertyValueSpecification\",\"valueRequired\":true,\"valueName\":\"search_term_string\"}}],\"inLanguage\":\"pt-BR\"},{\"@type\":\"Person\",\"@id\":\"https:\\\/\\\/aconteceunovale.com.br\\\/portal\\\/#\\\/schema\\\/person\\\/633529146f2c94272bef50ac2953d589\",\"name\":\"Aconteceu no Vale\",\"description\":\"Equipe de reportagem do Aconteceu no Vale, portal de not\u00edcias do Vale do Jequitinhonha, em Minas Gerais. Cobrimos as 51 cidades do Vale desde 2013. Sugest\u00f5es de pauta e pedidos de corre\u00e7\u00e3o: contato@aconteceunovale.com.br\",\"sameAs\":[\"http:\\\/\\\/www.aconteceunovale.com.br\"],\"url\":\"https:\\\/\\\/aconteceunovale.com.br\\\/portal\\\/?author=1\"}]}<\/script>\n<!-- \/ Yoast SEO plugin. -->","yoast_head_json":{"title":"Fam\u00edlia do Norte de Minas receber\u00e1 mais de R$ 70 mil em indeniza\u00e7\u00e3o da Copasa - Aconteceu no Vale","robots":{"index":"index","follow":"follow","max-snippet":"max-snippet:-1","max-image-preview":"max-image-preview:large","max-video-preview":"max-video-preview:-1"},"canonical":"https:\/\/aconteceunovale.com.br\/portal\/?p=155402","og_locale":"pt_BR","og_type":"article","og_title":"Fam\u00edlia do Norte de Minas receber\u00e1 mais de R$ 70 mil em indeniza\u00e7\u00e3o da Copasa - Aconteceu no Vale","og_description":"Um casal receber\u00e1 da Companhia de Saneamento de Minas Gerais (Copasa) R$ 70 mil de indeniza\u00e7\u00e3o por danos morais pela morte por afogamento do filho no tanque de uma Esta\u00e7\u00e3o de Tratamento de Esgoto (ETE). O caso aconteceu na Comarca de Cora\u00e7\u00e3o de Jesus, Munic\u00edpio de Ibia\u00ed, regi\u00e3o Norte de Minas Gerais. Em primeira inst\u00e2ncia, [&hellip;]","og_url":"https:\/\/aconteceunovale.com.br\/portal\/?p=155402","og_site_name":"Aconteceu no Vale","article_publisher":"https:\/\/www.facebook.com\/aconteceunovale\/","article_published_time":"2019-11-26T21:43:23+00:00","article_modified_time":"2026-09-02T21:08:58+00:00","og_image":[{"width":600,"height":450,"url":"https:\/\/aconteceunovale.com.br\/portal\/wp-content\/uploads\/2019\/11\/ibiai_mg.jpg","type":"image\/jpeg"}],"author":"Aconteceu no Vale","twitter_card":"summary_large_image","twitter_creator":"@noticiadosvales","twitter_site":"@noticiadosvales","twitter_misc":{"Escrito por":"Aconteceu no Vale","Est. tempo de leitura":"4 minutos"},"schema":{"@context":"https:\/\/schema.org","@graph":[{"@type":"Article","@id":"https:\/\/aconteceunovale.com.br\/portal\/?p=155402#article","isPartOf":{"@id":"https:\/\/aconteceunovale.com.br\/portal\/?p=155402"},"author":{"name":"Aconteceu no Vale","@id":"https:\/\/aconteceunovale.com.br\/portal\/#\/schema\/person\/633529146f2c94272bef50ac2953d589"},"headline":"Fam\u00edlia do Norte de Minas receber\u00e1 mais de R$ 70 mil em indeniza\u00e7\u00e3o da Copasa","datePublished":"2019-11-26T21:43:23+00:00","dateModified":"2026-09-02T21:08:58+00:00","mainEntityOfPage":{"@id":"https:\/\/aconteceunovale.com.br\/portal\/?p=155402"},"wordCount":782,"commentCount":0,"image":{"@id":"https:\/\/aconteceunovale.com.br\/portal\/?p=155402#primaryimage"},"thumbnailUrl":"https:\/\/aconteceunovale.com.br\/portal\/wp-content\/uploads\/2019\/11\/ibiai_mg.jpg","keywords":["Companhia de Saneamento de Minas Gerais","Condena\u00e7\u00e3o da Copasa","Copasa","Cora\u00e7\u00e3o de Jesus","Crian\u00e7a afogada em Ibia\u00ed","Fam\u00edlia do Norte de Minas receber\u00e1 mais de R$ 70 mil em indeniza\u00e7\u00e3o da Copasa","Ibia\u00ed","Indeniza\u00e7\u00e3o Copasa","Justi\u00e7a de Minas Gerais","Morte de crian\u00e7a em Ibia\u00ed","Processo contra a Copasa","TJMG"],"articleSection":["Brasil"],"inLanguage":"pt-BR","potentialAction":[{"@type":"CommentAction","name":"Comment","target":["https:\/\/aconteceunovale.com.br\/portal\/?p=155402#respond"]}]},{"@type":"WebPage","@id":"https:\/\/aconteceunovale.com.br\/portal\/?p=155402","url":"https:\/\/aconteceunovale.com.br\/portal\/?p=155402","name":"Fam\u00edlia do Norte de Minas receber\u00e1 mais de R$ 70 mil em indeniza\u00e7\u00e3o da Copasa - Aconteceu no Vale","isPartOf":{"@id":"https:\/\/aconteceunovale.com.br\/portal\/#website"},"primaryImageOfPage":{"@id":"https:\/\/aconteceunovale.com.br\/portal\/?p=155402#primaryimage"},"image":{"@id":"https:\/\/aconteceunovale.com.br\/portal\/?p=155402#primaryimage"},"thumbnailUrl":"https:\/\/aconteceunovale.com.br\/portal\/wp-content\/uploads\/2019\/11\/ibiai_mg.jpg","datePublished":"2019-11-26T21:43:23+00:00","dateModified":"2026-09-02T21:08:58+00:00","author":{"@id":"https:\/\/aconteceunovale.com.br\/portal\/#\/schema\/person\/633529146f2c94272bef50ac2953d589"},"breadcrumb":{"@id":"https:\/\/aconteceunovale.com.br\/portal\/?p=155402#breadcrumb"},"inLanguage":"pt-BR","potentialAction":[{"@type":"ReadAction","target":["https:\/\/aconteceunovale.com.br\/portal\/?p=155402"]}]},{"@type":"ImageObject","inLanguage":"pt-BR","@id":"https:\/\/aconteceunovale.com.br\/portal\/?p=155402#primaryimage","url":"https:\/\/aconteceunovale.com.br\/portal\/wp-content\/uploads\/2019\/11\/ibiai_mg.jpg","contentUrl":"https:\/\/aconteceunovale.com.br\/portal\/wp-content\/uploads\/2019\/11\/ibiai_mg.jpg","width":600,"height":450},{"@type":"BreadcrumbList","@id":"https:\/\/aconteceunovale.com.br\/portal\/?p=155402#breadcrumb","itemListElement":[{"@type":"ListItem","position":1,"name":"In\u00edcio","item":"https:\/\/aconteceunovale.com.br\/portal\/"},{"@type":"ListItem","position":2,"name":"Fam\u00edlia do Norte de Minas receber\u00e1 mais de R$ 70 mil em indeniza\u00e7\u00e3o da Copasa"}]},{"@type":"WebSite","@id":"https:\/\/aconteceunovale.com.br\/portal\/#website","url":"https:\/\/aconteceunovale.com.br\/portal\/","name":"Aconteceu no Vale","description":"Portal de Not\u00edcias","potentialAction":[{"@type":"SearchAction","target":{"@type":"EntryPoint","urlTemplate":"https:\/\/aconteceunovale.com.br\/portal\/?s={search_term_string}"},"query-input":{"@type":"PropertyValueSpecification","valueRequired":true,"valueName":"search_term_string"}}],"inLanguage":"pt-BR"},{"@type":"Person","@id":"https:\/\/aconteceunovale.com.br\/portal\/#\/schema\/person\/633529146f2c94272bef50ac2953d589","name":"Aconteceu no Vale","description":"Equipe de reportagem do Aconteceu no Vale, portal de not\u00edcias do Vale do Jequitinhonha, em Minas Gerais. Cobrimos as 51 cidades do Vale desde 2013. Sugest\u00f5es de pauta e pedidos de corre\u00e7\u00e3o: contato@aconteceunovale.com.br","sameAs":["http:\/\/www.aconteceunovale.com.br"],"url":"https:\/\/aconteceunovale.com.br\/portal\/?author=1"}]}},"_links":{"self":[{"href":"https:\/\/aconteceunovale.com.br\/portal\/index.php?rest_route=\/wp\/v2\/posts\/155402","targetHints":{"allow":["GET"]}}],"collection":[{"href":"https:\/\/aconteceunovale.com.br\/portal\/index.php?rest_route=\/wp\/v2\/posts"}],"about":[{"href":"https:\/\/aconteceunovale.com.br\/portal\/index.php?rest_route=\/wp\/v2\/types\/post"}],"author":[{"embeddable":true,"href":"https:\/\/aconteceunovale.com.br\/portal\/index.php?rest_route=\/wp\/v2\/users\/1"}],"replies":[{"embeddable":true,"href":"https:\/\/aconteceunovale.com.br\/portal\/index.php?rest_route=%2Fwp%2Fv2%2Fcomments&post=155402"}],"version-history":[{"count":1,"href":"https:\/\/aconteceunovale.com.br\/portal\/index.php?rest_route=\/wp\/v2\/posts\/155402\/revisions"}],"predecessor-version":[{"id":155404,"href":"https:\/\/aconteceunovale.com.br\/portal\/index.php?rest_route=\/wp\/v2\/posts\/155402\/revisions\/155404"}],"wp:featuredmedia":[{"embeddable":true,"href":"https:\/\/aconteceunovale.com.br\/portal\/index.php?rest_route=\/wp\/v2\/media\/155403"}],"wp:attachment":[{"href":"https:\/\/aconteceunovale.com.br\/portal\/index.php?rest_route=%2Fwp%2Fv2%2Fmedia&parent=155402"}],"wp:term":[{"taxonomy":"category","embeddable":true,"href":"https:\/\/aconteceunovale.com.br\/portal\/index.php?rest_route=%2Fwp%2Fv2%2Fcategories&post=155402"},{"taxonomy":"post_tag","embeddable":true,"href":"https:\/\/aconteceunovale.com.br\/portal\/index.php?rest_route=%2Fwp%2Fv2%2Ftags&post=155402"}],"curies":[{"name":"wp","href":"https:\/\/api.w.org\/{rel}","templated":true}]}}