{"id":155391,"date":"2019-11-26T16:22:47","date_gmt":"2019-11-26T19:22:47","guid":{"rendered":"http:\/\/aconteceunovale.com.br\/portal\/?p=155391"},"modified":"2019-11-26T16:31:19","modified_gmt":"2019-11-26T19:31:19","slug":"compradores-internacionais-visitam-fazendas-de-cafe-no-alto-jequitinhonha","status":"publish","type":"post","link":"https:\/\/aconteceunovale.com.br\/portal\/?p=155391","title":{"rendered":"Compradores internacionais visitam fazendas de caf\u00e9 no Alto Jequitinhonha"},"content":{"rendered":"\n<p class=\"wp-block-paragraph\">Uma comitiva de compradores de caf\u00e9 est\u00e1 na regi\u00e3o da Chapada de\nMinas, no Alto Jequitinhonha. Al\u00e9m de conhecer os cafezais de Capelinha,\nAngel\u00e2ndia e de outros munic\u00edpios circunvizinhos, os compradores fazem\n\u201ccupping\u201d, palavra da l\u00edngua inglesa que diz respeito \u00e0 degusta\u00e7\u00e3o e classifica\u00e7\u00e3o\nde caf\u00e9s especiais. \u00c9 um processo fundamental na cadeia do caf\u00e9, pois \u00e9 o\nmomento em que os gr\u00e3os s\u00e3o provados. Da\u00ed ocorre a classifica\u00e7\u00e3o&nbsp;do caf\u00e9, que definir\u00e1 o\nvalor do produto no mercado.<\/p>\n\n\n\n<p class=\"wp-block-paragraph\">A vinda dos compradores se deu\nap\u00f3s o enorme sucesso da participa\u00e7\u00e3o do Instituto do Caf\u00e9 da Chapada de Minas\n(ICCM) na Semana Internacional do Caf\u00e9 (SIC), em Belo Horizonte. Desde o final\nde semana, Capelinha recebe o grego Giorgios Alaniadis, da El Cafe (maior\nimportador da Gr\u00e9cia); a colombiana Paula Garcia, que representa a empresa Caf\u00e9\nCultura, sediada em Santiago do Chile; e ainda Igor Corral, propriet\u00e1rio do\nCaf\u00e9 Vergado, de Salvador (BA) e KJ, representante da Caf\u00e9 Editora, empresa que\npromove a SIC.<\/p>\n\n\n\n<p class=\"wp-block-paragraph\">Caf\u00e9s de diversos produtores da regi\u00e3o foram degustados pelos compradores, que estiveram na Fazenda Sequoia, na Fazenda Primavera, na Fazenda Sagarana (do cafeicultor Dailton Ribeiro), na Fazenda Tr\u00eas Cedros (do casal Beto e Andrea), e tamb\u00e9m em pequenas propriedades rurais, entre elas a do produtor Marden Rodrigues, na comunidade de S\u00e3o Benedito. E ainda em empresas de caf\u00e9 da cidade.<\/p>\n\n\n\n<p class=\"wp-block-paragraph\"> Confira fotos dos compradores na regi\u00e3o da Chapada de Minas:<\/p>\n\n\n\n<figure class=\"wp-block-image size-large\"><img loading=\"lazy\" decoding=\"async\" width=\"600\" height=\"450\" src=\"http:\/\/aconteceunovale.com.br\/portal\/wp-content\/uploads\/2019\/11\/visita_internacionais_2.jpg\" alt=\"\" class=\"wp-image-155392\" srcset=\"https:\/\/aconteceunovale.com.br\/portal\/wp-content\/uploads\/2019\/11\/visita_internacionais_2.jpg 600w, https:\/\/aconteceunovale.com.br\/portal\/wp-content\/uploads\/2019\/11\/visita_internacionais_2-300x225.jpg 300w, https:\/\/aconteceunovale.com.br\/portal\/wp-content\/uploads\/2019\/11\/visita_internacionais_2-80x60.jpg 80w, https:\/\/aconteceunovale.com.br\/portal\/wp-content\/uploads\/2019\/11\/visita_internacionais_2-265x198.jpg 265w, https:\/\/aconteceunovale.com.br\/portal\/wp-content\/uploads\/2019\/11\/visita_internacionais_2-560x420.jpg 560w\" sizes=\"auto, (max-width: 600px) 100vw, 600px\" \/><figcaption><em>Foto: Divulga\u00e7\u00e3o \/ Prefeitura de Capelinha<\/em><\/figcaption><\/figure>\n\n\n\n<figure class=\"wp-block-image size-large\"><img loading=\"lazy\" decoding=\"async\" width=\"600\" height=\"450\" src=\"http:\/\/aconteceunovale.com.br\/portal\/wp-content\/uploads\/2019\/11\/visita_internacionais_3.jpg\" alt=\"\" class=\"wp-image-155393\" srcset=\"https:\/\/aconteceunovale.com.br\/portal\/wp-content\/uploads\/2019\/11\/visita_internacionais_3.jpg 600w, https:\/\/aconteceunovale.com.br\/portal\/wp-content\/uploads\/2019\/11\/visita_internacionais_3-300x225.jpg 300w, https:\/\/aconteceunovale.com.br\/portal\/wp-content\/uploads\/2019\/11\/visita_internacionais_3-80x60.jpg 80w, https:\/\/aconteceunovale.com.br\/portal\/wp-content\/uploads\/2019\/11\/visita_internacionais_3-265x198.jpg 265w, https:\/\/aconteceunovale.com.br\/portal\/wp-content\/uploads\/2019\/11\/visita_internacionais_3-560x420.jpg 560w\" sizes=\"auto, (max-width: 600px) 100vw, 600px\" \/><figcaption> <em>Foto: Divulga\u00e7\u00e3o \/ Prefeitura de Capelinha<\/em> <\/figcaption><\/figure>\n\n\n\n<figure class=\"wp-block-image size-large\"><img loading=\"lazy\" decoding=\"async\" width=\"600\" height=\"450\" src=\"http:\/\/aconteceunovale.com.br\/portal\/wp-content\/uploads\/2019\/11\/visita_internacionais_4.jpg\" alt=\"\" class=\"wp-image-155394\" srcset=\"https:\/\/aconteceunovale.com.br\/portal\/wp-content\/uploads\/2019\/11\/visita_internacionais_4.jpg 600w, https:\/\/aconteceunovale.com.br\/portal\/wp-content\/uploads\/2019\/11\/visita_internacionais_4-300x225.jpg 300w, https:\/\/aconteceunovale.com.br\/portal\/wp-content\/uploads\/2019\/11\/visita_internacionais_4-80x60.jpg 80w, https:\/\/aconteceunovale.com.br\/portal\/wp-content\/uploads\/2019\/11\/visita_internacionais_4-265x198.jpg 265w, https:\/\/aconteceunovale.com.br\/portal\/wp-content\/uploads\/2019\/11\/visita_internacionais_4-560x420.jpg 560w\" sizes=\"auto, (max-width: 600px) 100vw, 600px\" \/><figcaption> <em>Foto: Divulga\u00e7\u00e3o \/ Prefeitura de Capelinha<\/em> <\/figcaption><\/figure>\n\n\n\n<figure class=\"wp-block-image size-large\"><img loading=\"lazy\" decoding=\"async\" width=\"600\" height=\"450\" src=\"http:\/\/aconteceunovale.com.br\/portal\/wp-content\/uploads\/2019\/11\/visita_internacionais_1.jpg\" alt=\"\" class=\"wp-image-155395\" srcset=\"https:\/\/aconteceunovale.com.br\/portal\/wp-content\/uploads\/2019\/11\/visita_internacionais_1.jpg 600w, https:\/\/aconteceunovale.com.br\/portal\/wp-content\/uploads\/2019\/11\/visita_internacionais_1-300x225.jpg 300w, https:\/\/aconteceunovale.com.br\/portal\/wp-content\/uploads\/2019\/11\/visita_internacionais_1-80x60.jpg 80w, https:\/\/aconteceunovale.com.br\/portal\/wp-content\/uploads\/2019\/11\/visita_internacionais_1-265x198.jpg 265w, https:\/\/aconteceunovale.com.br\/portal\/wp-content\/uploads\/2019\/11\/visita_internacionais_1-560x420.jpg 560w\" sizes=\"auto, (max-width: 600px) 100vw, 600px\" \/><figcaption> <em>Foto: Divulga\u00e7\u00e3o \/ Prefeitura de Capelinha<\/em> <\/figcaption><\/figure>\n\n\n\n<p class=\"has-text-color has-background has-very-light-gray-color has-very-dark-gray-background-color wp-block-paragraph\"><strong>VER PRIMEIRO: <\/strong>Receba as not\u00edcias do Aconteceu no Vale em primeira m\u00e3o. Clique em curtir no endere\u00e7o <a rel=\"noreferrer noopener\" href=\"https:\/\/www.facebook.com\/aconteceunovale\" target=\"_blank\">www.facebook.com\/aconteceunovale<\/a>.<\/p>\n","protected":false},"excerpt":{"rendered":"<p>Uma comitiva de compradores de caf\u00e9 est\u00e1 na regi\u00e3o da Chapada de Minas, no Alto Jequitinhonha. Al\u00e9m de conhecer os cafezais de Capelinha, Angel\u00e2ndia e de outros munic\u00edpios circunvizinhos, os compradores fazem \u201ccupping\u201d, palavra da l\u00edngua inglesa que diz respeito \u00e0 degusta\u00e7\u00e3o e classifica\u00e7\u00e3o de caf\u00e9s especiais. \u00c9 um processo fundamental na cadeia do caf\u00e9, [&hellip;]<\/p>\n","protected":false},"author":1,"featured_media":155392,"comment_status":"open","ping_status":"closed","sticky":false,"template":"","format":"standard","meta":{"amp_status":"","footnotes":""},"categories":[28848,120],"tags":[657,211334,383,115938,211336,132,211330,211329,1018,211331,24751,211340,211338,211339,211332,198118,211335,198117,211337,211333,6531,59838,57532,211006,211004],"class_list":["post-155391","post","type-post","status-publish","format-standard","has-post-thumbnail","hentry","category-mundo","category-jequi","tag-angelandia","tag-cafe-cultura","tag-cafe-da-chapada-de-minas","tag-cafe-editora","tag-cafe-vergado","tag-capelinha","tag-chamada-de-minas","tag-compradores-internacionais-visitam-fazendas-de-cafe-no-alto-jequitinhonha","tag-destaque","tag-el-cafe","tag-fazenda-primavera","tag-fazenda-sagarana","tag-fazenda-sequoia","tag-fazenda-tres-cedros","tag-giorgios-alaniadis","tag-iccm","tag-igor-corral","tag-instituto-do-cafe-da-chapada-de-minas","tag-kj","tag-paula-garcia","tag-salvador","tag-santiago","tag-semana-internacional-do-cafe","tag-semana-internacional-do-cafe-2019","tag-sic"],"yoast_head":"<!-- This site is optimized with the Yoast SEO plugin v28.3 - https:\/\/yoast.com\/product\/yoast-seo-wordpress\/ -->\n<title>Compradores internacionais visitam fazendas de caf\u00e9 no Alto Jequitinhonha - Aconteceu no Vale<\/title>\n<meta name=\"robots\" content=\"index, follow, max-snippet:-1, max-image-preview:large, max-video-preview:-1\" \/>\n<link rel=\"canonical\" href=\"https:\/\/aconteceunovale.com.br\/portal\/?p=155391\" \/>\n<meta property=\"og:locale\" content=\"pt_BR\" \/>\n<meta property=\"og:type\" content=\"article\" \/>\n<meta property=\"og:title\" content=\"Compradores internacionais visitam fazendas de caf\u00e9 no Alto Jequitinhonha - Aconteceu no Vale\" \/>\n<meta property=\"og:description\" content=\"Uma comitiva de compradores de caf\u00e9 est\u00e1 na regi\u00e3o da Chapada de Minas, no Alto Jequitinhonha. Al\u00e9m de conhecer os cafezais de Capelinha, Angel\u00e2ndia e de outros munic\u00edpios circunvizinhos, os compradores fazem \u201ccupping\u201d, palavra da l\u00edngua inglesa que diz respeito \u00e0 degusta\u00e7\u00e3o e classifica\u00e7\u00e3o de caf\u00e9s especiais. \u00c9 um processo fundamental na cadeia do caf\u00e9, [&hellip;]\" \/>\n<meta property=\"og:url\" content=\"https:\/\/aconteceunovale.com.br\/portal\/?p=155391\" \/>\n<meta property=\"og:site_name\" content=\"Aconteceu no Vale\" \/>\n<meta property=\"article:publisher\" content=\"https:\/\/www.facebook.com\/aconteceunovale\/\" \/>\n<meta property=\"article:published_time\" content=\"2019-11-26T19:22:47+00:00\" \/>\n<meta property=\"article:modified_time\" content=\"2019-11-26T19:31:19+00:00\" \/>\n<meta property=\"og:image\" content=\"https:\/\/aconteceunovale.com.br\/portal\/wp-content\/uploads\/2019\/11\/visita_internacionais_2.jpg\" \/>\n\t<meta property=\"og:image:width\" content=\"600\" \/>\n\t<meta property=\"og:image:height\" content=\"450\" \/>\n\t<meta property=\"og:image:type\" content=\"image\/jpeg\" \/>\n<meta name=\"author\" content=\"Aconteceu no Vale\" \/>\n<meta name=\"twitter:card\" content=\"summary_large_image\" \/>\n<meta name=\"twitter:creator\" content=\"@noticiadosvales\" \/>\n<meta name=\"twitter:site\" content=\"@noticiadosvales\" \/>\n<meta name=\"twitter:label1\" content=\"Escrito por\" \/>\n\t<meta name=\"twitter:data1\" content=\"Aconteceu no Vale\" \/>\n\t<meta name=\"twitter:label2\" content=\"Est. tempo de leitura\" \/>\n\t<meta name=\"twitter:data2\" content=\"2 minutos\" \/>\n<script type=\"application\/ld+json\" class=\"yoast-schema-graph\">{\"@context\":\"https:\\\/\\\/schema.org\",\"@graph\":[{\"@type\":\"Article\",\"@id\":\"https:\\\/\\\/aconteceunovale.com.br\\\/portal\\\/?p=155391#article\",\"isPartOf\":{\"@id\":\"https:\\\/\\\/aconteceunovale.com.br\\\/portal\\\/?p=155391\"},\"author\":{\"name\":\"Aconteceu no Vale\",\"@id\":\"https:\\\/\\\/aconteceunovale.com.br\\\/portal\\\/#\\\/schema\\\/person\\\/633529146f2c94272bef50ac2953d589\"},\"headline\":\"Compradores internacionais visitam fazendas de caf\u00e9 no Alto Jequitinhonha\",\"datePublished\":\"2019-11-26T19:22:47+00:00\",\"dateModified\":\"2019-11-26T19:31:19+00:00\",\"mainEntityOfPage\":{\"@id\":\"https:\\\/\\\/aconteceunovale.com.br\\\/portal\\\/?p=155391\"},\"wordCount\":310,\"commentCount\":0,\"image\":{\"@id\":\"https:\\\/\\\/aconteceunovale.com.br\\\/portal\\\/?p=155391#primaryimage\"},\"thumbnailUrl\":\"https:\\\/\\\/aconteceunovale.com.br\\\/portal\\\/wp-content\\\/uploads\\\/2019\\\/11\\\/visita_internacionais_2.jpg\",\"keywords\":[\"Angel\u00e2ndia\",\"Caf\u00e9 Cultura\",\"Caf\u00e9 da Chapada de Minas\",\"Caf\u00e9 Editora\",\"Caf\u00e9 Vergado\",\"Capelinha\",\"Chamada de Minas\",\"Compradores internacionais visitam fazendas de caf\u00e9 no Alto Jequitinhonha\",\"destaque\",\"El Cafe\",\"Fazenda Primavera\",\"Fazenda Sagarana\",\"Fazenda Sequoia\",\"Fazenda Tr\u00eas Cedros\",\"Giorgios Alaniadis\",\"ICCM\",\"Igor Corral\",\"Instituto do Caf\u00e9 da Chapada de Minas\",\"KJ\",\"Paula Garcia\",\"Salvador\",\"Santiago\",\"Semana Internacional do Caf\u00e9\",\"Semana Internacional do Caf\u00e9 2019\",\"SIC\"],\"articleSection\":[\"Mundo\",\"Vale do Jequitinhonha\"],\"inLanguage\":\"pt-BR\",\"potentialAction\":[{\"@type\":\"CommentAction\",\"name\":\"Comment\",\"target\":[\"https:\\\/\\\/aconteceunovale.com.br\\\/portal\\\/?p=155391#respond\"]}]},{\"@type\":\"WebPage\",\"@id\":\"https:\\\/\\\/aconteceunovale.com.br\\\/portal\\\/?p=155391\",\"url\":\"https:\\\/\\\/aconteceunovale.com.br\\\/portal\\\/?p=155391\",\"name\":\"Compradores internacionais visitam fazendas de caf\u00e9 no Alto Jequitinhonha - Aconteceu no Vale\",\"isPartOf\":{\"@id\":\"https:\\\/\\\/aconteceunovale.com.br\\\/portal\\\/#website\"},\"primaryImageOfPage\":{\"@id\":\"https:\\\/\\\/aconteceunovale.com.br\\\/portal\\\/?p=155391#primaryimage\"},\"image\":{\"@id\":\"https:\\\/\\\/aconteceunovale.com.br\\\/portal\\\/?p=155391#primaryimage\"},\"thumbnailUrl\":\"https:\\\/\\\/aconteceunovale.com.br\\\/portal\\\/wp-content\\\/uploads\\\/2019\\\/11\\\/visita_internacionais_2.jpg\",\"datePublished\":\"2019-11-26T19:22:47+00:00\",\"dateModified\":\"2019-11-26T19:31:19+00:00\",\"author\":{\"@id\":\"https:\\\/\\\/aconteceunovale.com.br\\\/portal\\\/#\\\/schema\\\/person\\\/633529146f2c94272bef50ac2953d589\"},\"breadcrumb\":{\"@id\":\"https:\\\/\\\/aconteceunovale.com.br\\\/portal\\\/?p=155391#breadcrumb\"},\"inLanguage\":\"pt-BR\",\"potentialAction\":[{\"@type\":\"ReadAction\",\"target\":[\"https:\\\/\\\/aconteceunovale.com.br\\\/portal\\\/?p=155391\"]}]},{\"@type\":\"ImageObject\",\"inLanguage\":\"pt-BR\",\"@id\":\"https:\\\/\\\/aconteceunovale.com.br\\\/portal\\\/?p=155391#primaryimage\",\"url\":\"https:\\\/\\\/aconteceunovale.com.br\\\/portal\\\/wp-content\\\/uploads\\\/2019\\\/11\\\/visita_internacionais_2.jpg\",\"contentUrl\":\"https:\\\/\\\/aconteceunovale.com.br\\\/portal\\\/wp-content\\\/uploads\\\/2019\\\/11\\\/visita_internacionais_2.jpg\",\"width\":600,\"height\":450},{\"@type\":\"BreadcrumbList\",\"@id\":\"https:\\\/\\\/aconteceunovale.com.br\\\/portal\\\/?p=155391#breadcrumb\",\"itemListElement\":[{\"@type\":\"ListItem\",\"position\":1,\"name\":\"In\u00edcio\",\"item\":\"https:\\\/\\\/aconteceunovale.com.br\\\/portal\\\/\"},{\"@type\":\"ListItem\",\"position\":2,\"name\":\"Compradores internacionais visitam fazendas de caf\u00e9 no Alto Jequitinhonha\"}]},{\"@type\":\"WebSite\",\"@id\":\"https:\\\/\\\/aconteceunovale.com.br\\\/portal\\\/#website\",\"url\":\"https:\\\/\\\/aconteceunovale.com.br\\\/portal\\\/\",\"name\":\"Aconteceu no Vale\",\"description\":\"Portal de Not\u00edcias\",\"potentialAction\":[{\"@type\":\"SearchAction\",\"target\":{\"@type\":\"EntryPoint\",\"urlTemplate\":\"https:\\\/\\\/aconteceunovale.com.br\\\/portal\\\/?s={search_term_string}\"},\"query-input\":{\"@type\":\"PropertyValueSpecification\",\"valueRequired\":true,\"valueName\":\"search_term_string\"}}],\"inLanguage\":\"pt-BR\"},{\"@type\":\"Person\",\"@id\":\"https:\\\/\\\/aconteceunovale.com.br\\\/portal\\\/#\\\/schema\\\/person\\\/633529146f2c94272bef50ac2953d589\",\"name\":\"Aconteceu no Vale\",\"description\":\"Equipe de reportagem do Aconteceu no Vale, portal de not\u00edcias do Vale do Jequitinhonha, em Minas Gerais. Cobrimos as 51 cidades do Vale desde 2013. Sugest\u00f5es de pauta e pedidos de corre\u00e7\u00e3o: contato@aconteceunovale.com.br\",\"sameAs\":[\"http:\\\/\\\/www.aconteceunovale.com.br\"],\"url\":\"https:\\\/\\\/aconteceunovale.com.br\\\/portal\\\/?author=1\"}]}<\/script>\n<!-- \/ Yoast SEO plugin. -->","yoast_head_json":{"title":"Compradores internacionais visitam fazendas de caf\u00e9 no Alto Jequitinhonha - Aconteceu no Vale","robots":{"index":"index","follow":"follow","max-snippet":"max-snippet:-1","max-image-preview":"max-image-preview:large","max-video-preview":"max-video-preview:-1"},"canonical":"https:\/\/aconteceunovale.com.br\/portal\/?p=155391","og_locale":"pt_BR","og_type":"article","og_title":"Compradores internacionais visitam fazendas de caf\u00e9 no Alto Jequitinhonha - Aconteceu no Vale","og_description":"Uma comitiva de compradores de caf\u00e9 est\u00e1 na regi\u00e3o da Chapada de Minas, no Alto Jequitinhonha. Al\u00e9m de conhecer os cafezais de Capelinha, Angel\u00e2ndia e de outros munic\u00edpios circunvizinhos, os compradores fazem \u201ccupping\u201d, palavra da l\u00edngua inglesa que diz respeito \u00e0 degusta\u00e7\u00e3o e classifica\u00e7\u00e3o de caf\u00e9s especiais. \u00c9 um processo fundamental na cadeia do caf\u00e9, [&hellip;]","og_url":"https:\/\/aconteceunovale.com.br\/portal\/?p=155391","og_site_name":"Aconteceu no Vale","article_publisher":"https:\/\/www.facebook.com\/aconteceunovale\/","article_published_time":"2019-11-26T19:22:47+00:00","article_modified_time":"2019-11-26T19:31:19+00:00","og_image":[{"width":600,"height":450,"url":"https:\/\/aconteceunovale.com.br\/portal\/wp-content\/uploads\/2019\/11\/visita_internacionais_2.jpg","type":"image\/jpeg"}],"author":"Aconteceu no Vale","twitter_card":"summary_large_image","twitter_creator":"@noticiadosvales","twitter_site":"@noticiadosvales","twitter_misc":{"Escrito por":"Aconteceu no Vale","Est. tempo de leitura":"2 minutos"},"schema":{"@context":"https:\/\/schema.org","@graph":[{"@type":"Article","@id":"https:\/\/aconteceunovale.com.br\/portal\/?p=155391#article","isPartOf":{"@id":"https:\/\/aconteceunovale.com.br\/portal\/?p=155391"},"author":{"name":"Aconteceu no Vale","@id":"https:\/\/aconteceunovale.com.br\/portal\/#\/schema\/person\/633529146f2c94272bef50ac2953d589"},"headline":"Compradores internacionais visitam fazendas de caf\u00e9 no Alto Jequitinhonha","datePublished":"2019-11-26T19:22:47+00:00","dateModified":"2019-11-26T19:31:19+00:00","mainEntityOfPage":{"@id":"https:\/\/aconteceunovale.com.br\/portal\/?p=155391"},"wordCount":310,"commentCount":0,"image":{"@id":"https:\/\/aconteceunovale.com.br\/portal\/?p=155391#primaryimage"},"thumbnailUrl":"https:\/\/aconteceunovale.com.br\/portal\/wp-content\/uploads\/2019\/11\/visita_internacionais_2.jpg","keywords":["Angel\u00e2ndia","Caf\u00e9 Cultura","Caf\u00e9 da Chapada de Minas","Caf\u00e9 Editora","Caf\u00e9 Vergado","Capelinha","Chamada de Minas","Compradores internacionais visitam fazendas de caf\u00e9 no Alto Jequitinhonha","destaque","El Cafe","Fazenda Primavera","Fazenda Sagarana","Fazenda Sequoia","Fazenda Tr\u00eas Cedros","Giorgios Alaniadis","ICCM","Igor Corral","Instituto do Caf\u00e9 da Chapada de Minas","KJ","Paula Garcia","Salvador","Santiago","Semana Internacional do Caf\u00e9","Semana Internacional do Caf\u00e9 2019","SIC"],"articleSection":["Mundo","Vale do Jequitinhonha"],"inLanguage":"pt-BR","potentialAction":[{"@type":"CommentAction","name":"Comment","target":["https:\/\/aconteceunovale.com.br\/portal\/?p=155391#respond"]}]},{"@type":"WebPage","@id":"https:\/\/aconteceunovale.com.br\/portal\/?p=155391","url":"https:\/\/aconteceunovale.com.br\/portal\/?p=155391","name":"Compradores internacionais visitam fazendas de caf\u00e9 no Alto Jequitinhonha - Aconteceu no Vale","isPartOf":{"@id":"https:\/\/aconteceunovale.com.br\/portal\/#website"},"primaryImageOfPage":{"@id":"https:\/\/aconteceunovale.com.br\/portal\/?p=155391#primaryimage"},"image":{"@id":"https:\/\/aconteceunovale.com.br\/portal\/?p=155391#primaryimage"},"thumbnailUrl":"https:\/\/aconteceunovale.com.br\/portal\/wp-content\/uploads\/2019\/11\/visita_internacionais_2.jpg","datePublished":"2019-11-26T19:22:47+00:00","dateModified":"2019-11-26T19:31:19+00:00","author":{"@id":"https:\/\/aconteceunovale.com.br\/portal\/#\/schema\/person\/633529146f2c94272bef50ac2953d589"},"breadcrumb":{"@id":"https:\/\/aconteceunovale.com.br\/portal\/?p=155391#breadcrumb"},"inLanguage":"pt-BR","potentialAction":[{"@type":"ReadAction","target":["https:\/\/aconteceunovale.com.br\/portal\/?p=155391"]}]},{"@type":"ImageObject","inLanguage":"pt-BR","@id":"https:\/\/aconteceunovale.com.br\/portal\/?p=155391#primaryimage","url":"https:\/\/aconteceunovale.com.br\/portal\/wp-content\/uploads\/2019\/11\/visita_internacionais_2.jpg","contentUrl":"https:\/\/aconteceunovale.com.br\/portal\/wp-content\/uploads\/2019\/11\/visita_internacionais_2.jpg","width":600,"height":450},{"@type":"BreadcrumbList","@id":"https:\/\/aconteceunovale.com.br\/portal\/?p=155391#breadcrumb","itemListElement":[{"@type":"ListItem","position":1,"name":"In\u00edcio","item":"https:\/\/aconteceunovale.com.br\/portal\/"},{"@type":"ListItem","position":2,"name":"Compradores internacionais visitam fazendas de caf\u00e9 no Alto Jequitinhonha"}]},{"@type":"WebSite","@id":"https:\/\/aconteceunovale.com.br\/portal\/#website","url":"https:\/\/aconteceunovale.com.br\/portal\/","name":"Aconteceu no Vale","description":"Portal de Not\u00edcias","potentialAction":[{"@type":"SearchAction","target":{"@type":"EntryPoint","urlTemplate":"https:\/\/aconteceunovale.com.br\/portal\/?s={search_term_string}"},"query-input":{"@type":"PropertyValueSpecification","valueRequired":true,"valueName":"search_term_string"}}],"inLanguage":"pt-BR"},{"@type":"Person","@id":"https:\/\/aconteceunovale.com.br\/portal\/#\/schema\/person\/633529146f2c94272bef50ac2953d589","name":"Aconteceu no Vale","description":"Equipe de reportagem do Aconteceu no Vale, portal de not\u00edcias do Vale do Jequitinhonha, em Minas Gerais. Cobrimos as 51 cidades do Vale desde 2013. Sugest\u00f5es de pauta e pedidos de corre\u00e7\u00e3o: contato@aconteceunovale.com.br","sameAs":["http:\/\/www.aconteceunovale.com.br"],"url":"https:\/\/aconteceunovale.com.br\/portal\/?author=1"}]}},"_links":{"self":[{"href":"https:\/\/aconteceunovale.com.br\/portal\/index.php?rest_route=\/wp\/v2\/posts\/155391","targetHints":{"allow":["GET"]}}],"collection":[{"href":"https:\/\/aconteceunovale.com.br\/portal\/index.php?rest_route=\/wp\/v2\/posts"}],"about":[{"href":"https:\/\/aconteceunovale.com.br\/portal\/index.php?rest_route=\/wp\/v2\/types\/post"}],"author":[{"embeddable":true,"href":"https:\/\/aconteceunovale.com.br\/portal\/index.php?rest_route=\/wp\/v2\/users\/1"}],"replies":[{"embeddable":true,"href":"https:\/\/aconteceunovale.com.br\/portal\/index.php?rest_route=%2Fwp%2Fv2%2Fcomments&post=155391"}],"version-history":[{"count":1,"href":"https:\/\/aconteceunovale.com.br\/portal\/index.php?rest_route=\/wp\/v2\/posts\/155391\/revisions"}],"predecessor-version":[{"id":155396,"href":"https:\/\/aconteceunovale.com.br\/portal\/index.php?rest_route=\/wp\/v2\/posts\/155391\/revisions\/155396"}],"wp:featuredmedia":[{"embeddable":true,"href":"https:\/\/aconteceunovale.com.br\/portal\/index.php?rest_route=\/wp\/v2\/media\/155392"}],"wp:attachment":[{"href":"https:\/\/aconteceunovale.com.br\/portal\/index.php?rest_route=%2Fwp%2Fv2%2Fmedia&parent=155391"}],"wp:term":[{"taxonomy":"category","embeddable":true,"href":"https:\/\/aconteceunovale.com.br\/portal\/index.php?rest_route=%2Fwp%2Fv2%2Fcategories&post=155391"},{"taxonomy":"post_tag","embeddable":true,"href":"https:\/\/aconteceunovale.com.br\/portal\/index.php?rest_route=%2Fwp%2Fv2%2Ftags&post=155391"}],"curies":[{"name":"wp","href":"https:\/\/api.w.org\/{rel}","templated":true}]}}