{"id":155380,"date":"2019-11-26T14:23:06","date_gmt":"2019-11-26T17:23:06","guid":{"rendered":"http:\/\/aconteceunovale.com.br\/portal\/?p=155380"},"modified":"2019-11-26T14:24:21","modified_gmt":"2019-11-26T17:24:21","slug":"ararinha-azul-vai-voltar-para-o-brasil","status":"publish","type":"post","link":"https:\/\/aconteceunovale.com.br\/portal\/?p=155380","title":{"rendered":"Ararinha-azul vai voltar para o Brasil"},"content":{"rendered":"\n<p class=\"wp-block-paragraph\">A partir de fevereiro de 2020,\u00a0 as primeiras\u00a050 ararinhas-azuis\u00a0v\u00e3o come\u00e7ar a jornada da Association for the Conservation of Threatend Parrots (ACTP), na Alemanha, para o Brasil, o habitat natural delas. No primeiro momento elas permanecer\u00e3o no centro de reprodu\u00e7\u00e3o em Cura\u00e7\u00e1 (BA), antes que o primeiro grupo seja reintroduzido na natureza.<\/p>\n\n\n\n<p class=\"wp-block-paragraph\">Todo o processo acontece gra\u00e7as a uma parceria do Instituto Chico Mendes de Conserva\u00e7\u00e3o da Biodiversidade (ICMBio), com a ONG alem\u00e3. A ararinha-azul (Cyanopsitta spixii) pertence \u00e0 caatinga e entrou em extin\u00e7\u00e3o em outubro de 2000, por ser alvo de ca\u00e7adores e traficantes de animais.<\/p>\n\n\n\n<p class=\"wp-block-paragraph\">De acordo com o ICMBio, existem hoje pelo mundo 163 exemplares da ave, dessas 13 est\u00e3o no Brasil. Todos os esp\u00e9cimes vivem fora de seu habitat natural, ou seja, em cativeiro.<\/p>\n\n\n\n<h3 class=\"wp-block-heading\">O processo<\/h3>\n\n\n\n<p class=\"wp-block-paragraph\">Segundo a analista ambiental, Camile Lugarini, do ICMBio, a reintrodu\u00e7\u00e3o na natureza ser\u00e1 um processo cauteloso. As primeiras solturas ser\u00e3o feitas em conjunto com maracan\u00e3s (Primolius maracana), uma outra esp\u00e9cie de arara, com h\u00e1bitos semelhantes aos da ararinha-azul \u2013 ambas utilizam ocos de caraibeira (ip\u00ea-amarelo) para fazer seus ninhos, entre outras similiridades.&nbsp;<\/p>\n\n\n\n<p class=\"wp-block-paragraph\">A soltura, ainda segundo ela, est\u00e1 prevista no\u00a0<a rel=\"noreferrer noopener\" href=\"http:\/\/www.icmbio.gov.br\/portal\/faunabrasileira\/plano-de-acao-nacional-lista\/2752-plano-de-acao-nacional-para-conservacao-da-ararinha-azul\" target=\"_blank\">Plano de A\u00e7\u00e3o Nacional para a Conserva\u00e7\u00e3o da Ararinha Azul (PAN Ararinha-Azul)<\/a>, coordenado pelo ICMBio e publicado em 2012. As a\u00e7\u00f5es do plano tem o objetivo de aumentar a popula\u00e7\u00e3o manejada em cativeiro e recuperar o habitat de ocorr\u00eancia hist\u00f3rica da esp\u00e9cie, visando \u00e0 sua reintrodu\u00e7\u00e3o \u00e0 natureza.<\/p>\n\n\n\n<figure class=\"wp-block-image size-large is-resized\"><img loading=\"lazy\" decoding=\"async\" src=\"http:\/\/aconteceunovale.com.br\/portal\/wp-content\/uploads\/2019\/11\/ararinha_azul.jpeg\" alt=\"\" class=\"wp-image-155381\" width=\"657\" height=\"437\" srcset=\"https:\/\/aconteceunovale.com.br\/portal\/wp-content\/uploads\/2019\/11\/ararinha_azul.jpeg 675w, https:\/\/aconteceunovale.com.br\/portal\/wp-content\/uploads\/2019\/11\/ararinha_azul-300x200.jpeg 300w, https:\/\/aconteceunovale.com.br\/portal\/wp-content\/uploads\/2019\/11\/ararinha_azul-630x420.jpeg 630w\" sizes=\"auto, (max-width: 657px) 100vw, 657px\" \/><figcaption><em>Atualmente, existem no mundo apenas 163 ararinhas-azuis vivendo em cativeiro, sendo 13 delas no Brasil &#8211; Foto: Camile Lugarini \/ Divulga\u00e7\u00e3o<\/em><\/figcaption><\/figure>\n\n\n\n<p class=\"has-text-color has-background has-very-light-gray-color has-very-dark-gray-background-color wp-block-paragraph\"><strong>VER PRIMEIRO: <\/strong>Receba as not\u00edcias do Aconteceu no Vale em primeira m\u00e3o. Clique em curtir no endere\u00e7o <a rel=\"noreferrer noopener\" href=\"https:\/\/www.facebook.com\/aconteceunovale\" target=\"_blank\">www.facebook.com\/aconteceunovale<\/a>.<\/p>\n","protected":false},"excerpt":{"rendered":"<p>A partir de fevereiro de 2020,\u00a0 as primeiras\u00a050 ararinhas-azuis\u00a0v\u00e3o come\u00e7ar a jornada da Association for the Conservation of Threatend Parrots (ACTP), na Alemanha, para o Brasil, o habitat natural delas. No primeiro momento elas permanecer\u00e3o no centro de reprodu\u00e7\u00e3o em Cura\u00e7\u00e1 (BA), antes que o primeiro grupo seja reintroduzido na natureza. Todo o processo acontece [&hellip;]<\/p>\n","protected":false},"author":1,"featured_media":155381,"comment_status":"open","ping_status":"closed","sticky":false,"template":"","format":"standard","meta":{"amp_status":"","footnotes":""},"categories":[6,28848],"tags":[211319,22396,36060,211322,211321,211323,13795,211320,19517,97655],"class_list":["post-155380","post","type-post","status-publish","format-standard","has-post-thumbnail","hentry","category-br","category-mundo","tag-actp","tag-alemanha","tag-ararinha-azul","tag-ararinha-azul-vai-voltar-para-o-brasil","tag-association-for-the-conservation-of-threatend-parrots","tag-camile-lugarini","tag-curaca","tag-cyanopsitta-spixii","tag-icmbio","tag-instituto-chico-mendes-de-conservacao-da-biodiversidade"],"yoast_head":"<!-- This site is optimized with the Yoast SEO plugin v28.3 - https:\/\/yoast.com\/product\/yoast-seo-wordpress\/ -->\n<title>Ararinha-azul vai voltar para o Brasil - Aconteceu no Vale<\/title>\n<meta name=\"robots\" content=\"index, follow, max-snippet:-1, max-image-preview:large, max-video-preview:-1\" \/>\n<link rel=\"canonical\" href=\"https:\/\/aconteceunovale.com.br\/portal\/?p=155380\" \/>\n<meta property=\"og:locale\" content=\"pt_BR\" \/>\n<meta property=\"og:type\" content=\"article\" \/>\n<meta property=\"og:title\" content=\"Ararinha-azul vai voltar para o Brasil - Aconteceu no Vale\" \/>\n<meta property=\"og:description\" content=\"A partir de fevereiro de 2020,\u00a0 as primeiras\u00a050 ararinhas-azuis\u00a0v\u00e3o come\u00e7ar a jornada da Association for the Conservation of Threatend Parrots (ACTP), na Alemanha, para o Brasil, o habitat natural delas. No primeiro momento elas permanecer\u00e3o no centro de reprodu\u00e7\u00e3o em Cura\u00e7\u00e1 (BA), antes que o primeiro grupo seja reintroduzido na natureza. Todo o processo acontece [&hellip;]\" \/>\n<meta property=\"og:url\" content=\"https:\/\/aconteceunovale.com.br\/portal\/?p=155380\" \/>\n<meta property=\"og:site_name\" content=\"Aconteceu no Vale\" \/>\n<meta property=\"article:publisher\" content=\"https:\/\/www.facebook.com\/aconteceunovale\/\" \/>\n<meta property=\"article:published_time\" content=\"2019-11-26T17:23:06+00:00\" \/>\n<meta property=\"article:modified_time\" content=\"2019-11-26T17:24:21+00:00\" \/>\n<meta property=\"og:image\" content=\"https:\/\/aconteceunovale.com.br\/portal\/wp-content\/uploads\/2019\/11\/ararinha_azul.jpeg\" \/>\n\t<meta property=\"og:image:width\" content=\"675\" \/>\n\t<meta property=\"og:image:height\" content=\"450\" \/>\n\t<meta property=\"og:image:type\" content=\"image\/jpeg\" \/>\n<meta name=\"author\" content=\"Aconteceu no Vale\" \/>\n<meta name=\"twitter:card\" content=\"summary_large_image\" \/>\n<meta name=\"twitter:creator\" content=\"@noticiadosvales\" \/>\n<meta name=\"twitter:site\" content=\"@noticiadosvales\" \/>\n<meta name=\"twitter:label1\" content=\"Escrito por\" \/>\n\t<meta name=\"twitter:data1\" content=\"Aconteceu no Vale\" \/>\n\t<meta name=\"twitter:label2\" content=\"Est. tempo de leitura\" \/>\n\t<meta name=\"twitter:data2\" content=\"1 minuto\" \/>\n<script type=\"application\/ld+json\" class=\"yoast-schema-graph\">{\"@context\":\"https:\\\/\\\/schema.org\",\"@graph\":[{\"@type\":\"Article\",\"@id\":\"https:\\\/\\\/aconteceunovale.com.br\\\/portal\\\/?p=155380#article\",\"isPartOf\":{\"@id\":\"https:\\\/\\\/aconteceunovale.com.br\\\/portal\\\/?p=155380\"},\"author\":{\"name\":\"Aconteceu no Vale\",\"@id\":\"https:\\\/\\\/aconteceunovale.com.br\\\/portal\\\/#\\\/schema\\\/person\\\/633529146f2c94272bef50ac2953d589\"},\"headline\":\"Ararinha-azul vai voltar para o Brasil\",\"datePublished\":\"2019-11-26T17:23:06+00:00\",\"dateModified\":\"2019-11-26T17:24:21+00:00\",\"mainEntityOfPage\":{\"@id\":\"https:\\\/\\\/aconteceunovale.com.br\\\/portal\\\/?p=155380\"},\"wordCount\":303,\"commentCount\":0,\"image\":{\"@id\":\"https:\\\/\\\/aconteceunovale.com.br\\\/portal\\\/?p=155380#primaryimage\"},\"thumbnailUrl\":\"https:\\\/\\\/aconteceunovale.com.br\\\/portal\\\/wp-content\\\/uploads\\\/2019\\\/11\\\/ararinha_azul.jpeg\",\"keywords\":[\"ACTP\",\"Alemanha\",\"ararinha-azul\",\"Ararinha-azul vai voltar para o Brasil\",\"Association for the Conservation of Threatend Parrots\",\"Camile Lugarini\",\"Cura\u00e7\u00e1\",\"Cyanopsitta spixii\",\"ICmbio\",\"Instituto Chico Mendes de Conserva\u00e7\u00e3o da Biodiversidade\"],\"articleSection\":[\"Brasil\",\"Mundo\"],\"inLanguage\":\"pt-BR\",\"potentialAction\":[{\"@type\":\"CommentAction\",\"name\":\"Comment\",\"target\":[\"https:\\\/\\\/aconteceunovale.com.br\\\/portal\\\/?p=155380#respond\"]}]},{\"@type\":\"WebPage\",\"@id\":\"https:\\\/\\\/aconteceunovale.com.br\\\/portal\\\/?p=155380\",\"url\":\"https:\\\/\\\/aconteceunovale.com.br\\\/portal\\\/?p=155380\",\"name\":\"Ararinha-azul vai voltar para o Brasil - Aconteceu no Vale\",\"isPartOf\":{\"@id\":\"https:\\\/\\\/aconteceunovale.com.br\\\/portal\\\/#website\"},\"primaryImageOfPage\":{\"@id\":\"https:\\\/\\\/aconteceunovale.com.br\\\/portal\\\/?p=155380#primaryimage\"},\"image\":{\"@id\":\"https:\\\/\\\/aconteceunovale.com.br\\\/portal\\\/?p=155380#primaryimage\"},\"thumbnailUrl\":\"https:\\\/\\\/aconteceunovale.com.br\\\/portal\\\/wp-content\\\/uploads\\\/2019\\\/11\\\/ararinha_azul.jpeg\",\"datePublished\":\"2019-11-26T17:23:06+00:00\",\"dateModified\":\"2019-11-26T17:24:21+00:00\",\"author\":{\"@id\":\"https:\\\/\\\/aconteceunovale.com.br\\\/portal\\\/#\\\/schema\\\/person\\\/633529146f2c94272bef50ac2953d589\"},\"breadcrumb\":{\"@id\":\"https:\\\/\\\/aconteceunovale.com.br\\\/portal\\\/?p=155380#breadcrumb\"},\"inLanguage\":\"pt-BR\",\"potentialAction\":[{\"@type\":\"ReadAction\",\"target\":[\"https:\\\/\\\/aconteceunovale.com.br\\\/portal\\\/?p=155380\"]}]},{\"@type\":\"ImageObject\",\"inLanguage\":\"pt-BR\",\"@id\":\"https:\\\/\\\/aconteceunovale.com.br\\\/portal\\\/?p=155380#primaryimage\",\"url\":\"https:\\\/\\\/aconteceunovale.com.br\\\/portal\\\/wp-content\\\/uploads\\\/2019\\\/11\\\/ararinha_azul.jpeg\",\"contentUrl\":\"https:\\\/\\\/aconteceunovale.com.br\\\/portal\\\/wp-content\\\/uploads\\\/2019\\\/11\\\/ararinha_azul.jpeg\",\"width\":675,\"height\":450},{\"@type\":\"BreadcrumbList\",\"@id\":\"https:\\\/\\\/aconteceunovale.com.br\\\/portal\\\/?p=155380#breadcrumb\",\"itemListElement\":[{\"@type\":\"ListItem\",\"position\":1,\"name\":\"In\u00edcio\",\"item\":\"https:\\\/\\\/aconteceunovale.com.br\\\/portal\\\/\"},{\"@type\":\"ListItem\",\"position\":2,\"name\":\"Ararinha-azul vai voltar para o Brasil\"}]},{\"@type\":\"WebSite\",\"@id\":\"https:\\\/\\\/aconteceunovale.com.br\\\/portal\\\/#website\",\"url\":\"https:\\\/\\\/aconteceunovale.com.br\\\/portal\\\/\",\"name\":\"Aconteceu no Vale\",\"description\":\"Portal de Not\u00edcias\",\"potentialAction\":[{\"@type\":\"SearchAction\",\"target\":{\"@type\":\"EntryPoint\",\"urlTemplate\":\"https:\\\/\\\/aconteceunovale.com.br\\\/portal\\\/?s={search_term_string}\"},\"query-input\":{\"@type\":\"PropertyValueSpecification\",\"valueRequired\":true,\"valueName\":\"search_term_string\"}}],\"inLanguage\":\"pt-BR\"},{\"@type\":\"Person\",\"@id\":\"https:\\\/\\\/aconteceunovale.com.br\\\/portal\\\/#\\\/schema\\\/person\\\/633529146f2c94272bef50ac2953d589\",\"name\":\"Aconteceu no Vale\",\"description\":\"Equipe de reportagem do Aconteceu no Vale, portal de not\u00edcias do Vale do Jequitinhonha, em Minas Gerais. Cobrimos as 51 cidades do Vale desde 2013. Sugest\u00f5es de pauta e pedidos de corre\u00e7\u00e3o: contato@aconteceunovale.com.br\",\"sameAs\":[\"http:\\\/\\\/www.aconteceunovale.com.br\"],\"url\":\"https:\\\/\\\/aconteceunovale.com.br\\\/portal\\\/?author=1\"}]}<\/script>\n<!-- \/ Yoast SEO plugin. -->","yoast_head_json":{"title":"Ararinha-azul vai voltar para o Brasil - Aconteceu no Vale","robots":{"index":"index","follow":"follow","max-snippet":"max-snippet:-1","max-image-preview":"max-image-preview:large","max-video-preview":"max-video-preview:-1"},"canonical":"https:\/\/aconteceunovale.com.br\/portal\/?p=155380","og_locale":"pt_BR","og_type":"article","og_title":"Ararinha-azul vai voltar para o Brasil - Aconteceu no Vale","og_description":"A partir de fevereiro de 2020,\u00a0 as primeiras\u00a050 ararinhas-azuis\u00a0v\u00e3o come\u00e7ar a jornada da Association for the Conservation of Threatend Parrots (ACTP), na Alemanha, para o Brasil, o habitat natural delas. No primeiro momento elas permanecer\u00e3o no centro de reprodu\u00e7\u00e3o em Cura\u00e7\u00e1 (BA), antes que o primeiro grupo seja reintroduzido na natureza. Todo o processo acontece [&hellip;]","og_url":"https:\/\/aconteceunovale.com.br\/portal\/?p=155380","og_site_name":"Aconteceu no Vale","article_publisher":"https:\/\/www.facebook.com\/aconteceunovale\/","article_published_time":"2019-11-26T17:23:06+00:00","article_modified_time":"2019-11-26T17:24:21+00:00","og_image":[{"width":675,"height":450,"url":"https:\/\/aconteceunovale.com.br\/portal\/wp-content\/uploads\/2019\/11\/ararinha_azul.jpeg","type":"image\/jpeg"}],"author":"Aconteceu no Vale","twitter_card":"summary_large_image","twitter_creator":"@noticiadosvales","twitter_site":"@noticiadosvales","twitter_misc":{"Escrito por":"Aconteceu no Vale","Est. tempo de leitura":"1 minuto"},"schema":{"@context":"https:\/\/schema.org","@graph":[{"@type":"Article","@id":"https:\/\/aconteceunovale.com.br\/portal\/?p=155380#article","isPartOf":{"@id":"https:\/\/aconteceunovale.com.br\/portal\/?p=155380"},"author":{"name":"Aconteceu no Vale","@id":"https:\/\/aconteceunovale.com.br\/portal\/#\/schema\/person\/633529146f2c94272bef50ac2953d589"},"headline":"Ararinha-azul vai voltar para o Brasil","datePublished":"2019-11-26T17:23:06+00:00","dateModified":"2019-11-26T17:24:21+00:00","mainEntityOfPage":{"@id":"https:\/\/aconteceunovale.com.br\/portal\/?p=155380"},"wordCount":303,"commentCount":0,"image":{"@id":"https:\/\/aconteceunovale.com.br\/portal\/?p=155380#primaryimage"},"thumbnailUrl":"https:\/\/aconteceunovale.com.br\/portal\/wp-content\/uploads\/2019\/11\/ararinha_azul.jpeg","keywords":["ACTP","Alemanha","ararinha-azul","Ararinha-azul vai voltar para o Brasil","Association for the Conservation of Threatend Parrots","Camile Lugarini","Cura\u00e7\u00e1","Cyanopsitta spixii","ICmbio","Instituto Chico Mendes de Conserva\u00e7\u00e3o da Biodiversidade"],"articleSection":["Brasil","Mundo"],"inLanguage":"pt-BR","potentialAction":[{"@type":"CommentAction","name":"Comment","target":["https:\/\/aconteceunovale.com.br\/portal\/?p=155380#respond"]}]},{"@type":"WebPage","@id":"https:\/\/aconteceunovale.com.br\/portal\/?p=155380","url":"https:\/\/aconteceunovale.com.br\/portal\/?p=155380","name":"Ararinha-azul vai voltar para o Brasil - Aconteceu no Vale","isPartOf":{"@id":"https:\/\/aconteceunovale.com.br\/portal\/#website"},"primaryImageOfPage":{"@id":"https:\/\/aconteceunovale.com.br\/portal\/?p=155380#primaryimage"},"image":{"@id":"https:\/\/aconteceunovale.com.br\/portal\/?p=155380#primaryimage"},"thumbnailUrl":"https:\/\/aconteceunovale.com.br\/portal\/wp-content\/uploads\/2019\/11\/ararinha_azul.jpeg","datePublished":"2019-11-26T17:23:06+00:00","dateModified":"2019-11-26T17:24:21+00:00","author":{"@id":"https:\/\/aconteceunovale.com.br\/portal\/#\/schema\/person\/633529146f2c94272bef50ac2953d589"},"breadcrumb":{"@id":"https:\/\/aconteceunovale.com.br\/portal\/?p=155380#breadcrumb"},"inLanguage":"pt-BR","potentialAction":[{"@type":"ReadAction","target":["https:\/\/aconteceunovale.com.br\/portal\/?p=155380"]}]},{"@type":"ImageObject","inLanguage":"pt-BR","@id":"https:\/\/aconteceunovale.com.br\/portal\/?p=155380#primaryimage","url":"https:\/\/aconteceunovale.com.br\/portal\/wp-content\/uploads\/2019\/11\/ararinha_azul.jpeg","contentUrl":"https:\/\/aconteceunovale.com.br\/portal\/wp-content\/uploads\/2019\/11\/ararinha_azul.jpeg","width":675,"height":450},{"@type":"BreadcrumbList","@id":"https:\/\/aconteceunovale.com.br\/portal\/?p=155380#breadcrumb","itemListElement":[{"@type":"ListItem","position":1,"name":"In\u00edcio","item":"https:\/\/aconteceunovale.com.br\/portal\/"},{"@type":"ListItem","position":2,"name":"Ararinha-azul vai voltar para o Brasil"}]},{"@type":"WebSite","@id":"https:\/\/aconteceunovale.com.br\/portal\/#website","url":"https:\/\/aconteceunovale.com.br\/portal\/","name":"Aconteceu no Vale","description":"Portal de Not\u00edcias","potentialAction":[{"@type":"SearchAction","target":{"@type":"EntryPoint","urlTemplate":"https:\/\/aconteceunovale.com.br\/portal\/?s={search_term_string}"},"query-input":{"@type":"PropertyValueSpecification","valueRequired":true,"valueName":"search_term_string"}}],"inLanguage":"pt-BR"},{"@type":"Person","@id":"https:\/\/aconteceunovale.com.br\/portal\/#\/schema\/person\/633529146f2c94272bef50ac2953d589","name":"Aconteceu no Vale","description":"Equipe de reportagem do Aconteceu no Vale, portal de not\u00edcias do Vale do Jequitinhonha, em Minas Gerais. Cobrimos as 51 cidades do Vale desde 2013. Sugest\u00f5es de pauta e pedidos de corre\u00e7\u00e3o: contato@aconteceunovale.com.br","sameAs":["http:\/\/www.aconteceunovale.com.br"],"url":"https:\/\/aconteceunovale.com.br\/portal\/?author=1"}]}},"_links":{"self":[{"href":"https:\/\/aconteceunovale.com.br\/portal\/index.php?rest_route=\/wp\/v2\/posts\/155380","targetHints":{"allow":["GET"]}}],"collection":[{"href":"https:\/\/aconteceunovale.com.br\/portal\/index.php?rest_route=\/wp\/v2\/posts"}],"about":[{"href":"https:\/\/aconteceunovale.com.br\/portal\/index.php?rest_route=\/wp\/v2\/types\/post"}],"author":[{"embeddable":true,"href":"https:\/\/aconteceunovale.com.br\/portal\/index.php?rest_route=\/wp\/v2\/users\/1"}],"replies":[{"embeddable":true,"href":"https:\/\/aconteceunovale.com.br\/portal\/index.php?rest_route=%2Fwp%2Fv2%2Fcomments&post=155380"}],"version-history":[{"count":1,"href":"https:\/\/aconteceunovale.com.br\/portal\/index.php?rest_route=\/wp\/v2\/posts\/155380\/revisions"}],"predecessor-version":[{"id":155382,"href":"https:\/\/aconteceunovale.com.br\/portal\/index.php?rest_route=\/wp\/v2\/posts\/155380\/revisions\/155382"}],"wp:featuredmedia":[{"embeddable":true,"href":"https:\/\/aconteceunovale.com.br\/portal\/index.php?rest_route=\/wp\/v2\/media\/155381"}],"wp:attachment":[{"href":"https:\/\/aconteceunovale.com.br\/portal\/index.php?rest_route=%2Fwp%2Fv2%2Fmedia&parent=155380"}],"wp:term":[{"taxonomy":"category","embeddable":true,"href":"https:\/\/aconteceunovale.com.br\/portal\/index.php?rest_route=%2Fwp%2Fv2%2Fcategories&post=155380"},{"taxonomy":"post_tag","embeddable":true,"href":"https:\/\/aconteceunovale.com.br\/portal\/index.php?rest_route=%2Fwp%2Fv2%2Ftags&post=155380"}],"curies":[{"name":"wp","href":"https:\/\/api.w.org\/{rel}","templated":true}]}}