{"id":155344,"date":"2019-11-25T21:30:16","date_gmt":"2019-11-26T00:30:16","guid":{"rendered":"http:\/\/aconteceunovale.com.br\/portal\/?p=155344"},"modified":"2019-11-25T21:30:49","modified_gmt":"2019-11-26T00:30:49","slug":"adolescentes-sao-detidos-com-celulares-roubados-em-bocaiuva","status":"publish","type":"post","link":"https:\/\/aconteceunovale.com.br\/portal\/?p=155344","title":{"rendered":"Adolescentes s\u00e3o detidos com celulares roubados em Bocaiuva"},"content":{"rendered":"\n<p class=\"wp-block-paragraph\">Dois adolescentes de 17 anos foram detidos com celulares\nroubados em Bocaiuva, no Norte de Minas, nesta segunda-feira (25\/11\/2019).\nSegundo informa\u00e7\u00f5es da Pol\u00edcia Militar (PM), eles assaltaram uma lanchonete no\nJardim das Mangabeiras, no dia 21 deste m\u00eas, e fugiram levando dois telefones e\nR$ 160,00.<\/p>\n\n\n\n<p class=\"wp-block-paragraph\">A PM informou que os\nmenores usaram uma r\u00e9plica de arma, que tamb\u00e9m foi apreendida. As roupas que\neles vestiam no dia do roubo tamb\u00e9m foram encontradas. Um dos envolvidos j\u00e1 foi\napreendido por ato infracional an\u00e1logo ao crime de tr\u00e1fico de drogas.<\/p>\n\n\n\n<p class=\"wp-block-paragraph\">Os policiais chegaram\nat\u00e9 a dupla depois de levantarem informa\u00e7\u00f5es de que o roubo teria sido cometido\npor moradores no Bairro Nossa Senhora Aparecida. De acordo com a PM, um dos\nmenores tentou fugir pulando muros ao perceber os militares se aproximando da\ncasa dele. Um dos telefones foi encontrado com ele e o outro estava com o\ncomparsa dele. Um terceiro adolescente, que tamb\u00e9m teria participado do\nassalto, n\u00e3o foi localizado.<\/p>\n\n\n\n<p class=\"wp-block-paragraph\">Os dois menores e os materiais apreendidos foram levados para a Delegacia de Pol\u00edcia Civil.<\/p>\n\n\n\n<figure class=\"wp-block-image size-large is-resized\"><img loading=\"lazy\" decoding=\"async\" src=\"http:\/\/aconteceunovale.com.br\/portal\/wp-content\/uploads\/2019\/11\/apreensao_boc.jpeg\" alt=\"\" class=\"wp-image-155345\" width=\"664\" height=\"497\" srcset=\"https:\/\/aconteceunovale.com.br\/portal\/wp-content\/uploads\/2019\/11\/apreensao_boc.jpeg 601w, https:\/\/aconteceunovale.com.br\/portal\/wp-content\/uploads\/2019\/11\/apreensao_boc-300x225.jpeg 300w, https:\/\/aconteceunovale.com.br\/portal\/wp-content\/uploads\/2019\/11\/apreensao_boc-80x60.jpeg 80w, https:\/\/aconteceunovale.com.br\/portal\/wp-content\/uploads\/2019\/11\/apreensao_boc-265x198.jpeg 265w, https:\/\/aconteceunovale.com.br\/portal\/wp-content\/uploads\/2019\/11\/apreensao_boc-561x420.jpeg 561w\" sizes=\"auto, (max-width: 664px) 100vw, 664px\" \/><figcaption><em> Foto: Pol\u00edcia Militar \/ Divulga\u00e7\u00e3o <\/em><\/figcaption><\/figure>\n\n\n\n<p class=\"has-text-color has-background has-very-light-gray-color has-very-dark-gray-background-color wp-block-paragraph\"><strong>VER PRIMEIRO: <\/strong>Receba as not\u00edcias do Aconteceu no Vale em primeira m\u00e3o. Clique em curtir no endere\u00e7o <a rel=\"noreferrer noopener\" href=\"https:\/\/www.facebook.com\/aconteceunovale\" target=\"_blank\">www.facebook.com\/aconteceunovale<\/a>.<\/p>\n","protected":false},"excerpt":{"rendered":"<p>Dois adolescentes de 17 anos foram detidos com celulares roubados em Bocaiuva, no Norte de Minas, nesta segunda-feira (25\/11\/2019). Segundo informa\u00e7\u00f5es da Pol\u00edcia Militar (PM), eles assaltaram uma lanchonete no Jardim das Mangabeiras, no dia 21 deste m\u00eas, e fugiram levando dois telefones e R$ 160,00. A PM informou que os menores usaram uma r\u00e9plica [&hellip;]<\/p>\n","protected":false},"author":1,"featured_media":155345,"comment_status":"open","ping_status":"closed","sticky":false,"template":"","format":"standard","meta":{"amp_status":"","footnotes":""},"categories":[1236],"tags":[211253,211256,145195,645,211254,211255,162327,76348,195153,145196],"class_list":["post-155344","post","type-post","status-publish","format-standard","has-post-thumbnail","hentry","category-norte_de_minas","tag-adolescentes-detidos-em-bocaiuva","tag-adolescentes-sao-detidos-com-celulares-roubados-em-bocaiuva","tag-assalto-em-bocaiuva","tag-bocaiuva","tag-detidos-em-bocaiuva","tag-detidos-por-roubo-em-bocaiuva","tag-ladroes-presos-em-bocaiuva","tag-presos-em-bocaiuva","tag-presos-por-roubo-em-bocaiuva","tag-roubo-em-bocaiuva"],"yoast_head":"<!-- This site is optimized with the Yoast SEO plugin v28.3 - https:\/\/yoast.com\/product\/yoast-seo-wordpress\/ -->\n<title>Adolescentes s\u00e3o detidos com celulares roubados em Bocaiuva - Aconteceu no Vale<\/title>\n<meta name=\"robots\" content=\"index, follow, max-snippet:-1, max-image-preview:large, max-video-preview:-1\" \/>\n<link rel=\"canonical\" href=\"https:\/\/aconteceunovale.com.br\/portal\/?p=155344\" \/>\n<meta property=\"og:locale\" content=\"pt_BR\" \/>\n<meta property=\"og:type\" content=\"article\" \/>\n<meta property=\"og:title\" content=\"Adolescentes s\u00e3o detidos com celulares roubados em Bocaiuva - Aconteceu no Vale\" \/>\n<meta property=\"og:description\" content=\"Dois adolescentes de 17 anos foram detidos com celulares roubados em Bocaiuva, no Norte de Minas, nesta segunda-feira (25\/11\/2019). Segundo informa\u00e7\u00f5es da Pol\u00edcia Militar (PM), eles assaltaram uma lanchonete no Jardim das Mangabeiras, no dia 21 deste m\u00eas, e fugiram levando dois telefones e R$ 160,00. A PM informou que os menores usaram uma r\u00e9plica [&hellip;]\" \/>\n<meta property=\"og:url\" content=\"https:\/\/aconteceunovale.com.br\/portal\/?p=155344\" \/>\n<meta property=\"og:site_name\" content=\"Aconteceu no Vale\" \/>\n<meta property=\"article:publisher\" content=\"https:\/\/www.facebook.com\/aconteceunovale\/\" \/>\n<meta property=\"article:published_time\" content=\"2019-11-26T00:30:16+00:00\" \/>\n<meta property=\"article:modified_time\" content=\"2019-11-26T00:30:49+00:00\" \/>\n<meta property=\"og:image\" content=\"https:\/\/aconteceunovale.com.br\/portal\/wp-content\/uploads\/2019\/11\/apreensao_boc.jpeg\" \/>\n\t<meta property=\"og:image:width\" content=\"601\" \/>\n\t<meta property=\"og:image:height\" content=\"450\" \/>\n\t<meta property=\"og:image:type\" content=\"image\/jpeg\" \/>\n<meta name=\"author\" content=\"Aconteceu no Vale\" \/>\n<meta name=\"twitter:card\" content=\"summary_large_image\" \/>\n<meta name=\"twitter:creator\" content=\"@noticiadosvales\" \/>\n<meta name=\"twitter:site\" content=\"@noticiadosvales\" \/>\n<meta name=\"twitter:label1\" content=\"Escrito por\" \/>\n\t<meta name=\"twitter:data1\" content=\"Aconteceu no Vale\" \/>\n\t<meta name=\"twitter:label2\" content=\"Est. tempo de leitura\" \/>\n\t<meta name=\"twitter:data2\" content=\"1 minuto\" \/>\n<script type=\"application\/ld+json\" class=\"yoast-schema-graph\">{\"@context\":\"https:\\\/\\\/schema.org\",\"@graph\":[{\"@type\":\"Article\",\"@id\":\"https:\\\/\\\/aconteceunovale.com.br\\\/portal\\\/?p=155344#article\",\"isPartOf\":{\"@id\":\"https:\\\/\\\/aconteceunovale.com.br\\\/portal\\\/?p=155344\"},\"author\":{\"name\":\"Aconteceu no Vale\",\"@id\":\"https:\\\/\\\/aconteceunovale.com.br\\\/portal\\\/#\\\/schema\\\/person\\\/633529146f2c94272bef50ac2953d589\"},\"headline\":\"Adolescentes s\u00e3o detidos com celulares roubados em Bocaiuva\",\"datePublished\":\"2019-11-26T00:30:16+00:00\",\"dateModified\":\"2019-11-26T00:30:49+00:00\",\"mainEntityOfPage\":{\"@id\":\"https:\\\/\\\/aconteceunovale.com.br\\\/portal\\\/?p=155344\"},\"wordCount\":223,\"commentCount\":0,\"image\":{\"@id\":\"https:\\\/\\\/aconteceunovale.com.br\\\/portal\\\/?p=155344#primaryimage\"},\"thumbnailUrl\":\"https:\\\/\\\/aconteceunovale.com.br\\\/portal\\\/wp-content\\\/uploads\\\/2019\\\/11\\\/apreensao_boc.jpeg\",\"keywords\":[\"Adolescentes detidos em Bocaiuva\",\"Adolescentes s\u00e3o detidos com celulares roubados em Bocaiuva\",\"Assalto em Bocaiuva\",\"Bocai\u00fava\",\"Detidos em Bocaiuva\",\"Detidos por roubo em Bocaiuva\",\"Ladr\u00f5es presos em Bocaiuva\",\"presos em bocaiuva\",\"Presos por roubo em Bocaiuva\",\"Roubo em Bocaiuva\"],\"articleSection\":[\"Norte de Minas\"],\"inLanguage\":\"pt-BR\",\"potentialAction\":[{\"@type\":\"CommentAction\",\"name\":\"Comment\",\"target\":[\"https:\\\/\\\/aconteceunovale.com.br\\\/portal\\\/?p=155344#respond\"]}]},{\"@type\":\"WebPage\",\"@id\":\"https:\\\/\\\/aconteceunovale.com.br\\\/portal\\\/?p=155344\",\"url\":\"https:\\\/\\\/aconteceunovale.com.br\\\/portal\\\/?p=155344\",\"name\":\"Adolescentes s\u00e3o detidos com celulares roubados em Bocaiuva - Aconteceu no Vale\",\"isPartOf\":{\"@id\":\"https:\\\/\\\/aconteceunovale.com.br\\\/portal\\\/#website\"},\"primaryImageOfPage\":{\"@id\":\"https:\\\/\\\/aconteceunovale.com.br\\\/portal\\\/?p=155344#primaryimage\"},\"image\":{\"@id\":\"https:\\\/\\\/aconteceunovale.com.br\\\/portal\\\/?p=155344#primaryimage\"},\"thumbnailUrl\":\"https:\\\/\\\/aconteceunovale.com.br\\\/portal\\\/wp-content\\\/uploads\\\/2019\\\/11\\\/apreensao_boc.jpeg\",\"datePublished\":\"2019-11-26T00:30:16+00:00\",\"dateModified\":\"2019-11-26T00:30:49+00:00\",\"author\":{\"@id\":\"https:\\\/\\\/aconteceunovale.com.br\\\/portal\\\/#\\\/schema\\\/person\\\/633529146f2c94272bef50ac2953d589\"},\"breadcrumb\":{\"@id\":\"https:\\\/\\\/aconteceunovale.com.br\\\/portal\\\/?p=155344#breadcrumb\"},\"inLanguage\":\"pt-BR\",\"potentialAction\":[{\"@type\":\"ReadAction\",\"target\":[\"https:\\\/\\\/aconteceunovale.com.br\\\/portal\\\/?p=155344\"]}]},{\"@type\":\"ImageObject\",\"inLanguage\":\"pt-BR\",\"@id\":\"https:\\\/\\\/aconteceunovale.com.br\\\/portal\\\/?p=155344#primaryimage\",\"url\":\"https:\\\/\\\/aconteceunovale.com.br\\\/portal\\\/wp-content\\\/uploads\\\/2019\\\/11\\\/apreensao_boc.jpeg\",\"contentUrl\":\"https:\\\/\\\/aconteceunovale.com.br\\\/portal\\\/wp-content\\\/uploads\\\/2019\\\/11\\\/apreensao_boc.jpeg\",\"width\":601,\"height\":450},{\"@type\":\"BreadcrumbList\",\"@id\":\"https:\\\/\\\/aconteceunovale.com.br\\\/portal\\\/?p=155344#breadcrumb\",\"itemListElement\":[{\"@type\":\"ListItem\",\"position\":1,\"name\":\"In\u00edcio\",\"item\":\"https:\\\/\\\/aconteceunovale.com.br\\\/portal\\\/\"},{\"@type\":\"ListItem\",\"position\":2,\"name\":\"Adolescentes s\u00e3o detidos com celulares roubados em Bocaiuva\"}]},{\"@type\":\"WebSite\",\"@id\":\"https:\\\/\\\/aconteceunovale.com.br\\\/portal\\\/#website\",\"url\":\"https:\\\/\\\/aconteceunovale.com.br\\\/portal\\\/\",\"name\":\"Aconteceu no Vale\",\"description\":\"Portal de Not\u00edcias\",\"potentialAction\":[{\"@type\":\"SearchAction\",\"target\":{\"@type\":\"EntryPoint\",\"urlTemplate\":\"https:\\\/\\\/aconteceunovale.com.br\\\/portal\\\/?s={search_term_string}\"},\"query-input\":{\"@type\":\"PropertyValueSpecification\",\"valueRequired\":true,\"valueName\":\"search_term_string\"}}],\"inLanguage\":\"pt-BR\"},{\"@type\":\"Person\",\"@id\":\"https:\\\/\\\/aconteceunovale.com.br\\\/portal\\\/#\\\/schema\\\/person\\\/633529146f2c94272bef50ac2953d589\",\"name\":\"Aconteceu no Vale\",\"description\":\"Equipe de reportagem do Aconteceu no Vale, portal de not\u00edcias do Vale do Jequitinhonha, em Minas Gerais. Cobrimos as 51 cidades do Vale desde 2013. Sugest\u00f5es de pauta e pedidos de corre\u00e7\u00e3o: contato@aconteceunovale.com.br\",\"sameAs\":[\"http:\\\/\\\/www.aconteceunovale.com.br\"],\"url\":\"https:\\\/\\\/aconteceunovale.com.br\\\/portal\\\/?author=1\"}]}<\/script>\n<!-- \/ Yoast SEO plugin. -->","yoast_head_json":{"title":"Adolescentes s\u00e3o detidos com celulares roubados em Bocaiuva - Aconteceu no Vale","robots":{"index":"index","follow":"follow","max-snippet":"max-snippet:-1","max-image-preview":"max-image-preview:large","max-video-preview":"max-video-preview:-1"},"canonical":"https:\/\/aconteceunovale.com.br\/portal\/?p=155344","og_locale":"pt_BR","og_type":"article","og_title":"Adolescentes s\u00e3o detidos com celulares roubados em Bocaiuva - Aconteceu no Vale","og_description":"Dois adolescentes de 17 anos foram detidos com celulares roubados em Bocaiuva, no Norte de Minas, nesta segunda-feira (25\/11\/2019). Segundo informa\u00e7\u00f5es da Pol\u00edcia Militar (PM), eles assaltaram uma lanchonete no Jardim das Mangabeiras, no dia 21 deste m\u00eas, e fugiram levando dois telefones e R$ 160,00. A PM informou que os menores usaram uma r\u00e9plica [&hellip;]","og_url":"https:\/\/aconteceunovale.com.br\/portal\/?p=155344","og_site_name":"Aconteceu no Vale","article_publisher":"https:\/\/www.facebook.com\/aconteceunovale\/","article_published_time":"2019-11-26T00:30:16+00:00","article_modified_time":"2019-11-26T00:30:49+00:00","og_image":[{"width":601,"height":450,"url":"https:\/\/aconteceunovale.com.br\/portal\/wp-content\/uploads\/2019\/11\/apreensao_boc.jpeg","type":"image\/jpeg"}],"author":"Aconteceu no Vale","twitter_card":"summary_large_image","twitter_creator":"@noticiadosvales","twitter_site":"@noticiadosvales","twitter_misc":{"Escrito por":"Aconteceu no Vale","Est. tempo de leitura":"1 minuto"},"schema":{"@context":"https:\/\/schema.org","@graph":[{"@type":"Article","@id":"https:\/\/aconteceunovale.com.br\/portal\/?p=155344#article","isPartOf":{"@id":"https:\/\/aconteceunovale.com.br\/portal\/?p=155344"},"author":{"name":"Aconteceu no Vale","@id":"https:\/\/aconteceunovale.com.br\/portal\/#\/schema\/person\/633529146f2c94272bef50ac2953d589"},"headline":"Adolescentes s\u00e3o detidos com celulares roubados em Bocaiuva","datePublished":"2019-11-26T00:30:16+00:00","dateModified":"2019-11-26T00:30:49+00:00","mainEntityOfPage":{"@id":"https:\/\/aconteceunovale.com.br\/portal\/?p=155344"},"wordCount":223,"commentCount":0,"image":{"@id":"https:\/\/aconteceunovale.com.br\/portal\/?p=155344#primaryimage"},"thumbnailUrl":"https:\/\/aconteceunovale.com.br\/portal\/wp-content\/uploads\/2019\/11\/apreensao_boc.jpeg","keywords":["Adolescentes detidos em Bocaiuva","Adolescentes s\u00e3o detidos com celulares roubados em Bocaiuva","Assalto em Bocaiuva","Bocai\u00fava","Detidos em Bocaiuva","Detidos por roubo em Bocaiuva","Ladr\u00f5es presos em Bocaiuva","presos em bocaiuva","Presos por roubo em Bocaiuva","Roubo em Bocaiuva"],"articleSection":["Norte de Minas"],"inLanguage":"pt-BR","potentialAction":[{"@type":"CommentAction","name":"Comment","target":["https:\/\/aconteceunovale.com.br\/portal\/?p=155344#respond"]}]},{"@type":"WebPage","@id":"https:\/\/aconteceunovale.com.br\/portal\/?p=155344","url":"https:\/\/aconteceunovale.com.br\/portal\/?p=155344","name":"Adolescentes s\u00e3o detidos com celulares roubados em Bocaiuva - Aconteceu no Vale","isPartOf":{"@id":"https:\/\/aconteceunovale.com.br\/portal\/#website"},"primaryImageOfPage":{"@id":"https:\/\/aconteceunovale.com.br\/portal\/?p=155344#primaryimage"},"image":{"@id":"https:\/\/aconteceunovale.com.br\/portal\/?p=155344#primaryimage"},"thumbnailUrl":"https:\/\/aconteceunovale.com.br\/portal\/wp-content\/uploads\/2019\/11\/apreensao_boc.jpeg","datePublished":"2019-11-26T00:30:16+00:00","dateModified":"2019-11-26T00:30:49+00:00","author":{"@id":"https:\/\/aconteceunovale.com.br\/portal\/#\/schema\/person\/633529146f2c94272bef50ac2953d589"},"breadcrumb":{"@id":"https:\/\/aconteceunovale.com.br\/portal\/?p=155344#breadcrumb"},"inLanguage":"pt-BR","potentialAction":[{"@type":"ReadAction","target":["https:\/\/aconteceunovale.com.br\/portal\/?p=155344"]}]},{"@type":"ImageObject","inLanguage":"pt-BR","@id":"https:\/\/aconteceunovale.com.br\/portal\/?p=155344#primaryimage","url":"https:\/\/aconteceunovale.com.br\/portal\/wp-content\/uploads\/2019\/11\/apreensao_boc.jpeg","contentUrl":"https:\/\/aconteceunovale.com.br\/portal\/wp-content\/uploads\/2019\/11\/apreensao_boc.jpeg","width":601,"height":450},{"@type":"BreadcrumbList","@id":"https:\/\/aconteceunovale.com.br\/portal\/?p=155344#breadcrumb","itemListElement":[{"@type":"ListItem","position":1,"name":"In\u00edcio","item":"https:\/\/aconteceunovale.com.br\/portal\/"},{"@type":"ListItem","position":2,"name":"Adolescentes s\u00e3o detidos com celulares roubados em Bocaiuva"}]},{"@type":"WebSite","@id":"https:\/\/aconteceunovale.com.br\/portal\/#website","url":"https:\/\/aconteceunovale.com.br\/portal\/","name":"Aconteceu no Vale","description":"Portal de Not\u00edcias","potentialAction":[{"@type":"SearchAction","target":{"@type":"EntryPoint","urlTemplate":"https:\/\/aconteceunovale.com.br\/portal\/?s={search_term_string}"},"query-input":{"@type":"PropertyValueSpecification","valueRequired":true,"valueName":"search_term_string"}}],"inLanguage":"pt-BR"},{"@type":"Person","@id":"https:\/\/aconteceunovale.com.br\/portal\/#\/schema\/person\/633529146f2c94272bef50ac2953d589","name":"Aconteceu no Vale","description":"Equipe de reportagem do Aconteceu no Vale, portal de not\u00edcias do Vale do Jequitinhonha, em Minas Gerais. Cobrimos as 51 cidades do Vale desde 2013. Sugest\u00f5es de pauta e pedidos de corre\u00e7\u00e3o: contato@aconteceunovale.com.br","sameAs":["http:\/\/www.aconteceunovale.com.br"],"url":"https:\/\/aconteceunovale.com.br\/portal\/?author=1"}]}},"_links":{"self":[{"href":"https:\/\/aconteceunovale.com.br\/portal\/index.php?rest_route=\/wp\/v2\/posts\/155344","targetHints":{"allow":["GET"]}}],"collection":[{"href":"https:\/\/aconteceunovale.com.br\/portal\/index.php?rest_route=\/wp\/v2\/posts"}],"about":[{"href":"https:\/\/aconteceunovale.com.br\/portal\/index.php?rest_route=\/wp\/v2\/types\/post"}],"author":[{"embeddable":true,"href":"https:\/\/aconteceunovale.com.br\/portal\/index.php?rest_route=\/wp\/v2\/users\/1"}],"replies":[{"embeddable":true,"href":"https:\/\/aconteceunovale.com.br\/portal\/index.php?rest_route=%2Fwp%2Fv2%2Fcomments&post=155344"}],"version-history":[{"count":1,"href":"https:\/\/aconteceunovale.com.br\/portal\/index.php?rest_route=\/wp\/v2\/posts\/155344\/revisions"}],"predecessor-version":[{"id":155346,"href":"https:\/\/aconteceunovale.com.br\/portal\/index.php?rest_route=\/wp\/v2\/posts\/155344\/revisions\/155346"}],"wp:featuredmedia":[{"embeddable":true,"href":"https:\/\/aconteceunovale.com.br\/portal\/index.php?rest_route=\/wp\/v2\/media\/155345"}],"wp:attachment":[{"href":"https:\/\/aconteceunovale.com.br\/portal\/index.php?rest_route=%2Fwp%2Fv2%2Fmedia&parent=155344"}],"wp:term":[{"taxonomy":"category","embeddable":true,"href":"https:\/\/aconteceunovale.com.br\/portal\/index.php?rest_route=%2Fwp%2Fv2%2Fcategories&post=155344"},{"taxonomy":"post_tag","embeddable":true,"href":"https:\/\/aconteceunovale.com.br\/portal\/index.php?rest_route=%2Fwp%2Fv2%2Ftags&post=155344"}],"curies":[{"name":"wp","href":"https:\/\/api.w.org\/{rel}","templated":true}]}}