{"id":155304,"date":"2019-11-25T12:03:46","date_gmt":"2019-11-25T15:03:46","guid":{"rendered":"http:\/\/aconteceunovale.com.br\/portal\/?p=155304"},"modified":"2019-11-25T12:05:10","modified_gmt":"2019-11-25T15:05:10","slug":"policia-federal-cumpre-mandado-de-reintegracao-de-area-invadida-pelo-mst-na-bahia","status":"publish","type":"post","link":"https:\/\/aconteceunovale.com.br\/portal\/?p=155304","title":{"rendered":"Pol\u00edcia Federal cumpre mandado de reintegra\u00e7\u00e3o de \u00e1rea invadida pelo MST na Bahia"},"content":{"rendered":"\n<p class=\"wp-block-paragraph\">Uma \u00e1rea de aproximadamente de 1.727 hectares, localizada nos munic\u00edpios de Juazeiro e Casa Nova, no estado da Bahia, pertencente \u00e0 Companhia de Desenvolvimento dos Vales do S\u00e3o Francisco e do Parna\u00edba (Codevasf), invadida pelo Movimento dos Trabalhadores Rurais Sem Terra (MST), em 2012, \u00e9 alvo nesta segunda-feira (25) de uma a\u00e7\u00e3o da Pol\u00edcia Federal (PF) para cumprimento de mandados de reintegra\u00e7\u00e3o de posse.<\/p>\n\n\n\n<p class=\"wp-block-paragraph\">Conhecidas como acampamentos Irani I, Irani II e Abril Vermelho, as terras da Codevasf foram invadidas pelo MST, segundo a PF, quando a companhia j\u00e1 havia definida a \u00e1rea para os projetos de irriga\u00e7\u00e3o Salitre e Nilo Coelho.<\/p>\n\n\n\n<p class=\"wp-block-paragraph\">No mesmo ano de 2012, a Codefasf entrou com uma a\u00e7\u00e3o judicial solicitando a reintegra\u00e7\u00e3o de posse. \u201cO cumprimento se d\u00e1 agora, pois o processo judicial chegou \u00e0 fase de senten\u00e7a em 2019\u201d, diz a PF.<\/p>\n\n\n\n<p class=\"wp-block-paragraph\">A decis\u00e3o foi expedida pela Justi\u00e7a Federal de Juazeiro, que tamb\u00e9m determinou ao Instituto Nacional de Coloniza\u00e7\u00e3o e Reforma Agr\u00e1ria (Incra) que providenciasse o assentamento das pessoas que ocupavam irregularmente a \u00e1rea da Codevasf.<\/p>\n\n\n\n<p class=\"wp-block-paragraph\">A desocupa\u00e7\u00e3o, que conta tamb\u00e9m com o apoio de outros \u00f3rg\u00e3os de seguran\u00e7a p\u00fablica e do Poder Judici\u00e1rio Federal, ocorre de maneira pac\u00edfica. A Codevasf, inclusive disponibilizou \u00f4nibus para conduzir as fam\u00edlias at\u00e9 a nova \u00e1rea e caminh\u00f5es para transportar os pertences e bens pessoais \u00e0 localidade de assentamento.<\/p>\n\n\n\n<figure class=\"wp-block-image size-large is-resized\"><img loading=\"lazy\" decoding=\"async\" src=\"http:\/\/aconteceunovale.com.br\/portal\/wp-content\/uploads\/2019\/11\/reintegracao_pf.jpeg\" alt=\"\" class=\"wp-image-155305\" width=\"673\" height=\"505\" srcset=\"https:\/\/aconteceunovale.com.br\/portal\/wp-content\/uploads\/2019\/11\/reintegracao_pf.jpeg 599w, https:\/\/aconteceunovale.com.br\/portal\/wp-content\/uploads\/2019\/11\/reintegracao_pf-300x225.jpeg 300w, https:\/\/aconteceunovale.com.br\/portal\/wp-content\/uploads\/2019\/11\/reintegracao_pf-80x60.jpeg 80w, https:\/\/aconteceunovale.com.br\/portal\/wp-content\/uploads\/2019\/11\/reintegracao_pf-265x198.jpeg 265w, https:\/\/aconteceunovale.com.br\/portal\/wp-content\/uploads\/2019\/11\/reintegracao_pf-559x420.jpeg 559w\" sizes=\"auto, (max-width: 673px) 100vw, 673px\" \/><figcaption><em>Foto: Divulga\u00e7\u00e3o \/ Pol\u00edcia Federal<\/em><\/figcaption><\/figure>\n\n\n\n<h2 class=\"wp-block-heading\">Nota da Codevasf<\/h2>\n\n\n\n<p class=\"wp-block-paragraph\">Por meio de nota, a Codeveasf informou que as iniciativas para desocupa\u00e7\u00e3o das \u00e1reas &#8220;ocorrem especialmente para prote\u00e7\u00e3o e preserva\u00e7\u00e3o da \u00e1rea de reserva legal do Projeto Senador Nilo Coelho, um requisito fundamental para renova\u00e7\u00e3o do licenciamento ambiental do projeto e a continuidade de seu funcionamento, com a manuten\u00e7\u00e3o de mais de 60 mil empregos diretos e indiretos e o incremento anual de R$ 1,42 bilh\u00e3o na economia da regi\u00e3o&#8221;.<\/p>\n\n\n\n<p class=\"wp-block-paragraph\">Sobre o a reintegra\u00e7\u00e3o de posse no Projeto Salitre, a companhoa diz que ela \u201cevitar\u00e1 a paralisa\u00e7\u00e3o do projeto, que representaria um imensur\u00e1vel impacto social e econ\u00f4mico para a regi\u00e3o com a perda da efici\u00eancia dos investimentos realizados pelo governo federal (R$ 820 milh\u00f5es) e da perspectiva de gera\u00e7\u00e3o de mais de 9 mil empregos diretos e indiretos&#8221;.<\/p>\n\n\n\n<p class=\"has-text-color has-background has-very-light-gray-color has-very-dark-gray-background-color wp-block-paragraph\"><strong>VER PRIMEIRO: <\/strong>Receba as not\u00edcias do Aconteceu no Vale em primeira m\u00e3o. Clique em curtir no endere\u00e7o <a rel=\"noreferrer noopener\" href=\"https:\/\/www.facebook.com\/aconteceunovale\" target=\"_blank\">www.facebook.com\/aconteceunovale<\/a>.<\/p>\n","protected":false},"excerpt":{"rendered":"<p>Uma \u00e1rea de aproximadamente de 1.727 hectares, localizada nos munic\u00edpios de Juazeiro e Casa Nova, no estado da Bahia, pertencente \u00e0 Companhia de Desenvolvimento dos Vales do S\u00e3o Francisco e do Parna\u00edba (Codevasf), invadida pelo Movimento dos Trabalhadores Rurais Sem Terra (MST), em 2012, \u00e9 alvo nesta segunda-feira (25) de uma a\u00e7\u00e3o da Pol\u00edcia Federal [&hellip;]<\/p>\n","protected":false},"author":1,"featured_media":155305,"comment_status":"open","ping_status":"closed","sticky":false,"template":"","format":"standard","meta":{"amp_status":"","footnotes":""},"categories":[6],"tags":[211188,211180,211179,211182,22496,22495,14321,211183,211185,211184,56506,36873,16686,20966,772,211181,211190,211189,211187,211186],"class_list":["post-155304","post","type-post","status-publish","format-standard","has-post-thumbnail","hentry","category-br","tag-abril-vermelho","tag-area-invadida-pelo-mst","tag-area-invadida-pelo-mst-na-bahia","tag-casa-nova","tag-codevasf","tag-companhia-de-desenvolvimento-dos-vales-do-sao-francisco-e-do-parnaiba","tag-incra","tag-invasao-de-area-da-codevasf","tag-irani-i","tag-irani-ii","tag-juazeiro","tag-movimento-dos-trabalhadores-rurais-sem-terra","tag-mst","tag-pf","tag-policia-federal","tag-policia-federal-cumpre-mandado-de-reintegracao-de-area-invadida-pelo-mst-na-bahia","tag-projeto-salitre","tag-projeto-senador-nilo-coelho","tag-reintegracao-de-posse-codevasf","tag-salitre-e-nilo-coelho"],"yoast_head":"<!-- This site is optimized with the Yoast SEO plugin v28.3 - https:\/\/yoast.com\/product\/yoast-seo-wordpress\/ -->\n<title>Pol\u00edcia Federal cumpre mandado de reintegra\u00e7\u00e3o de \u00e1rea invadida pelo MST na Bahia - Aconteceu no Vale<\/title>\n<meta name=\"robots\" content=\"index, follow, max-snippet:-1, max-image-preview:large, max-video-preview:-1\" \/>\n<link rel=\"canonical\" href=\"https:\/\/aconteceunovale.com.br\/portal\/?p=155304\" \/>\n<meta property=\"og:locale\" content=\"pt_BR\" \/>\n<meta property=\"og:type\" content=\"article\" \/>\n<meta property=\"og:title\" content=\"Pol\u00edcia Federal cumpre mandado de reintegra\u00e7\u00e3o de \u00e1rea invadida pelo MST na Bahia - Aconteceu no Vale\" \/>\n<meta property=\"og:description\" content=\"Uma \u00e1rea de aproximadamente de 1.727 hectares, localizada nos munic\u00edpios de Juazeiro e Casa Nova, no estado da Bahia, pertencente \u00e0 Companhia de Desenvolvimento dos Vales do S\u00e3o Francisco e do Parna\u00edba (Codevasf), invadida pelo Movimento dos Trabalhadores Rurais Sem Terra (MST), em 2012, \u00e9 alvo nesta segunda-feira (25) de uma a\u00e7\u00e3o da Pol\u00edcia Federal [&hellip;]\" \/>\n<meta property=\"og:url\" content=\"https:\/\/aconteceunovale.com.br\/portal\/?p=155304\" \/>\n<meta property=\"og:site_name\" content=\"Aconteceu no Vale\" \/>\n<meta property=\"article:publisher\" content=\"https:\/\/www.facebook.com\/aconteceunovale\/\" \/>\n<meta property=\"article:published_time\" content=\"2019-11-25T15:03:46+00:00\" \/>\n<meta property=\"article:modified_time\" content=\"2019-11-25T15:05:10+00:00\" \/>\n<meta property=\"og:image\" content=\"https:\/\/aconteceunovale.com.br\/portal\/wp-content\/uploads\/2019\/11\/reintegracao_pf.jpeg\" \/>\n\t<meta property=\"og:image:width\" content=\"599\" \/>\n\t<meta property=\"og:image:height\" content=\"450\" \/>\n\t<meta property=\"og:image:type\" content=\"image\/jpeg\" \/>\n<meta name=\"author\" content=\"Aconteceu no Vale\" \/>\n<meta name=\"twitter:card\" content=\"summary_large_image\" \/>\n<meta name=\"twitter:creator\" content=\"@noticiadosvales\" \/>\n<meta name=\"twitter:site\" content=\"@noticiadosvales\" \/>\n<meta name=\"twitter:label1\" content=\"Escrito por\" \/>\n\t<meta name=\"twitter:data1\" content=\"Aconteceu no Vale\" \/>\n\t<meta name=\"twitter:label2\" content=\"Est. tempo de leitura\" \/>\n\t<meta name=\"twitter:data2\" content=\"2 minutos\" \/>\n<script type=\"application\/ld+json\" class=\"yoast-schema-graph\">{\"@context\":\"https:\\\/\\\/schema.org\",\"@graph\":[{\"@type\":\"Article\",\"@id\":\"https:\\\/\\\/aconteceunovale.com.br\\\/portal\\\/?p=155304#article\",\"isPartOf\":{\"@id\":\"https:\\\/\\\/aconteceunovale.com.br\\\/portal\\\/?p=155304\"},\"author\":{\"name\":\"Aconteceu no Vale\",\"@id\":\"https:\\\/\\\/aconteceunovale.com.br\\\/portal\\\/#\\\/schema\\\/person\\\/633529146f2c94272bef50ac2953d589\"},\"headline\":\"Pol\u00edcia Federal cumpre mandado de reintegra\u00e7\u00e3o de \u00e1rea invadida pelo MST na Bahia\",\"datePublished\":\"2019-11-25T15:03:46+00:00\",\"dateModified\":\"2019-11-25T15:05:10+00:00\",\"mainEntityOfPage\":{\"@id\":\"https:\\\/\\\/aconteceunovale.com.br\\\/portal\\\/?p=155304\"},\"wordCount\":423,\"commentCount\":0,\"image\":{\"@id\":\"https:\\\/\\\/aconteceunovale.com.br\\\/portal\\\/?p=155304#primaryimage\"},\"thumbnailUrl\":\"https:\\\/\\\/aconteceunovale.com.br\\\/portal\\\/wp-content\\\/uploads\\\/2019\\\/11\\\/reintegracao_pf.jpeg\",\"keywords\":[\"Abril Vermelho\",\"\u00c1rea invadida pelo MST\",\"\u00c1rea invadida pelo MST na Bahia\",\"Casa Nova\",\"Codevasf\",\"Companhia de Desenvolvimento dos Vales do S\u00e3o Francisco e do Parna\u00edba\",\"INCRA\",\"Invas\u00e3o de \u00e1rea da Codevasf\",\"Irani I\",\"Irani II\",\"Juazeiro\",\"Movimento dos Trabalhadores Rurais Sem Terra\",\"MST\",\"PF\",\"pol\u00edcia federal\",\"Pol\u00edcia Federal cumpre mandado de reintegra\u00e7\u00e3o de \u00e1rea invadida pelo MST na Bahia\",\"Projeto Salitre\",\"Projeto Senador Nilo Coelho\",\"Reintegra\u00e7\u00e3o de posse Codevasf\",\"Salitre e Nilo Coelho\"],\"articleSection\":[\"Brasil\"],\"inLanguage\":\"pt-BR\",\"potentialAction\":[{\"@type\":\"CommentAction\",\"name\":\"Comment\",\"target\":[\"https:\\\/\\\/aconteceunovale.com.br\\\/portal\\\/?p=155304#respond\"]}]},{\"@type\":\"WebPage\",\"@id\":\"https:\\\/\\\/aconteceunovale.com.br\\\/portal\\\/?p=155304\",\"url\":\"https:\\\/\\\/aconteceunovale.com.br\\\/portal\\\/?p=155304\",\"name\":\"Pol\u00edcia Federal cumpre mandado de reintegra\u00e7\u00e3o de \u00e1rea invadida pelo MST na Bahia - Aconteceu no Vale\",\"isPartOf\":{\"@id\":\"https:\\\/\\\/aconteceunovale.com.br\\\/portal\\\/#website\"},\"primaryImageOfPage\":{\"@id\":\"https:\\\/\\\/aconteceunovale.com.br\\\/portal\\\/?p=155304#primaryimage\"},\"image\":{\"@id\":\"https:\\\/\\\/aconteceunovale.com.br\\\/portal\\\/?p=155304#primaryimage\"},\"thumbnailUrl\":\"https:\\\/\\\/aconteceunovale.com.br\\\/portal\\\/wp-content\\\/uploads\\\/2019\\\/11\\\/reintegracao_pf.jpeg\",\"datePublished\":\"2019-11-25T15:03:46+00:00\",\"dateModified\":\"2019-11-25T15:05:10+00:00\",\"author\":{\"@id\":\"https:\\\/\\\/aconteceunovale.com.br\\\/portal\\\/#\\\/schema\\\/person\\\/633529146f2c94272bef50ac2953d589\"},\"breadcrumb\":{\"@id\":\"https:\\\/\\\/aconteceunovale.com.br\\\/portal\\\/?p=155304#breadcrumb\"},\"inLanguage\":\"pt-BR\",\"potentialAction\":[{\"@type\":\"ReadAction\",\"target\":[\"https:\\\/\\\/aconteceunovale.com.br\\\/portal\\\/?p=155304\"]}]},{\"@type\":\"ImageObject\",\"inLanguage\":\"pt-BR\",\"@id\":\"https:\\\/\\\/aconteceunovale.com.br\\\/portal\\\/?p=155304#primaryimage\",\"url\":\"https:\\\/\\\/aconteceunovale.com.br\\\/portal\\\/wp-content\\\/uploads\\\/2019\\\/11\\\/reintegracao_pf.jpeg\",\"contentUrl\":\"https:\\\/\\\/aconteceunovale.com.br\\\/portal\\\/wp-content\\\/uploads\\\/2019\\\/11\\\/reintegracao_pf.jpeg\",\"width\":599,\"height\":450},{\"@type\":\"BreadcrumbList\",\"@id\":\"https:\\\/\\\/aconteceunovale.com.br\\\/portal\\\/?p=155304#breadcrumb\",\"itemListElement\":[{\"@type\":\"ListItem\",\"position\":1,\"name\":\"In\u00edcio\",\"item\":\"https:\\\/\\\/aconteceunovale.com.br\\\/portal\\\/\"},{\"@type\":\"ListItem\",\"position\":2,\"name\":\"Pol\u00edcia Federal cumpre mandado de reintegra\u00e7\u00e3o de \u00e1rea invadida pelo MST na Bahia\"}]},{\"@type\":\"WebSite\",\"@id\":\"https:\\\/\\\/aconteceunovale.com.br\\\/portal\\\/#website\",\"url\":\"https:\\\/\\\/aconteceunovale.com.br\\\/portal\\\/\",\"name\":\"Aconteceu no Vale\",\"description\":\"Portal de Not\u00edcias\",\"potentialAction\":[{\"@type\":\"SearchAction\",\"target\":{\"@type\":\"EntryPoint\",\"urlTemplate\":\"https:\\\/\\\/aconteceunovale.com.br\\\/portal\\\/?s={search_term_string}\"},\"query-input\":{\"@type\":\"PropertyValueSpecification\",\"valueRequired\":true,\"valueName\":\"search_term_string\"}}],\"inLanguage\":\"pt-BR\"},{\"@type\":\"Person\",\"@id\":\"https:\\\/\\\/aconteceunovale.com.br\\\/portal\\\/#\\\/schema\\\/person\\\/633529146f2c94272bef50ac2953d589\",\"name\":\"Aconteceu no Vale\",\"description\":\"Equipe de reportagem do Aconteceu no Vale, portal de not\u00edcias do Vale do Jequitinhonha, em Minas Gerais. Cobrimos as 51 cidades do Vale desde 2013. Sugest\u00f5es de pauta e pedidos de corre\u00e7\u00e3o: contato@aconteceunovale.com.br\",\"sameAs\":[\"http:\\\/\\\/www.aconteceunovale.com.br\"],\"url\":\"https:\\\/\\\/aconteceunovale.com.br\\\/portal\\\/?author=1\"}]}<\/script>\n<!-- \/ Yoast SEO plugin. -->","yoast_head_json":{"title":"Pol\u00edcia Federal cumpre mandado de reintegra\u00e7\u00e3o de \u00e1rea invadida pelo MST na Bahia - Aconteceu no Vale","robots":{"index":"index","follow":"follow","max-snippet":"max-snippet:-1","max-image-preview":"max-image-preview:large","max-video-preview":"max-video-preview:-1"},"canonical":"https:\/\/aconteceunovale.com.br\/portal\/?p=155304","og_locale":"pt_BR","og_type":"article","og_title":"Pol\u00edcia Federal cumpre mandado de reintegra\u00e7\u00e3o de \u00e1rea invadida pelo MST na Bahia - Aconteceu no Vale","og_description":"Uma \u00e1rea de aproximadamente de 1.727 hectares, localizada nos munic\u00edpios de Juazeiro e Casa Nova, no estado da Bahia, pertencente \u00e0 Companhia de Desenvolvimento dos Vales do S\u00e3o Francisco e do Parna\u00edba (Codevasf), invadida pelo Movimento dos Trabalhadores Rurais Sem Terra (MST), em 2012, \u00e9 alvo nesta segunda-feira (25) de uma a\u00e7\u00e3o da Pol\u00edcia Federal [&hellip;]","og_url":"https:\/\/aconteceunovale.com.br\/portal\/?p=155304","og_site_name":"Aconteceu no Vale","article_publisher":"https:\/\/www.facebook.com\/aconteceunovale\/","article_published_time":"2019-11-25T15:03:46+00:00","article_modified_time":"2019-11-25T15:05:10+00:00","og_image":[{"width":599,"height":450,"url":"https:\/\/aconteceunovale.com.br\/portal\/wp-content\/uploads\/2019\/11\/reintegracao_pf.jpeg","type":"image\/jpeg"}],"author":"Aconteceu no Vale","twitter_card":"summary_large_image","twitter_creator":"@noticiadosvales","twitter_site":"@noticiadosvales","twitter_misc":{"Escrito por":"Aconteceu no Vale","Est. tempo de leitura":"2 minutos"},"schema":{"@context":"https:\/\/schema.org","@graph":[{"@type":"Article","@id":"https:\/\/aconteceunovale.com.br\/portal\/?p=155304#article","isPartOf":{"@id":"https:\/\/aconteceunovale.com.br\/portal\/?p=155304"},"author":{"name":"Aconteceu no Vale","@id":"https:\/\/aconteceunovale.com.br\/portal\/#\/schema\/person\/633529146f2c94272bef50ac2953d589"},"headline":"Pol\u00edcia Federal cumpre mandado de reintegra\u00e7\u00e3o de \u00e1rea invadida pelo MST na Bahia","datePublished":"2019-11-25T15:03:46+00:00","dateModified":"2019-11-25T15:05:10+00:00","mainEntityOfPage":{"@id":"https:\/\/aconteceunovale.com.br\/portal\/?p=155304"},"wordCount":423,"commentCount":0,"image":{"@id":"https:\/\/aconteceunovale.com.br\/portal\/?p=155304#primaryimage"},"thumbnailUrl":"https:\/\/aconteceunovale.com.br\/portal\/wp-content\/uploads\/2019\/11\/reintegracao_pf.jpeg","keywords":["Abril Vermelho","\u00c1rea invadida pelo MST","\u00c1rea invadida pelo MST na Bahia","Casa Nova","Codevasf","Companhia de Desenvolvimento dos Vales do S\u00e3o Francisco e do Parna\u00edba","INCRA","Invas\u00e3o de \u00e1rea da Codevasf","Irani I","Irani II","Juazeiro","Movimento dos Trabalhadores Rurais Sem Terra","MST","PF","pol\u00edcia federal","Pol\u00edcia Federal cumpre mandado de reintegra\u00e7\u00e3o de \u00e1rea invadida pelo MST na Bahia","Projeto Salitre","Projeto Senador Nilo Coelho","Reintegra\u00e7\u00e3o de posse Codevasf","Salitre e Nilo Coelho"],"articleSection":["Brasil"],"inLanguage":"pt-BR","potentialAction":[{"@type":"CommentAction","name":"Comment","target":["https:\/\/aconteceunovale.com.br\/portal\/?p=155304#respond"]}]},{"@type":"WebPage","@id":"https:\/\/aconteceunovale.com.br\/portal\/?p=155304","url":"https:\/\/aconteceunovale.com.br\/portal\/?p=155304","name":"Pol\u00edcia Federal cumpre mandado de reintegra\u00e7\u00e3o de \u00e1rea invadida pelo MST na Bahia - Aconteceu no Vale","isPartOf":{"@id":"https:\/\/aconteceunovale.com.br\/portal\/#website"},"primaryImageOfPage":{"@id":"https:\/\/aconteceunovale.com.br\/portal\/?p=155304#primaryimage"},"image":{"@id":"https:\/\/aconteceunovale.com.br\/portal\/?p=155304#primaryimage"},"thumbnailUrl":"https:\/\/aconteceunovale.com.br\/portal\/wp-content\/uploads\/2019\/11\/reintegracao_pf.jpeg","datePublished":"2019-11-25T15:03:46+00:00","dateModified":"2019-11-25T15:05:10+00:00","author":{"@id":"https:\/\/aconteceunovale.com.br\/portal\/#\/schema\/person\/633529146f2c94272bef50ac2953d589"},"breadcrumb":{"@id":"https:\/\/aconteceunovale.com.br\/portal\/?p=155304#breadcrumb"},"inLanguage":"pt-BR","potentialAction":[{"@type":"ReadAction","target":["https:\/\/aconteceunovale.com.br\/portal\/?p=155304"]}]},{"@type":"ImageObject","inLanguage":"pt-BR","@id":"https:\/\/aconteceunovale.com.br\/portal\/?p=155304#primaryimage","url":"https:\/\/aconteceunovale.com.br\/portal\/wp-content\/uploads\/2019\/11\/reintegracao_pf.jpeg","contentUrl":"https:\/\/aconteceunovale.com.br\/portal\/wp-content\/uploads\/2019\/11\/reintegracao_pf.jpeg","width":599,"height":450},{"@type":"BreadcrumbList","@id":"https:\/\/aconteceunovale.com.br\/portal\/?p=155304#breadcrumb","itemListElement":[{"@type":"ListItem","position":1,"name":"In\u00edcio","item":"https:\/\/aconteceunovale.com.br\/portal\/"},{"@type":"ListItem","position":2,"name":"Pol\u00edcia Federal cumpre mandado de reintegra\u00e7\u00e3o de \u00e1rea invadida pelo MST na Bahia"}]},{"@type":"WebSite","@id":"https:\/\/aconteceunovale.com.br\/portal\/#website","url":"https:\/\/aconteceunovale.com.br\/portal\/","name":"Aconteceu no Vale","description":"Portal de Not\u00edcias","potentialAction":[{"@type":"SearchAction","target":{"@type":"EntryPoint","urlTemplate":"https:\/\/aconteceunovale.com.br\/portal\/?s={search_term_string}"},"query-input":{"@type":"PropertyValueSpecification","valueRequired":true,"valueName":"search_term_string"}}],"inLanguage":"pt-BR"},{"@type":"Person","@id":"https:\/\/aconteceunovale.com.br\/portal\/#\/schema\/person\/633529146f2c94272bef50ac2953d589","name":"Aconteceu no Vale","description":"Equipe de reportagem do Aconteceu no Vale, portal de not\u00edcias do Vale do Jequitinhonha, em Minas Gerais. Cobrimos as 51 cidades do Vale desde 2013. Sugest\u00f5es de pauta e pedidos de corre\u00e7\u00e3o: contato@aconteceunovale.com.br","sameAs":["http:\/\/www.aconteceunovale.com.br"],"url":"https:\/\/aconteceunovale.com.br\/portal\/?author=1"}]}},"_links":{"self":[{"href":"https:\/\/aconteceunovale.com.br\/portal\/index.php?rest_route=\/wp\/v2\/posts\/155304","targetHints":{"allow":["GET"]}}],"collection":[{"href":"https:\/\/aconteceunovale.com.br\/portal\/index.php?rest_route=\/wp\/v2\/posts"}],"about":[{"href":"https:\/\/aconteceunovale.com.br\/portal\/index.php?rest_route=\/wp\/v2\/types\/post"}],"author":[{"embeddable":true,"href":"https:\/\/aconteceunovale.com.br\/portal\/index.php?rest_route=\/wp\/v2\/users\/1"}],"replies":[{"embeddable":true,"href":"https:\/\/aconteceunovale.com.br\/portal\/index.php?rest_route=%2Fwp%2Fv2%2Fcomments&post=155304"}],"version-history":[{"count":1,"href":"https:\/\/aconteceunovale.com.br\/portal\/index.php?rest_route=\/wp\/v2\/posts\/155304\/revisions"}],"predecessor-version":[{"id":155306,"href":"https:\/\/aconteceunovale.com.br\/portal\/index.php?rest_route=\/wp\/v2\/posts\/155304\/revisions\/155306"}],"wp:featuredmedia":[{"embeddable":true,"href":"https:\/\/aconteceunovale.com.br\/portal\/index.php?rest_route=\/wp\/v2\/media\/155305"}],"wp:attachment":[{"href":"https:\/\/aconteceunovale.com.br\/portal\/index.php?rest_route=%2Fwp%2Fv2%2Fmedia&parent=155304"}],"wp:term":[{"taxonomy":"category","embeddable":true,"href":"https:\/\/aconteceunovale.com.br\/portal\/index.php?rest_route=%2Fwp%2Fv2%2Fcategories&post=155304"},{"taxonomy":"post_tag","embeddable":true,"href":"https:\/\/aconteceunovale.com.br\/portal\/index.php?rest_route=%2Fwp%2Fv2%2Ftags&post=155304"}],"curies":[{"name":"wp","href":"https:\/\/api.w.org\/{rel}","templated":true}]}}