{"id":155300,"date":"2019-11-25T11:48:09","date_gmt":"2019-11-25T14:48:09","guid":{"rendered":"http:\/\/aconteceunovale.com.br\/portal\/?p=155300"},"modified":"2019-11-25T11:48:55","modified_gmt":"2019-11-25T14:48:55","slug":"policia-prende-duas-pessoas-por-receptacao-de-notebooks-roubados-no-vale-do-aco","status":"publish","type":"post","link":"https:\/\/aconteceunovale.com.br\/portal\/?p=155300","title":{"rendered":"Pol\u00edcia prende duas pessoas por recepta\u00e7\u00e3o de notebooks roubados no Vale do A\u00e7o"},"content":{"rendered":"\n<p class=\"wp-block-paragraph\">Duas pessoas foram presas no domingo (24\/11\/2019) por recepta\u00e7\u00e3o\nde notebooks roubados em Coronel Fabriciano (MG) e Tim\u00f3teo (MG). A Pol\u00edcia\nMilitar recebeu den\u00fancias an\u00f4nimas indicando que um jovem, de 26 anos, estaria com\nseis notebooks e foi at\u00e9 a resid\u00eancia dele no distrito de Cachoeira do Vale, no\nmunic\u00edpio de Tim\u00f3teo.<\/p>\n\n\n\n<p class=\"wp-block-paragraph\">No momento da abordagem, segundo a pol\u00edcia, o rapaz estava com quatro aparelhos e confessou que tinha vendido outros dois.<\/p>\n\n\n\n<p class=\"wp-block-paragraph\">Durante buscas, um dos notebooks vendidos foi localizado em Cachoeira do Vale. J\u00e1 o segundo aparelho, segundo a pol\u00edcia, foi encontrado com uma mulher de 43 anos, no bairro Caladinho, em Coronel Fabriciano.<\/p>\n\n\n\n<p class=\"wp-block-paragraph\">Duas pessoas foram conduzidas \u00e0 Delegacia de Pol\u00edcia Civil de Ipatinga junto com os notebooks apreendidos. A pol\u00edcia continua as buscas por um terceiro envolvido.<\/p>\n\n\n\n<figure class=\"wp-block-image size-large\"><img loading=\"lazy\" decoding=\"async\" width=\"641\" height=\"450\" src=\"http:\/\/aconteceunovale.com.br\/portal\/wp-content\/uploads\/2019\/11\/roubo_fabri_timoteo.jpeg\" alt=\"\" class=\"wp-image-155301\" srcset=\"https:\/\/aconteceunovale.com.br\/portal\/wp-content\/uploads\/2019\/11\/roubo_fabri_timoteo.jpeg 641w, https:\/\/aconteceunovale.com.br\/portal\/wp-content\/uploads\/2019\/11\/roubo_fabri_timoteo-300x211.jpeg 300w, https:\/\/aconteceunovale.com.br\/portal\/wp-content\/uploads\/2019\/11\/roubo_fabri_timoteo-100x70.jpeg 100w, https:\/\/aconteceunovale.com.br\/portal\/wp-content\/uploads\/2019\/11\/roubo_fabri_timoteo-598x420.jpeg 598w\" sizes=\"auto, (max-width: 641px) 100vw, 641px\" \/><figcaption><em> Foto: Pol\u00edcia Militar \/ Divulga\u00e7\u00e3o <\/em><\/figcaption><\/figure>\n\n\n\n<p class=\"has-text-color has-background has-very-light-gray-color has-very-dark-gray-background-color wp-block-paragraph\"><strong>VER PRIMEIRO: <\/strong>Receba as not\u00edcias do Aconteceu no Vale em primeira m\u00e3o. Clique em curtir no endere\u00e7o <a rel=\"noreferrer noopener\" href=\"https:\/\/www.facebook.com\/aconteceunovale\" target=\"_blank\">www.facebook.com\/aconteceunovale<\/a>.<\/p>\n","protected":false},"excerpt":{"rendered":"<p>Duas pessoas foram presas no domingo (24\/11\/2019) por recepta\u00e7\u00e3o de notebooks roubados em Coronel Fabriciano (MG) e Tim\u00f3teo (MG). A Pol\u00edcia Militar recebeu den\u00fancias an\u00f4nimas indicando que um jovem, de 26 anos, estaria com seis notebooks e foi at\u00e9 a resid\u00eancia dele no distrito de Cachoeira do Vale, no munic\u00edpio de Tim\u00f3teo. No momento da [&hellip;]<\/p>\n","protected":false},"author":1,"featured_media":155301,"comment_status":"open","ping_status":"closed","sticky":false,"template":"","format":"standard","meta":{"amp_status":"","footnotes":""},"categories":[121],"tags":[32718,1524,201,211178,211176,89627,106597,211177,1105],"class_list":["post-155300","post","type-post","status-publish","format-standard","has-post-thumbnail","hentry","category-leste","tag-cachoeira-do-vale","tag-coronel-fabriciano","tag-ipatinga","tag-notebooks-roubados-no-vale-do-aco","tag-policia-prende-duas-pessoas-por-receptacao-de-notebooks-roubados-no-vale-do-aco","tag-presos-em-coronel-fabriciano","tag-presos-em-timoteo","tag-roubo-de-notebooks-no-vale-do-aco","tag-timoteo"],"yoast_head":"<!-- This site is optimized with the Yoast SEO plugin v28.3 - https:\/\/yoast.com\/product\/yoast-seo-wordpress\/ -->\n<title>Pol\u00edcia prende duas pessoas por recepta\u00e7\u00e3o de notebooks roubados no Vale do A\u00e7o - Aconteceu no Vale<\/title>\n<meta name=\"robots\" content=\"index, follow, max-snippet:-1, max-image-preview:large, max-video-preview:-1\" \/>\n<link rel=\"canonical\" href=\"https:\/\/aconteceunovale.com.br\/portal\/?p=155300\" \/>\n<meta property=\"og:locale\" content=\"pt_BR\" \/>\n<meta property=\"og:type\" content=\"article\" \/>\n<meta property=\"og:title\" content=\"Pol\u00edcia prende duas pessoas por recepta\u00e7\u00e3o de notebooks roubados no Vale do A\u00e7o - Aconteceu no Vale\" \/>\n<meta property=\"og:description\" content=\"Duas pessoas foram presas no domingo (24\/11\/2019) por recepta\u00e7\u00e3o de notebooks roubados em Coronel Fabriciano (MG) e Tim\u00f3teo (MG). A Pol\u00edcia Militar recebeu den\u00fancias an\u00f4nimas indicando que um jovem, de 26 anos, estaria com seis notebooks e foi at\u00e9 a resid\u00eancia dele no distrito de Cachoeira do Vale, no munic\u00edpio de Tim\u00f3teo. No momento da [&hellip;]\" \/>\n<meta property=\"og:url\" content=\"https:\/\/aconteceunovale.com.br\/portal\/?p=155300\" \/>\n<meta property=\"og:site_name\" content=\"Aconteceu no Vale\" \/>\n<meta property=\"article:publisher\" content=\"https:\/\/www.facebook.com\/aconteceunovale\/\" \/>\n<meta property=\"article:published_time\" content=\"2019-11-25T14:48:09+00:00\" \/>\n<meta property=\"article:modified_time\" content=\"2019-11-25T14:48:55+00:00\" \/>\n<meta property=\"og:image\" content=\"https:\/\/aconteceunovale.com.br\/portal\/wp-content\/uploads\/2019\/11\/roubo_fabri_timoteo.jpeg\" \/>\n\t<meta property=\"og:image:width\" content=\"641\" \/>\n\t<meta property=\"og:image:height\" content=\"450\" \/>\n\t<meta property=\"og:image:type\" content=\"image\/jpeg\" \/>\n<meta name=\"author\" content=\"Aconteceu no Vale\" \/>\n<meta name=\"twitter:card\" content=\"summary_large_image\" \/>\n<meta name=\"twitter:creator\" content=\"@noticiadosvales\" \/>\n<meta name=\"twitter:site\" content=\"@noticiadosvales\" \/>\n<meta name=\"twitter:label1\" content=\"Escrito por\" \/>\n\t<meta name=\"twitter:data1\" content=\"Aconteceu no Vale\" \/>\n\t<meta name=\"twitter:label2\" content=\"Est. tempo de leitura\" \/>\n\t<meta name=\"twitter:data2\" content=\"1 minuto\" \/>\n<script type=\"application\/ld+json\" class=\"yoast-schema-graph\">{\"@context\":\"https:\\\/\\\/schema.org\",\"@graph\":[{\"@type\":\"Article\",\"@id\":\"https:\\\/\\\/aconteceunovale.com.br\\\/portal\\\/?p=155300#article\",\"isPartOf\":{\"@id\":\"https:\\\/\\\/aconteceunovale.com.br\\\/portal\\\/?p=155300\"},\"author\":{\"name\":\"Aconteceu no Vale\",\"@id\":\"https:\\\/\\\/aconteceunovale.com.br\\\/portal\\\/#\\\/schema\\\/person\\\/633529146f2c94272bef50ac2953d589\"},\"headline\":\"Pol\u00edcia prende duas pessoas por recepta\u00e7\u00e3o de notebooks roubados no Vale do A\u00e7o\",\"datePublished\":\"2019-11-25T14:48:09+00:00\",\"dateModified\":\"2019-11-25T14:48:55+00:00\",\"mainEntityOfPage\":{\"@id\":\"https:\\\/\\\/aconteceunovale.com.br\\\/portal\\\/?p=155300\"},\"wordCount\":184,\"commentCount\":0,\"image\":{\"@id\":\"https:\\\/\\\/aconteceunovale.com.br\\\/portal\\\/?p=155300#primaryimage\"},\"thumbnailUrl\":\"https:\\\/\\\/aconteceunovale.com.br\\\/portal\\\/wp-content\\\/uploads\\\/2019\\\/11\\\/roubo_fabri_timoteo.jpeg\",\"keywords\":[\"Cachoeira do Vale\",\"Coronel Fabriciano\",\"Ipatinga\",\"Notebooks roubados no Vale do A\u00e7o\",\"Pol\u00edcia prende duas pessoas por recepta\u00e7\u00e3o de notebooks roubados no Vale do A\u00e7o\",\"Presos em Coronel Fabriciano\",\"presos em Tim\u00f3teo\",\"Roubo de notebooks no Vale do A\u00e7o\",\"Tim\u00f3teo\"],\"articleSection\":[\"Leste de Minas\"],\"inLanguage\":\"pt-BR\",\"potentialAction\":[{\"@type\":\"CommentAction\",\"name\":\"Comment\",\"target\":[\"https:\\\/\\\/aconteceunovale.com.br\\\/portal\\\/?p=155300#respond\"]}]},{\"@type\":\"WebPage\",\"@id\":\"https:\\\/\\\/aconteceunovale.com.br\\\/portal\\\/?p=155300\",\"url\":\"https:\\\/\\\/aconteceunovale.com.br\\\/portal\\\/?p=155300\",\"name\":\"Pol\u00edcia prende duas pessoas por recepta\u00e7\u00e3o de notebooks roubados no Vale do A\u00e7o - Aconteceu no Vale\",\"isPartOf\":{\"@id\":\"https:\\\/\\\/aconteceunovale.com.br\\\/portal\\\/#website\"},\"primaryImageOfPage\":{\"@id\":\"https:\\\/\\\/aconteceunovale.com.br\\\/portal\\\/?p=155300#primaryimage\"},\"image\":{\"@id\":\"https:\\\/\\\/aconteceunovale.com.br\\\/portal\\\/?p=155300#primaryimage\"},\"thumbnailUrl\":\"https:\\\/\\\/aconteceunovale.com.br\\\/portal\\\/wp-content\\\/uploads\\\/2019\\\/11\\\/roubo_fabri_timoteo.jpeg\",\"datePublished\":\"2019-11-25T14:48:09+00:00\",\"dateModified\":\"2019-11-25T14:48:55+00:00\",\"author\":{\"@id\":\"https:\\\/\\\/aconteceunovale.com.br\\\/portal\\\/#\\\/schema\\\/person\\\/633529146f2c94272bef50ac2953d589\"},\"breadcrumb\":{\"@id\":\"https:\\\/\\\/aconteceunovale.com.br\\\/portal\\\/?p=155300#breadcrumb\"},\"inLanguage\":\"pt-BR\",\"potentialAction\":[{\"@type\":\"ReadAction\",\"target\":[\"https:\\\/\\\/aconteceunovale.com.br\\\/portal\\\/?p=155300\"]}]},{\"@type\":\"ImageObject\",\"inLanguage\":\"pt-BR\",\"@id\":\"https:\\\/\\\/aconteceunovale.com.br\\\/portal\\\/?p=155300#primaryimage\",\"url\":\"https:\\\/\\\/aconteceunovale.com.br\\\/portal\\\/wp-content\\\/uploads\\\/2019\\\/11\\\/roubo_fabri_timoteo.jpeg\",\"contentUrl\":\"https:\\\/\\\/aconteceunovale.com.br\\\/portal\\\/wp-content\\\/uploads\\\/2019\\\/11\\\/roubo_fabri_timoteo.jpeg\",\"width\":641,\"height\":450},{\"@type\":\"BreadcrumbList\",\"@id\":\"https:\\\/\\\/aconteceunovale.com.br\\\/portal\\\/?p=155300#breadcrumb\",\"itemListElement\":[{\"@type\":\"ListItem\",\"position\":1,\"name\":\"In\u00edcio\",\"item\":\"https:\\\/\\\/aconteceunovale.com.br\\\/portal\\\/\"},{\"@type\":\"ListItem\",\"position\":2,\"name\":\"Pol\u00edcia prende duas pessoas por recepta\u00e7\u00e3o de notebooks roubados no Vale do A\u00e7o\"}]},{\"@type\":\"WebSite\",\"@id\":\"https:\\\/\\\/aconteceunovale.com.br\\\/portal\\\/#website\",\"url\":\"https:\\\/\\\/aconteceunovale.com.br\\\/portal\\\/\",\"name\":\"Aconteceu no Vale\",\"description\":\"Portal de Not\u00edcias\",\"potentialAction\":[{\"@type\":\"SearchAction\",\"target\":{\"@type\":\"EntryPoint\",\"urlTemplate\":\"https:\\\/\\\/aconteceunovale.com.br\\\/portal\\\/?s={search_term_string}\"},\"query-input\":{\"@type\":\"PropertyValueSpecification\",\"valueRequired\":true,\"valueName\":\"search_term_string\"}}],\"inLanguage\":\"pt-BR\"},{\"@type\":\"Person\",\"@id\":\"https:\\\/\\\/aconteceunovale.com.br\\\/portal\\\/#\\\/schema\\\/person\\\/633529146f2c94272bef50ac2953d589\",\"name\":\"Aconteceu no Vale\",\"description\":\"Equipe de reportagem do Aconteceu no Vale, portal de not\u00edcias do Vale do Jequitinhonha, em Minas Gerais. Cobrimos as 51 cidades do Vale desde 2013. Sugest\u00f5es de pauta e pedidos de corre\u00e7\u00e3o: contato@aconteceunovale.com.br\",\"sameAs\":[\"http:\\\/\\\/www.aconteceunovale.com.br\"],\"url\":\"https:\\\/\\\/aconteceunovale.com.br\\\/portal\\\/?author=1\"}]}<\/script>\n<!-- \/ Yoast SEO plugin. -->","yoast_head_json":{"title":"Pol\u00edcia prende duas pessoas por recepta\u00e7\u00e3o de notebooks roubados no Vale do A\u00e7o - Aconteceu no Vale","robots":{"index":"index","follow":"follow","max-snippet":"max-snippet:-1","max-image-preview":"max-image-preview:large","max-video-preview":"max-video-preview:-1"},"canonical":"https:\/\/aconteceunovale.com.br\/portal\/?p=155300","og_locale":"pt_BR","og_type":"article","og_title":"Pol\u00edcia prende duas pessoas por recepta\u00e7\u00e3o de notebooks roubados no Vale do A\u00e7o - Aconteceu no Vale","og_description":"Duas pessoas foram presas no domingo (24\/11\/2019) por recepta\u00e7\u00e3o de notebooks roubados em Coronel Fabriciano (MG) e Tim\u00f3teo (MG). A Pol\u00edcia Militar recebeu den\u00fancias an\u00f4nimas indicando que um jovem, de 26 anos, estaria com seis notebooks e foi at\u00e9 a resid\u00eancia dele no distrito de Cachoeira do Vale, no munic\u00edpio de Tim\u00f3teo. No momento da [&hellip;]","og_url":"https:\/\/aconteceunovale.com.br\/portal\/?p=155300","og_site_name":"Aconteceu no Vale","article_publisher":"https:\/\/www.facebook.com\/aconteceunovale\/","article_published_time":"2019-11-25T14:48:09+00:00","article_modified_time":"2019-11-25T14:48:55+00:00","og_image":[{"width":641,"height":450,"url":"https:\/\/aconteceunovale.com.br\/portal\/wp-content\/uploads\/2019\/11\/roubo_fabri_timoteo.jpeg","type":"image\/jpeg"}],"author":"Aconteceu no Vale","twitter_card":"summary_large_image","twitter_creator":"@noticiadosvales","twitter_site":"@noticiadosvales","twitter_misc":{"Escrito por":"Aconteceu no Vale","Est. tempo de leitura":"1 minuto"},"schema":{"@context":"https:\/\/schema.org","@graph":[{"@type":"Article","@id":"https:\/\/aconteceunovale.com.br\/portal\/?p=155300#article","isPartOf":{"@id":"https:\/\/aconteceunovale.com.br\/portal\/?p=155300"},"author":{"name":"Aconteceu no Vale","@id":"https:\/\/aconteceunovale.com.br\/portal\/#\/schema\/person\/633529146f2c94272bef50ac2953d589"},"headline":"Pol\u00edcia prende duas pessoas por recepta\u00e7\u00e3o de notebooks roubados no Vale do A\u00e7o","datePublished":"2019-11-25T14:48:09+00:00","dateModified":"2019-11-25T14:48:55+00:00","mainEntityOfPage":{"@id":"https:\/\/aconteceunovale.com.br\/portal\/?p=155300"},"wordCount":184,"commentCount":0,"image":{"@id":"https:\/\/aconteceunovale.com.br\/portal\/?p=155300#primaryimage"},"thumbnailUrl":"https:\/\/aconteceunovale.com.br\/portal\/wp-content\/uploads\/2019\/11\/roubo_fabri_timoteo.jpeg","keywords":["Cachoeira do Vale","Coronel Fabriciano","Ipatinga","Notebooks roubados no Vale do A\u00e7o","Pol\u00edcia prende duas pessoas por recepta\u00e7\u00e3o de notebooks roubados no Vale do A\u00e7o","Presos em Coronel Fabriciano","presos em Tim\u00f3teo","Roubo de notebooks no Vale do A\u00e7o","Tim\u00f3teo"],"articleSection":["Leste de Minas"],"inLanguage":"pt-BR","potentialAction":[{"@type":"CommentAction","name":"Comment","target":["https:\/\/aconteceunovale.com.br\/portal\/?p=155300#respond"]}]},{"@type":"WebPage","@id":"https:\/\/aconteceunovale.com.br\/portal\/?p=155300","url":"https:\/\/aconteceunovale.com.br\/portal\/?p=155300","name":"Pol\u00edcia prende duas pessoas por recepta\u00e7\u00e3o de notebooks roubados no Vale do A\u00e7o - Aconteceu no Vale","isPartOf":{"@id":"https:\/\/aconteceunovale.com.br\/portal\/#website"},"primaryImageOfPage":{"@id":"https:\/\/aconteceunovale.com.br\/portal\/?p=155300#primaryimage"},"image":{"@id":"https:\/\/aconteceunovale.com.br\/portal\/?p=155300#primaryimage"},"thumbnailUrl":"https:\/\/aconteceunovale.com.br\/portal\/wp-content\/uploads\/2019\/11\/roubo_fabri_timoteo.jpeg","datePublished":"2019-11-25T14:48:09+00:00","dateModified":"2019-11-25T14:48:55+00:00","author":{"@id":"https:\/\/aconteceunovale.com.br\/portal\/#\/schema\/person\/633529146f2c94272bef50ac2953d589"},"breadcrumb":{"@id":"https:\/\/aconteceunovale.com.br\/portal\/?p=155300#breadcrumb"},"inLanguage":"pt-BR","potentialAction":[{"@type":"ReadAction","target":["https:\/\/aconteceunovale.com.br\/portal\/?p=155300"]}]},{"@type":"ImageObject","inLanguage":"pt-BR","@id":"https:\/\/aconteceunovale.com.br\/portal\/?p=155300#primaryimage","url":"https:\/\/aconteceunovale.com.br\/portal\/wp-content\/uploads\/2019\/11\/roubo_fabri_timoteo.jpeg","contentUrl":"https:\/\/aconteceunovale.com.br\/portal\/wp-content\/uploads\/2019\/11\/roubo_fabri_timoteo.jpeg","width":641,"height":450},{"@type":"BreadcrumbList","@id":"https:\/\/aconteceunovale.com.br\/portal\/?p=155300#breadcrumb","itemListElement":[{"@type":"ListItem","position":1,"name":"In\u00edcio","item":"https:\/\/aconteceunovale.com.br\/portal\/"},{"@type":"ListItem","position":2,"name":"Pol\u00edcia prende duas pessoas por recepta\u00e7\u00e3o de notebooks roubados no Vale do A\u00e7o"}]},{"@type":"WebSite","@id":"https:\/\/aconteceunovale.com.br\/portal\/#website","url":"https:\/\/aconteceunovale.com.br\/portal\/","name":"Aconteceu no Vale","description":"Portal de Not\u00edcias","potentialAction":[{"@type":"SearchAction","target":{"@type":"EntryPoint","urlTemplate":"https:\/\/aconteceunovale.com.br\/portal\/?s={search_term_string}"},"query-input":{"@type":"PropertyValueSpecification","valueRequired":true,"valueName":"search_term_string"}}],"inLanguage":"pt-BR"},{"@type":"Person","@id":"https:\/\/aconteceunovale.com.br\/portal\/#\/schema\/person\/633529146f2c94272bef50ac2953d589","name":"Aconteceu no Vale","description":"Equipe de reportagem do Aconteceu no Vale, portal de not\u00edcias do Vale do Jequitinhonha, em Minas Gerais. Cobrimos as 51 cidades do Vale desde 2013. Sugest\u00f5es de pauta e pedidos de corre\u00e7\u00e3o: contato@aconteceunovale.com.br","sameAs":["http:\/\/www.aconteceunovale.com.br"],"url":"https:\/\/aconteceunovale.com.br\/portal\/?author=1"}]}},"_links":{"self":[{"href":"https:\/\/aconteceunovale.com.br\/portal\/index.php?rest_route=\/wp\/v2\/posts\/155300","targetHints":{"allow":["GET"]}}],"collection":[{"href":"https:\/\/aconteceunovale.com.br\/portal\/index.php?rest_route=\/wp\/v2\/posts"}],"about":[{"href":"https:\/\/aconteceunovale.com.br\/portal\/index.php?rest_route=\/wp\/v2\/types\/post"}],"author":[{"embeddable":true,"href":"https:\/\/aconteceunovale.com.br\/portal\/index.php?rest_route=\/wp\/v2\/users\/1"}],"replies":[{"embeddable":true,"href":"https:\/\/aconteceunovale.com.br\/portal\/index.php?rest_route=%2Fwp%2Fv2%2Fcomments&post=155300"}],"version-history":[{"count":1,"href":"https:\/\/aconteceunovale.com.br\/portal\/index.php?rest_route=\/wp\/v2\/posts\/155300\/revisions"}],"predecessor-version":[{"id":155302,"href":"https:\/\/aconteceunovale.com.br\/portal\/index.php?rest_route=\/wp\/v2\/posts\/155300\/revisions\/155302"}],"wp:featuredmedia":[{"embeddable":true,"href":"https:\/\/aconteceunovale.com.br\/portal\/index.php?rest_route=\/wp\/v2\/media\/155301"}],"wp:attachment":[{"href":"https:\/\/aconteceunovale.com.br\/portal\/index.php?rest_route=%2Fwp%2Fv2%2Fmedia&parent=155300"}],"wp:term":[{"taxonomy":"category","embeddable":true,"href":"https:\/\/aconteceunovale.com.br\/portal\/index.php?rest_route=%2Fwp%2Fv2%2Fcategories&post=155300"},{"taxonomy":"post_tag","embeddable":true,"href":"https:\/\/aconteceunovale.com.br\/portal\/index.php?rest_route=%2Fwp%2Fv2%2Ftags&post=155300"}],"curies":[{"name":"wp","href":"https:\/\/api.w.org\/{rel}","templated":true}]}}