{"id":155293,"date":"2019-11-25T10:37:37","date_gmt":"2019-11-25T13:37:37","guid":{"rendered":"http:\/\/aconteceunovale.com.br\/portal\/?p=155293"},"modified":"2026-09-02T13:37:26","modified_gmt":"2026-09-02T16:37:26","slug":"policia-registra-homicidios-em-divisa-alegre-e-pedra-azul","status":"publish","type":"post","link":"https:\/\/aconteceunovale.com.br\/portal\/?p=155293","title":{"rendered":"Pol\u00edcia registra homic\u00eddios em Divisa Alegre e Pedra Azul"},"content":{"rendered":"\n<p class=\"wp-block-paragraph\">Um homem de 33 anos foi assassinado a facadas em Divisa Alegre, no Norte de Minas, na madrugada de domingo (24\/11\/2019). O autor do crime \u00e9 um cunhado da v\u00edtima.<\/p>\n\n\n\n<p class=\"wp-block-paragraph\">Segundo a Pol\u00edcia Militar, Paulo Barbosa da Silva e H.B.A., de\n21 anos, possu\u00edam desentendimentos anteriores. A v\u00edtima foi esfaqueada no\nCentro da cidade e veio a \u00f3bito no local. <\/p>\n\n\n\n<p class=\"wp-block-paragraph\">H.B.A. foi preso em flagrante e confirmou a autoria do\nhomic\u00eddio. A faca usada no crime n\u00e3o foi encontrada. <\/p>\n\n\n\n<p class=\"wp-block-paragraph\">O caso ser\u00e1 investigado pela Pol\u00edcia Civil. As informa\u00e7\u00f5es iniciais indicam que o autor n\u00e3o se conformava com o relacionamento da v\u00edtima com a irm\u00e3 dele.<\/p>\n\n\n\n<h3 class=\"wp-block-heading\">Homic\u00eddio em Pedra Azul<\/h3>\n\n\n\n<p class=\"wp-block-paragraph\">Um jovem de 28 anos foi assassinado no bairro Nova Cidade,\nem Pedra Azul, na noite de quinta-feira (21\/11). Rafael Alves de Jesus estava\nna porta de casa quando foi atingido por disparos de arma de fogo.<\/p>\n\n\n\n<p class=\"wp-block-paragraph\">A per\u00edcia da Pol\u00edcia Civil esteve no local e constatou que Rafael\nfoi baleado na cintura, nas costas, em uma das axilas e nas n\u00e1degas. <\/p>\n\n\n\n<p class=\"wp-block-paragraph\">A motiva\u00e7\u00e3o para o homic\u00eddio pode estar relacionada com um furto de R$ 1.000,00 cometido por Rafael e\/ou com desaven\u00e7a com um morador da cidade. O crime ser\u00e1 investigado.<\/p>\n\n\n\n<p class=\"has-text-color has-background has-very-light-gray-color has-very-dark-gray-background-color wp-block-paragraph\"><strong>VER PRIMEIRO: <\/strong>Receba as not\u00edcias do Aconteceu no Vale em primeira m\u00e3o. Clique em curtir no endere\u00e7o <a rel=\"noreferrer noopener\" href=\"https:\/\/www.facebook.com\/aconteceunovale\" target=\"_blank\">www.facebook.com\/aconteceunovale<\/a>.<\/p>\n","protected":false},"excerpt":{"rendered":"<p>Um homem de 33 anos foi assassinado a facadas em Divisa Alegre, no Norte de Minas, na madrugada de domingo (24\/11\/2019). O autor do crime \u00e9 um cunhado da v\u00edtima. Segundo a Pol\u00edcia Militar, Paulo Barbosa da Silva e H.B.A., de 21 anos, possu\u00edam desentendimentos anteriores. A v\u00edtima foi esfaqueada no Centro da cidade e [&hellip;]<\/p>\n","protected":false},"author":4,"featured_media":151866,"comment_status":"open","ping_status":"closed","sticky":false,"template":"","format":"standard","meta":{"amp_status":"","footnotes":""},"categories":[1236,272566,120],"tags":[211164,32951,211163,56218,211162,455,211161,211165],"class_list":["post-155293","post","type-post","status-publish","format-standard","has-post-thumbnail","hentry","category-norte_de_minas","category-pedra-azul","category-jequi","tag-homicidio-em-divisa-alegre","tag-homicidio-em-pedra-azul","tag-morto-em-divisa-alegre","tag-morto-em-pedra-azul","tag-paulo-barbosa-da-silva","tag-pedra-azul","tag-policia-registra-homicidios-em-divisa-alegre-e-pedra-azul","tag-rafael-alves-de-jesus"],"yoast_head":"<!-- This site is optimized with the Yoast SEO plugin v28.3 - https:\/\/yoast.com\/product\/yoast-seo-wordpress\/ -->\n<title>Pol\u00edcia registra homic\u00eddios em Divisa Alegre e Pedra Azul - Aconteceu no Vale<\/title>\n<meta name=\"robots\" content=\"index, follow, max-snippet:-1, max-image-preview:large, max-video-preview:-1\" \/>\n<link rel=\"canonical\" href=\"https:\/\/aconteceunovale.com.br\/portal\/?p=155293\" \/>\n<meta property=\"og:locale\" content=\"pt_BR\" \/>\n<meta property=\"og:type\" content=\"article\" \/>\n<meta property=\"og:title\" content=\"Pol\u00edcia registra homic\u00eddios em Divisa Alegre e Pedra Azul - Aconteceu no Vale\" \/>\n<meta property=\"og:description\" content=\"Um homem de 33 anos foi assassinado a facadas em Divisa Alegre, no Norte de Minas, na madrugada de domingo (24\/11\/2019). O autor do crime \u00e9 um cunhado da v\u00edtima. Segundo a Pol\u00edcia Militar, Paulo Barbosa da Silva e H.B.A., de 21 anos, possu\u00edam desentendimentos anteriores. A v\u00edtima foi esfaqueada no Centro da cidade e [&hellip;]\" \/>\n<meta property=\"og:url\" content=\"https:\/\/aconteceunovale.com.br\/portal\/?p=155293\" \/>\n<meta property=\"og:site_name\" content=\"Aconteceu no Vale\" \/>\n<meta property=\"article:publisher\" content=\"https:\/\/www.facebook.com\/aconteceunovale\/\" \/>\n<meta property=\"article:published_time\" content=\"2019-11-25T13:37:37+00:00\" \/>\n<meta property=\"article:modified_time\" content=\"2026-09-02T16:37:26+00:00\" \/>\n<meta property=\"og:image\" content=\"https:\/\/aconteceunovale.com.br\/portal\/wp-content\/uploads\/2019\/08\/plantao_giroflex.jpg\" \/>\n\t<meta property=\"og:image:width\" content=\"678\" \/>\n\t<meta property=\"og:image:height\" content=\"430\" \/>\n\t<meta property=\"og:image:type\" content=\"image\/jpeg\" \/>\n<meta name=\"author\" content=\"Reda\u00e7\u00e3o Aconteceu no Vale\" \/>\n<meta name=\"twitter:card\" content=\"summary_large_image\" \/>\n<meta name=\"twitter:creator\" content=\"@noticiadosvales\" \/>\n<meta name=\"twitter:site\" content=\"@noticiadosvales\" \/>\n<meta name=\"twitter:label1\" content=\"Escrito por\" \/>\n\t<meta name=\"twitter:data1\" content=\"Reda\u00e7\u00e3o Aconteceu no Vale\" \/>\n\t<meta name=\"twitter:label2\" content=\"Est. tempo de leitura\" \/>\n\t<meta name=\"twitter:data2\" content=\"1 minuto\" \/>\n<script type=\"application\/ld+json\" class=\"yoast-schema-graph\">{\"@context\":\"https:\\\/\\\/schema.org\",\"@graph\":[{\"@type\":\"Article\",\"@id\":\"https:\\\/\\\/aconteceunovale.com.br\\\/portal\\\/?p=155293#article\",\"isPartOf\":{\"@id\":\"https:\\\/\\\/aconteceunovale.com.br\\\/portal\\\/?p=155293\"},\"author\":{\"name\":\"Reda\u00e7\u00e3o Aconteceu no Vale\",\"@id\":\"https:\\\/\\\/aconteceunovale.com.br\\\/portal\\\/#\\\/schema\\\/person\\\/7d2f26d1483f8a63de73da1ee0754d35\"},\"headline\":\"Pol\u00edcia registra homic\u00eddios em Divisa Alegre e Pedra Azul\",\"datePublished\":\"2019-11-25T13:37:37+00:00\",\"dateModified\":\"2026-09-02T16:37:26+00:00\",\"mainEntityOfPage\":{\"@id\":\"https:\\\/\\\/aconteceunovale.com.br\\\/portal\\\/?p=155293\"},\"wordCount\":250,\"commentCount\":0,\"image\":{\"@id\":\"https:\\\/\\\/aconteceunovale.com.br\\\/portal\\\/?p=155293#primaryimage\"},\"thumbnailUrl\":\"https:\\\/\\\/aconteceunovale.com.br\\\/portal\\\/wp-content\\\/uploads\\\/2019\\\/08\\\/plantao_giroflex.jpg\",\"keywords\":[\"Homic\u00eddio em Divisa Alegre\",\"homic\u00eddio em pedra azul\",\"Morto em Divisa Alegre\",\"morto em Pedra Azul\",\"Paulo Barbosa da Silva\",\"Pedra Azul\",\"Pol\u00edcia registra homic\u00eddios em Divisa Alegre e Pedra Azul\",\"Rafael Alves de Jesus\"],\"articleSection\":[\"Norte de Minas\",\"Pedra Azul\",\"Vale do Jequitinhonha\"],\"inLanguage\":\"pt-BR\",\"potentialAction\":[{\"@type\":\"CommentAction\",\"name\":\"Comment\",\"target\":[\"https:\\\/\\\/aconteceunovale.com.br\\\/portal\\\/?p=155293#respond\"]}]},{\"@type\":\"WebPage\",\"@id\":\"https:\\\/\\\/aconteceunovale.com.br\\\/portal\\\/?p=155293\",\"url\":\"https:\\\/\\\/aconteceunovale.com.br\\\/portal\\\/?p=155293\",\"name\":\"Pol\u00edcia registra homic\u00eddios em Divisa Alegre e Pedra Azul - Aconteceu no Vale\",\"isPartOf\":{\"@id\":\"https:\\\/\\\/aconteceunovale.com.br\\\/portal\\\/#website\"},\"primaryImageOfPage\":{\"@id\":\"https:\\\/\\\/aconteceunovale.com.br\\\/portal\\\/?p=155293#primaryimage\"},\"image\":{\"@id\":\"https:\\\/\\\/aconteceunovale.com.br\\\/portal\\\/?p=155293#primaryimage\"},\"thumbnailUrl\":\"https:\\\/\\\/aconteceunovale.com.br\\\/portal\\\/wp-content\\\/uploads\\\/2019\\\/08\\\/plantao_giroflex.jpg\",\"datePublished\":\"2019-11-25T13:37:37+00:00\",\"dateModified\":\"2026-09-02T16:37:26+00:00\",\"author\":{\"@id\":\"https:\\\/\\\/aconteceunovale.com.br\\\/portal\\\/#\\\/schema\\\/person\\\/7d2f26d1483f8a63de73da1ee0754d35\"},\"breadcrumb\":{\"@id\":\"https:\\\/\\\/aconteceunovale.com.br\\\/portal\\\/?p=155293#breadcrumb\"},\"inLanguage\":\"pt-BR\",\"potentialAction\":[{\"@type\":\"ReadAction\",\"target\":[\"https:\\\/\\\/aconteceunovale.com.br\\\/portal\\\/?p=155293\"]}]},{\"@type\":\"ImageObject\",\"inLanguage\":\"pt-BR\",\"@id\":\"https:\\\/\\\/aconteceunovale.com.br\\\/portal\\\/?p=155293#primaryimage\",\"url\":\"https:\\\/\\\/aconteceunovale.com.br\\\/portal\\\/wp-content\\\/uploads\\\/2019\\\/08\\\/plantao_giroflex.jpg\",\"contentUrl\":\"https:\\\/\\\/aconteceunovale.com.br\\\/portal\\\/wp-content\\\/uploads\\\/2019\\\/08\\\/plantao_giroflex.jpg\",\"width\":678,\"height\":430},{\"@type\":\"BreadcrumbList\",\"@id\":\"https:\\\/\\\/aconteceunovale.com.br\\\/portal\\\/?p=155293#breadcrumb\",\"itemListElement\":[{\"@type\":\"ListItem\",\"position\":1,\"name\":\"In\u00edcio\",\"item\":\"https:\\\/\\\/aconteceunovale.com.br\\\/portal\\\/\"},{\"@type\":\"ListItem\",\"position\":2,\"name\":\"Pol\u00edcia registra homic\u00eddios em Divisa Alegre e Pedra Azul\"}]},{\"@type\":\"WebSite\",\"@id\":\"https:\\\/\\\/aconteceunovale.com.br\\\/portal\\\/#website\",\"url\":\"https:\\\/\\\/aconteceunovale.com.br\\\/portal\\\/\",\"name\":\"Aconteceu no Vale\",\"description\":\"Portal de Not\u00edcias\",\"potentialAction\":[{\"@type\":\"SearchAction\",\"target\":{\"@type\":\"EntryPoint\",\"urlTemplate\":\"https:\\\/\\\/aconteceunovale.com.br\\\/portal\\\/?s={search_term_string}\"},\"query-input\":{\"@type\":\"PropertyValueSpecification\",\"valueRequired\":true,\"valueName\":\"search_term_string\"}}],\"inLanguage\":\"pt-BR\"},{\"@type\":\"Person\",\"@id\":\"https:\\\/\\\/aconteceunovale.com.br\\\/portal\\\/#\\\/schema\\\/person\\\/7d2f26d1483f8a63de73da1ee0754d35\",\"name\":\"Reda\u00e7\u00e3o Aconteceu no Vale\",\"description\":\"Equipe de reportagem do Aconteceu no Vale, portal de not\u00edcias do Vale do Jequitinhonha, em Minas Gerais. Cobrimos as 51 cidades do Vale desde 2013. Sugest\u00f5es de pauta e pedidos de corre\u00e7\u00e3o: contato@aconteceunovale.com.br\",\"url\":\"https:\\\/\\\/aconteceunovale.com.br\\\/portal\\\/?author=4\"}]}<\/script>\n<!-- \/ Yoast SEO plugin. -->","yoast_head_json":{"title":"Pol\u00edcia registra homic\u00eddios em Divisa Alegre e Pedra Azul - Aconteceu no Vale","robots":{"index":"index","follow":"follow","max-snippet":"max-snippet:-1","max-image-preview":"max-image-preview:large","max-video-preview":"max-video-preview:-1"},"canonical":"https:\/\/aconteceunovale.com.br\/portal\/?p=155293","og_locale":"pt_BR","og_type":"article","og_title":"Pol\u00edcia registra homic\u00eddios em Divisa Alegre e Pedra Azul - Aconteceu no Vale","og_description":"Um homem de 33 anos foi assassinado a facadas em Divisa Alegre, no Norte de Minas, na madrugada de domingo (24\/11\/2019). O autor do crime \u00e9 um cunhado da v\u00edtima. Segundo a Pol\u00edcia Militar, Paulo Barbosa da Silva e H.B.A., de 21 anos, possu\u00edam desentendimentos anteriores. A v\u00edtima foi esfaqueada no Centro da cidade e [&hellip;]","og_url":"https:\/\/aconteceunovale.com.br\/portal\/?p=155293","og_site_name":"Aconteceu no Vale","article_publisher":"https:\/\/www.facebook.com\/aconteceunovale\/","article_published_time":"2019-11-25T13:37:37+00:00","article_modified_time":"2026-09-02T16:37:26+00:00","og_image":[{"width":678,"height":430,"url":"https:\/\/aconteceunovale.com.br\/portal\/wp-content\/uploads\/2019\/08\/plantao_giroflex.jpg","type":"image\/jpeg"}],"author":"Reda\u00e7\u00e3o Aconteceu no Vale","twitter_card":"summary_large_image","twitter_creator":"@noticiadosvales","twitter_site":"@noticiadosvales","twitter_misc":{"Escrito por":"Reda\u00e7\u00e3o Aconteceu no Vale","Est. tempo de leitura":"1 minuto"},"schema":{"@context":"https:\/\/schema.org","@graph":[{"@type":"Article","@id":"https:\/\/aconteceunovale.com.br\/portal\/?p=155293#article","isPartOf":{"@id":"https:\/\/aconteceunovale.com.br\/portal\/?p=155293"},"author":{"name":"Reda\u00e7\u00e3o Aconteceu no Vale","@id":"https:\/\/aconteceunovale.com.br\/portal\/#\/schema\/person\/7d2f26d1483f8a63de73da1ee0754d35"},"headline":"Pol\u00edcia registra homic\u00eddios em Divisa Alegre e Pedra Azul","datePublished":"2019-11-25T13:37:37+00:00","dateModified":"2026-09-02T16:37:26+00:00","mainEntityOfPage":{"@id":"https:\/\/aconteceunovale.com.br\/portal\/?p=155293"},"wordCount":250,"commentCount":0,"image":{"@id":"https:\/\/aconteceunovale.com.br\/portal\/?p=155293#primaryimage"},"thumbnailUrl":"https:\/\/aconteceunovale.com.br\/portal\/wp-content\/uploads\/2019\/08\/plantao_giroflex.jpg","keywords":["Homic\u00eddio em Divisa Alegre","homic\u00eddio em pedra azul","Morto em Divisa Alegre","morto em Pedra Azul","Paulo Barbosa da Silva","Pedra Azul","Pol\u00edcia registra homic\u00eddios em Divisa Alegre e Pedra Azul","Rafael Alves de Jesus"],"articleSection":["Norte de Minas","Pedra Azul","Vale do Jequitinhonha"],"inLanguage":"pt-BR","potentialAction":[{"@type":"CommentAction","name":"Comment","target":["https:\/\/aconteceunovale.com.br\/portal\/?p=155293#respond"]}]},{"@type":"WebPage","@id":"https:\/\/aconteceunovale.com.br\/portal\/?p=155293","url":"https:\/\/aconteceunovale.com.br\/portal\/?p=155293","name":"Pol\u00edcia registra homic\u00eddios em Divisa Alegre e Pedra Azul - Aconteceu no Vale","isPartOf":{"@id":"https:\/\/aconteceunovale.com.br\/portal\/#website"},"primaryImageOfPage":{"@id":"https:\/\/aconteceunovale.com.br\/portal\/?p=155293#primaryimage"},"image":{"@id":"https:\/\/aconteceunovale.com.br\/portal\/?p=155293#primaryimage"},"thumbnailUrl":"https:\/\/aconteceunovale.com.br\/portal\/wp-content\/uploads\/2019\/08\/plantao_giroflex.jpg","datePublished":"2019-11-25T13:37:37+00:00","dateModified":"2026-09-02T16:37:26+00:00","author":{"@id":"https:\/\/aconteceunovale.com.br\/portal\/#\/schema\/person\/7d2f26d1483f8a63de73da1ee0754d35"},"breadcrumb":{"@id":"https:\/\/aconteceunovale.com.br\/portal\/?p=155293#breadcrumb"},"inLanguage":"pt-BR","potentialAction":[{"@type":"ReadAction","target":["https:\/\/aconteceunovale.com.br\/portal\/?p=155293"]}]},{"@type":"ImageObject","inLanguage":"pt-BR","@id":"https:\/\/aconteceunovale.com.br\/portal\/?p=155293#primaryimage","url":"https:\/\/aconteceunovale.com.br\/portal\/wp-content\/uploads\/2019\/08\/plantao_giroflex.jpg","contentUrl":"https:\/\/aconteceunovale.com.br\/portal\/wp-content\/uploads\/2019\/08\/plantao_giroflex.jpg","width":678,"height":430},{"@type":"BreadcrumbList","@id":"https:\/\/aconteceunovale.com.br\/portal\/?p=155293#breadcrumb","itemListElement":[{"@type":"ListItem","position":1,"name":"In\u00edcio","item":"https:\/\/aconteceunovale.com.br\/portal\/"},{"@type":"ListItem","position":2,"name":"Pol\u00edcia registra homic\u00eddios em Divisa Alegre e Pedra Azul"}]},{"@type":"WebSite","@id":"https:\/\/aconteceunovale.com.br\/portal\/#website","url":"https:\/\/aconteceunovale.com.br\/portal\/","name":"Aconteceu no Vale","description":"Portal de Not\u00edcias","potentialAction":[{"@type":"SearchAction","target":{"@type":"EntryPoint","urlTemplate":"https:\/\/aconteceunovale.com.br\/portal\/?s={search_term_string}"},"query-input":{"@type":"PropertyValueSpecification","valueRequired":true,"valueName":"search_term_string"}}],"inLanguage":"pt-BR"},{"@type":"Person","@id":"https:\/\/aconteceunovale.com.br\/portal\/#\/schema\/person\/7d2f26d1483f8a63de73da1ee0754d35","name":"Reda\u00e7\u00e3o Aconteceu no Vale","description":"Equipe de reportagem do Aconteceu no Vale, portal de not\u00edcias do Vale do Jequitinhonha, em Minas Gerais. Cobrimos as 51 cidades do Vale desde 2013. Sugest\u00f5es de pauta e pedidos de corre\u00e7\u00e3o: contato@aconteceunovale.com.br","url":"https:\/\/aconteceunovale.com.br\/portal\/?author=4"}]}},"_links":{"self":[{"href":"https:\/\/aconteceunovale.com.br\/portal\/index.php?rest_route=\/wp\/v2\/posts\/155293","targetHints":{"allow":["GET"]}}],"collection":[{"href":"https:\/\/aconteceunovale.com.br\/portal\/index.php?rest_route=\/wp\/v2\/posts"}],"about":[{"href":"https:\/\/aconteceunovale.com.br\/portal\/index.php?rest_route=\/wp\/v2\/types\/post"}],"author":[{"embeddable":true,"href":"https:\/\/aconteceunovale.com.br\/portal\/index.php?rest_route=\/wp\/v2\/users\/4"}],"replies":[{"embeddable":true,"href":"https:\/\/aconteceunovale.com.br\/portal\/index.php?rest_route=%2Fwp%2Fv2%2Fcomments&post=155293"}],"version-history":[{"count":2,"href":"https:\/\/aconteceunovale.com.br\/portal\/index.php?rest_route=\/wp\/v2\/posts\/155293\/revisions"}],"predecessor-version":[{"id":155303,"href":"https:\/\/aconteceunovale.com.br\/portal\/index.php?rest_route=\/wp\/v2\/posts\/155293\/revisions\/155303"}],"wp:featuredmedia":[{"embeddable":true,"href":"https:\/\/aconteceunovale.com.br\/portal\/index.php?rest_route=\/wp\/v2\/media\/151866"}],"wp:attachment":[{"href":"https:\/\/aconteceunovale.com.br\/portal\/index.php?rest_route=%2Fwp%2Fv2%2Fmedia&parent=155293"}],"wp:term":[{"taxonomy":"category","embeddable":true,"href":"https:\/\/aconteceunovale.com.br\/portal\/index.php?rest_route=%2Fwp%2Fv2%2Fcategories&post=155293"},{"taxonomy":"post_tag","embeddable":true,"href":"https:\/\/aconteceunovale.com.br\/portal\/index.php?rest_route=%2Fwp%2Fv2%2Ftags&post=155293"}],"curies":[{"name":"wp","href":"https:\/\/api.w.org\/{rel}","templated":true}]}}