{"id":155271,"date":"2019-11-24T21:19:39","date_gmt":"2019-11-25T00:19:39","guid":{"rendered":"http:\/\/aconteceunovale.com.br\/portal\/?p=155271"},"modified":"2019-11-24T21:55:36","modified_gmt":"2019-11-25T00:55:36","slug":"estabilidade-para-gestante-nao-vale-para-empregadas-temporarias-decide-tribunal-superior-do-trabalho","status":"publish","type":"post","link":"https:\/\/aconteceunovale.com.br\/portal\/?p=155271","title":{"rendered":"Estabilidade para gestante n\u00e3o vale para empregadas tempor\u00e1rias, decide Tribunal Superior do Trabalho"},"content":{"rendered":"\n<p class=\"wp-block-paragraph\">O Tribunal Superior do Trabalho (TST) decidiu que empregadas gestantes contratadas para trabalho tempor\u00e1rio n\u00e3o t\u00eam direito \u00e0 estabilidade prevista na Constitui\u00e7\u00e3o. Na sess\u00e3o de 18 de novembro, a maioria dos ministros do pleno do TST entendeu que o benef\u00edcio n\u00e3o vale para esse tipo de trabalho, regido pela Lei 6.019\/74, norma que regulamentou o trabalho tempor\u00e1rio.<\/p>\n\n\n\n<p class=\"wp-block-paragraph\">Com a decis\u00e3o, o entendimento poder\u00e1 ser aplicado aos processos que est\u00e3o em andamento na Justi\u00e7a do Trabalho em todo o pa\u00eds.<\/p>\n\n\n\n<p class=\"wp-block-paragraph\">A quest\u00e3o chegou ao TST por meio de um recurso de uma empregada que foi dispensada durante a gravidez por uma empresa de loca\u00e7\u00e3o de m\u00e3o de obra que prestava servi\u00e7os a uma outra firma em Blumenau, em Santa Catarina.<\/p>\n\n\n\n<p class=\"wp-block-paragraph\">Inconformada com a decis\u00e3o, a gestante recorreu \u00e0 justi\u00e7a trabalhista local e \u00e0 Primeira Turma do TST em busca do reconhecimento do direito, mas perdeu a causa, pois os magistrados consideraram que a estabilidade n\u00e3o vale para contratos tempor\u00e1rios.<\/p>\n\n\n\n<p class=\"wp-block-paragraph\">De acordo com o artigo 10 do Ato das Disposi\u00e7\u00f5es Constitucionais Transit\u00f3rias da Constitui\u00e7\u00e3o, \u00e9 proibida dispensa arbitr\u00e1ria ou sem justa causa da &#8220;empregada gestante, desde a confirma\u00e7\u00e3o da gravidez at\u00e9 cinco meses ap\u00f3s o parto&#8221;.<\/p>\n\n\n\n<p class=\"wp-block-paragraph\">\u00c9 com base nesta regra que a estabilidade \u00e9 garantida. No entanto, a norma sempre foi aplicada aos casos de contratos por tempo indeterminado e h\u00e1 diverg\u00eancias na Justi\u00e7a sobre a validade para trabalhadoras tempor\u00e1rias.<\/p>\n\n\n\n<p class=\"wp-block-paragraph\">No trabalho tempor\u00e1rio, uma empresa contrata uma pessoa para prestar servi\u00e7os a uma outra empresa, considerada a tomadora, por prazo determinado.<\/p>\n\n\n\n<p class=\"wp-block-paragraph\">Nesta semana, ao julgar o caso definitivamente, o plen\u00e1rio do TST confirmou o entendimento, por maioria de votos. No julgamento, prevaleceu a manifesta\u00e7\u00e3o da ministra Maria Cristina Peduzzi.<\/p>\n\n\n\n<h2 class=\"wp-block-heading\">Trabalhadoras tempor\u00e1rias<\/h2>\n\n\n\n<p class=\"wp-block-paragraph\">Segundo ela, a estabilidade n\u00e3o pode ser aplicada a casos de trabalhadoras tempor\u00e1rias. Para a magistrada, a Constitui\u00e7\u00e3o impede a demiss\u00e3o arbitr\u00e1ria e sem justa causa da gestante, mas o benef\u00edcio n\u00e3o ocorre em contratos tempor\u00e1rios, nos quais n\u00e3o h\u00e1 v\u00ednculo de trabalho por prazo indeterminado.<\/p>\n\n\n\n<p class=\"wp-block-paragraph\">O relator do caso, ministro Luiz Philippe Vieira de Mello Filho, ficou vencido na vota\u00e7\u00e3o e entendeu que as trabalhadoras tempor\u00e1rias tamb\u00e9m t\u00eam direito \u00e0 estabilidade.<\/p>\n\n\n\n<p class=\"wp-block-paragraph\">&#8220;A empregada gestante mant\u00e9m o direito \u00e0 estabilidade provis\u00f3ria prevista no artigo do ADCT [Ato das Disposi\u00e7\u00f5es Constitucionais Transit\u00f3rias da Constitui\u00e7\u00e3o] mesmo na hip\u00f3tese de admiss\u00e3o mediante contrato de trabalho por tempo determinado e contrato tempor\u00e1rio de<br>trabalho da Lei 6019&#8243;, afirmou.<\/p>\n\n\n\n<p class=\"wp-block-paragraph\">Apesar da decis\u00e3o, cabe recurso ao Supremo Tribunal Federal (STF), que poder\u00e1 anular o julgamento do TST.<\/p>\n\n\n\n<p class=\"has-text-color has-background has-very-light-gray-color has-very-dark-gray-background-color wp-block-paragraph\"><strong>VER PRIMEIRO: <\/strong>Receba as not\u00edcias do Aconteceu no Vale em primeira m\u00e3o. Clique em curtir no endere\u00e7o <a rel=\"noreferrer noopener\" href=\"https:\/\/www.facebook.com\/aconteceunovale\" target=\"_blank\">www.facebook.com\/aconteceunovale<\/a>.<\/p>\n","protected":false},"excerpt":{"rendered":"<p>O Tribunal Superior do Trabalho (TST) decidiu que empregadas gestantes contratadas para trabalho tempor\u00e1rio n\u00e3o t\u00eam direito \u00e0 estabilidade prevista na Constitui\u00e7\u00e3o. Na sess\u00e3o de 18 de novembro, a maioria dos ministros do pleno do TST entendeu que o benef\u00edcio n\u00e3o vale para esse tipo de trabalho, regido pela Lei 6.019\/74, norma que regulamentou o [&hellip;]<\/p>\n","protected":false},"author":1,"featured_media":79935,"comment_status":"open","ping_status":"closed","sticky":false,"template":"","format":"standard","meta":{"amp_status":"","footnotes":""},"categories":[6,40236],"tags":[211124,211122,211121,211125,211123,143521,38034],"class_list":["post-155271","post","type-post","status-publish","format-standard","has-post-thumbnail","hentry","category-br","category-empregos-2","tag-empregadas-temporarias","tag-estabilidade-para-gestante","tag-estabilidade-para-gestante-nao-vale-para-empregadas-temporarias","tag-lei-6-019-74","tag-trabalhadora-gestante","tag-tribunal-superior-do-trabalho","tag-tst"],"yoast_head":"<!-- This site is optimized with the Yoast SEO plugin v28.3 - https:\/\/yoast.com\/product\/yoast-seo-wordpress\/ -->\n<title>Estabilidade para gestante n\u00e3o vale para empregadas tempor\u00e1rias, decide Tribunal Superior do Trabalho - Aconteceu no Vale<\/title>\n<meta name=\"robots\" content=\"index, follow, max-snippet:-1, max-image-preview:large, max-video-preview:-1\" \/>\n<link rel=\"canonical\" href=\"https:\/\/aconteceunovale.com.br\/portal\/?p=155271\" \/>\n<meta property=\"og:locale\" content=\"pt_BR\" \/>\n<meta property=\"og:type\" content=\"article\" \/>\n<meta property=\"og:title\" content=\"Estabilidade para gestante n\u00e3o vale para empregadas tempor\u00e1rias, decide Tribunal Superior do Trabalho - Aconteceu no Vale\" \/>\n<meta property=\"og:description\" content=\"O Tribunal Superior do Trabalho (TST) decidiu que empregadas gestantes contratadas para trabalho tempor\u00e1rio n\u00e3o t\u00eam direito \u00e0 estabilidade prevista na Constitui\u00e7\u00e3o. Na sess\u00e3o de 18 de novembro, a maioria dos ministros do pleno do TST entendeu que o benef\u00edcio n\u00e3o vale para esse tipo de trabalho, regido pela Lei 6.019\/74, norma que regulamentou o [&hellip;]\" \/>\n<meta property=\"og:url\" content=\"https:\/\/aconteceunovale.com.br\/portal\/?p=155271\" \/>\n<meta property=\"og:site_name\" content=\"Aconteceu no Vale\" \/>\n<meta property=\"article:publisher\" content=\"https:\/\/www.facebook.com\/aconteceunovale\/\" \/>\n<meta property=\"article:published_time\" content=\"2019-11-25T00:19:39+00:00\" \/>\n<meta property=\"article:modified_time\" content=\"2019-11-25T00:55:36+00:00\" \/>\n<meta property=\"og:image\" content=\"https:\/\/aconteceunovale.com.br\/portal\/wp-content\/uploads\/2016\/02\/gravida_moc.jpg\" \/>\n\t<meta property=\"og:image:width\" content=\"678\" \/>\n\t<meta property=\"og:image:height\" content=\"429\" \/>\n\t<meta property=\"og:image:type\" content=\"image\/jpeg\" \/>\n<meta name=\"author\" content=\"Aconteceu no Vale\" \/>\n<meta name=\"twitter:card\" content=\"summary_large_image\" \/>\n<meta name=\"twitter:creator\" content=\"@noticiadosvales\" \/>\n<meta name=\"twitter:site\" content=\"@noticiadosvales\" \/>\n<meta name=\"twitter:label1\" content=\"Escrito por\" \/>\n\t<meta name=\"twitter:data1\" content=\"Aconteceu no Vale\" \/>\n\t<meta name=\"twitter:label2\" content=\"Est. tempo de leitura\" \/>\n\t<meta name=\"twitter:data2\" content=\"2 minutos\" \/>\n<script type=\"application\/ld+json\" class=\"yoast-schema-graph\">{\"@context\":\"https:\\\/\\\/schema.org\",\"@graph\":[{\"@type\":\"Article\",\"@id\":\"https:\\\/\\\/aconteceunovale.com.br\\\/portal\\\/?p=155271#article\",\"isPartOf\":{\"@id\":\"https:\\\/\\\/aconteceunovale.com.br\\\/portal\\\/?p=155271\"},\"author\":{\"name\":\"Aconteceu no Vale\",\"@id\":\"https:\\\/\\\/aconteceunovale.com.br\\\/portal\\\/#\\\/schema\\\/person\\\/633529146f2c94272bef50ac2953d589\"},\"headline\":\"Estabilidade para gestante n\u00e3o vale para empregadas tempor\u00e1rias, decide Tribunal Superior do Trabalho\",\"datePublished\":\"2019-11-25T00:19:39+00:00\",\"dateModified\":\"2019-11-25T00:55:36+00:00\",\"mainEntityOfPage\":{\"@id\":\"https:\\\/\\\/aconteceunovale.com.br\\\/portal\\\/?p=155271\"},\"wordCount\":494,\"commentCount\":0,\"image\":{\"@id\":\"https:\\\/\\\/aconteceunovale.com.br\\\/portal\\\/?p=155271#primaryimage\"},\"thumbnailUrl\":\"https:\\\/\\\/aconteceunovale.com.br\\\/portal\\\/wp-content\\\/uploads\\\/2016\\\/02\\\/gravida_moc.jpg\",\"keywords\":[\"Empregadas tempor\u00e1rias\",\"Estabilidade para gestante\",\"Estabilidade para gestante n\u00e3o vale para empregadas tempor\u00e1rias\",\"Lei 6.019\\\/74\",\"Trabalhadora gestante\",\"Tribunal Superior do Trabalho\",\"TST\"],\"articleSection\":[\"Brasil\",\"Empregos\"],\"inLanguage\":\"pt-BR\",\"potentialAction\":[{\"@type\":\"CommentAction\",\"name\":\"Comment\",\"target\":[\"https:\\\/\\\/aconteceunovale.com.br\\\/portal\\\/?p=155271#respond\"]}]},{\"@type\":\"WebPage\",\"@id\":\"https:\\\/\\\/aconteceunovale.com.br\\\/portal\\\/?p=155271\",\"url\":\"https:\\\/\\\/aconteceunovale.com.br\\\/portal\\\/?p=155271\",\"name\":\"Estabilidade para gestante n\u00e3o vale para empregadas tempor\u00e1rias, decide Tribunal Superior do Trabalho - Aconteceu no Vale\",\"isPartOf\":{\"@id\":\"https:\\\/\\\/aconteceunovale.com.br\\\/portal\\\/#website\"},\"primaryImageOfPage\":{\"@id\":\"https:\\\/\\\/aconteceunovale.com.br\\\/portal\\\/?p=155271#primaryimage\"},\"image\":{\"@id\":\"https:\\\/\\\/aconteceunovale.com.br\\\/portal\\\/?p=155271#primaryimage\"},\"thumbnailUrl\":\"https:\\\/\\\/aconteceunovale.com.br\\\/portal\\\/wp-content\\\/uploads\\\/2016\\\/02\\\/gravida_moc.jpg\",\"datePublished\":\"2019-11-25T00:19:39+00:00\",\"dateModified\":\"2019-11-25T00:55:36+00:00\",\"author\":{\"@id\":\"https:\\\/\\\/aconteceunovale.com.br\\\/portal\\\/#\\\/schema\\\/person\\\/633529146f2c94272bef50ac2953d589\"},\"breadcrumb\":{\"@id\":\"https:\\\/\\\/aconteceunovale.com.br\\\/portal\\\/?p=155271#breadcrumb\"},\"inLanguage\":\"pt-BR\",\"potentialAction\":[{\"@type\":\"ReadAction\",\"target\":[\"https:\\\/\\\/aconteceunovale.com.br\\\/portal\\\/?p=155271\"]}]},{\"@type\":\"ImageObject\",\"inLanguage\":\"pt-BR\",\"@id\":\"https:\\\/\\\/aconteceunovale.com.br\\\/portal\\\/?p=155271#primaryimage\",\"url\":\"https:\\\/\\\/aconteceunovale.com.br\\\/portal\\\/wp-content\\\/uploads\\\/2016\\\/02\\\/gravida_moc.jpg\",\"contentUrl\":\"https:\\\/\\\/aconteceunovale.com.br\\\/portal\\\/wp-content\\\/uploads\\\/2016\\\/02\\\/gravida_moc.jpg\",\"width\":678,\"height\":429},{\"@type\":\"BreadcrumbList\",\"@id\":\"https:\\\/\\\/aconteceunovale.com.br\\\/portal\\\/?p=155271#breadcrumb\",\"itemListElement\":[{\"@type\":\"ListItem\",\"position\":1,\"name\":\"In\u00edcio\",\"item\":\"https:\\\/\\\/aconteceunovale.com.br\\\/portal\\\/\"},{\"@type\":\"ListItem\",\"position\":2,\"name\":\"Estabilidade para gestante n\u00e3o vale para empregadas tempor\u00e1rias, decide Tribunal Superior do Trabalho\"}]},{\"@type\":\"WebSite\",\"@id\":\"https:\\\/\\\/aconteceunovale.com.br\\\/portal\\\/#website\",\"url\":\"https:\\\/\\\/aconteceunovale.com.br\\\/portal\\\/\",\"name\":\"Aconteceu no Vale\",\"description\":\"Portal de Not\u00edcias\",\"potentialAction\":[{\"@type\":\"SearchAction\",\"target\":{\"@type\":\"EntryPoint\",\"urlTemplate\":\"https:\\\/\\\/aconteceunovale.com.br\\\/portal\\\/?s={search_term_string}\"},\"query-input\":{\"@type\":\"PropertyValueSpecification\",\"valueRequired\":true,\"valueName\":\"search_term_string\"}}],\"inLanguage\":\"pt-BR\"},{\"@type\":\"Person\",\"@id\":\"https:\\\/\\\/aconteceunovale.com.br\\\/portal\\\/#\\\/schema\\\/person\\\/633529146f2c94272bef50ac2953d589\",\"name\":\"Aconteceu no Vale\",\"description\":\"Equipe de reportagem do Aconteceu no Vale, portal de not\u00edcias do Vale do Jequitinhonha, em Minas Gerais. Cobrimos as 51 cidades do Vale desde 2013. Sugest\u00f5es de pauta e pedidos de corre\u00e7\u00e3o: contato@aconteceunovale.com.br\",\"sameAs\":[\"http:\\\/\\\/www.aconteceunovale.com.br\"],\"url\":\"https:\\\/\\\/aconteceunovale.com.br\\\/portal\\\/?author=1\"}]}<\/script>\n<!-- \/ Yoast SEO plugin. -->","yoast_head_json":{"title":"Estabilidade para gestante n\u00e3o vale para empregadas tempor\u00e1rias, decide Tribunal Superior do Trabalho - Aconteceu no Vale","robots":{"index":"index","follow":"follow","max-snippet":"max-snippet:-1","max-image-preview":"max-image-preview:large","max-video-preview":"max-video-preview:-1"},"canonical":"https:\/\/aconteceunovale.com.br\/portal\/?p=155271","og_locale":"pt_BR","og_type":"article","og_title":"Estabilidade para gestante n\u00e3o vale para empregadas tempor\u00e1rias, decide Tribunal Superior do Trabalho - Aconteceu no Vale","og_description":"O Tribunal Superior do Trabalho (TST) decidiu que empregadas gestantes contratadas para trabalho tempor\u00e1rio n\u00e3o t\u00eam direito \u00e0 estabilidade prevista na Constitui\u00e7\u00e3o. Na sess\u00e3o de 18 de novembro, a maioria dos ministros do pleno do TST entendeu que o benef\u00edcio n\u00e3o vale para esse tipo de trabalho, regido pela Lei 6.019\/74, norma que regulamentou o [&hellip;]","og_url":"https:\/\/aconteceunovale.com.br\/portal\/?p=155271","og_site_name":"Aconteceu no Vale","article_publisher":"https:\/\/www.facebook.com\/aconteceunovale\/","article_published_time":"2019-11-25T00:19:39+00:00","article_modified_time":"2019-11-25T00:55:36+00:00","og_image":[{"width":678,"height":429,"url":"https:\/\/aconteceunovale.com.br\/portal\/wp-content\/uploads\/2016\/02\/gravida_moc.jpg","type":"image\/jpeg"}],"author":"Aconteceu no Vale","twitter_card":"summary_large_image","twitter_creator":"@noticiadosvales","twitter_site":"@noticiadosvales","twitter_misc":{"Escrito por":"Aconteceu no Vale","Est. tempo de leitura":"2 minutos"},"schema":{"@context":"https:\/\/schema.org","@graph":[{"@type":"Article","@id":"https:\/\/aconteceunovale.com.br\/portal\/?p=155271#article","isPartOf":{"@id":"https:\/\/aconteceunovale.com.br\/portal\/?p=155271"},"author":{"name":"Aconteceu no Vale","@id":"https:\/\/aconteceunovale.com.br\/portal\/#\/schema\/person\/633529146f2c94272bef50ac2953d589"},"headline":"Estabilidade para gestante n\u00e3o vale para empregadas tempor\u00e1rias, decide Tribunal Superior do Trabalho","datePublished":"2019-11-25T00:19:39+00:00","dateModified":"2019-11-25T00:55:36+00:00","mainEntityOfPage":{"@id":"https:\/\/aconteceunovale.com.br\/portal\/?p=155271"},"wordCount":494,"commentCount":0,"image":{"@id":"https:\/\/aconteceunovale.com.br\/portal\/?p=155271#primaryimage"},"thumbnailUrl":"https:\/\/aconteceunovale.com.br\/portal\/wp-content\/uploads\/2016\/02\/gravida_moc.jpg","keywords":["Empregadas tempor\u00e1rias","Estabilidade para gestante","Estabilidade para gestante n\u00e3o vale para empregadas tempor\u00e1rias","Lei 6.019\/74","Trabalhadora gestante","Tribunal Superior do Trabalho","TST"],"articleSection":["Brasil","Empregos"],"inLanguage":"pt-BR","potentialAction":[{"@type":"CommentAction","name":"Comment","target":["https:\/\/aconteceunovale.com.br\/portal\/?p=155271#respond"]}]},{"@type":"WebPage","@id":"https:\/\/aconteceunovale.com.br\/portal\/?p=155271","url":"https:\/\/aconteceunovale.com.br\/portal\/?p=155271","name":"Estabilidade para gestante n\u00e3o vale para empregadas tempor\u00e1rias, decide Tribunal Superior do Trabalho - Aconteceu no Vale","isPartOf":{"@id":"https:\/\/aconteceunovale.com.br\/portal\/#website"},"primaryImageOfPage":{"@id":"https:\/\/aconteceunovale.com.br\/portal\/?p=155271#primaryimage"},"image":{"@id":"https:\/\/aconteceunovale.com.br\/portal\/?p=155271#primaryimage"},"thumbnailUrl":"https:\/\/aconteceunovale.com.br\/portal\/wp-content\/uploads\/2016\/02\/gravida_moc.jpg","datePublished":"2019-11-25T00:19:39+00:00","dateModified":"2019-11-25T00:55:36+00:00","author":{"@id":"https:\/\/aconteceunovale.com.br\/portal\/#\/schema\/person\/633529146f2c94272bef50ac2953d589"},"breadcrumb":{"@id":"https:\/\/aconteceunovale.com.br\/portal\/?p=155271#breadcrumb"},"inLanguage":"pt-BR","potentialAction":[{"@type":"ReadAction","target":["https:\/\/aconteceunovale.com.br\/portal\/?p=155271"]}]},{"@type":"ImageObject","inLanguage":"pt-BR","@id":"https:\/\/aconteceunovale.com.br\/portal\/?p=155271#primaryimage","url":"https:\/\/aconteceunovale.com.br\/portal\/wp-content\/uploads\/2016\/02\/gravida_moc.jpg","contentUrl":"https:\/\/aconteceunovale.com.br\/portal\/wp-content\/uploads\/2016\/02\/gravida_moc.jpg","width":678,"height":429},{"@type":"BreadcrumbList","@id":"https:\/\/aconteceunovale.com.br\/portal\/?p=155271#breadcrumb","itemListElement":[{"@type":"ListItem","position":1,"name":"In\u00edcio","item":"https:\/\/aconteceunovale.com.br\/portal\/"},{"@type":"ListItem","position":2,"name":"Estabilidade para gestante n\u00e3o vale para empregadas tempor\u00e1rias, decide Tribunal Superior do Trabalho"}]},{"@type":"WebSite","@id":"https:\/\/aconteceunovale.com.br\/portal\/#website","url":"https:\/\/aconteceunovale.com.br\/portal\/","name":"Aconteceu no Vale","description":"Portal de Not\u00edcias","potentialAction":[{"@type":"SearchAction","target":{"@type":"EntryPoint","urlTemplate":"https:\/\/aconteceunovale.com.br\/portal\/?s={search_term_string}"},"query-input":{"@type":"PropertyValueSpecification","valueRequired":true,"valueName":"search_term_string"}}],"inLanguage":"pt-BR"},{"@type":"Person","@id":"https:\/\/aconteceunovale.com.br\/portal\/#\/schema\/person\/633529146f2c94272bef50ac2953d589","name":"Aconteceu no Vale","description":"Equipe de reportagem do Aconteceu no Vale, portal de not\u00edcias do Vale do Jequitinhonha, em Minas Gerais. Cobrimos as 51 cidades do Vale desde 2013. Sugest\u00f5es de pauta e pedidos de corre\u00e7\u00e3o: contato@aconteceunovale.com.br","sameAs":["http:\/\/www.aconteceunovale.com.br"],"url":"https:\/\/aconteceunovale.com.br\/portal\/?author=1"}]}},"_links":{"self":[{"href":"https:\/\/aconteceunovale.com.br\/portal\/index.php?rest_route=\/wp\/v2\/posts\/155271","targetHints":{"allow":["GET"]}}],"collection":[{"href":"https:\/\/aconteceunovale.com.br\/portal\/index.php?rest_route=\/wp\/v2\/posts"}],"about":[{"href":"https:\/\/aconteceunovale.com.br\/portal\/index.php?rest_route=\/wp\/v2\/types\/post"}],"author":[{"embeddable":true,"href":"https:\/\/aconteceunovale.com.br\/portal\/index.php?rest_route=\/wp\/v2\/users\/1"}],"replies":[{"embeddable":true,"href":"https:\/\/aconteceunovale.com.br\/portal\/index.php?rest_route=%2Fwp%2Fv2%2Fcomments&post=155271"}],"version-history":[{"count":1,"href":"https:\/\/aconteceunovale.com.br\/portal\/index.php?rest_route=\/wp\/v2\/posts\/155271\/revisions"}],"predecessor-version":[{"id":155272,"href":"https:\/\/aconteceunovale.com.br\/portal\/index.php?rest_route=\/wp\/v2\/posts\/155271\/revisions\/155272"}],"wp:featuredmedia":[{"embeddable":true,"href":"https:\/\/aconteceunovale.com.br\/portal\/index.php?rest_route=\/wp\/v2\/media\/79935"}],"wp:attachment":[{"href":"https:\/\/aconteceunovale.com.br\/portal\/index.php?rest_route=%2Fwp%2Fv2%2Fmedia&parent=155271"}],"wp:term":[{"taxonomy":"category","embeddable":true,"href":"https:\/\/aconteceunovale.com.br\/portal\/index.php?rest_route=%2Fwp%2Fv2%2Fcategories&post=155271"},{"taxonomy":"post_tag","embeddable":true,"href":"https:\/\/aconteceunovale.com.br\/portal\/index.php?rest_route=%2Fwp%2Fv2%2Ftags&post=155271"}],"curies":[{"name":"wp","href":"https:\/\/api.w.org\/{rel}","templated":true}]}}