{"id":155117,"date":"2019-11-21T19:30:36","date_gmt":"2019-11-21T22:30:36","guid":{"rendered":"http:\/\/aconteceunovale.com.br\/portal\/?p=155117"},"modified":"2019-11-21T19:31:32","modified_gmt":"2019-11-21T22:31:32","slug":"cartao-de-todos-incentiva-arrecadacao-de-brinquedos-no-vale-do-aco","status":"publish","type":"post","link":"https:\/\/aconteceunovale.com.br\/portal\/?p=155117","title":{"rendered":"Cart\u00e3o de TODOS incentiva arrecada\u00e7\u00e3o de brinquedos no Vale do A\u00e7o"},"content":{"rendered":"\n<p class=\"wp-block-paragraph\">Pelo quarto ano consecutivo, o Cart\u00e3o de TODOS \u2013 l\u00edder no mercado brasileiro de cart\u00f5es de desconto nas \u00e1reas de sa\u00fade, educa\u00e7\u00e3o e lazer \u2013 promove a campanha&nbsp;<em>Natal Solid\u00e1rio<\/em>, cujo objetivo \u00e9 arrecadar brinquedos para serem doados a crian\u00e7as de institui\u00e7\u00f5es carentes de todo o Pa\u00eds.<\/p>\n\n\n\n<p class=\"wp-block-paragraph\">A iniciativa, idealizada por Mara Vilar, vice-presidente social do Cart\u00e3o de TODOS, refor\u00e7a a import\u00e2ncia da ades\u00e3o popular, de empresas e comunidades da regi\u00e3o em prol dos menos favorecidos. \u201cAcreditamos que o pouco de cada um pode fazer muito por todos\u201d, diz Mara.<\/p>\n\n\n\n<p class=\"wp-block-paragraph\">Neste ano, a a\u00e7\u00e3o apresenta uma novidade: comerciantes e donos de estabelecimentos comerciais podem transformar o seu neg\u00f3cio em um ponto de arrecada\u00e7\u00e3o da campanha. \u201cNossa inten\u00e7\u00e3o, com essa iniciativa, \u00e9 ampliarmos a corrente do bem que vem trazendo alegria para milhares de crian\u00e7as nos \u00faltimos Natais\u201d, revela Mara Vilar, vice-presidente social da companhia.<\/p>\n\n\n\n<p class=\"wp-block-paragraph\">Os brinquedos arrecadados em Ipatinga (MG) ser\u00e3o doados para institui\u00e7\u00f5es da regi\u00e3o, fazendo a alegria das crian\u00e7as do Vale do A\u00e7o.<\/p>\n\n\n\n<p class=\"wp-block-paragraph\">No Brasil, os n\u00fameros da campanha&nbsp;<em>Natal Solid\u00e1rio<\/em>&nbsp;mostram que filiados, franqueados e comunidade est\u00e3o, ano a ano, mais empenhados em atingir as metas de arrecada\u00e7\u00e3o. De 2015 para c\u00e1, o volume de itens arrecadados cresceu cerca de 400%, batendo a casa dos 28 mil brinquedos doados em todas as unidades do Cart\u00e3o de TODOS&nbsp;em 2018. \u201c\u00c9 com a certeza desse crescimento que esperamos, para 2019, dobrar o n\u00famero em rela\u00e7\u00e3o ao ano passado. Com o incentivo de novos pontos de arrecada\u00e7\u00e3o, podemos transformar este sonho em realidade!\u201d, afirma Mara. Para ela, a a\u00e7\u00e3o refor\u00e7a o compromisso da empresa com a responsabilidade social. \u201cVer uma crian\u00e7a feliz \u00e9 o maior presente que gostar\u00edamos de receber neste Natal\u201d, declara a vice-presidente social do Cart\u00e3o de TODOS.<\/p>\n\n\n\n<p class=\"wp-block-paragraph\"><strong>Participar \u00e9 muito f\u00e1cil!<br><\/strong>Os interessados em se tornar um ponto de arrecada\u00e7\u00e3o podem preencher o formul\u00e1rio disponibilizado pela empresa no site\u00a0<a rel=\"noreferrer noopener\" href=\"https:\/\/natal.cartaodetodos.com.br\/\" target=\"_blank\">https:\/\/natal.cartaodetodos.com.br\/<\/a>. J\u00e1 quem quiser fazer doa\u00e7\u00f5es, pode procurar a unidades do Cart\u00e3o de TODOS em Ipatinga ou a cl\u00ednica AmorSa\u00fade, nos endere\u00e7os:<\/p>\n\n\n\n<p class=\"wp-block-paragraph\">Cart\u00e3o de TODOS:&nbsp;Avenida Gerasa, 1867 | Beth\u00e2nia | Ipatinga<\/p>\n\n\n\n<p class=\"wp-block-paragraph\">Cl\u00ednica AmorSa\u00fade:&nbsp;Rua Ester, 1662 | Beth\u00e2nia | Ipatinga<\/p>\n\n\n\n<p class=\"wp-block-paragraph\"><strong>As doa\u00e7\u00f5es ser\u00e3o recebidas at\u00e9 o dia 4 de dezembro.\u00a0<\/strong><\/p>\n\n\n\n<figure class=\"wp-block-image size-large\"><img loading=\"lazy\" decoding=\"async\" width=\"600\" height=\"450\" src=\"http:\/\/aconteceunovale.com.br\/portal\/wp-content\/uploads\/2019\/11\/cartao_de_todos_natal.jpeg\" alt=\"\" class=\"wp-image-155118\" srcset=\"https:\/\/aconteceunovale.com.br\/portal\/wp-content\/uploads\/2019\/11\/cartao_de_todos_natal.jpeg 600w, https:\/\/aconteceunovale.com.br\/portal\/wp-content\/uploads\/2019\/11\/cartao_de_todos_natal-300x225.jpeg 300w, https:\/\/aconteceunovale.com.br\/portal\/wp-content\/uploads\/2019\/11\/cartao_de_todos_natal-80x60.jpeg 80w, https:\/\/aconteceunovale.com.br\/portal\/wp-content\/uploads\/2019\/11\/cartao_de_todos_natal-265x198.jpeg 265w, https:\/\/aconteceunovale.com.br\/portal\/wp-content\/uploads\/2019\/11\/cartao_de_todos_natal-560x420.jpeg 560w\" sizes=\"auto, (max-width: 600px) 100vw, 600px\" \/><figcaption><em>Foto: Divulga\u00e7\u00e3o \/ Cart\u00e3o de TODOS<\/em><\/figcaption><\/figure>\n\n\n\n<p class=\"has-text-color has-background has-very-light-gray-color has-very-dark-gray-background-color wp-block-paragraph\"><strong>VER PRIMEIRO: <\/strong>Receba as not\u00edcias do Aconteceu no Vale em primeira m\u00e3o. Clique em curtir no endere\u00e7o <a rel=\"noreferrer noopener\" href=\"https:\/\/www.facebook.com\/aconteceunovale\" target=\"_blank\">www.facebook.com\/aconteceunovale<\/a>.<\/p>\n","protected":false},"excerpt":{"rendered":"<p>Pelo quarto ano consecutivo, o Cart\u00e3o de TODOS \u2013 l\u00edder no mercado brasileiro de cart\u00f5es de desconto nas \u00e1reas de sa\u00fade, educa\u00e7\u00e3o e lazer \u2013 promove a campanha&nbsp;Natal Solid\u00e1rio, cujo objetivo \u00e9 arrecadar brinquedos para serem doados a crian\u00e7as de institui\u00e7\u00f5es carentes de todo o Pa\u00eds. A iniciativa, idealizada por Mara Vilar, vice-presidente social do [&hellip;]<\/p>\n","protected":false},"author":1,"featured_media":155118,"comment_status":"open","ping_status":"closed","sticky":false,"template":"","format":"standard","meta":{"amp_status":"","footnotes":""},"categories":[121],"tags":[210892,210888,210889,210893,210895,210887,201,210894,210890,210891],"class_list":["post-155117","post","type-post","status-publish","format-standard","has-post-thumbnail","hentry","category-leste","tag-acao-solidaria-cartao-de-todos","tag-arrecadacao-de-brinquedos-cartao-de-todos","tag-cartao-de-todos","tag-cartao-de-todos-incentiva-arrecadacao-de-brinquedos-em-ipatinga","tag-cartao-de-todos-incentiva-arrecadacao-de-brinquedos-no-vale-do-aco","tag-cartao-de-todos-vale-do-aco","tag-ipatinga","tag-mara-vilar","tag-natal-cartao-de-todos","tag-natal-solidario-cartao-de-todos"],"yoast_head":"<!-- This site is optimized with the Yoast SEO plugin v28.3 - https:\/\/yoast.com\/product\/yoast-seo-wordpress\/ -->\n<title>Cart\u00e3o de TODOS incentiva arrecada\u00e7\u00e3o de brinquedos no Vale do A\u00e7o - Aconteceu no Vale<\/title>\n<meta name=\"robots\" content=\"index, follow, max-snippet:-1, max-image-preview:large, max-video-preview:-1\" \/>\n<link rel=\"canonical\" href=\"https:\/\/aconteceunovale.com.br\/portal\/?p=155117\" \/>\n<meta property=\"og:locale\" content=\"pt_BR\" \/>\n<meta property=\"og:type\" content=\"article\" \/>\n<meta property=\"og:title\" content=\"Cart\u00e3o de TODOS incentiva arrecada\u00e7\u00e3o de brinquedos no Vale do A\u00e7o - Aconteceu no Vale\" \/>\n<meta property=\"og:description\" content=\"Pelo quarto ano consecutivo, o Cart\u00e3o de TODOS \u2013 l\u00edder no mercado brasileiro de cart\u00f5es de desconto nas \u00e1reas de sa\u00fade, educa\u00e7\u00e3o e lazer \u2013 promove a campanha&nbsp;Natal Solid\u00e1rio, cujo objetivo \u00e9 arrecadar brinquedos para serem doados a crian\u00e7as de institui\u00e7\u00f5es carentes de todo o Pa\u00eds. A iniciativa, idealizada por Mara Vilar, vice-presidente social do [&hellip;]\" \/>\n<meta property=\"og:url\" content=\"https:\/\/aconteceunovale.com.br\/portal\/?p=155117\" \/>\n<meta property=\"og:site_name\" content=\"Aconteceu no Vale\" \/>\n<meta property=\"article:publisher\" content=\"https:\/\/www.facebook.com\/aconteceunovale\/\" \/>\n<meta property=\"article:published_time\" content=\"2019-11-21T22:30:36+00:00\" \/>\n<meta property=\"article:modified_time\" content=\"2019-11-21T22:31:32+00:00\" \/>\n<meta property=\"og:image\" content=\"https:\/\/aconteceunovale.com.br\/portal\/wp-content\/uploads\/2019\/11\/cartao_de_todos_natal.jpeg\" \/>\n\t<meta property=\"og:image:width\" content=\"600\" \/>\n\t<meta property=\"og:image:height\" content=\"450\" \/>\n\t<meta property=\"og:image:type\" content=\"image\/jpeg\" \/>\n<meta name=\"author\" content=\"Aconteceu no Vale\" \/>\n<meta name=\"twitter:card\" content=\"summary_large_image\" \/>\n<meta name=\"twitter:creator\" content=\"@noticiadosvales\" \/>\n<meta name=\"twitter:site\" content=\"@noticiadosvales\" \/>\n<meta name=\"twitter:label1\" content=\"Escrito por\" \/>\n\t<meta name=\"twitter:data1\" content=\"Aconteceu no Vale\" \/>\n\t<meta name=\"twitter:label2\" content=\"Est. tempo de leitura\" \/>\n\t<meta name=\"twitter:data2\" content=\"2 minutos\" \/>\n<script type=\"application\/ld+json\" class=\"yoast-schema-graph\">{\"@context\":\"https:\\\/\\\/schema.org\",\"@graph\":[{\"@type\":\"Article\",\"@id\":\"https:\\\/\\\/aconteceunovale.com.br\\\/portal\\\/?p=155117#article\",\"isPartOf\":{\"@id\":\"https:\\\/\\\/aconteceunovale.com.br\\\/portal\\\/?p=155117\"},\"author\":{\"name\":\"Aconteceu no Vale\",\"@id\":\"https:\\\/\\\/aconteceunovale.com.br\\\/portal\\\/#\\\/schema\\\/person\\\/633529146f2c94272bef50ac2953d589\"},\"headline\":\"Cart\u00e3o de TODOS incentiva arrecada\u00e7\u00e3o de brinquedos no Vale do A\u00e7o\",\"datePublished\":\"2019-11-21T22:30:36+00:00\",\"dateModified\":\"2019-11-21T22:31:32+00:00\",\"mainEntityOfPage\":{\"@id\":\"https:\\\/\\\/aconteceunovale.com.br\\\/portal\\\/?p=155117\"},\"wordCount\":452,\"commentCount\":0,\"image\":{\"@id\":\"https:\\\/\\\/aconteceunovale.com.br\\\/portal\\\/?p=155117#primaryimage\"},\"thumbnailUrl\":\"https:\\\/\\\/aconteceunovale.com.br\\\/portal\\\/wp-content\\\/uploads\\\/2019\\\/11\\\/cartao_de_todos_natal.jpeg\",\"keywords\":[\"A\u00e7\u00e3o solid\u00e1ria Cart\u00e3o de TODOS\",\"Arrecada\u00e7\u00e3o de brinquedos Cart\u00e3o de TODOS\",\"Cart\u00e3o de TODOS\",\"Cart\u00e3o de TODOS incentiva arrecada\u00e7\u00e3o de brinquedos em Ipatinga\",\"Cart\u00e3o de TODOS incentiva arrecada\u00e7\u00e3o de brinquedos no Vale do A\u00e7o\",\"Cart\u00e3o de TODOS Vale do A\u00e7o\",\"Ipatinga\",\"Mara Vilar\",\"Natal Cart\u00e3o de TODOS\",\"Natal Solid\u00e1rio Cart\u00e3o de TODOS\"],\"articleSection\":[\"Leste de Minas\"],\"inLanguage\":\"pt-BR\",\"potentialAction\":[{\"@type\":\"CommentAction\",\"name\":\"Comment\",\"target\":[\"https:\\\/\\\/aconteceunovale.com.br\\\/portal\\\/?p=155117#respond\"]}]},{\"@type\":\"WebPage\",\"@id\":\"https:\\\/\\\/aconteceunovale.com.br\\\/portal\\\/?p=155117\",\"url\":\"https:\\\/\\\/aconteceunovale.com.br\\\/portal\\\/?p=155117\",\"name\":\"Cart\u00e3o de TODOS incentiva arrecada\u00e7\u00e3o de brinquedos no Vale do A\u00e7o - Aconteceu no Vale\",\"isPartOf\":{\"@id\":\"https:\\\/\\\/aconteceunovale.com.br\\\/portal\\\/#website\"},\"primaryImageOfPage\":{\"@id\":\"https:\\\/\\\/aconteceunovale.com.br\\\/portal\\\/?p=155117#primaryimage\"},\"image\":{\"@id\":\"https:\\\/\\\/aconteceunovale.com.br\\\/portal\\\/?p=155117#primaryimage\"},\"thumbnailUrl\":\"https:\\\/\\\/aconteceunovale.com.br\\\/portal\\\/wp-content\\\/uploads\\\/2019\\\/11\\\/cartao_de_todos_natal.jpeg\",\"datePublished\":\"2019-11-21T22:30:36+00:00\",\"dateModified\":\"2019-11-21T22:31:32+00:00\",\"author\":{\"@id\":\"https:\\\/\\\/aconteceunovale.com.br\\\/portal\\\/#\\\/schema\\\/person\\\/633529146f2c94272bef50ac2953d589\"},\"breadcrumb\":{\"@id\":\"https:\\\/\\\/aconteceunovale.com.br\\\/portal\\\/?p=155117#breadcrumb\"},\"inLanguage\":\"pt-BR\",\"potentialAction\":[{\"@type\":\"ReadAction\",\"target\":[\"https:\\\/\\\/aconteceunovale.com.br\\\/portal\\\/?p=155117\"]}]},{\"@type\":\"ImageObject\",\"inLanguage\":\"pt-BR\",\"@id\":\"https:\\\/\\\/aconteceunovale.com.br\\\/portal\\\/?p=155117#primaryimage\",\"url\":\"https:\\\/\\\/aconteceunovale.com.br\\\/portal\\\/wp-content\\\/uploads\\\/2019\\\/11\\\/cartao_de_todos_natal.jpeg\",\"contentUrl\":\"https:\\\/\\\/aconteceunovale.com.br\\\/portal\\\/wp-content\\\/uploads\\\/2019\\\/11\\\/cartao_de_todos_natal.jpeg\",\"width\":600,\"height\":450},{\"@type\":\"BreadcrumbList\",\"@id\":\"https:\\\/\\\/aconteceunovale.com.br\\\/portal\\\/?p=155117#breadcrumb\",\"itemListElement\":[{\"@type\":\"ListItem\",\"position\":1,\"name\":\"In\u00edcio\",\"item\":\"https:\\\/\\\/aconteceunovale.com.br\\\/portal\\\/\"},{\"@type\":\"ListItem\",\"position\":2,\"name\":\"Cart\u00e3o de TODOS incentiva arrecada\u00e7\u00e3o de brinquedos no Vale do A\u00e7o\"}]},{\"@type\":\"WebSite\",\"@id\":\"https:\\\/\\\/aconteceunovale.com.br\\\/portal\\\/#website\",\"url\":\"https:\\\/\\\/aconteceunovale.com.br\\\/portal\\\/\",\"name\":\"Aconteceu no Vale\",\"description\":\"Portal de Not\u00edcias\",\"potentialAction\":[{\"@type\":\"SearchAction\",\"target\":{\"@type\":\"EntryPoint\",\"urlTemplate\":\"https:\\\/\\\/aconteceunovale.com.br\\\/portal\\\/?s={search_term_string}\"},\"query-input\":{\"@type\":\"PropertyValueSpecification\",\"valueRequired\":true,\"valueName\":\"search_term_string\"}}],\"inLanguage\":\"pt-BR\"},{\"@type\":\"Person\",\"@id\":\"https:\\\/\\\/aconteceunovale.com.br\\\/portal\\\/#\\\/schema\\\/person\\\/633529146f2c94272bef50ac2953d589\",\"name\":\"Aconteceu no Vale\",\"description\":\"Equipe de reportagem do Aconteceu no Vale, portal de not\u00edcias do Vale do Jequitinhonha, em Minas Gerais. Cobrimos as 51 cidades do Vale desde 2013. Sugest\u00f5es de pauta e pedidos de corre\u00e7\u00e3o: contato@aconteceunovale.com.br\",\"sameAs\":[\"http:\\\/\\\/www.aconteceunovale.com.br\"],\"url\":\"https:\\\/\\\/aconteceunovale.com.br\\\/portal\\\/?author=1\"}]}<\/script>\n<!-- \/ Yoast SEO plugin. -->","yoast_head_json":{"title":"Cart\u00e3o de TODOS incentiva arrecada\u00e7\u00e3o de brinquedos no Vale do A\u00e7o - Aconteceu no Vale","robots":{"index":"index","follow":"follow","max-snippet":"max-snippet:-1","max-image-preview":"max-image-preview:large","max-video-preview":"max-video-preview:-1"},"canonical":"https:\/\/aconteceunovale.com.br\/portal\/?p=155117","og_locale":"pt_BR","og_type":"article","og_title":"Cart\u00e3o de TODOS incentiva arrecada\u00e7\u00e3o de brinquedos no Vale do A\u00e7o - Aconteceu no Vale","og_description":"Pelo quarto ano consecutivo, o Cart\u00e3o de TODOS \u2013 l\u00edder no mercado brasileiro de cart\u00f5es de desconto nas \u00e1reas de sa\u00fade, educa\u00e7\u00e3o e lazer \u2013 promove a campanha&nbsp;Natal Solid\u00e1rio, cujo objetivo \u00e9 arrecadar brinquedos para serem doados a crian\u00e7as de institui\u00e7\u00f5es carentes de todo o Pa\u00eds. A iniciativa, idealizada por Mara Vilar, vice-presidente social do [&hellip;]","og_url":"https:\/\/aconteceunovale.com.br\/portal\/?p=155117","og_site_name":"Aconteceu no Vale","article_publisher":"https:\/\/www.facebook.com\/aconteceunovale\/","article_published_time":"2019-11-21T22:30:36+00:00","article_modified_time":"2019-11-21T22:31:32+00:00","og_image":[{"width":600,"height":450,"url":"https:\/\/aconteceunovale.com.br\/portal\/wp-content\/uploads\/2019\/11\/cartao_de_todos_natal.jpeg","type":"image\/jpeg"}],"author":"Aconteceu no Vale","twitter_card":"summary_large_image","twitter_creator":"@noticiadosvales","twitter_site":"@noticiadosvales","twitter_misc":{"Escrito por":"Aconteceu no Vale","Est. tempo de leitura":"2 minutos"},"schema":{"@context":"https:\/\/schema.org","@graph":[{"@type":"Article","@id":"https:\/\/aconteceunovale.com.br\/portal\/?p=155117#article","isPartOf":{"@id":"https:\/\/aconteceunovale.com.br\/portal\/?p=155117"},"author":{"name":"Aconteceu no Vale","@id":"https:\/\/aconteceunovale.com.br\/portal\/#\/schema\/person\/633529146f2c94272bef50ac2953d589"},"headline":"Cart\u00e3o de TODOS incentiva arrecada\u00e7\u00e3o de brinquedos no Vale do A\u00e7o","datePublished":"2019-11-21T22:30:36+00:00","dateModified":"2019-11-21T22:31:32+00:00","mainEntityOfPage":{"@id":"https:\/\/aconteceunovale.com.br\/portal\/?p=155117"},"wordCount":452,"commentCount":0,"image":{"@id":"https:\/\/aconteceunovale.com.br\/portal\/?p=155117#primaryimage"},"thumbnailUrl":"https:\/\/aconteceunovale.com.br\/portal\/wp-content\/uploads\/2019\/11\/cartao_de_todos_natal.jpeg","keywords":["A\u00e7\u00e3o solid\u00e1ria Cart\u00e3o de TODOS","Arrecada\u00e7\u00e3o de brinquedos Cart\u00e3o de TODOS","Cart\u00e3o de TODOS","Cart\u00e3o de TODOS incentiva arrecada\u00e7\u00e3o de brinquedos em Ipatinga","Cart\u00e3o de TODOS incentiva arrecada\u00e7\u00e3o de brinquedos no Vale do A\u00e7o","Cart\u00e3o de TODOS Vale do A\u00e7o","Ipatinga","Mara Vilar","Natal Cart\u00e3o de TODOS","Natal Solid\u00e1rio Cart\u00e3o de TODOS"],"articleSection":["Leste de Minas"],"inLanguage":"pt-BR","potentialAction":[{"@type":"CommentAction","name":"Comment","target":["https:\/\/aconteceunovale.com.br\/portal\/?p=155117#respond"]}]},{"@type":"WebPage","@id":"https:\/\/aconteceunovale.com.br\/portal\/?p=155117","url":"https:\/\/aconteceunovale.com.br\/portal\/?p=155117","name":"Cart\u00e3o de TODOS incentiva arrecada\u00e7\u00e3o de brinquedos no Vale do A\u00e7o - Aconteceu no Vale","isPartOf":{"@id":"https:\/\/aconteceunovale.com.br\/portal\/#website"},"primaryImageOfPage":{"@id":"https:\/\/aconteceunovale.com.br\/portal\/?p=155117#primaryimage"},"image":{"@id":"https:\/\/aconteceunovale.com.br\/portal\/?p=155117#primaryimage"},"thumbnailUrl":"https:\/\/aconteceunovale.com.br\/portal\/wp-content\/uploads\/2019\/11\/cartao_de_todos_natal.jpeg","datePublished":"2019-11-21T22:30:36+00:00","dateModified":"2019-11-21T22:31:32+00:00","author":{"@id":"https:\/\/aconteceunovale.com.br\/portal\/#\/schema\/person\/633529146f2c94272bef50ac2953d589"},"breadcrumb":{"@id":"https:\/\/aconteceunovale.com.br\/portal\/?p=155117#breadcrumb"},"inLanguage":"pt-BR","potentialAction":[{"@type":"ReadAction","target":["https:\/\/aconteceunovale.com.br\/portal\/?p=155117"]}]},{"@type":"ImageObject","inLanguage":"pt-BR","@id":"https:\/\/aconteceunovale.com.br\/portal\/?p=155117#primaryimage","url":"https:\/\/aconteceunovale.com.br\/portal\/wp-content\/uploads\/2019\/11\/cartao_de_todos_natal.jpeg","contentUrl":"https:\/\/aconteceunovale.com.br\/portal\/wp-content\/uploads\/2019\/11\/cartao_de_todos_natal.jpeg","width":600,"height":450},{"@type":"BreadcrumbList","@id":"https:\/\/aconteceunovale.com.br\/portal\/?p=155117#breadcrumb","itemListElement":[{"@type":"ListItem","position":1,"name":"In\u00edcio","item":"https:\/\/aconteceunovale.com.br\/portal\/"},{"@type":"ListItem","position":2,"name":"Cart\u00e3o de TODOS incentiva arrecada\u00e7\u00e3o de brinquedos no Vale do A\u00e7o"}]},{"@type":"WebSite","@id":"https:\/\/aconteceunovale.com.br\/portal\/#website","url":"https:\/\/aconteceunovale.com.br\/portal\/","name":"Aconteceu no Vale","description":"Portal de Not\u00edcias","potentialAction":[{"@type":"SearchAction","target":{"@type":"EntryPoint","urlTemplate":"https:\/\/aconteceunovale.com.br\/portal\/?s={search_term_string}"},"query-input":{"@type":"PropertyValueSpecification","valueRequired":true,"valueName":"search_term_string"}}],"inLanguage":"pt-BR"},{"@type":"Person","@id":"https:\/\/aconteceunovale.com.br\/portal\/#\/schema\/person\/633529146f2c94272bef50ac2953d589","name":"Aconteceu no Vale","description":"Equipe de reportagem do Aconteceu no Vale, portal de not\u00edcias do Vale do Jequitinhonha, em Minas Gerais. Cobrimos as 51 cidades do Vale desde 2013. Sugest\u00f5es de pauta e pedidos de corre\u00e7\u00e3o: contato@aconteceunovale.com.br","sameAs":["http:\/\/www.aconteceunovale.com.br"],"url":"https:\/\/aconteceunovale.com.br\/portal\/?author=1"}]}},"_links":{"self":[{"href":"https:\/\/aconteceunovale.com.br\/portal\/index.php?rest_route=\/wp\/v2\/posts\/155117","targetHints":{"allow":["GET"]}}],"collection":[{"href":"https:\/\/aconteceunovale.com.br\/portal\/index.php?rest_route=\/wp\/v2\/posts"}],"about":[{"href":"https:\/\/aconteceunovale.com.br\/portal\/index.php?rest_route=\/wp\/v2\/types\/post"}],"author":[{"embeddable":true,"href":"https:\/\/aconteceunovale.com.br\/portal\/index.php?rest_route=\/wp\/v2\/users\/1"}],"replies":[{"embeddable":true,"href":"https:\/\/aconteceunovale.com.br\/portal\/index.php?rest_route=%2Fwp%2Fv2%2Fcomments&post=155117"}],"version-history":[{"count":1,"href":"https:\/\/aconteceunovale.com.br\/portal\/index.php?rest_route=\/wp\/v2\/posts\/155117\/revisions"}],"predecessor-version":[{"id":155119,"href":"https:\/\/aconteceunovale.com.br\/portal\/index.php?rest_route=\/wp\/v2\/posts\/155117\/revisions\/155119"}],"wp:featuredmedia":[{"embeddable":true,"href":"https:\/\/aconteceunovale.com.br\/portal\/index.php?rest_route=\/wp\/v2\/media\/155118"}],"wp:attachment":[{"href":"https:\/\/aconteceunovale.com.br\/portal\/index.php?rest_route=%2Fwp%2Fv2%2Fmedia&parent=155117"}],"wp:term":[{"taxonomy":"category","embeddable":true,"href":"https:\/\/aconteceunovale.com.br\/portal\/index.php?rest_route=%2Fwp%2Fv2%2Fcategories&post=155117"},{"taxonomy":"post_tag","embeddable":true,"href":"https:\/\/aconteceunovale.com.br\/portal\/index.php?rest_route=%2Fwp%2Fv2%2Ftags&post=155117"}],"curies":[{"name":"wp","href":"https:\/\/api.w.org\/{rel}","templated":true}]}}