{"id":155112,"date":"2019-11-21T19:15:23","date_gmt":"2019-11-21T22:15:23","guid":{"rendered":"http:\/\/aconteceunovale.com.br\/portal\/?p=155112"},"modified":"2019-11-21T19:16:53","modified_gmt":"2019-11-21T22:16:53","slug":"plataforma-digital-traz-melhorias-ao-transito-de-governador-valadares","status":"publish","type":"post","link":"https:\/\/aconteceunovale.com.br\/portal\/?p=155112","title":{"rendered":"Plataforma digital traz melhorias ao tr\u00e2nsito de Governador Valadares"},"content":{"rendered":"\n<p class=\"wp-block-paragraph\">O novo sistema de estacionamento rotativo de Governador Valadares, conhecido como Nova Zona Azul, completou um ano de funcionamento. Desde a sua implanta\u00e7\u00e3o, o sistema facilitou o uso e a fiscaliza\u00e7\u00e3o do servi\u00e7o, atrav\u00e9s de uma plataforma digital, que trouxe diversos benef\u00edcios para motoristas e comerciantes do munic\u00edpio. Atualmente, o servi\u00e7o abrange importantes vias da cidade como as ruas Bar\u00e3o do Rio Branco, Sete de Setembro, Rua B\u00e1rbara Heliodora.<\/p>\n\n\n\n<p class=\"wp-block-paragraph\">A proposta do estacionamento rotativo em Governador Valadares \u00e9 democratizar o uso das vagas de estacionamento das vias p\u00fablicas da cidade. Ao utilizar o aplicativo Nova Zona Azul Valadares, disponibilizado para download, gratuitamente, para Android ou iOS, o motorista consegue economizar e ganhar tempo para estacionar em quase 3.000 vagas disponibilizadas.<\/p>\n\n\n\n<p class=\"wp-block-paragraph\">Rapidez e praticidade no pagamento s\u00e3o algumas das vantagens dispon\u00edveis aos usu\u00e1rios do servi\u00e7o, que podem realizar o pagamento com cart\u00e3o de cr\u00e9dito ou d\u00e9bito direto no aplicativo da Nova Zona Azul Valadares; e tamb\u00e9m por meio do cart\u00e3o pr\u00e9-pago, no qual ser\u00e3o creditados valores de R$ 20 e R$ 50 em um cart\u00e3o adquirido nos estabelecimentos credenciados; e ainda pela forma tradicional de pagamento, com o cart\u00e3o de estacionamento da Zona Azul que est\u00e1 dispon\u00edvel em 171 pontos de venda distribu\u00eddos na \u00e1rea de abrang\u00eancia no Centro da cidade.<\/p>\n\n\n\n<p class=\"wp-block-paragraph\">Um dos principais benef\u00edcios do uso do aplicativo Nova Zona Azul Valadares \u00e9 o pagamento fracionado do uso das vagas. Como determinado em lei, a hora cheia do estacionamento rotativo custa R$ 2,20 na cidade. Se o motorista que paga pelo servi\u00e7o pelo app ficar meia hora parado, o custo \u00e9 de apenas R$ 1,10, por exemplo. No caso do cart\u00e3o tradicional, mesmo que o motorista fique menos de 1 hora na vaga, o custo \u00e9 de R$ 2,20.<\/p>\n\n\n\n<p class=\"wp-block-paragraph\"><strong>Servi\u00e7o<\/strong><\/p>\n\n\n\n<p class=\"wp-block-paragraph\">Para o com\u00e9rcio, a Nova Zona Azul tem se revelado uma medida eficiente para facilitar o acesso dos consumidores aos estabelecimentos comerciais e prestadores de servi\u00e7o. A rotatividade do estacionamento funciona em hor\u00e1rio comercial, de segunda a sexta-feira, das 9h \u00e0s 19h e, aos s\u00e1bados, das 9h \u00e0s 13h. O tempo m\u00e1ximo de perman\u00eancia em uma vaga s\u00e3o de duas horas, permitindo assim, que outro condutor tenha acesso ao mesmo espa\u00e7o. <\/p>\n\n\n\n<p class=\"has-text-color has-background has-very-light-gray-color has-very-dark-gray-background-color wp-block-paragraph\"><strong>VER PRIMEIRO: <\/strong>Receba as not\u00edcias do Aconteceu no Vale em primeira m\u00e3o. Clique em curtir no endere\u00e7o <a rel=\"noreferrer noopener\" href=\"https:\/\/www.facebook.com\/aconteceunovale\" target=\"_blank\">www.facebook.com\/aconteceunovale<\/a>.<\/p>\n","protected":false},"excerpt":{"rendered":"<p>O novo sistema de estacionamento rotativo de Governador Valadares, conhecido como Nova Zona Azul, completou um ano de funcionamento. Desde a sua implanta\u00e7\u00e3o, o sistema facilitou o uso e a fiscaliza\u00e7\u00e3o do servi\u00e7o, atrav\u00e9s de uma plataforma digital, que trouxe diversos benef\u00edcios para motoristas e comerciantes do munic\u00edpio. Atualmente, o servi\u00e7o abrange importantes vias da [&hellip;]<\/p>\n","protected":false},"author":1,"featured_media":149726,"comment_status":"open","ping_status":"closed","sticky":false,"template":"","format":"standard","meta":{"amp_status":"","footnotes":""},"categories":[121],"tags":[210879,247,203770,210880,210881,63938],"class_list":["post-155112","post","type-post","status-publish","format-standard","has-post-thumbnail","hentry","category-leste","tag-estacionamento-rotativo-de-governador-valadares","tag-governador-valadares","tag-nova-zona-azul-de-governador-valadares","tag-novo-sistema-de-estacionamento-rotativo-de-governador-valadares","tag-plataforma-digital-traz-melhorias-ao-transito-de-governador-valadares","tag-zona-azul-de-governador-valadares"],"yoast_head":"<!-- This site is optimized with the Yoast SEO plugin v28.3 - https:\/\/yoast.com\/product\/yoast-seo-wordpress\/ -->\n<title>Plataforma digital traz melhorias ao tr\u00e2nsito de Governador Valadares - Aconteceu no Vale<\/title>\n<meta name=\"robots\" content=\"index, follow, max-snippet:-1, max-image-preview:large, max-video-preview:-1\" \/>\n<link rel=\"canonical\" href=\"https:\/\/aconteceunovale.com.br\/portal\/?p=155112\" \/>\n<meta property=\"og:locale\" content=\"pt_BR\" \/>\n<meta property=\"og:type\" content=\"article\" \/>\n<meta property=\"og:title\" content=\"Plataforma digital traz melhorias ao tr\u00e2nsito de Governador Valadares - Aconteceu no Vale\" \/>\n<meta property=\"og:description\" content=\"O novo sistema de estacionamento rotativo de Governador Valadares, conhecido como Nova Zona Azul, completou um ano de funcionamento. Desde a sua implanta\u00e7\u00e3o, o sistema facilitou o uso e a fiscaliza\u00e7\u00e3o do servi\u00e7o, atrav\u00e9s de uma plataforma digital, que trouxe diversos benef\u00edcios para motoristas e comerciantes do munic\u00edpio. Atualmente, o servi\u00e7o abrange importantes vias da [&hellip;]\" \/>\n<meta property=\"og:url\" content=\"https:\/\/aconteceunovale.com.br\/portal\/?p=155112\" \/>\n<meta property=\"og:site_name\" content=\"Aconteceu no Vale\" \/>\n<meta property=\"article:publisher\" content=\"https:\/\/www.facebook.com\/aconteceunovale\/\" \/>\n<meta property=\"article:published_time\" content=\"2019-11-21T22:15:23+00:00\" \/>\n<meta property=\"article:modified_time\" content=\"2019-11-21T22:16:53+00:00\" \/>\n<meta property=\"og:image\" content=\"https:\/\/aconteceunovale.com.br\/portal\/wp-content\/uploads\/2019\/07\/zona_azul_gv.jpg\" \/>\n\t<meta property=\"og:image:width\" content=\"674\" \/>\n\t<meta property=\"og:image:height\" content=\"450\" \/>\n\t<meta property=\"og:image:type\" content=\"image\/jpeg\" \/>\n<meta name=\"author\" content=\"Aconteceu no Vale\" \/>\n<meta name=\"twitter:card\" content=\"summary_large_image\" \/>\n<meta name=\"twitter:creator\" content=\"@noticiadosvales\" \/>\n<meta name=\"twitter:site\" content=\"@noticiadosvales\" \/>\n<meta name=\"twitter:label1\" content=\"Escrito por\" \/>\n\t<meta name=\"twitter:data1\" content=\"Aconteceu no Vale\" \/>\n\t<meta name=\"twitter:label2\" content=\"Est. tempo de leitura\" \/>\n\t<meta name=\"twitter:data2\" content=\"2 minutos\" \/>\n<script type=\"application\/ld+json\" class=\"yoast-schema-graph\">{\"@context\":\"https:\\\/\\\/schema.org\",\"@graph\":[{\"@type\":\"Article\",\"@id\":\"https:\\\/\\\/aconteceunovale.com.br\\\/portal\\\/?p=155112#article\",\"isPartOf\":{\"@id\":\"https:\\\/\\\/aconteceunovale.com.br\\\/portal\\\/?p=155112\"},\"author\":{\"name\":\"Aconteceu no Vale\",\"@id\":\"https:\\\/\\\/aconteceunovale.com.br\\\/portal\\\/#\\\/schema\\\/person\\\/633529146f2c94272bef50ac2953d589\"},\"headline\":\"Plataforma digital traz melhorias ao tr\u00e2nsito de Governador Valadares\",\"datePublished\":\"2019-11-21T22:15:23+00:00\",\"dateModified\":\"2019-11-21T22:16:53+00:00\",\"mainEntityOfPage\":{\"@id\":\"https:\\\/\\\/aconteceunovale.com.br\\\/portal\\\/?p=155112\"},\"wordCount\":421,\"commentCount\":0,\"image\":{\"@id\":\"https:\\\/\\\/aconteceunovale.com.br\\\/portal\\\/?p=155112#primaryimage\"},\"thumbnailUrl\":\"https:\\\/\\\/aconteceunovale.com.br\\\/portal\\\/wp-content\\\/uploads\\\/2019\\\/07\\\/zona_azul_gv.jpg\",\"keywords\":[\"Estacionamento rotativo de Governador Valadares\",\"Governador Valadares\",\"Nova Zona Azul de Governador Valadares\",\"Novo sistema de estacionamento rotativo de Governador Valadares\",\"Plataforma digital traz melhorias ao tr\u00e2nsito de Governador Valadares\",\"Zona Azul de Governador Valadares\"],\"articleSection\":[\"Leste de Minas\"],\"inLanguage\":\"pt-BR\",\"potentialAction\":[{\"@type\":\"CommentAction\",\"name\":\"Comment\",\"target\":[\"https:\\\/\\\/aconteceunovale.com.br\\\/portal\\\/?p=155112#respond\"]}]},{\"@type\":\"WebPage\",\"@id\":\"https:\\\/\\\/aconteceunovale.com.br\\\/portal\\\/?p=155112\",\"url\":\"https:\\\/\\\/aconteceunovale.com.br\\\/portal\\\/?p=155112\",\"name\":\"Plataforma digital traz melhorias ao tr\u00e2nsito de Governador Valadares - Aconteceu no Vale\",\"isPartOf\":{\"@id\":\"https:\\\/\\\/aconteceunovale.com.br\\\/portal\\\/#website\"},\"primaryImageOfPage\":{\"@id\":\"https:\\\/\\\/aconteceunovale.com.br\\\/portal\\\/?p=155112#primaryimage\"},\"image\":{\"@id\":\"https:\\\/\\\/aconteceunovale.com.br\\\/portal\\\/?p=155112#primaryimage\"},\"thumbnailUrl\":\"https:\\\/\\\/aconteceunovale.com.br\\\/portal\\\/wp-content\\\/uploads\\\/2019\\\/07\\\/zona_azul_gv.jpg\",\"datePublished\":\"2019-11-21T22:15:23+00:00\",\"dateModified\":\"2019-11-21T22:16:53+00:00\",\"author\":{\"@id\":\"https:\\\/\\\/aconteceunovale.com.br\\\/portal\\\/#\\\/schema\\\/person\\\/633529146f2c94272bef50ac2953d589\"},\"breadcrumb\":{\"@id\":\"https:\\\/\\\/aconteceunovale.com.br\\\/portal\\\/?p=155112#breadcrumb\"},\"inLanguage\":\"pt-BR\",\"potentialAction\":[{\"@type\":\"ReadAction\",\"target\":[\"https:\\\/\\\/aconteceunovale.com.br\\\/portal\\\/?p=155112\"]}]},{\"@type\":\"ImageObject\",\"inLanguage\":\"pt-BR\",\"@id\":\"https:\\\/\\\/aconteceunovale.com.br\\\/portal\\\/?p=155112#primaryimage\",\"url\":\"https:\\\/\\\/aconteceunovale.com.br\\\/portal\\\/wp-content\\\/uploads\\\/2019\\\/07\\\/zona_azul_gv.jpg\",\"contentUrl\":\"https:\\\/\\\/aconteceunovale.com.br\\\/portal\\\/wp-content\\\/uploads\\\/2019\\\/07\\\/zona_azul_gv.jpg\",\"width\":674,\"height\":450},{\"@type\":\"BreadcrumbList\",\"@id\":\"https:\\\/\\\/aconteceunovale.com.br\\\/portal\\\/?p=155112#breadcrumb\",\"itemListElement\":[{\"@type\":\"ListItem\",\"position\":1,\"name\":\"In\u00edcio\",\"item\":\"https:\\\/\\\/aconteceunovale.com.br\\\/portal\\\/\"},{\"@type\":\"ListItem\",\"position\":2,\"name\":\"Plataforma digital traz melhorias ao tr\u00e2nsito de Governador Valadares\"}]},{\"@type\":\"WebSite\",\"@id\":\"https:\\\/\\\/aconteceunovale.com.br\\\/portal\\\/#website\",\"url\":\"https:\\\/\\\/aconteceunovale.com.br\\\/portal\\\/\",\"name\":\"Aconteceu no Vale\",\"description\":\"Portal de Not\u00edcias\",\"potentialAction\":[{\"@type\":\"SearchAction\",\"target\":{\"@type\":\"EntryPoint\",\"urlTemplate\":\"https:\\\/\\\/aconteceunovale.com.br\\\/portal\\\/?s={search_term_string}\"},\"query-input\":{\"@type\":\"PropertyValueSpecification\",\"valueRequired\":true,\"valueName\":\"search_term_string\"}}],\"inLanguage\":\"pt-BR\"},{\"@type\":\"Person\",\"@id\":\"https:\\\/\\\/aconteceunovale.com.br\\\/portal\\\/#\\\/schema\\\/person\\\/633529146f2c94272bef50ac2953d589\",\"name\":\"Aconteceu no Vale\",\"description\":\"Equipe de reportagem do Aconteceu no Vale, portal de not\u00edcias do Vale do Jequitinhonha, em Minas Gerais. Cobrimos as 51 cidades do Vale desde 2013. Sugest\u00f5es de pauta e pedidos de corre\u00e7\u00e3o: contato@aconteceunovale.com.br\",\"sameAs\":[\"http:\\\/\\\/www.aconteceunovale.com.br\"],\"url\":\"https:\\\/\\\/aconteceunovale.com.br\\\/portal\\\/?author=1\"}]}<\/script>\n<!-- \/ Yoast SEO plugin. -->","yoast_head_json":{"title":"Plataforma digital traz melhorias ao tr\u00e2nsito de Governador Valadares - Aconteceu no Vale","robots":{"index":"index","follow":"follow","max-snippet":"max-snippet:-1","max-image-preview":"max-image-preview:large","max-video-preview":"max-video-preview:-1"},"canonical":"https:\/\/aconteceunovale.com.br\/portal\/?p=155112","og_locale":"pt_BR","og_type":"article","og_title":"Plataforma digital traz melhorias ao tr\u00e2nsito de Governador Valadares - Aconteceu no Vale","og_description":"O novo sistema de estacionamento rotativo de Governador Valadares, conhecido como Nova Zona Azul, completou um ano de funcionamento. Desde a sua implanta\u00e7\u00e3o, o sistema facilitou o uso e a fiscaliza\u00e7\u00e3o do servi\u00e7o, atrav\u00e9s de uma plataforma digital, que trouxe diversos benef\u00edcios para motoristas e comerciantes do munic\u00edpio. Atualmente, o servi\u00e7o abrange importantes vias da [&hellip;]","og_url":"https:\/\/aconteceunovale.com.br\/portal\/?p=155112","og_site_name":"Aconteceu no Vale","article_publisher":"https:\/\/www.facebook.com\/aconteceunovale\/","article_published_time":"2019-11-21T22:15:23+00:00","article_modified_time":"2019-11-21T22:16:53+00:00","og_image":[{"width":674,"height":450,"url":"https:\/\/aconteceunovale.com.br\/portal\/wp-content\/uploads\/2019\/07\/zona_azul_gv.jpg","type":"image\/jpeg"}],"author":"Aconteceu no Vale","twitter_card":"summary_large_image","twitter_creator":"@noticiadosvales","twitter_site":"@noticiadosvales","twitter_misc":{"Escrito por":"Aconteceu no Vale","Est. tempo de leitura":"2 minutos"},"schema":{"@context":"https:\/\/schema.org","@graph":[{"@type":"Article","@id":"https:\/\/aconteceunovale.com.br\/portal\/?p=155112#article","isPartOf":{"@id":"https:\/\/aconteceunovale.com.br\/portal\/?p=155112"},"author":{"name":"Aconteceu no Vale","@id":"https:\/\/aconteceunovale.com.br\/portal\/#\/schema\/person\/633529146f2c94272bef50ac2953d589"},"headline":"Plataforma digital traz melhorias ao tr\u00e2nsito de Governador Valadares","datePublished":"2019-11-21T22:15:23+00:00","dateModified":"2019-11-21T22:16:53+00:00","mainEntityOfPage":{"@id":"https:\/\/aconteceunovale.com.br\/portal\/?p=155112"},"wordCount":421,"commentCount":0,"image":{"@id":"https:\/\/aconteceunovale.com.br\/portal\/?p=155112#primaryimage"},"thumbnailUrl":"https:\/\/aconteceunovale.com.br\/portal\/wp-content\/uploads\/2019\/07\/zona_azul_gv.jpg","keywords":["Estacionamento rotativo de Governador Valadares","Governador Valadares","Nova Zona Azul de Governador Valadares","Novo sistema de estacionamento rotativo de Governador Valadares","Plataforma digital traz melhorias ao tr\u00e2nsito de Governador Valadares","Zona Azul de Governador Valadares"],"articleSection":["Leste de Minas"],"inLanguage":"pt-BR","potentialAction":[{"@type":"CommentAction","name":"Comment","target":["https:\/\/aconteceunovale.com.br\/portal\/?p=155112#respond"]}]},{"@type":"WebPage","@id":"https:\/\/aconteceunovale.com.br\/portal\/?p=155112","url":"https:\/\/aconteceunovale.com.br\/portal\/?p=155112","name":"Plataforma digital traz melhorias ao tr\u00e2nsito de Governador Valadares - Aconteceu no Vale","isPartOf":{"@id":"https:\/\/aconteceunovale.com.br\/portal\/#website"},"primaryImageOfPage":{"@id":"https:\/\/aconteceunovale.com.br\/portal\/?p=155112#primaryimage"},"image":{"@id":"https:\/\/aconteceunovale.com.br\/portal\/?p=155112#primaryimage"},"thumbnailUrl":"https:\/\/aconteceunovale.com.br\/portal\/wp-content\/uploads\/2019\/07\/zona_azul_gv.jpg","datePublished":"2019-11-21T22:15:23+00:00","dateModified":"2019-11-21T22:16:53+00:00","author":{"@id":"https:\/\/aconteceunovale.com.br\/portal\/#\/schema\/person\/633529146f2c94272bef50ac2953d589"},"breadcrumb":{"@id":"https:\/\/aconteceunovale.com.br\/portal\/?p=155112#breadcrumb"},"inLanguage":"pt-BR","potentialAction":[{"@type":"ReadAction","target":["https:\/\/aconteceunovale.com.br\/portal\/?p=155112"]}]},{"@type":"ImageObject","inLanguage":"pt-BR","@id":"https:\/\/aconteceunovale.com.br\/portal\/?p=155112#primaryimage","url":"https:\/\/aconteceunovale.com.br\/portal\/wp-content\/uploads\/2019\/07\/zona_azul_gv.jpg","contentUrl":"https:\/\/aconteceunovale.com.br\/portal\/wp-content\/uploads\/2019\/07\/zona_azul_gv.jpg","width":674,"height":450},{"@type":"BreadcrumbList","@id":"https:\/\/aconteceunovale.com.br\/portal\/?p=155112#breadcrumb","itemListElement":[{"@type":"ListItem","position":1,"name":"In\u00edcio","item":"https:\/\/aconteceunovale.com.br\/portal\/"},{"@type":"ListItem","position":2,"name":"Plataforma digital traz melhorias ao tr\u00e2nsito de Governador Valadares"}]},{"@type":"WebSite","@id":"https:\/\/aconteceunovale.com.br\/portal\/#website","url":"https:\/\/aconteceunovale.com.br\/portal\/","name":"Aconteceu no Vale","description":"Portal de Not\u00edcias","potentialAction":[{"@type":"SearchAction","target":{"@type":"EntryPoint","urlTemplate":"https:\/\/aconteceunovale.com.br\/portal\/?s={search_term_string}"},"query-input":{"@type":"PropertyValueSpecification","valueRequired":true,"valueName":"search_term_string"}}],"inLanguage":"pt-BR"},{"@type":"Person","@id":"https:\/\/aconteceunovale.com.br\/portal\/#\/schema\/person\/633529146f2c94272bef50ac2953d589","name":"Aconteceu no Vale","description":"Equipe de reportagem do Aconteceu no Vale, portal de not\u00edcias do Vale do Jequitinhonha, em Minas Gerais. Cobrimos as 51 cidades do Vale desde 2013. Sugest\u00f5es de pauta e pedidos de corre\u00e7\u00e3o: contato@aconteceunovale.com.br","sameAs":["http:\/\/www.aconteceunovale.com.br"],"url":"https:\/\/aconteceunovale.com.br\/portal\/?author=1"}]}},"_links":{"self":[{"href":"https:\/\/aconteceunovale.com.br\/portal\/index.php?rest_route=\/wp\/v2\/posts\/155112","targetHints":{"allow":["GET"]}}],"collection":[{"href":"https:\/\/aconteceunovale.com.br\/portal\/index.php?rest_route=\/wp\/v2\/posts"}],"about":[{"href":"https:\/\/aconteceunovale.com.br\/portal\/index.php?rest_route=\/wp\/v2\/types\/post"}],"author":[{"embeddable":true,"href":"https:\/\/aconteceunovale.com.br\/portal\/index.php?rest_route=\/wp\/v2\/users\/1"}],"replies":[{"embeddable":true,"href":"https:\/\/aconteceunovale.com.br\/portal\/index.php?rest_route=%2Fwp%2Fv2%2Fcomments&post=155112"}],"version-history":[{"count":1,"href":"https:\/\/aconteceunovale.com.br\/portal\/index.php?rest_route=\/wp\/v2\/posts\/155112\/revisions"}],"predecessor-version":[{"id":155113,"href":"https:\/\/aconteceunovale.com.br\/portal\/index.php?rest_route=\/wp\/v2\/posts\/155112\/revisions\/155113"}],"wp:featuredmedia":[{"embeddable":true,"href":"https:\/\/aconteceunovale.com.br\/portal\/index.php?rest_route=\/wp\/v2\/media\/149726"}],"wp:attachment":[{"href":"https:\/\/aconteceunovale.com.br\/portal\/index.php?rest_route=%2Fwp%2Fv2%2Fmedia&parent=155112"}],"wp:term":[{"taxonomy":"category","embeddable":true,"href":"https:\/\/aconteceunovale.com.br\/portal\/index.php?rest_route=%2Fwp%2Fv2%2Fcategories&post=155112"},{"taxonomy":"post_tag","embeddable":true,"href":"https:\/\/aconteceunovale.com.br\/portal\/index.php?rest_route=%2Fwp%2Fv2%2Ftags&post=155112"}],"curies":[{"name":"wp","href":"https:\/\/api.w.org\/{rel}","templated":true}]}}