{"id":155100,"date":"2019-11-21T13:18:04","date_gmt":"2019-11-21T16:18:04","guid":{"rendered":"http:\/\/aconteceunovale.com.br\/portal\/?p=155100"},"modified":"2019-11-21T13:19:30","modified_gmt":"2019-11-21T16:19:30","slug":"trabalhador-detido-e-acusado-de-furtar-equipamento-escondido-pelo-patrao-em-pirapora-sera-indenizado","status":"publish","type":"post","link":"https:\/\/aconteceunovale.com.br\/portal\/?p=155100","title":{"rendered":"Trabalhador detido e acusado de furtar equipamento escondido pelo patr\u00e3o em Pirapora ser\u00e1 indenizado"},"content":{"rendered":"\n<p class=\"wp-block-paragraph\">O juiz Bruno Occhi, da Vara do Trabalho de Pirapora, condenou uma empresa da \u00e1rea de reflorestamento ambiental daquela regi\u00e3o ao pagamento de R$ 10 mil de indeniza\u00e7\u00e3o por danos morais a um trabalhador que foi detido sob a acusa\u00e7\u00e3o de ter roubado maquin\u00e1rio utilizado para presta\u00e7\u00e3o do servi\u00e7o. Provas colhidas confirmaram que os equipamentos n\u00e3o foram furtados, mas escondidos a pedido do patr\u00e3o para impedir que o locador os encontrasse.<\/p>\n\n\n\n<p class=\"wp-block-paragraph\">A empresa de reflorestamento explicou no processo trabalhista que as m\u00e1quinas seriam alugadas. E que foi o propriet\u00e1rio locador que alegou, indevidamente, que todo o equipamento havia sido furtado.<\/p>\n\n\n\n<p class=\"wp-block-paragraph\">Segundo o representante da empresa de reflorestamento, o locador avisou que queria retirar o maquin\u00e1rio do local onde o servi\u00e7o estava sendo prestado. E, como o aluguel j\u00e1 estava pago, foi dada a ordem ao trabalhador para esconder os equipamentos na mata.<\/p>\n\n\n\n<p class=\"wp-block-paragraph\">O propriet\u00e1rio, ent\u00e3o, registrou um boletim de ocorr\u00eancia, resultando na pris\u00e3o dos empregados, que ficaram detidos at\u00e9 informarem \u00e0 autoridade policial a localiza\u00e7\u00e3o do material. De acordo com o profissional, ele foi levado para a delegacia, com os demais colegas de trabalho, no dia 29 de outubro de 2018, onde permaneceu detido por 24 horas sob a acusa\u00e7\u00e3o de furto.<\/p>\n\n\n\n<p class=\"wp-block-paragraph\">Segundo o juiz Bruno Occhi, ficou provada a irregularidade no procedimento do patr\u00e3o, que pediu ao reclamante da a\u00e7\u00e3o para esconder o equipamento utilizado, visando a impedir que o propriet\u00e1rio o encontrasse. O magistrado ressaltou que, apesar de ter contratado um advogado para representar os trabalhadores, o propriet\u00e1rio da empresa n\u00e3o compareceu perante a autoridade policial para esclarecer o ocorrido e, assim, isentar seus empregados de qualquer tipo de acusa\u00e7\u00e3o.<\/p>\n\n\n\n<p class=\"wp-block-paragraph\">Para o juiz, a empresa agiu de forma omissiva ao n\u00e3o tomar nenhuma provid\u00eancia para coibir a situa\u00e7\u00e3o enfrentada pelo trabalhador, que acabou sendo privado de sua liberdade. Por isso, condenou a empresa ao pagamento da indeniza\u00e7\u00e3o por danos morais no valor de R$ 10 mil. Para a estipula\u00e7\u00e3o do valor indenizat\u00f3rio, ele observou os seguintes par\u00e2metros: gravidade e dura\u00e7\u00e3o das les\u00f5es, condi\u00e7\u00e3o socioecon\u00f4mica dos ofensores, car\u00e1ter pedag\u00f3gico da repara\u00e7\u00e3o por preju\u00edzos extra patrimoniais e, ainda, o princ\u00edpio da razoabilidade. H\u00e1, nesse caso, recurso pendente de julgamento no TRT-MG.<\/p>\n\n\n\n<p class=\"has-text-color has-background has-very-light-gray-color has-very-dark-gray-background-color wp-block-paragraph\"><strong>VER PRIMEIRO: <\/strong>Receba as not\u00edcias do Aconteceu no Vale em primeira m\u00e3o. Clique em curtir no endere\u00e7o <a rel=\"noreferrer noopener\" href=\"https:\/\/www.facebook.com\/aconteceunovale\" target=\"_blank\">www.facebook.com\/aconteceunovale<\/a>.<\/p>\n","protected":false},"excerpt":{"rendered":"<p>O juiz Bruno Occhi, da Vara do Trabalho de Pirapora, condenou uma empresa da \u00e1rea de reflorestamento ambiental daquela regi\u00e3o ao pagamento de R$ 10 mil de indeniza\u00e7\u00e3o por danos morais a um trabalhador que foi detido sob a acusa\u00e7\u00e3o de ter roubado maquin\u00e1rio utilizado para presta\u00e7\u00e3o do servi\u00e7o. Provas colhidas confirmaram que os equipamentos [&hellip;]<\/p>\n","protected":false},"author":1,"featured_media":153854,"comment_status":"open","ping_status":"closed","sticky":false,"template":"","format":"standard","meta":{"amp_status":"","footnotes":""},"categories":[1236],"tags":[210853,254,210852,210854,63697,206291],"class_list":["post-155100","post","type-post","status-publish","format-standard","has-post-thumbnail","hentry","category-norte_de_minas","tag-juiz-bruno-occhi","tag-pirapora","tag-trabalhador-detido-e-acusado-de-furtar-equipamento-escondido-pelo-patrao-em-pirapora-sera-indenizado","tag-trabalhador-detido-em-pirapora","tag-trt-mg","tag-vara-do-trabalho-de-pirapora"],"yoast_head":"<!-- This site is optimized with the Yoast SEO plugin v28.3 - https:\/\/yoast.com\/product\/yoast-seo-wordpress\/ -->\n<title>Trabalhador detido e acusado de furtar equipamento escondido pelo patr\u00e3o em Pirapora ser\u00e1 indenizado - Aconteceu no Vale<\/title>\n<meta name=\"robots\" content=\"index, follow, max-snippet:-1, max-image-preview:large, max-video-preview:-1\" \/>\n<link rel=\"canonical\" href=\"https:\/\/aconteceunovale.com.br\/portal\/?p=155100\" \/>\n<meta property=\"og:locale\" content=\"pt_BR\" \/>\n<meta property=\"og:type\" content=\"article\" \/>\n<meta property=\"og:title\" content=\"Trabalhador detido e acusado de furtar equipamento escondido pelo patr\u00e3o em Pirapora ser\u00e1 indenizado - Aconteceu no Vale\" \/>\n<meta property=\"og:description\" content=\"O juiz Bruno Occhi, da Vara do Trabalho de Pirapora, condenou uma empresa da \u00e1rea de reflorestamento ambiental daquela regi\u00e3o ao pagamento de R$ 10 mil de indeniza\u00e7\u00e3o por danos morais a um trabalhador que foi detido sob a acusa\u00e7\u00e3o de ter roubado maquin\u00e1rio utilizado para presta\u00e7\u00e3o do servi\u00e7o. Provas colhidas confirmaram que os equipamentos [&hellip;]\" \/>\n<meta property=\"og:url\" content=\"https:\/\/aconteceunovale.com.br\/portal\/?p=155100\" \/>\n<meta property=\"og:site_name\" content=\"Aconteceu no Vale\" \/>\n<meta property=\"article:publisher\" content=\"https:\/\/www.facebook.com\/aconteceunovale\/\" \/>\n<meta property=\"article:published_time\" content=\"2019-11-21T16:18:04+00:00\" \/>\n<meta property=\"article:modified_time\" content=\"2019-11-21T16:19:30+00:00\" \/>\n<meta property=\"og:image\" content=\"https:\/\/aconteceunovale.com.br\/portal\/wp-content\/uploads\/2019\/10\/dinheiro.png\" \/>\n\t<meta property=\"og:image:width\" content=\"678\" \/>\n\t<meta property=\"og:image:height\" content=\"427\" \/>\n\t<meta property=\"og:image:type\" content=\"image\/png\" \/>\n<meta name=\"author\" content=\"Aconteceu no Vale\" \/>\n<meta name=\"twitter:card\" content=\"summary_large_image\" \/>\n<meta name=\"twitter:creator\" content=\"@noticiadosvales\" \/>\n<meta name=\"twitter:site\" content=\"@noticiadosvales\" \/>\n<meta name=\"twitter:label1\" content=\"Escrito por\" \/>\n\t<meta name=\"twitter:data1\" content=\"Aconteceu no Vale\" \/>\n\t<meta name=\"twitter:label2\" content=\"Est. tempo de leitura\" \/>\n\t<meta name=\"twitter:data2\" content=\"2 minutos\" \/>\n<script type=\"application\/ld+json\" class=\"yoast-schema-graph\">{\"@context\":\"https:\\\/\\\/schema.org\",\"@graph\":[{\"@type\":\"Article\",\"@id\":\"https:\\\/\\\/aconteceunovale.com.br\\\/portal\\\/?p=155100#article\",\"isPartOf\":{\"@id\":\"https:\\\/\\\/aconteceunovale.com.br\\\/portal\\\/?p=155100\"},\"author\":{\"name\":\"Aconteceu no Vale\",\"@id\":\"https:\\\/\\\/aconteceunovale.com.br\\\/portal\\\/#\\\/schema\\\/person\\\/633529146f2c94272bef50ac2953d589\"},\"headline\":\"Trabalhador detido e acusado de furtar equipamento escondido pelo patr\u00e3o em Pirapora ser\u00e1 indenizado\",\"datePublished\":\"2019-11-21T16:18:04+00:00\",\"dateModified\":\"2019-11-21T16:19:30+00:00\",\"mainEntityOfPage\":{\"@id\":\"https:\\\/\\\/aconteceunovale.com.br\\\/portal\\\/?p=155100\"},\"wordCount\":434,\"commentCount\":0,\"image\":{\"@id\":\"https:\\\/\\\/aconteceunovale.com.br\\\/portal\\\/?p=155100#primaryimage\"},\"thumbnailUrl\":\"https:\\\/\\\/aconteceunovale.com.br\\\/portal\\\/wp-content\\\/uploads\\\/2019\\\/10\\\/dinheiro.png\",\"keywords\":[\"Juiz Bruno Occhi\",\"Pirapora\",\"Trabalhador detido e acusado de furtar equipamento escondido pelo patr\u00e3o em Pirapora ser\u00e1 indenizado\",\"Trabalhador detido em Pirapora\",\"TRT-MG\",\"Vara do Trabalho de Pirapora\"],\"articleSection\":[\"Norte de Minas\"],\"inLanguage\":\"pt-BR\",\"potentialAction\":[{\"@type\":\"CommentAction\",\"name\":\"Comment\",\"target\":[\"https:\\\/\\\/aconteceunovale.com.br\\\/portal\\\/?p=155100#respond\"]}]},{\"@type\":\"WebPage\",\"@id\":\"https:\\\/\\\/aconteceunovale.com.br\\\/portal\\\/?p=155100\",\"url\":\"https:\\\/\\\/aconteceunovale.com.br\\\/portal\\\/?p=155100\",\"name\":\"Trabalhador detido e acusado de furtar equipamento escondido pelo patr\u00e3o em Pirapora ser\u00e1 indenizado - Aconteceu no Vale\",\"isPartOf\":{\"@id\":\"https:\\\/\\\/aconteceunovale.com.br\\\/portal\\\/#website\"},\"primaryImageOfPage\":{\"@id\":\"https:\\\/\\\/aconteceunovale.com.br\\\/portal\\\/?p=155100#primaryimage\"},\"image\":{\"@id\":\"https:\\\/\\\/aconteceunovale.com.br\\\/portal\\\/?p=155100#primaryimage\"},\"thumbnailUrl\":\"https:\\\/\\\/aconteceunovale.com.br\\\/portal\\\/wp-content\\\/uploads\\\/2019\\\/10\\\/dinheiro.png\",\"datePublished\":\"2019-11-21T16:18:04+00:00\",\"dateModified\":\"2019-11-21T16:19:30+00:00\",\"author\":{\"@id\":\"https:\\\/\\\/aconteceunovale.com.br\\\/portal\\\/#\\\/schema\\\/person\\\/633529146f2c94272bef50ac2953d589\"},\"breadcrumb\":{\"@id\":\"https:\\\/\\\/aconteceunovale.com.br\\\/portal\\\/?p=155100#breadcrumb\"},\"inLanguage\":\"pt-BR\",\"potentialAction\":[{\"@type\":\"ReadAction\",\"target\":[\"https:\\\/\\\/aconteceunovale.com.br\\\/portal\\\/?p=155100\"]}]},{\"@type\":\"ImageObject\",\"inLanguage\":\"pt-BR\",\"@id\":\"https:\\\/\\\/aconteceunovale.com.br\\\/portal\\\/?p=155100#primaryimage\",\"url\":\"https:\\\/\\\/aconteceunovale.com.br\\\/portal\\\/wp-content\\\/uploads\\\/2019\\\/10\\\/dinheiro.png\",\"contentUrl\":\"https:\\\/\\\/aconteceunovale.com.br\\\/portal\\\/wp-content\\\/uploads\\\/2019\\\/10\\\/dinheiro.png\",\"width\":678,\"height\":427},{\"@type\":\"BreadcrumbList\",\"@id\":\"https:\\\/\\\/aconteceunovale.com.br\\\/portal\\\/?p=155100#breadcrumb\",\"itemListElement\":[{\"@type\":\"ListItem\",\"position\":1,\"name\":\"In\u00edcio\",\"item\":\"https:\\\/\\\/aconteceunovale.com.br\\\/portal\\\/\"},{\"@type\":\"ListItem\",\"position\":2,\"name\":\"Trabalhador detido e acusado de furtar equipamento escondido pelo patr\u00e3o em Pirapora ser\u00e1 indenizado\"}]},{\"@type\":\"WebSite\",\"@id\":\"https:\\\/\\\/aconteceunovale.com.br\\\/portal\\\/#website\",\"url\":\"https:\\\/\\\/aconteceunovale.com.br\\\/portal\\\/\",\"name\":\"Aconteceu no Vale\",\"description\":\"Portal de Not\u00edcias\",\"potentialAction\":[{\"@type\":\"SearchAction\",\"target\":{\"@type\":\"EntryPoint\",\"urlTemplate\":\"https:\\\/\\\/aconteceunovale.com.br\\\/portal\\\/?s={search_term_string}\"},\"query-input\":{\"@type\":\"PropertyValueSpecification\",\"valueRequired\":true,\"valueName\":\"search_term_string\"}}],\"inLanguage\":\"pt-BR\"},{\"@type\":\"Person\",\"@id\":\"https:\\\/\\\/aconteceunovale.com.br\\\/portal\\\/#\\\/schema\\\/person\\\/633529146f2c94272bef50ac2953d589\",\"name\":\"Aconteceu no Vale\",\"description\":\"Equipe de reportagem do Aconteceu no Vale, portal de not\u00edcias do Vale do Jequitinhonha, em Minas Gerais. Cobrimos as 51 cidades do Vale desde 2013. Sugest\u00f5es de pauta e pedidos de corre\u00e7\u00e3o: contato@aconteceunovale.com.br\",\"sameAs\":[\"http:\\\/\\\/www.aconteceunovale.com.br\"],\"url\":\"https:\\\/\\\/aconteceunovale.com.br\\\/portal\\\/?author=1\"}]}<\/script>\n<!-- \/ Yoast SEO plugin. -->","yoast_head_json":{"title":"Trabalhador detido e acusado de furtar equipamento escondido pelo patr\u00e3o em Pirapora ser\u00e1 indenizado - Aconteceu no Vale","robots":{"index":"index","follow":"follow","max-snippet":"max-snippet:-1","max-image-preview":"max-image-preview:large","max-video-preview":"max-video-preview:-1"},"canonical":"https:\/\/aconteceunovale.com.br\/portal\/?p=155100","og_locale":"pt_BR","og_type":"article","og_title":"Trabalhador detido e acusado de furtar equipamento escondido pelo patr\u00e3o em Pirapora ser\u00e1 indenizado - Aconteceu no Vale","og_description":"O juiz Bruno Occhi, da Vara do Trabalho de Pirapora, condenou uma empresa da \u00e1rea de reflorestamento ambiental daquela regi\u00e3o ao pagamento de R$ 10 mil de indeniza\u00e7\u00e3o por danos morais a um trabalhador que foi detido sob a acusa\u00e7\u00e3o de ter roubado maquin\u00e1rio utilizado para presta\u00e7\u00e3o do servi\u00e7o. Provas colhidas confirmaram que os equipamentos [&hellip;]","og_url":"https:\/\/aconteceunovale.com.br\/portal\/?p=155100","og_site_name":"Aconteceu no Vale","article_publisher":"https:\/\/www.facebook.com\/aconteceunovale\/","article_published_time":"2019-11-21T16:18:04+00:00","article_modified_time":"2019-11-21T16:19:30+00:00","og_image":[{"width":678,"height":427,"url":"https:\/\/aconteceunovale.com.br\/portal\/wp-content\/uploads\/2019\/10\/dinheiro.png","type":"image\/png"}],"author":"Aconteceu no Vale","twitter_card":"summary_large_image","twitter_creator":"@noticiadosvales","twitter_site":"@noticiadosvales","twitter_misc":{"Escrito por":"Aconteceu no Vale","Est. tempo de leitura":"2 minutos"},"schema":{"@context":"https:\/\/schema.org","@graph":[{"@type":"Article","@id":"https:\/\/aconteceunovale.com.br\/portal\/?p=155100#article","isPartOf":{"@id":"https:\/\/aconteceunovale.com.br\/portal\/?p=155100"},"author":{"name":"Aconteceu no Vale","@id":"https:\/\/aconteceunovale.com.br\/portal\/#\/schema\/person\/633529146f2c94272bef50ac2953d589"},"headline":"Trabalhador detido e acusado de furtar equipamento escondido pelo patr\u00e3o em Pirapora ser\u00e1 indenizado","datePublished":"2019-11-21T16:18:04+00:00","dateModified":"2019-11-21T16:19:30+00:00","mainEntityOfPage":{"@id":"https:\/\/aconteceunovale.com.br\/portal\/?p=155100"},"wordCount":434,"commentCount":0,"image":{"@id":"https:\/\/aconteceunovale.com.br\/portal\/?p=155100#primaryimage"},"thumbnailUrl":"https:\/\/aconteceunovale.com.br\/portal\/wp-content\/uploads\/2019\/10\/dinheiro.png","keywords":["Juiz Bruno Occhi","Pirapora","Trabalhador detido e acusado de furtar equipamento escondido pelo patr\u00e3o em Pirapora ser\u00e1 indenizado","Trabalhador detido em Pirapora","TRT-MG","Vara do Trabalho de Pirapora"],"articleSection":["Norte de Minas"],"inLanguage":"pt-BR","potentialAction":[{"@type":"CommentAction","name":"Comment","target":["https:\/\/aconteceunovale.com.br\/portal\/?p=155100#respond"]}]},{"@type":"WebPage","@id":"https:\/\/aconteceunovale.com.br\/portal\/?p=155100","url":"https:\/\/aconteceunovale.com.br\/portal\/?p=155100","name":"Trabalhador detido e acusado de furtar equipamento escondido pelo patr\u00e3o em Pirapora ser\u00e1 indenizado - Aconteceu no Vale","isPartOf":{"@id":"https:\/\/aconteceunovale.com.br\/portal\/#website"},"primaryImageOfPage":{"@id":"https:\/\/aconteceunovale.com.br\/portal\/?p=155100#primaryimage"},"image":{"@id":"https:\/\/aconteceunovale.com.br\/portal\/?p=155100#primaryimage"},"thumbnailUrl":"https:\/\/aconteceunovale.com.br\/portal\/wp-content\/uploads\/2019\/10\/dinheiro.png","datePublished":"2019-11-21T16:18:04+00:00","dateModified":"2019-11-21T16:19:30+00:00","author":{"@id":"https:\/\/aconteceunovale.com.br\/portal\/#\/schema\/person\/633529146f2c94272bef50ac2953d589"},"breadcrumb":{"@id":"https:\/\/aconteceunovale.com.br\/portal\/?p=155100#breadcrumb"},"inLanguage":"pt-BR","potentialAction":[{"@type":"ReadAction","target":["https:\/\/aconteceunovale.com.br\/portal\/?p=155100"]}]},{"@type":"ImageObject","inLanguage":"pt-BR","@id":"https:\/\/aconteceunovale.com.br\/portal\/?p=155100#primaryimage","url":"https:\/\/aconteceunovale.com.br\/portal\/wp-content\/uploads\/2019\/10\/dinheiro.png","contentUrl":"https:\/\/aconteceunovale.com.br\/portal\/wp-content\/uploads\/2019\/10\/dinheiro.png","width":678,"height":427},{"@type":"BreadcrumbList","@id":"https:\/\/aconteceunovale.com.br\/portal\/?p=155100#breadcrumb","itemListElement":[{"@type":"ListItem","position":1,"name":"In\u00edcio","item":"https:\/\/aconteceunovale.com.br\/portal\/"},{"@type":"ListItem","position":2,"name":"Trabalhador detido e acusado de furtar equipamento escondido pelo patr\u00e3o em Pirapora ser\u00e1 indenizado"}]},{"@type":"WebSite","@id":"https:\/\/aconteceunovale.com.br\/portal\/#website","url":"https:\/\/aconteceunovale.com.br\/portal\/","name":"Aconteceu no Vale","description":"Portal de Not\u00edcias","potentialAction":[{"@type":"SearchAction","target":{"@type":"EntryPoint","urlTemplate":"https:\/\/aconteceunovale.com.br\/portal\/?s={search_term_string}"},"query-input":{"@type":"PropertyValueSpecification","valueRequired":true,"valueName":"search_term_string"}}],"inLanguage":"pt-BR"},{"@type":"Person","@id":"https:\/\/aconteceunovale.com.br\/portal\/#\/schema\/person\/633529146f2c94272bef50ac2953d589","name":"Aconteceu no Vale","description":"Equipe de reportagem do Aconteceu no Vale, portal de not\u00edcias do Vale do Jequitinhonha, em Minas Gerais. Cobrimos as 51 cidades do Vale desde 2013. Sugest\u00f5es de pauta e pedidos de corre\u00e7\u00e3o: contato@aconteceunovale.com.br","sameAs":["http:\/\/www.aconteceunovale.com.br"],"url":"https:\/\/aconteceunovale.com.br\/portal\/?author=1"}]}},"_links":{"self":[{"href":"https:\/\/aconteceunovale.com.br\/portal\/index.php?rest_route=\/wp\/v2\/posts\/155100","targetHints":{"allow":["GET"]}}],"collection":[{"href":"https:\/\/aconteceunovale.com.br\/portal\/index.php?rest_route=\/wp\/v2\/posts"}],"about":[{"href":"https:\/\/aconteceunovale.com.br\/portal\/index.php?rest_route=\/wp\/v2\/types\/post"}],"author":[{"embeddable":true,"href":"https:\/\/aconteceunovale.com.br\/portal\/index.php?rest_route=\/wp\/v2\/users\/1"}],"replies":[{"embeddable":true,"href":"https:\/\/aconteceunovale.com.br\/portal\/index.php?rest_route=%2Fwp%2Fv2%2Fcomments&post=155100"}],"version-history":[{"count":1,"href":"https:\/\/aconteceunovale.com.br\/portal\/index.php?rest_route=\/wp\/v2\/posts\/155100\/revisions"}],"predecessor-version":[{"id":155101,"href":"https:\/\/aconteceunovale.com.br\/portal\/index.php?rest_route=\/wp\/v2\/posts\/155100\/revisions\/155101"}],"wp:featuredmedia":[{"embeddable":true,"href":"https:\/\/aconteceunovale.com.br\/portal\/index.php?rest_route=\/wp\/v2\/media\/153854"}],"wp:attachment":[{"href":"https:\/\/aconteceunovale.com.br\/portal\/index.php?rest_route=%2Fwp%2Fv2%2Fmedia&parent=155100"}],"wp:term":[{"taxonomy":"category","embeddable":true,"href":"https:\/\/aconteceunovale.com.br\/portal\/index.php?rest_route=%2Fwp%2Fv2%2Fcategories&post=155100"},{"taxonomy":"post_tag","embeddable":true,"href":"https:\/\/aconteceunovale.com.br\/portal\/index.php?rest_route=%2Fwp%2Fv2%2Ftags&post=155100"}],"curies":[{"name":"wp","href":"https:\/\/api.w.org\/{rel}","templated":true}]}}