{"id":155093,"date":"2019-11-21T11:38:47","date_gmt":"2019-11-21T14:38:47","guid":{"rendered":"http:\/\/aconteceunovale.com.br\/portal\/?p=155093"},"modified":"2019-11-21T11:41:03","modified_gmt":"2019-11-21T14:41:03","slug":"proprietario-de-academia-e-preso-por-comercio-de-anabolizantes-em-montes-claros","status":"publish","type":"post","link":"https:\/\/aconteceunovale.com.br\/portal\/?p=155093","title":{"rendered":"Propriet\u00e1rio de academia \u00e9 preso por com\u00e9rcio de anabolizantes em Montes Claros"},"content":{"rendered":"\n<p class=\"wp-block-paragraph\">A Pol\u00edcia Civil prendeu o dono de uma academia que \u00e9 suspeito de\ncomercializar anabolizantes em Montes Claros, no Norte de Minas. Ele foi localizado\ndentro de casa, nesta quinta-feira (21\/11\/2019), durante o cumprimento de um\nmandado de busca e apreens\u00e3o. A pol\u00edcia apreendeu R$ 21 mil debaixo do colch\u00e3o\ndo quarto.<\/p>\n\n\n\n<p class=\"wp-block-paragraph\">\u201cRecebemos v\u00e1rias\nden\u00fancias sobre a comercializa\u00e7\u00e3o, fizemos dilig\u00eancias e conseguimos provas que\ncomprovavam a suspeita, e representamos pelo mandado de busca e apreens\u00e3o\u201d,\ndisse o delegado Alberto Ten\u00f3rio.<\/p>\n\n\n\n<p class=\"wp-block-paragraph\">A suspeita \u00e9 que ele\ncomercializa as subst\u00e2ncias que s\u00e3o proibidas pela portaria n\u00b0344 da Anvisa h\u00e1\npelo menos 5 anos, quando se mudou do Rio de Janeiro para Montes Claros e abriu\na academia. A pol\u00edcia apreendeu na casa 20 caixas com anabolizantes.<\/p>\n\n\n\n<p class=\"wp-block-paragraph\">\u201cEle negou que vende anabolizantes e disse que as\nsubst\u00e2ncias s\u00e3o para uso pessoal e foram compradas por um aplicativo de mensagens\ncom vendedores do Rio de Janeiro e S\u00e3o Paulo, e chegou pelos Correios\u201d, explica\no delegado.<\/p>\n\n\n\n<p class=\"wp-block-paragraph\">Segundo ele, os materiais eram comercializados na academia e na\ncasa do investigado.<\/p>\n\n\n\n<p class=\"wp-block-paragraph\">\u201cO crime fica caracterizado como tr\u00e1fico\nde drogas porque s\u00e3o proibidas a venda dessas subst\u00e2ncias. Sobre o dinheiro\nencontrado na casa, o homem disse que \u00e9 de origem l\u00edcita, mas n\u00e3o comprovou\ncomo adquiriu\u201d.<\/p>\n\n\n\n<p class=\"wp-block-paragraph\">O homem foi conduzido \u00e0 Delegacia de Plant\u00e3o e deve ser encaminhado para o Pres\u00eddio Regional.<\/p>\n\n\n\n<figure class=\"wp-block-image size-large\"><img loading=\"lazy\" decoding=\"async\" width=\"678\" height=\"442\" src=\"http:\/\/aconteceunovale.com.br\/portal\/wp-content\/uploads\/2019\/11\/anabol_moc.jpg\" alt=\"\" class=\"wp-image-155094\" srcset=\"https:\/\/aconteceunovale.com.br\/portal\/wp-content\/uploads\/2019\/11\/anabol_moc.jpg 678w, https:\/\/aconteceunovale.com.br\/portal\/wp-content\/uploads\/2019\/11\/anabol_moc-300x196.jpg 300w, https:\/\/aconteceunovale.com.br\/portal\/wp-content\/uploads\/2019\/11\/anabol_moc-644x420.jpg 644w\" sizes=\"auto, (max-width: 678px) 100vw, 678px\" \/><figcaption><em>Foto: Pol\u00edcia Civil \/ Divulga\u00e7\u00e3o<\/em><\/figcaption><\/figure>\n\n\n\n<p class=\"has-text-color has-background has-very-light-gray-color has-very-dark-gray-background-color wp-block-paragraph\"><strong>VER PRIMEIRO: <\/strong>Receba as not\u00edcias do Aconteceu no Vale em primeira m\u00e3o. Clique em curtir no endere\u00e7o <a rel=\"noreferrer noopener\" href=\"https:\/\/www.facebook.com\/aconteceunovale\" target=\"_blank\">www.facebook.com\/aconteceunovale<\/a>.<\/p>\n","protected":false},"excerpt":{"rendered":"<p>A Pol\u00edcia Civil prendeu o dono de uma academia que \u00e9 suspeito de comercializar anabolizantes em Montes Claros, no Norte de Minas. Ele foi localizado dentro de casa, nesta quinta-feira (21\/11\/2019), durante o cumprimento de um mandado de busca e apreens\u00e3o. A pol\u00edcia apreendeu R$ 21 mil debaixo do colch\u00e3o do quarto. \u201cRecebemos v\u00e1rias den\u00fancias [&hellip;]<\/p>\n","protected":false},"author":1,"featured_media":155094,"comment_status":"open","ping_status":"closed","sticky":false,"template":"","format":"standard","meta":{"amp_status":"","footnotes":""},"categories":[1236],"tags":[1018,210846,210,66614,210847,210845,210849,210848],"class_list":["post-155093","post","type-post","status-publish","format-standard","has-post-thumbnail","hentry","category-norte_de_minas","tag-destaque","tag-dono-de-academia-preso-em-montes-claros","tag-montes-claros","tag-preso-em-montes-claros","tag-prisao-de-dono-de-academia-em-montes-claros","tag-proprietario-de-academia-e-preso-por-comercio-de-anabolizantes-em-montes-claros","tag-trafico-de-anabolizantes-em-montes-claros","tag-venda-de-anabolizantes-em-montes-claros"],"yoast_head":"<!-- This site is optimized with the Yoast SEO plugin v28.3 - https:\/\/yoast.com\/product\/yoast-seo-wordpress\/ -->\n<title>Propriet\u00e1rio de academia \u00e9 preso por com\u00e9rcio de anabolizantes em Montes Claros - Aconteceu no Vale<\/title>\n<meta name=\"robots\" content=\"index, follow, max-snippet:-1, max-image-preview:large, max-video-preview:-1\" \/>\n<link rel=\"canonical\" href=\"https:\/\/aconteceunovale.com.br\/portal\/?p=155093\" \/>\n<meta property=\"og:locale\" content=\"pt_BR\" \/>\n<meta property=\"og:type\" content=\"article\" \/>\n<meta property=\"og:title\" content=\"Propriet\u00e1rio de academia \u00e9 preso por com\u00e9rcio de anabolizantes em Montes Claros - Aconteceu no Vale\" \/>\n<meta property=\"og:description\" content=\"A Pol\u00edcia Civil prendeu o dono de uma academia que \u00e9 suspeito de comercializar anabolizantes em Montes Claros, no Norte de Minas. Ele foi localizado dentro de casa, nesta quinta-feira (21\/11\/2019), durante o cumprimento de um mandado de busca e apreens\u00e3o. A pol\u00edcia apreendeu R$ 21 mil debaixo do colch\u00e3o do quarto. \u201cRecebemos v\u00e1rias den\u00fancias [&hellip;]\" \/>\n<meta property=\"og:url\" content=\"https:\/\/aconteceunovale.com.br\/portal\/?p=155093\" \/>\n<meta property=\"og:site_name\" content=\"Aconteceu no Vale\" \/>\n<meta property=\"article:publisher\" content=\"https:\/\/www.facebook.com\/aconteceunovale\/\" \/>\n<meta property=\"article:published_time\" content=\"2019-11-21T14:38:47+00:00\" \/>\n<meta property=\"article:modified_time\" content=\"2019-11-21T14:41:03+00:00\" \/>\n<meta property=\"og:image\" content=\"https:\/\/aconteceunovale.com.br\/portal\/wp-content\/uploads\/2019\/11\/anabol_moc.jpg\" \/>\n\t<meta property=\"og:image:width\" content=\"678\" \/>\n\t<meta property=\"og:image:height\" content=\"442\" \/>\n\t<meta property=\"og:image:type\" content=\"image\/jpeg\" \/>\n<meta name=\"author\" content=\"Aconteceu no Vale\" \/>\n<meta name=\"twitter:card\" content=\"summary_large_image\" \/>\n<meta name=\"twitter:creator\" content=\"@noticiadosvales\" \/>\n<meta name=\"twitter:site\" content=\"@noticiadosvales\" \/>\n<meta name=\"twitter:label1\" content=\"Escrito por\" \/>\n\t<meta name=\"twitter:data1\" content=\"Aconteceu no Vale\" \/>\n\t<meta name=\"twitter:label2\" content=\"Est. tempo de leitura\" \/>\n\t<meta name=\"twitter:data2\" content=\"1 minuto\" \/>\n<script type=\"application\/ld+json\" class=\"yoast-schema-graph\">{\"@context\":\"https:\\\/\\\/schema.org\",\"@graph\":[{\"@type\":\"Article\",\"@id\":\"https:\\\/\\\/aconteceunovale.com.br\\\/portal\\\/?p=155093#article\",\"isPartOf\":{\"@id\":\"https:\\\/\\\/aconteceunovale.com.br\\\/portal\\\/?p=155093\"},\"author\":{\"name\":\"Aconteceu no Vale\",\"@id\":\"https:\\\/\\\/aconteceunovale.com.br\\\/portal\\\/#\\\/schema\\\/person\\\/633529146f2c94272bef50ac2953d589\"},\"headline\":\"Propriet\u00e1rio de academia \u00e9 preso por com\u00e9rcio de anabolizantes em Montes Claros\",\"datePublished\":\"2019-11-21T14:38:47+00:00\",\"dateModified\":\"2019-11-21T14:41:03+00:00\",\"mainEntityOfPage\":{\"@id\":\"https:\\\/\\\/aconteceunovale.com.br\\\/portal\\\/?p=155093\"},\"wordCount\":283,\"commentCount\":0,\"image\":{\"@id\":\"https:\\\/\\\/aconteceunovale.com.br\\\/portal\\\/?p=155093#primaryimage\"},\"thumbnailUrl\":\"https:\\\/\\\/aconteceunovale.com.br\\\/portal\\\/wp-content\\\/uploads\\\/2019\\\/11\\\/anabol_moc.jpg\",\"keywords\":[\"destaque\",\"Dono de academia preso em Montes Claros\",\"Montes Claros\",\"preso em Montes Claros\",\"Pris\u00e3o de dono de academia em Montes Claros\",\"Propriet\u00e1rio de academia \u00e9 preso por com\u00e9rcio de anabolizantes em Montes Claros\",\"Tr\u00e1fico de anabolizantes em Montes Claros\",\"Venda de anabolizantes em Montes Claros\"],\"articleSection\":[\"Norte de Minas\"],\"inLanguage\":\"pt-BR\",\"potentialAction\":[{\"@type\":\"CommentAction\",\"name\":\"Comment\",\"target\":[\"https:\\\/\\\/aconteceunovale.com.br\\\/portal\\\/?p=155093#respond\"]}]},{\"@type\":\"WebPage\",\"@id\":\"https:\\\/\\\/aconteceunovale.com.br\\\/portal\\\/?p=155093\",\"url\":\"https:\\\/\\\/aconteceunovale.com.br\\\/portal\\\/?p=155093\",\"name\":\"Propriet\u00e1rio de academia \u00e9 preso por com\u00e9rcio de anabolizantes em Montes Claros - Aconteceu no Vale\",\"isPartOf\":{\"@id\":\"https:\\\/\\\/aconteceunovale.com.br\\\/portal\\\/#website\"},\"primaryImageOfPage\":{\"@id\":\"https:\\\/\\\/aconteceunovale.com.br\\\/portal\\\/?p=155093#primaryimage\"},\"image\":{\"@id\":\"https:\\\/\\\/aconteceunovale.com.br\\\/portal\\\/?p=155093#primaryimage\"},\"thumbnailUrl\":\"https:\\\/\\\/aconteceunovale.com.br\\\/portal\\\/wp-content\\\/uploads\\\/2019\\\/11\\\/anabol_moc.jpg\",\"datePublished\":\"2019-11-21T14:38:47+00:00\",\"dateModified\":\"2019-11-21T14:41:03+00:00\",\"author\":{\"@id\":\"https:\\\/\\\/aconteceunovale.com.br\\\/portal\\\/#\\\/schema\\\/person\\\/633529146f2c94272bef50ac2953d589\"},\"breadcrumb\":{\"@id\":\"https:\\\/\\\/aconteceunovale.com.br\\\/portal\\\/?p=155093#breadcrumb\"},\"inLanguage\":\"pt-BR\",\"potentialAction\":[{\"@type\":\"ReadAction\",\"target\":[\"https:\\\/\\\/aconteceunovale.com.br\\\/portal\\\/?p=155093\"]}]},{\"@type\":\"ImageObject\",\"inLanguage\":\"pt-BR\",\"@id\":\"https:\\\/\\\/aconteceunovale.com.br\\\/portal\\\/?p=155093#primaryimage\",\"url\":\"https:\\\/\\\/aconteceunovale.com.br\\\/portal\\\/wp-content\\\/uploads\\\/2019\\\/11\\\/anabol_moc.jpg\",\"contentUrl\":\"https:\\\/\\\/aconteceunovale.com.br\\\/portal\\\/wp-content\\\/uploads\\\/2019\\\/11\\\/anabol_moc.jpg\",\"width\":678,\"height\":442},{\"@type\":\"BreadcrumbList\",\"@id\":\"https:\\\/\\\/aconteceunovale.com.br\\\/portal\\\/?p=155093#breadcrumb\",\"itemListElement\":[{\"@type\":\"ListItem\",\"position\":1,\"name\":\"In\u00edcio\",\"item\":\"https:\\\/\\\/aconteceunovale.com.br\\\/portal\\\/\"},{\"@type\":\"ListItem\",\"position\":2,\"name\":\"Propriet\u00e1rio de academia \u00e9 preso por com\u00e9rcio de anabolizantes em Montes Claros\"}]},{\"@type\":\"WebSite\",\"@id\":\"https:\\\/\\\/aconteceunovale.com.br\\\/portal\\\/#website\",\"url\":\"https:\\\/\\\/aconteceunovale.com.br\\\/portal\\\/\",\"name\":\"Aconteceu no Vale\",\"description\":\"Portal de Not\u00edcias\",\"potentialAction\":[{\"@type\":\"SearchAction\",\"target\":{\"@type\":\"EntryPoint\",\"urlTemplate\":\"https:\\\/\\\/aconteceunovale.com.br\\\/portal\\\/?s={search_term_string}\"},\"query-input\":{\"@type\":\"PropertyValueSpecification\",\"valueRequired\":true,\"valueName\":\"search_term_string\"}}],\"inLanguage\":\"pt-BR\"},{\"@type\":\"Person\",\"@id\":\"https:\\\/\\\/aconteceunovale.com.br\\\/portal\\\/#\\\/schema\\\/person\\\/633529146f2c94272bef50ac2953d589\",\"name\":\"Aconteceu no Vale\",\"description\":\"Equipe de reportagem do Aconteceu no Vale, portal de not\u00edcias do Vale do Jequitinhonha, em Minas Gerais. Cobrimos as 51 cidades do Vale desde 2013. Sugest\u00f5es de pauta e pedidos de corre\u00e7\u00e3o: contato@aconteceunovale.com.br\",\"sameAs\":[\"http:\\\/\\\/www.aconteceunovale.com.br\"],\"url\":\"https:\\\/\\\/aconteceunovale.com.br\\\/portal\\\/?author=1\"}]}<\/script>\n<!-- \/ Yoast SEO plugin. -->","yoast_head_json":{"title":"Propriet\u00e1rio de academia \u00e9 preso por com\u00e9rcio de anabolizantes em Montes Claros - Aconteceu no Vale","robots":{"index":"index","follow":"follow","max-snippet":"max-snippet:-1","max-image-preview":"max-image-preview:large","max-video-preview":"max-video-preview:-1"},"canonical":"https:\/\/aconteceunovale.com.br\/portal\/?p=155093","og_locale":"pt_BR","og_type":"article","og_title":"Propriet\u00e1rio de academia \u00e9 preso por com\u00e9rcio de anabolizantes em Montes Claros - Aconteceu no Vale","og_description":"A Pol\u00edcia Civil prendeu o dono de uma academia que \u00e9 suspeito de comercializar anabolizantes em Montes Claros, no Norte de Minas. Ele foi localizado dentro de casa, nesta quinta-feira (21\/11\/2019), durante o cumprimento de um mandado de busca e apreens\u00e3o. A pol\u00edcia apreendeu R$ 21 mil debaixo do colch\u00e3o do quarto. \u201cRecebemos v\u00e1rias den\u00fancias [&hellip;]","og_url":"https:\/\/aconteceunovale.com.br\/portal\/?p=155093","og_site_name":"Aconteceu no Vale","article_publisher":"https:\/\/www.facebook.com\/aconteceunovale\/","article_published_time":"2019-11-21T14:38:47+00:00","article_modified_time":"2019-11-21T14:41:03+00:00","og_image":[{"width":678,"height":442,"url":"https:\/\/aconteceunovale.com.br\/portal\/wp-content\/uploads\/2019\/11\/anabol_moc.jpg","type":"image\/jpeg"}],"author":"Aconteceu no Vale","twitter_card":"summary_large_image","twitter_creator":"@noticiadosvales","twitter_site":"@noticiadosvales","twitter_misc":{"Escrito por":"Aconteceu no Vale","Est. tempo de leitura":"1 minuto"},"schema":{"@context":"https:\/\/schema.org","@graph":[{"@type":"Article","@id":"https:\/\/aconteceunovale.com.br\/portal\/?p=155093#article","isPartOf":{"@id":"https:\/\/aconteceunovale.com.br\/portal\/?p=155093"},"author":{"name":"Aconteceu no Vale","@id":"https:\/\/aconteceunovale.com.br\/portal\/#\/schema\/person\/633529146f2c94272bef50ac2953d589"},"headline":"Propriet\u00e1rio de academia \u00e9 preso por com\u00e9rcio de anabolizantes em Montes Claros","datePublished":"2019-11-21T14:38:47+00:00","dateModified":"2019-11-21T14:41:03+00:00","mainEntityOfPage":{"@id":"https:\/\/aconteceunovale.com.br\/portal\/?p=155093"},"wordCount":283,"commentCount":0,"image":{"@id":"https:\/\/aconteceunovale.com.br\/portal\/?p=155093#primaryimage"},"thumbnailUrl":"https:\/\/aconteceunovale.com.br\/portal\/wp-content\/uploads\/2019\/11\/anabol_moc.jpg","keywords":["destaque","Dono de academia preso em Montes Claros","Montes Claros","preso em Montes Claros","Pris\u00e3o de dono de academia em Montes Claros","Propriet\u00e1rio de academia \u00e9 preso por com\u00e9rcio de anabolizantes em Montes Claros","Tr\u00e1fico de anabolizantes em Montes Claros","Venda de anabolizantes em Montes Claros"],"articleSection":["Norte de Minas"],"inLanguage":"pt-BR","potentialAction":[{"@type":"CommentAction","name":"Comment","target":["https:\/\/aconteceunovale.com.br\/portal\/?p=155093#respond"]}]},{"@type":"WebPage","@id":"https:\/\/aconteceunovale.com.br\/portal\/?p=155093","url":"https:\/\/aconteceunovale.com.br\/portal\/?p=155093","name":"Propriet\u00e1rio de academia \u00e9 preso por com\u00e9rcio de anabolizantes em Montes Claros - Aconteceu no Vale","isPartOf":{"@id":"https:\/\/aconteceunovale.com.br\/portal\/#website"},"primaryImageOfPage":{"@id":"https:\/\/aconteceunovale.com.br\/portal\/?p=155093#primaryimage"},"image":{"@id":"https:\/\/aconteceunovale.com.br\/portal\/?p=155093#primaryimage"},"thumbnailUrl":"https:\/\/aconteceunovale.com.br\/portal\/wp-content\/uploads\/2019\/11\/anabol_moc.jpg","datePublished":"2019-11-21T14:38:47+00:00","dateModified":"2019-11-21T14:41:03+00:00","author":{"@id":"https:\/\/aconteceunovale.com.br\/portal\/#\/schema\/person\/633529146f2c94272bef50ac2953d589"},"breadcrumb":{"@id":"https:\/\/aconteceunovale.com.br\/portal\/?p=155093#breadcrumb"},"inLanguage":"pt-BR","potentialAction":[{"@type":"ReadAction","target":["https:\/\/aconteceunovale.com.br\/portal\/?p=155093"]}]},{"@type":"ImageObject","inLanguage":"pt-BR","@id":"https:\/\/aconteceunovale.com.br\/portal\/?p=155093#primaryimage","url":"https:\/\/aconteceunovale.com.br\/portal\/wp-content\/uploads\/2019\/11\/anabol_moc.jpg","contentUrl":"https:\/\/aconteceunovale.com.br\/portal\/wp-content\/uploads\/2019\/11\/anabol_moc.jpg","width":678,"height":442},{"@type":"BreadcrumbList","@id":"https:\/\/aconteceunovale.com.br\/portal\/?p=155093#breadcrumb","itemListElement":[{"@type":"ListItem","position":1,"name":"In\u00edcio","item":"https:\/\/aconteceunovale.com.br\/portal\/"},{"@type":"ListItem","position":2,"name":"Propriet\u00e1rio de academia \u00e9 preso por com\u00e9rcio de anabolizantes em Montes Claros"}]},{"@type":"WebSite","@id":"https:\/\/aconteceunovale.com.br\/portal\/#website","url":"https:\/\/aconteceunovale.com.br\/portal\/","name":"Aconteceu no Vale","description":"Portal de Not\u00edcias","potentialAction":[{"@type":"SearchAction","target":{"@type":"EntryPoint","urlTemplate":"https:\/\/aconteceunovale.com.br\/portal\/?s={search_term_string}"},"query-input":{"@type":"PropertyValueSpecification","valueRequired":true,"valueName":"search_term_string"}}],"inLanguage":"pt-BR"},{"@type":"Person","@id":"https:\/\/aconteceunovale.com.br\/portal\/#\/schema\/person\/633529146f2c94272bef50ac2953d589","name":"Aconteceu no Vale","description":"Equipe de reportagem do Aconteceu no Vale, portal de not\u00edcias do Vale do Jequitinhonha, em Minas Gerais. Cobrimos as 51 cidades do Vale desde 2013. Sugest\u00f5es de pauta e pedidos de corre\u00e7\u00e3o: contato@aconteceunovale.com.br","sameAs":["http:\/\/www.aconteceunovale.com.br"],"url":"https:\/\/aconteceunovale.com.br\/portal\/?author=1"}]}},"_links":{"self":[{"href":"https:\/\/aconteceunovale.com.br\/portal\/index.php?rest_route=\/wp\/v2\/posts\/155093","targetHints":{"allow":["GET"]}}],"collection":[{"href":"https:\/\/aconteceunovale.com.br\/portal\/index.php?rest_route=\/wp\/v2\/posts"}],"about":[{"href":"https:\/\/aconteceunovale.com.br\/portal\/index.php?rest_route=\/wp\/v2\/types\/post"}],"author":[{"embeddable":true,"href":"https:\/\/aconteceunovale.com.br\/portal\/index.php?rest_route=\/wp\/v2\/users\/1"}],"replies":[{"embeddable":true,"href":"https:\/\/aconteceunovale.com.br\/portal\/index.php?rest_route=%2Fwp%2Fv2%2Fcomments&post=155093"}],"version-history":[{"count":1,"href":"https:\/\/aconteceunovale.com.br\/portal\/index.php?rest_route=\/wp\/v2\/posts\/155093\/revisions"}],"predecessor-version":[{"id":155095,"href":"https:\/\/aconteceunovale.com.br\/portal\/index.php?rest_route=\/wp\/v2\/posts\/155093\/revisions\/155095"}],"wp:featuredmedia":[{"embeddable":true,"href":"https:\/\/aconteceunovale.com.br\/portal\/index.php?rest_route=\/wp\/v2\/media\/155094"}],"wp:attachment":[{"href":"https:\/\/aconteceunovale.com.br\/portal\/index.php?rest_route=%2Fwp%2Fv2%2Fmedia&parent=155093"}],"wp:term":[{"taxonomy":"category","embeddable":true,"href":"https:\/\/aconteceunovale.com.br\/portal\/index.php?rest_route=%2Fwp%2Fv2%2Fcategories&post=155093"},{"taxonomy":"post_tag","embeddable":true,"href":"https:\/\/aconteceunovale.com.br\/portal\/index.php?rest_route=%2Fwp%2Fv2%2Ftags&post=155093"}],"curies":[{"name":"wp","href":"https:\/\/api.w.org\/{rel}","templated":true}]}}