{"id":155077,"date":"2019-11-21T10:40:46","date_gmt":"2019-11-21T13:40:46","guid":{"rendered":"http:\/\/aconteceunovale.com.br\/portal\/?p=155077"},"modified":"2026-09-02T13:44:29","modified_gmt":"2026-09-02T16:44:29","slug":"policia-prende-autores-de-homicidio-em-salto-da-divisa-no-vale-do-jequitinhonha","status":"publish","type":"post","link":"https:\/\/aconteceunovale.com.br\/portal\/?p=155077","title":{"rendered":"Pol\u00edcia prende autores de homic\u00eddio em Salto da Divisa, no Vale do Jequitinhonha"},"content":{"rendered":"\n<p class=\"wp-block-paragraph\">Dois homens foram presos acusados de homic\u00eddio em Salto da Divisa, no Vale do Jequitinhonha. A Pol\u00edcia Civil de Minas Gerais, atrav\u00e9s de sua 17\u00aa Delegacia em Jacinto (MG), finalizou o inqu\u00e9rito policial em que investigou o crime e indiciou os dois autores. As informa\u00e7\u00f5es foram divulgadas na manh\u00e3 desta quinta-feira (21\/11\/2019). <\/p>\n\n\n\n<p class=\"wp-block-paragraph\">O crime, ocorrido no dia 05\/10\/2019, vitimou A.F.R.S. com\nv\u00e1rios disparos de arma de fogo, chocando a pequena cidade de Salto da Divisa. Na\n\u00e9poca, segundo a PC, os autores fugiram.<\/p>\n\n\n\n<p class=\"wp-block-paragraph\">Depois de intenso trabalho investigativo, a equipe policial\nreuniu elementos que permitiram a representa\u00e7\u00e3o por Mandados de Pris\u00e3o\nPreventiva, pela Dr\u00aa. Maria Aparecida Motta Martins, contra os autores.<\/p>\n\n\n\n<p class=\"wp-block-paragraph\">Um dos autores, T.P.S., foi capturado pelos investigadores\nno distrito de Uni\u00e3o Baiana, no munic\u00edpio de Itagimirim\/Ba. O outro envolvido,\nA.S.R., foi preso em Belo Horizonte atrav\u00e9s de trocas de informa\u00e7\u00f5es entre a 17\u00aa\nD.P.C. de Jacinto e oficial do 5\u00ba BPM da PMMG.<\/p>\n\n\n\n<p class=\"wp-block-paragraph\">T.P.S. e A.S.R. encontram-se custodiados \u00e0 disposi\u00e7\u00e3o da Justi\u00e7a.<\/p>\n\n\n\n<figure class=\"wp-block-image size-large\"><img loading=\"lazy\" decoding=\"async\" width=\"650\" height=\"435\" src=\"http:\/\/aconteceunovale.com.br\/portal\/wp-content\/uploads\/2019\/11\/homicidio_salto.jpg\" alt=\"\" class=\"wp-image-155078\" srcset=\"https:\/\/aconteceunovale.com.br\/portal\/wp-content\/uploads\/2019\/11\/homicidio_salto.jpg 650w, https:\/\/aconteceunovale.com.br\/portal\/wp-content\/uploads\/2019\/11\/homicidio_salto-300x201.jpg 300w, https:\/\/aconteceunovale.com.br\/portal\/wp-content\/uploads\/2019\/11\/homicidio_salto-628x420.jpg 628w\" sizes=\"auto, (max-width: 650px) 100vw, 650px\" \/><figcaption><em>Local do homic\u00eddio &#8211; Foto: Divulga\u00e7\u00e3o \/ Pol\u00edcia Civil<\/em><\/figcaption><\/figure>\n\n\n\n<p class=\"wp-block-paragraph\"><strong>Equipe:<\/strong><\/p>\n\n\n\n<p class=\"wp-block-paragraph\">\u00a0<strong>PCMG<\/strong><\/p>\n\n\n\n<p class=\"wp-block-paragraph\">&#8211; Dr\u00aa Maria Aparecida Motta Martins;<\/p>\n\n\n\n<p class=\"wp-block-paragraph\">&#8211; Dr. Filype Utsch Milhomem;<\/p>\n\n\n\n<p class=\"wp-block-paragraph\">&#8211; IPC Lincoln Martins Oliveira;<\/p>\n\n\n\n<p class=\"wp-block-paragraph\">&#8211; IPC Bruno Nascimento Santos;<\/p>\n\n\n\n<p class=\"wp-block-paragraph\">&#8211; IPC Diego da Silva Costa<\/p>\n\n\n\n<p class=\"wp-block-paragraph\">&#8211; Escriv\u00e3o Alessandro Luz Machado.<\/p>\n\n\n\n<p class=\"wp-block-paragraph\">\u00a0<strong>PMMG<\/strong><\/p>\n\n\n\n<p class=\"wp-block-paragraph\">&#8211; 1\u00b0 Ten.\nWillians Martins Oliveira;<\/p>\n\n\n\n<p class=\"wp-block-paragraph\">&#8211; 1\u00ba Ten. Fernando De Souza Pinto;<\/p>\n\n\n\n<p class=\"wp-block-paragraph\">&#8211; Cb Rogerio Felipe Duarte Lopes;<\/p>\n\n\n\n<p class=\"wp-block-paragraph\">&#8211; Cb Fernando De Oliveira Martins;<\/p>\n\n\n\n<p class=\"wp-block-paragraph\">&#8211; Cb Osiris Sabino.<\/p>\n\n\n\n<p class=\"has-text-color has-background has-very-light-gray-color has-very-dark-gray-background-color wp-block-paragraph\"><strong>VER PRIMEIRO: <\/strong>Receba as not\u00edcias do Aconteceu no Vale em primeira m\u00e3o. Clique em curtir no endere\u00e7o <a rel=\"noreferrer noopener\" href=\"https:\/\/www.facebook.com\/aconteceunovale\" target=\"_blank\">www.facebook.com\/aconteceunovale<\/a>.<\/p>\n","protected":false},"excerpt":{"rendered":"<p>Dois homens foram presos acusados de homic\u00eddio em Salto da Divisa, no Vale do Jequitinhonha. A Pol\u00edcia Civil de Minas Gerais, atrav\u00e9s de sua 17\u00aa Delegacia em Jacinto (MG), finalizou o inqu\u00e9rito policial em que investigou o crime e indiciou os dois autores. As informa\u00e7\u00f5es foram divulgadas na manh\u00e3 desta quinta-feira (21\/11\/2019). O crime, ocorrido [&hellip;]<\/p>\n","protected":false},"author":1,"featured_media":155078,"comment_status":"open","ping_status":"closed","sticky":false,"template":"","format":"standard","meta":{"amp_status":"","footnotes":""},"categories":[272571,120],"tags":[210832,55562,55561,408,75668,55559,210833,210834,409],"class_list":["post-155077","post","type-post","status-publish","format-standard","has-post-thumbnail","hentry","category-salto-da-divisa","category-jequi","tag-17a-delegacia-de-policia-civil-de-jacinto","tag-assassinado-em-salto-da-divisa","tag-homicidio-em-salto-da-divisa","tag-jacinto","tag-maria-aparecida-motta-martins","tag-morto-em-salto-da-divisa","tag-policia-civil-de-jacinto","tag-policia-prende-autores-de-homicidio-em-salto-da-divisa","tag-salto-da-divisa"],"yoast_head":"<!-- This site is optimized with the Yoast SEO plugin v28.3 - https:\/\/yoast.com\/product\/yoast-seo-wordpress\/ -->\n<title>Pol\u00edcia prende autores de homic\u00eddio em Salto da Divisa, no Vale do Jequitinhonha - Aconteceu no Vale<\/title>\n<meta name=\"robots\" content=\"index, follow, max-snippet:-1, max-image-preview:large, max-video-preview:-1\" \/>\n<link rel=\"canonical\" href=\"https:\/\/aconteceunovale.com.br\/portal\/?p=155077\" \/>\n<meta property=\"og:locale\" content=\"pt_BR\" \/>\n<meta property=\"og:type\" content=\"article\" \/>\n<meta property=\"og:title\" content=\"Pol\u00edcia prende autores de homic\u00eddio em Salto da Divisa, no Vale do Jequitinhonha - Aconteceu no Vale\" \/>\n<meta property=\"og:description\" content=\"Dois homens foram presos acusados de homic\u00eddio em Salto da Divisa, no Vale do Jequitinhonha. A Pol\u00edcia Civil de Minas Gerais, atrav\u00e9s de sua 17\u00aa Delegacia em Jacinto (MG), finalizou o inqu\u00e9rito policial em que investigou o crime e indiciou os dois autores. As informa\u00e7\u00f5es foram divulgadas na manh\u00e3 desta quinta-feira (21\/11\/2019). O crime, ocorrido [&hellip;]\" \/>\n<meta property=\"og:url\" content=\"https:\/\/aconteceunovale.com.br\/portal\/?p=155077\" \/>\n<meta property=\"og:site_name\" content=\"Aconteceu no Vale\" \/>\n<meta property=\"article:publisher\" content=\"https:\/\/www.facebook.com\/aconteceunovale\/\" \/>\n<meta property=\"article:published_time\" content=\"2019-11-21T13:40:46+00:00\" \/>\n<meta property=\"article:modified_time\" content=\"2026-09-02T16:44:29+00:00\" \/>\n<meta property=\"og:image\" content=\"https:\/\/aconteceunovale.com.br\/portal\/wp-content\/uploads\/2019\/11\/homicidio_salto.jpg\" \/>\n\t<meta property=\"og:image:width\" content=\"650\" \/>\n\t<meta property=\"og:image:height\" content=\"435\" \/>\n\t<meta property=\"og:image:type\" content=\"image\/jpeg\" \/>\n<meta name=\"author\" content=\"Aconteceu no Vale\" \/>\n<meta name=\"twitter:card\" content=\"summary_large_image\" \/>\n<meta name=\"twitter:creator\" content=\"@noticiadosvales\" \/>\n<meta name=\"twitter:site\" content=\"@noticiadosvales\" \/>\n<meta name=\"twitter:label1\" content=\"Escrito por\" \/>\n\t<meta name=\"twitter:data1\" content=\"Aconteceu no Vale\" \/>\n\t<meta name=\"twitter:label2\" content=\"Est. tempo de leitura\" \/>\n\t<meta name=\"twitter:data2\" content=\"1 minuto\" \/>\n<script type=\"application\/ld+json\" class=\"yoast-schema-graph\">{\"@context\":\"https:\\\/\\\/schema.org\",\"@graph\":[{\"@type\":\"Article\",\"@id\":\"https:\\\/\\\/aconteceunovale.com.br\\\/portal\\\/?p=155077#article\",\"isPartOf\":{\"@id\":\"https:\\\/\\\/aconteceunovale.com.br\\\/portal\\\/?p=155077\"},\"author\":{\"name\":\"Aconteceu no Vale\",\"@id\":\"https:\\\/\\\/aconteceunovale.com.br\\\/portal\\\/#\\\/schema\\\/person\\\/633529146f2c94272bef50ac2953d589\"},\"headline\":\"Pol\u00edcia prende autores de homic\u00eddio em Salto da Divisa, no Vale do Jequitinhonha\",\"datePublished\":\"2019-11-21T13:40:46+00:00\",\"dateModified\":\"2026-09-02T16:44:29+00:00\",\"mainEntityOfPage\":{\"@id\":\"https:\\\/\\\/aconteceunovale.com.br\\\/portal\\\/?p=155077\"},\"wordCount\":299,\"commentCount\":0,\"image\":{\"@id\":\"https:\\\/\\\/aconteceunovale.com.br\\\/portal\\\/?p=155077#primaryimage\"},\"thumbnailUrl\":\"https:\\\/\\\/aconteceunovale.com.br\\\/portal\\\/wp-content\\\/uploads\\\/2019\\\/11\\\/homicidio_salto.jpg\",\"keywords\":[\"17\u00aa Delegacia de Pol\u00edcia Civil de Jacinto\",\"assassinado em salto da divisa\",\"homic\u00eddio em salto da divisa\",\"Jacinto\",\"Maria Aparecida Motta Martins\",\"morto em salto da divisa\",\"Pol\u00edcia Civil de Jacinto\",\"Pol\u00edcia prende autores de homic\u00eddio em Salto da Divisa\",\"Salto da Divisa\"],\"articleSection\":[\"Salto da Divisa\",\"Vale do Jequitinhonha\"],\"inLanguage\":\"pt-BR\",\"potentialAction\":[{\"@type\":\"CommentAction\",\"name\":\"Comment\",\"target\":[\"https:\\\/\\\/aconteceunovale.com.br\\\/portal\\\/?p=155077#respond\"]}]},{\"@type\":\"WebPage\",\"@id\":\"https:\\\/\\\/aconteceunovale.com.br\\\/portal\\\/?p=155077\",\"url\":\"https:\\\/\\\/aconteceunovale.com.br\\\/portal\\\/?p=155077\",\"name\":\"Pol\u00edcia prende autores de homic\u00eddio em Salto da Divisa, no Vale do Jequitinhonha - Aconteceu no Vale\",\"isPartOf\":{\"@id\":\"https:\\\/\\\/aconteceunovale.com.br\\\/portal\\\/#website\"},\"primaryImageOfPage\":{\"@id\":\"https:\\\/\\\/aconteceunovale.com.br\\\/portal\\\/?p=155077#primaryimage\"},\"image\":{\"@id\":\"https:\\\/\\\/aconteceunovale.com.br\\\/portal\\\/?p=155077#primaryimage\"},\"thumbnailUrl\":\"https:\\\/\\\/aconteceunovale.com.br\\\/portal\\\/wp-content\\\/uploads\\\/2019\\\/11\\\/homicidio_salto.jpg\",\"datePublished\":\"2019-11-21T13:40:46+00:00\",\"dateModified\":\"2026-09-02T16:44:29+00:00\",\"author\":{\"@id\":\"https:\\\/\\\/aconteceunovale.com.br\\\/portal\\\/#\\\/schema\\\/person\\\/633529146f2c94272bef50ac2953d589\"},\"breadcrumb\":{\"@id\":\"https:\\\/\\\/aconteceunovale.com.br\\\/portal\\\/?p=155077#breadcrumb\"},\"inLanguage\":\"pt-BR\",\"potentialAction\":[{\"@type\":\"ReadAction\",\"target\":[\"https:\\\/\\\/aconteceunovale.com.br\\\/portal\\\/?p=155077\"]}]},{\"@type\":\"ImageObject\",\"inLanguage\":\"pt-BR\",\"@id\":\"https:\\\/\\\/aconteceunovale.com.br\\\/portal\\\/?p=155077#primaryimage\",\"url\":\"https:\\\/\\\/aconteceunovale.com.br\\\/portal\\\/wp-content\\\/uploads\\\/2019\\\/11\\\/homicidio_salto.jpg\",\"contentUrl\":\"https:\\\/\\\/aconteceunovale.com.br\\\/portal\\\/wp-content\\\/uploads\\\/2019\\\/11\\\/homicidio_salto.jpg\",\"width\":650,\"height\":435},{\"@type\":\"BreadcrumbList\",\"@id\":\"https:\\\/\\\/aconteceunovale.com.br\\\/portal\\\/?p=155077#breadcrumb\",\"itemListElement\":[{\"@type\":\"ListItem\",\"position\":1,\"name\":\"In\u00edcio\",\"item\":\"https:\\\/\\\/aconteceunovale.com.br\\\/portal\\\/\"},{\"@type\":\"ListItem\",\"position\":2,\"name\":\"Pol\u00edcia prende autores de homic\u00eddio em Salto da Divisa, no Vale do Jequitinhonha\"}]},{\"@type\":\"WebSite\",\"@id\":\"https:\\\/\\\/aconteceunovale.com.br\\\/portal\\\/#website\",\"url\":\"https:\\\/\\\/aconteceunovale.com.br\\\/portal\\\/\",\"name\":\"Aconteceu no Vale\",\"description\":\"Portal de Not\u00edcias\",\"potentialAction\":[{\"@type\":\"SearchAction\",\"target\":{\"@type\":\"EntryPoint\",\"urlTemplate\":\"https:\\\/\\\/aconteceunovale.com.br\\\/portal\\\/?s={search_term_string}\"},\"query-input\":{\"@type\":\"PropertyValueSpecification\",\"valueRequired\":true,\"valueName\":\"search_term_string\"}}],\"inLanguage\":\"pt-BR\"},{\"@type\":\"Person\",\"@id\":\"https:\\\/\\\/aconteceunovale.com.br\\\/portal\\\/#\\\/schema\\\/person\\\/633529146f2c94272bef50ac2953d589\",\"name\":\"Aconteceu no Vale\",\"description\":\"Equipe de reportagem do Aconteceu no Vale, portal de not\u00edcias do Vale do Jequitinhonha, em Minas Gerais. Cobrimos as 51 cidades do Vale desde 2013. Sugest\u00f5es de pauta e pedidos de corre\u00e7\u00e3o: contato@aconteceunovale.com.br\",\"sameAs\":[\"http:\\\/\\\/www.aconteceunovale.com.br\"],\"url\":\"https:\\\/\\\/aconteceunovale.com.br\\\/portal\\\/?author=1\"}]}<\/script>\n<!-- \/ Yoast SEO plugin. -->","yoast_head_json":{"title":"Pol\u00edcia prende autores de homic\u00eddio em Salto da Divisa, no Vale do Jequitinhonha - Aconteceu no Vale","robots":{"index":"index","follow":"follow","max-snippet":"max-snippet:-1","max-image-preview":"max-image-preview:large","max-video-preview":"max-video-preview:-1"},"canonical":"https:\/\/aconteceunovale.com.br\/portal\/?p=155077","og_locale":"pt_BR","og_type":"article","og_title":"Pol\u00edcia prende autores de homic\u00eddio em Salto da Divisa, no Vale do Jequitinhonha - Aconteceu no Vale","og_description":"Dois homens foram presos acusados de homic\u00eddio em Salto da Divisa, no Vale do Jequitinhonha. A Pol\u00edcia Civil de Minas Gerais, atrav\u00e9s de sua 17\u00aa Delegacia em Jacinto (MG), finalizou o inqu\u00e9rito policial em que investigou o crime e indiciou os dois autores. As informa\u00e7\u00f5es foram divulgadas na manh\u00e3 desta quinta-feira (21\/11\/2019). O crime, ocorrido [&hellip;]","og_url":"https:\/\/aconteceunovale.com.br\/portal\/?p=155077","og_site_name":"Aconteceu no Vale","article_publisher":"https:\/\/www.facebook.com\/aconteceunovale\/","article_published_time":"2019-11-21T13:40:46+00:00","article_modified_time":"2026-09-02T16:44:29+00:00","og_image":[{"width":650,"height":435,"url":"https:\/\/aconteceunovale.com.br\/portal\/wp-content\/uploads\/2019\/11\/homicidio_salto.jpg","type":"image\/jpeg"}],"author":"Aconteceu no Vale","twitter_card":"summary_large_image","twitter_creator":"@noticiadosvales","twitter_site":"@noticiadosvales","twitter_misc":{"Escrito por":"Aconteceu no Vale","Est. tempo de leitura":"1 minuto"},"schema":{"@context":"https:\/\/schema.org","@graph":[{"@type":"Article","@id":"https:\/\/aconteceunovale.com.br\/portal\/?p=155077#article","isPartOf":{"@id":"https:\/\/aconteceunovale.com.br\/portal\/?p=155077"},"author":{"name":"Aconteceu no Vale","@id":"https:\/\/aconteceunovale.com.br\/portal\/#\/schema\/person\/633529146f2c94272bef50ac2953d589"},"headline":"Pol\u00edcia prende autores de homic\u00eddio em Salto da Divisa, no Vale do Jequitinhonha","datePublished":"2019-11-21T13:40:46+00:00","dateModified":"2026-09-02T16:44:29+00:00","mainEntityOfPage":{"@id":"https:\/\/aconteceunovale.com.br\/portal\/?p=155077"},"wordCount":299,"commentCount":0,"image":{"@id":"https:\/\/aconteceunovale.com.br\/portal\/?p=155077#primaryimage"},"thumbnailUrl":"https:\/\/aconteceunovale.com.br\/portal\/wp-content\/uploads\/2019\/11\/homicidio_salto.jpg","keywords":["17\u00aa Delegacia de Pol\u00edcia Civil de Jacinto","assassinado em salto da divisa","homic\u00eddio em salto da divisa","Jacinto","Maria Aparecida Motta Martins","morto em salto da divisa","Pol\u00edcia Civil de Jacinto","Pol\u00edcia prende autores de homic\u00eddio em Salto da Divisa","Salto da Divisa"],"articleSection":["Salto da Divisa","Vale do Jequitinhonha"],"inLanguage":"pt-BR","potentialAction":[{"@type":"CommentAction","name":"Comment","target":["https:\/\/aconteceunovale.com.br\/portal\/?p=155077#respond"]}]},{"@type":"WebPage","@id":"https:\/\/aconteceunovale.com.br\/portal\/?p=155077","url":"https:\/\/aconteceunovale.com.br\/portal\/?p=155077","name":"Pol\u00edcia prende autores de homic\u00eddio em Salto da Divisa, no Vale do Jequitinhonha - Aconteceu no Vale","isPartOf":{"@id":"https:\/\/aconteceunovale.com.br\/portal\/#website"},"primaryImageOfPage":{"@id":"https:\/\/aconteceunovale.com.br\/portal\/?p=155077#primaryimage"},"image":{"@id":"https:\/\/aconteceunovale.com.br\/portal\/?p=155077#primaryimage"},"thumbnailUrl":"https:\/\/aconteceunovale.com.br\/portal\/wp-content\/uploads\/2019\/11\/homicidio_salto.jpg","datePublished":"2019-11-21T13:40:46+00:00","dateModified":"2026-09-02T16:44:29+00:00","author":{"@id":"https:\/\/aconteceunovale.com.br\/portal\/#\/schema\/person\/633529146f2c94272bef50ac2953d589"},"breadcrumb":{"@id":"https:\/\/aconteceunovale.com.br\/portal\/?p=155077#breadcrumb"},"inLanguage":"pt-BR","potentialAction":[{"@type":"ReadAction","target":["https:\/\/aconteceunovale.com.br\/portal\/?p=155077"]}]},{"@type":"ImageObject","inLanguage":"pt-BR","@id":"https:\/\/aconteceunovale.com.br\/portal\/?p=155077#primaryimage","url":"https:\/\/aconteceunovale.com.br\/portal\/wp-content\/uploads\/2019\/11\/homicidio_salto.jpg","contentUrl":"https:\/\/aconteceunovale.com.br\/portal\/wp-content\/uploads\/2019\/11\/homicidio_salto.jpg","width":650,"height":435},{"@type":"BreadcrumbList","@id":"https:\/\/aconteceunovale.com.br\/portal\/?p=155077#breadcrumb","itemListElement":[{"@type":"ListItem","position":1,"name":"In\u00edcio","item":"https:\/\/aconteceunovale.com.br\/portal\/"},{"@type":"ListItem","position":2,"name":"Pol\u00edcia prende autores de homic\u00eddio em Salto da Divisa, no Vale do Jequitinhonha"}]},{"@type":"WebSite","@id":"https:\/\/aconteceunovale.com.br\/portal\/#website","url":"https:\/\/aconteceunovale.com.br\/portal\/","name":"Aconteceu no Vale","description":"Portal de Not\u00edcias","potentialAction":[{"@type":"SearchAction","target":{"@type":"EntryPoint","urlTemplate":"https:\/\/aconteceunovale.com.br\/portal\/?s={search_term_string}"},"query-input":{"@type":"PropertyValueSpecification","valueRequired":true,"valueName":"search_term_string"}}],"inLanguage":"pt-BR"},{"@type":"Person","@id":"https:\/\/aconteceunovale.com.br\/portal\/#\/schema\/person\/633529146f2c94272bef50ac2953d589","name":"Aconteceu no Vale","description":"Equipe de reportagem do Aconteceu no Vale, portal de not\u00edcias do Vale do Jequitinhonha, em Minas Gerais. Cobrimos as 51 cidades do Vale desde 2013. Sugest\u00f5es de pauta e pedidos de corre\u00e7\u00e3o: contato@aconteceunovale.com.br","sameAs":["http:\/\/www.aconteceunovale.com.br"],"url":"https:\/\/aconteceunovale.com.br\/portal\/?author=1"}]}},"_links":{"self":[{"href":"https:\/\/aconteceunovale.com.br\/portal\/index.php?rest_route=\/wp\/v2\/posts\/155077","targetHints":{"allow":["GET"]}}],"collection":[{"href":"https:\/\/aconteceunovale.com.br\/portal\/index.php?rest_route=\/wp\/v2\/posts"}],"about":[{"href":"https:\/\/aconteceunovale.com.br\/portal\/index.php?rest_route=\/wp\/v2\/types\/post"}],"author":[{"embeddable":true,"href":"https:\/\/aconteceunovale.com.br\/portal\/index.php?rest_route=\/wp\/v2\/users\/1"}],"replies":[{"embeddable":true,"href":"https:\/\/aconteceunovale.com.br\/portal\/index.php?rest_route=%2Fwp%2Fv2%2Fcomments&post=155077"}],"version-history":[{"count":1,"href":"https:\/\/aconteceunovale.com.br\/portal\/index.php?rest_route=\/wp\/v2\/posts\/155077\/revisions"}],"predecessor-version":[{"id":155079,"href":"https:\/\/aconteceunovale.com.br\/portal\/index.php?rest_route=\/wp\/v2\/posts\/155077\/revisions\/155079"}],"wp:featuredmedia":[{"embeddable":true,"href":"https:\/\/aconteceunovale.com.br\/portal\/index.php?rest_route=\/wp\/v2\/media\/155078"}],"wp:attachment":[{"href":"https:\/\/aconteceunovale.com.br\/portal\/index.php?rest_route=%2Fwp%2Fv2%2Fmedia&parent=155077"}],"wp:term":[{"taxonomy":"category","embeddable":true,"href":"https:\/\/aconteceunovale.com.br\/portal\/index.php?rest_route=%2Fwp%2Fv2%2Fcategories&post=155077"},{"taxonomy":"post_tag","embeddable":true,"href":"https:\/\/aconteceunovale.com.br\/portal\/index.php?rest_route=%2Fwp%2Fv2%2Ftags&post=155077"}],"curies":[{"name":"wp","href":"https:\/\/api.w.org\/{rel}","templated":true}]}}