{"id":155006,"date":"2019-11-19T21:29:26","date_gmt":"2019-11-20T00:29:26","guid":{"rendered":"http:\/\/aconteceunovale.com.br\/portal\/?p=155006"},"modified":"2019-11-19T21:43:56","modified_gmt":"2019-11-20T00:43:56","slug":"dificuldades-da-unimontes-serao-discutidas-em-audiencia","status":"publish","type":"post","link":"https:\/\/aconteceunovale.com.br\/portal\/?p=155006","title":{"rendered":"Dificuldades da Unimontes ser\u00e3o discutidas em audi\u00eancia"},"content":{"rendered":"\n<p>Escassez de recursos financeiros,\u00a0<em>deficit<\/em>\u00a0do quadro docente, dificuldades nos conv\u00eanios com as prefeituras e falta de apoio e recursos para pesquisa e extens\u00e3o. Estes s\u00e3o alguns dos\u00a0problemas enfrentados pela Universidade Estadual de Montes Claros (Unimontes), no Norte de Minas, e que ser\u00e3o debatidos pela Comiss\u00e3o de Educa\u00e7\u00e3o, Ci\u00eancia e Tecnologia da Assembleia Legislativa de Minas Gerais (ALMG), em audi\u00eancia p\u00fablica nesta quarta-feira (20\/11\/19), \u00e0s 14h30, no Espa\u00e7o Jos\u00e9 Aparecido de Oliveira.<\/p>\n\n\n\n<p>O requerimento de audi\u00eancia \u00e9 uma iniciativa conjunta das deputadas Beatriz Cerqueira e Leninha, ambas do PT, e do deputado Professor Cleiton (PSB).<\/p>\n\n\n\n<p>&#8220;A reuni\u00e3o atende a demanda dos representantes da comunidade acad\u00eamica, encaminhada por entidades que temem a\u00a0precariza\u00e7\u00e3o das condi\u00e7\u00f5es de trabalho e funcionamento na Unimontes\u201d, informa a deputada Beatriz Cerqueira, presidenta da comiss\u00e3o.<\/p>\n\n\n\n<p>Entre as\u00a0den\u00fancias encaminhadas pela Associa\u00e7\u00e3o de Docentes da Unimontes (Adunimontes) e pelo Sindicato Nacional dos Docentes das Institui\u00e7\u00f5es de Ensino Superior (Andes-SN), consta que, no dia 29 de outubro, a dire\u00e7\u00e3o da universidade divulgou o cancelamento de concess\u00e3o de dedica\u00e7\u00e3o exclusiva para aproximadamente 100 professores efetivos. A comunidade acad\u00eamica teme que essa mudan\u00e7a na carga hor\u00e1ria dos professores comprometa as atividades de pesquisa e extens\u00e3o.<\/p>\n\n\n\n<figure class=\"wp-block-image\"><img loading=\"lazy\" decoding=\"async\" width=\"640\" height=\"425\" src=\"http:\/\/aconteceunovale.com.br\/portal\/wp-content\/uploads\/2019\/11\/unimontes.jpg\" alt=\"\" class=\"wp-image-155007\" srcset=\"https:\/\/aconteceunovale.com.br\/portal\/wp-content\/uploads\/2019\/11\/unimontes.jpg 640w, https:\/\/aconteceunovale.com.br\/portal\/wp-content\/uploads\/2019\/11\/unimontes-300x199.jpg 300w, https:\/\/aconteceunovale.com.br\/portal\/wp-content\/uploads\/2019\/11\/unimontes-632x420.jpg 632w\" sizes=\"auto, (max-width: 640px) 100vw, 640px\" \/><figcaption><em>Foto: Sarah Torres \/ ALMG<\/em><\/figcaption><\/figure>\n\n\n\n<p><strong>Privatiza\u00e7\u00e3o<\/strong>&nbsp;&#8211; Em nota, o Sindicato Nacional da categoria alega que a decis\u00e3o \u00e9 \u201carbitr\u00e1ria e fere a autonomia universit\u00e1ria\u201d, instituto previsto na Constitui\u00e7\u00e3o Federal. A entidade aponta tamb\u00e9m para \u201co sucateamento do trabalho docente\u201d e acrescenta que a medida promove a \u201cdegrada\u00e7\u00e3o significativa da produ\u00e7\u00e3o acad\u00eamico-cient\u00edfica na Universidade Estadual de Montes Claros\u201d.<\/p>\n\n\n\n<p>\u201cEntendemos que a Dedica\u00e7\u00e3o Exclusiva \u00e9 um pressuposto fundamental do trabalho docente de qualidade em seu trip\u00e9 indissoci\u00e1vel de Ensino, Pesquisa e Extens\u00e3o, como apontam todas as universidades federais, e importantes universidades estaduais como USP, Unicamp e Uneb, entre outras\u201d, prossegue a nota, concluindo que \u201cessa atitude intempestiva e leviana representa mais um passo largo para a precariza\u00e7\u00e3o, e para o\u00a0lento e velado processo de privatiza\u00e7\u00e3o das Universidades Estaduais do Estado de Minas Gerais\u201d.<\/p>\n\n\n\n<p>Entre outras autoridades, foram convidados a participar da audi\u00eancia o reitor da Unimontes, Antonio Alvimar Souza, secret\u00e1rios de Estado e l\u00edderes sindicais e estudantis.<\/p>\n\n\n\n<p class=\"has-text-color has-background has-very-light-gray-color has-very-dark-gray-background-color\"><strong>VER PRIMEIRO: <\/strong>Receba as not\u00edcias do Aconteceu no Vale em primeira m\u00e3o. Clique em curtir no endere\u00e7o <a href=\"https:\/\/www.facebook.com\/aconteceunovale\" target=\"_blank\" rel=\"noreferrer noopener\">www.facebook.com\/aconteceunovale<\/a>.<\/p>\n","protected":false},"excerpt":{"rendered":"<p>Escassez de recursos financeiros,\u00a0deficit\u00a0do quadro docente, dificuldades nos conv\u00eanios com as prefeituras e falta de apoio e recursos para pesquisa e extens\u00e3o. Estes s\u00e3o alguns dos\u00a0problemas enfrentados pela Universidade Estadual de Montes Claros (Unimontes), no Norte de Minas, e que ser\u00e3o debatidos pela Comiss\u00e3o de Educa\u00e7\u00e3o, Ci\u00eancia e Tecnologia da Assembleia Legislativa de Minas Gerais [&hellip;]<\/p>\n","protected":false},"author":1,"featured_media":155007,"comment_status":"open","ping_status":"closed","sticky":false,"template":"","format":"standard","meta":{"amp_status":"","footnotes":""},"categories":[40238,1236],"tags":[14145,752,34716,210758,40013,210755,210754,210759,210753,210756,210757,203433,46611,763,18174],"class_list":["post-155006","post","type-post","status-publish","format-standard","has-post-thumbnail","hentry","category-educacao-2","category-norte_de_minas","tag-adunimontes","tag-almg","tag-andes-sn","tag-associacao-de-docentes-da-unimontes","tag-beatriz-cerqueira","tag-crise-financeira-unimontes","tag-crise-unimontes","tag-dificuldades-da-unimontes-serao-discutidas-em-audiencia","tag-dificuldades-unimontes","tag-escassez-de-recursos-financeiros-unimontes","tag-leninha","tag-professor-cleiton","tag-sindicato-nacional-dos-docentes-das-instituicoes-de-ensino-superior","tag-unimontes","tag-universidade-estadual-de-montes-claros"],"_links":{"self":[{"href":"https:\/\/aconteceunovale.com.br\/portal\/index.php?rest_route=\/wp\/v2\/posts\/155006","targetHints":{"allow":["GET"]}}],"collection":[{"href":"https:\/\/aconteceunovale.com.br\/portal\/index.php?rest_route=\/wp\/v2\/posts"}],"about":[{"href":"https:\/\/aconteceunovale.com.br\/portal\/index.php?rest_route=\/wp\/v2\/types\/post"}],"author":[{"embeddable":true,"href":"https:\/\/aconteceunovale.com.br\/portal\/index.php?rest_route=\/wp\/v2\/users\/1"}],"replies":[{"embeddable":true,"href":"https:\/\/aconteceunovale.com.br\/portal\/index.php?rest_route=%2Fwp%2Fv2%2Fcomments&post=155006"}],"version-history":[{"count":1,"href":"https:\/\/aconteceunovale.com.br\/portal\/index.php?rest_route=\/wp\/v2\/posts\/155006\/revisions"}],"predecessor-version":[{"id":155008,"href":"https:\/\/aconteceunovale.com.br\/portal\/index.php?rest_route=\/wp\/v2\/posts\/155006\/revisions\/155008"}],"wp:featuredmedia":[{"embeddable":true,"href":"https:\/\/aconteceunovale.com.br\/portal\/index.php?rest_route=\/wp\/v2\/media\/155007"}],"wp:attachment":[{"href":"https:\/\/aconteceunovale.com.br\/portal\/index.php?rest_route=%2Fwp%2Fv2%2Fmedia&parent=155006"}],"wp:term":[{"taxonomy":"category","embeddable":true,"href":"https:\/\/aconteceunovale.com.br\/portal\/index.php?rest_route=%2Fwp%2Fv2%2Fcategories&post=155006"},{"taxonomy":"post_tag","embeddable":true,"href":"https:\/\/aconteceunovale.com.br\/portal\/index.php?rest_route=%2Fwp%2Fv2%2Ftags&post=155006"}],"curies":[{"name":"wp","href":"https:\/\/api.w.org\/{rel}","templated":true}]}}