{"id":154973,"date":"2019-11-19T18:49:20","date_gmt":"2019-11-19T21:49:20","guid":{"rendered":"http:\/\/aconteceunovale.com.br\/portal\/?p=154973"},"modified":"2019-11-19T18:50:07","modified_gmt":"2019-11-19T21:50:07","slug":"iniciado-periodo-para-renovacao-de-matricula-na-rede-publica-estadual-de-minas-gerais","status":"publish","type":"post","link":"https:\/\/aconteceunovale.com.br\/portal\/?p=154973","title":{"rendered":"Iniciado per\u00edodo para renova\u00e7\u00e3o de matr\u00edcula na rede p\u00fablica estadual de Minas Gerais"},"content":{"rendered":"\n<p>Pais ou respons\u00e1veis dos alunos das escolas p\u00fablicas estaduais de Minas Gerais devem ficar atentos. A partir desta ter\u00e7a-feira (19\/11), j\u00e1 est\u00e1 em andamento o per\u00edodo de renova\u00e7\u00e3o de matr\u00edculas de todos os estudantes que, em 2020, continuar\u00e3o estudando na mesma escola estadual em que estiveram matriculados neste ano. Todas as informa\u00e7\u00f5es e orienta\u00e7\u00f5es sobre o assunto est\u00e3o na Resolu\u00e7\u00e3o n\u00ba 4.231, publicada no\u00a0<a rel=\"noreferrer noopener\" href=\"http:\/\/www.jornalminasgerais.mg.gov.br\/\" target=\"_blank\">Di\u00e1rio Oficial de Minas Gerais<\/a>\u00a0da \u00faltima sexta-feira (15\/11).<br><br>O per\u00edodo de renova\u00e7\u00e3o vai at\u00e9 o dia 6 de dezembro. Neste per\u00edodo, \u00e9\u00a0importante que os pais ou respons\u00e1veis procurem a escola do seu filho e apresentem todos os documentos solicitados para confirmar a matr\u00edcula. O procedimento \u00e9 a \u00fanica maneira de\u00a0garantir a vaga do aluno na escola em que ele j\u00e1 est\u00e1 matriculado e estudando.<br><br>A subsecret\u00e1ria de Desenvolvimento da Educa\u00e7\u00e3o B\u00e1sica da\u00a0Secretaria de Estado de Educa\u00e7\u00e3o (SEE), Geniana Guimar\u00e3es Faria, detalha a a\u00e7\u00e3o na rede estadual. \u201cEste \u00e9 um processo novo,\u00a0implantado a partir deste ano, j\u00e1 valendo para as matr\u00edculas do ano que vem&#8221;, observa. &#8220;Essa nova orienta\u00e7\u00e3o vale tanto para o ensino fundamental, do 1\u00ba ao 9\u00ba ano, quanto para o ensino m\u00e9dio\u201d, ressalta.<br><br>Ao receber a documenta\u00e7\u00e3o completa, a escola dever\u00e1 entregar o comprovante da efetiva\u00e7\u00e3o de renova\u00e7\u00e3o de matr\u00edcula naquela institui\u00e7\u00e3o. Caso a escola n\u00e3o ofere\u00e7a a etapa na qual o aluno dever\u00e1 ser matriculado para o pr\u00f3ximo ano, os pais ou respons\u00e1veis ser\u00e3o orientados sobre como proceder na realiza\u00e7\u00e3o da pr\u00e9-matr\u00edcula da rede estadual.<br><br>Confira, a seguir, a\u00a0rela\u00e7\u00e3o dos documentos necess\u00e1rios na hora de renovar\u00a0presencialmente a matr\u00edcula na escola. Para todos os listados, \u00e9\u00a0necess\u00e1rio levar original e c\u00f3pia:<\/p>\n\n\n\n<ul class=\"wp-block-list\"><li>Documento de Identidade ou, na sua aus\u00eancia, Certid\u00e3o de Nascimento do aluno, original e c\u00f3pia;<\/li><li>CPF do aluno, original e c\u00f3pia, sendo obrigat\u00f3ria a apresenta\u00e7\u00e3o se o aluno for maior de idade e facultativa quando menor de idade;<\/li><li>Comprovante de resid\u00eancia, original e c\u00f3pia, no nome de um dos pais\/respons\u00e1veis ou do aluno. S\u00e3o considerados comprovantes v\u00e1lidos as contas de \u00e1gua, de energia ou telefone;<\/li><li>Ficha de renova\u00e7\u00e3o assinada pelo aluno, quando maior de idade, ou pelo seu respons\u00e1vel legal, quando menor de idade;<\/li><li>Para a renova\u00e7\u00e3o da matr\u00edcula do aluno menor de idade, \u00e9 necess\u00e1ria, ainda, a apresenta\u00e7\u00e3o de documento de identidade e do CPF, originais e c\u00f3pias, de um dos pais\/respons\u00e1veis;<\/li><li>Para o estudante com Defici\u00eancia, Transtornos Globais do Desenvolvimento e Altas habilidades\/Superdota\u00e7\u00e3o, \u00e9 necess\u00e1ria a apresenta\u00e7\u00e3o de laudo m\u00e9dico.<\/li><\/ul>\n\n\n\n<p><strong>Mudan\u00e7a de escola ou retorno aos estudos<\/strong><\/p>\n\n\n\n<p>Quem est\u00e1 matriculado na rede p\u00fablica estadual, mas precisa ou quer mudar para outra escola estadual no pr\u00f3ximo ano, deve ficar atento, pois\u00a0o processo \u00e9 diferente. Primeiramente, h\u00e1 a necessidade de fazer uma pr\u00e9-matr\u00edcula pela internet. Nesta pr\u00e9-matr\u00edcula, os estudantes v\u00e3o sinalizar o interesse pela mudan\u00e7a. Todos os casos ser\u00e3o analisados e, no final de dezembro, os resultados da aloca\u00e7\u00e3o ser\u00e3o divulgados.<\/p>\n\n\n\n<p>Tamb\u00e9m podem fazer a inscri\u00e7\u00e3o on-line na pr\u00e9-matr\u00edcula alunos\u00a0 vindos de outras redes de ensino e que querem ingressar na rede estadual em 2020, al\u00e9m daqueles que abandonaram os estudos e desejam voltar \u00e0s salas de aula no ensino fundamental, ensino m\u00e9dio ou na educa\u00e7\u00e3o de jovens e adultos.<\/p>\n\n\n\n<p>Nestes casos, a\u00a0pr\u00e9-matr\u00edcula deve\u00a0ser feita em\u00a0<a rel=\"noreferrer noopener\" href=\"http:\/\/www.matricula.educacao.mg.gov.br\/\" target=\"_blank\">www.matricula.educacao.mg.gov.br<\/a>. O prazo para essa iniciativa come\u00e7a s\u00f3 no final de novembro, de 28\/11 a 16\/12.<\/p>\n\n\n\n<p><strong>Matr\u00edculas 2020<\/strong><\/p>\n\n\n\n<p>Para quem realizou o cadastramento escolar em julho deste ano e para os que se inscreveram na pr\u00e9-matr\u00edcula, a hora de confirmar, garantir a vaga e concluir o processo de matr\u00edcula na rede p\u00fablica estadual ser\u00e1 em janeiro de 2020.<\/p>\n\n\n\n<p>De 6 a 20 de janeiro, os pais, respons\u00e1veis ou o pr\u00f3prio aluno (quando maior de 18 anos)\u00a0dever\u00e3o comparecer \u00e0s unidades escolares da rede p\u00fablica para as quais foram encaminhados, com a rela\u00e7\u00e3o de documentos em m\u00e3os\u00a0para efetivar a matr\u00edcula.<\/p>\n\n\n\n<p>O n\u00e3o comparecimento na escola indicada dentro do per\u00edodo de matr\u00edcula, com todos os documentos necess\u00e1rios, ter\u00e1 como consequ\u00eancia a perda da garantia de vaga naquela institui\u00e7\u00e3o. Nesta situa\u00e7\u00e3o, o\u00a0interessado ter\u00e1 de aguardar o per\u00edodo de distribui\u00e7\u00e3o das vagas remanescentes para realizar a matr\u00edcula na escola onde ainda houver vagas.<\/p>\n\n\n\n<p class=\"has-text-color has-background has-very-light-gray-color has-very-dark-gray-background-color\"><strong>VER PRIMEIRO: <\/strong>Receba as not\u00edcias do Aconteceu no Vale em primeira m\u00e3o. Clique em curtir no endere\u00e7o <a href=\"https:\/\/www.facebook.com\/aconteceunovale\" target=\"_blank\" rel=\"noreferrer noopener\">www.facebook.com\/aconteceunovale<\/a>.<\/p>\n","protected":false},"excerpt":{"rendered":"<p>Pais ou respons\u00e1veis dos alunos das escolas p\u00fablicas estaduais de Minas Gerais devem ficar atentos. A partir desta ter\u00e7a-feira (19\/11), j\u00e1 est\u00e1 em andamento o per\u00edodo de renova\u00e7\u00e3o de matr\u00edculas de todos os estudantes que, em 2020, continuar\u00e3o estudando na mesma escola estadual em que estiveram matriculados neste ano. Todas as informa\u00e7\u00f5es e orienta\u00e7\u00f5es sobre [&hellip;]<\/p>\n","protected":false},"author":1,"featured_media":154974,"comment_status":"open","ping_status":"closed","sticky":false,"template":"","format":"standard","meta":{"amp_status":"","footnotes":""},"categories":[40238,123],"tags":[210678,210679,6546,210682,210680,210681,210677,210676,133841],"class_list":["post-154973","post","type-post","status-publish","format-standard","has-post-thumbnail","hentry","category-educacao-2","category-gerais","tag-documentos-necessarios-para-mudanca-de-escola","tag-documentos-necessarios-para-renovacao-de-matricula","tag-governo-de-minas","tag-iniciado-periodo-para-renovacao-de-matricula-na-rede-publica-estadual-de-minas-gerais","tag-matriculas-2020-minas-gerais","tag-matriculas-2020-rede-estadual-de-minas-gerais","tag-renovacao-de-matricula-escolas-estaduais-em-minas-gerais","tag-renovacao-de-matricula-na-rede-estadual","tag-see-mg"],"_links":{"self":[{"href":"https:\/\/aconteceunovale.com.br\/portal\/index.php?rest_route=\/wp\/v2\/posts\/154973","targetHints":{"allow":["GET"]}}],"collection":[{"href":"https:\/\/aconteceunovale.com.br\/portal\/index.php?rest_route=\/wp\/v2\/posts"}],"about":[{"href":"https:\/\/aconteceunovale.com.br\/portal\/index.php?rest_route=\/wp\/v2\/types\/post"}],"author":[{"embeddable":true,"href":"https:\/\/aconteceunovale.com.br\/portal\/index.php?rest_route=\/wp\/v2\/users\/1"}],"replies":[{"embeddable":true,"href":"https:\/\/aconteceunovale.com.br\/portal\/index.php?rest_route=%2Fwp%2Fv2%2Fcomments&post=154973"}],"version-history":[{"count":1,"href":"https:\/\/aconteceunovale.com.br\/portal\/index.php?rest_route=\/wp\/v2\/posts\/154973\/revisions"}],"predecessor-version":[{"id":154975,"href":"https:\/\/aconteceunovale.com.br\/portal\/index.php?rest_route=\/wp\/v2\/posts\/154973\/revisions\/154975"}],"wp:featuredmedia":[{"embeddable":true,"href":"https:\/\/aconteceunovale.com.br\/portal\/index.php?rest_route=\/wp\/v2\/media\/154974"}],"wp:attachment":[{"href":"https:\/\/aconteceunovale.com.br\/portal\/index.php?rest_route=%2Fwp%2Fv2%2Fmedia&parent=154973"}],"wp:term":[{"taxonomy":"category","embeddable":true,"href":"https:\/\/aconteceunovale.com.br\/portal\/index.php?rest_route=%2Fwp%2Fv2%2Fcategories&post=154973"},{"taxonomy":"post_tag","embeddable":true,"href":"https:\/\/aconteceunovale.com.br\/portal\/index.php?rest_route=%2Fwp%2Fv2%2Ftags&post=154973"}],"curies":[{"name":"wp","href":"https:\/\/api.w.org\/{rel}","templated":true}]}}