{"id":154969,"date":"2019-11-19T18:41:26","date_gmt":"2019-11-19T21:41:26","guid":{"rendered":"http:\/\/aconteceunovale.com.br\/portal\/?p=154969"},"modified":"2019-11-19T18:42:43","modified_gmt":"2019-11-19T21:42:43","slug":"agricultores-retomam-producao-de-uvas-em-congonhas-do-norte","status":"publish","type":"post","link":"https:\/\/aconteceunovale.com.br\/portal\/?p=154969","title":{"rendered":"Agricultores retomam produ\u00e7\u00e3o de uvas em Congonhas do Norte"},"content":{"rendered":"\n<p>Congonhas do Norte \u00e9 um munic\u00edpio localizado na regi\u00e3o central de Minas Gerais, a cerca de 200 quil\u00f4metros de Belo Horizonte. No campo, as principais atividades desenvolvidas s\u00e3o a bovinocultura de leite e corte, a produ\u00e7\u00e3o de cacha\u00e7a, hortali\u00e7as, milho e feij\u00e3o. Por\u00e9m, uma fruta que j\u00e1 foi muito cultivada h\u00e1 mais de um s\u00e9culo promete ocupar novamente as terras locais: a uva.<\/p>\n\n\n\n<p>\n\nSegundo relatos, por volta de 1850, foram feitos os primeiros plantios de uva por uma fam\u00edlia que passou a produzir vinhos. Em pouco tempo, outros produtores aderiram \u00e0 ideia. O cultivo era feito em grandes \u00e1reas nos quintais das casas e fazendas. A produ\u00e7\u00e3o, beneficiada pelo solo, clima e altitudes favor\u00e1veis, teve seu auge a partir de 1940. Cerca de 30 anos depois, come\u00e7ou o decl\u00ednio da atividade. A falta de renova\u00e7\u00e3o das plantas provocou o desgaste das parreiras e muitas lavouras foram ocupadas por constru\u00e7\u00f5es.<\/p>\n\n\n\n<p>Por\u00e9m, agricultores das fam\u00edlias que antigamente produziam uvas, e que ainda t\u00eam videiras remanescentes nos quintais, se interessaram em voltar a produzir a fruta, como alternativa de renda. Para garantir o plantio com t\u00e9cnicas adequadas e eficientes, procuraram a\u00a0Emater-MG, empresa vinculada \u00e0\u00a0Secretaria de Estado de Agricultura, Pecu\u00e1ria e Abastecimento (Seapa).<\/p>\n\n\n\n<p>\u201cImplantamos tr\u00eas unidades demonstrativas em propriedades do munic\u00edpio. A primeira \u00e1rea foi plantada no ano passado, com 250 mudas e est\u00e1 prestes a iniciar a colheita. As outras duas unidades foram formadas recentemente e come\u00e7am a produzir no ano que vem. No total foram plantadas 550 mudas. A forma\u00e7\u00e3o destas unidades demonstrativas est\u00e1 despertando o interesse de mais produtores da regi\u00e3o\u201d, explica o t\u00e9cnico da Emater-MG no munic\u00edpio, Valdecir de Oliveira Cirino. <\/p>\n\n\n\n<p>As variedades plantadas s\u00e3o a Ni\u00e1gara Rosa, a Ni\u00e1gara Bord\u00f4 e a Isabel Precoce. Estas uvas foram escolhidas pela rusticidade e boa toler\u00e2ncia a doen\u00e7as. Os agricultores tamb\u00e9m est\u00e3o investindo em projetos de irriga\u00e7\u00e3o para as lavouras e a produ\u00e7\u00e3o esperada \u00e9 de 10 a 12 toneladas por hectare na primeira safra e de 15 a 20 toneladas nas safras seguintes. Para o ano que vem, a expectativa \u00e9 que sejam implantadas tr\u00eas novas unidades em outras propriedades de Congonhas do Norte.<\/p>\n\n\n\n<figure class=\"wp-block-image is-resized\"><img loading=\"lazy\" decoding=\"async\" src=\"http:\/\/aconteceunovale.com.br\/portal\/wp-content\/uploads\/2019\/11\/uva_congonhas_1.jpeg\" alt=\"\" class=\"wp-image-154970\" width=\"635\" height=\"476\" srcset=\"https:\/\/aconteceunovale.com.br\/portal\/wp-content\/uploads\/2019\/11\/uva_congonhas_1.jpeg 600w, https:\/\/aconteceunovale.com.br\/portal\/wp-content\/uploads\/2019\/11\/uva_congonhas_1-300x225.jpeg 300w, https:\/\/aconteceunovale.com.br\/portal\/wp-content\/uploads\/2019\/11\/uva_congonhas_1-80x60.jpeg 80w, https:\/\/aconteceunovale.com.br\/portal\/wp-content\/uploads\/2019\/11\/uva_congonhas_1-265x198.jpeg 265w, https:\/\/aconteceunovale.com.br\/portal\/wp-content\/uploads\/2019\/11\/uva_congonhas_1-560x420.jpeg 560w\" sizes=\"auto, (max-width: 635px) 100vw, 635px\" \/><figcaption><em>Foto: Divulga\u00e7\u00e3o \/ Emater-MG<\/em><\/figcaption><\/figure>\n\n\n\n<p><strong>Produ\u00e7\u00e3o de vinhos<\/strong><\/p>\n\n\n\n<p>O t\u00e9cnico da Emater-MG explica que a ideia \u00e9 vender as uvas para o consumo in natura e tamb\u00e9m para produ\u00e7\u00e3o artesanal de sucos e vinhos.<\/p>\n\n\n\n<p>\u201cAl\u00e9m de Congonhas do Norte, a fruta pode ser comercializada nas feiras dos munic\u00edpios de Concei\u00e7\u00e3o do Mato Dentro e de Diamantina. Outra possibilidade \u00e9 a comercializa\u00e7\u00e3o por agricultores familiares, que investirem na produ\u00e7\u00e3o de uva, pelo Programa Nacional de Alimenta\u00e7\u00e3o Escolar (Pnae)\u201d, afirma.<\/p>\n\n\n\n<p>A produtora Maria Saldanha \u00e9 uma das respons\u00e1veis pela retomada da produ\u00e7\u00e3o de uvas em Congonhas do Norte. Ela conta que a atividade era desenvolvida pelos av\u00f3s e pelos pais h\u00e1 mais de 60 anos e que, na propriedade da fam\u00edlia, ainda se encontram algumas videiras antigas, que est\u00e3o sendo recuperadas.<\/p>\n\n\n\n<p>Depois de se aposentar, Maria Saldanha voltou a morar no munic\u00edpio. Com a inten\u00e7\u00e3o de fazer um novo plantio de uvas, com as variedades adequadas, procurou a Emater-MG e est\u00e1 entusiasmada com os p\u00e9s carregados. \u201cOs p\u00e9s est\u00e3o lindos. Cheios de cachos\u201d, comemora.<\/p>\n\n\n\n<p>De acordo com a produtora, no s\u00edtio onde vive j\u00e1 existe produ\u00e7\u00e3o de caf\u00e9, milho e frutas para o consumo familiar, al\u00e9m de um pequeno rebanho leiteiro. Ela tamb\u00e9m tem um alambique para produ\u00e7\u00e3o de cacha\u00e7a artesanal, mas quer ampliar a produ\u00e7\u00e3o de bebidas. \u201cVamos usar a estrutura que j\u00e1 existe para produ\u00e7\u00e3o de cacha\u00e7a e come\u00e7ar tamb\u00e9m a produ\u00e7\u00e3o de vinho artesanal. Essa \u00e9 a nossa ideia, diversificar\u201d, afirma. <\/p>\n\n\n\n<p class=\"has-text-color has-background has-very-light-gray-color has-very-dark-gray-background-color\"><strong>VER PRIMEIRO: <\/strong>Receba as not\u00edcias do Aconteceu no Vale em primeira m\u00e3o. Clique em curtir no endere\u00e7o <a href=\"https:\/\/www.facebook.com\/aconteceunovale\" target=\"_blank\" rel=\"noreferrer noopener\">www.facebook.com\/aconteceunovale<\/a>.<\/p>\n","protected":false},"excerpt":{"rendered":"<p>Congonhas do Norte \u00e9 um munic\u00edpio localizado na regi\u00e3o central de Minas Gerais, a cerca de 200 quil\u00f4metros de Belo Horizonte. No campo, as principais atividades desenvolvidas s\u00e3o a bovinocultura de leite e corte, a produ\u00e7\u00e3o de cacha\u00e7a, hortali\u00e7as, milho e feij\u00e3o. Por\u00e9m, uma fruta que j\u00e1 foi muito cultivada h\u00e1 mais de um s\u00e9culo [&hellip;]<\/p>\n","protected":false},"author":1,"featured_media":154971,"comment_status":"open","ping_status":"closed","sticky":false,"template":"","format":"standard","meta":{"amp_status":"","footnotes":""},"categories":[123],"tags":[210666,628,5485,210674,198,25775,210673,210675,210670,210669,210671,210667,210668,210672],"class_list":["post-154969","post","type-post","status-publish","format-standard","has-post-thumbnail","hentry","category-gerais","tag-agricultores-retomam-producao-de-uvas-em-congonhas-do-norte","tag-conceicao-do-mato-dentro","tag-congonhas-do-norte","tag-cultivo-de-uva-em-congonhas-do-norte","tag-diamantina","tag-emater-mg","tag-emater-mg-congonhas-do-norte","tag-maria-saldanha","tag-parreiral-congonhas-do-norte","tag-parreiras-congonhas-do-norte","tag-plantio-de-uva-em-congonhas-do-norte","tag-producao-de-uvas-em-congonhas-do-norte","tag-uva-congonhas-do-norte","tag-valdecir-de-oliveira-cirino"],"_links":{"self":[{"href":"https:\/\/aconteceunovale.com.br\/portal\/index.php?rest_route=\/wp\/v2\/posts\/154969","targetHints":{"allow":["GET"]}}],"collection":[{"href":"https:\/\/aconteceunovale.com.br\/portal\/index.php?rest_route=\/wp\/v2\/posts"}],"about":[{"href":"https:\/\/aconteceunovale.com.br\/portal\/index.php?rest_route=\/wp\/v2\/types\/post"}],"author":[{"embeddable":true,"href":"https:\/\/aconteceunovale.com.br\/portal\/index.php?rest_route=\/wp\/v2\/users\/1"}],"replies":[{"embeddable":true,"href":"https:\/\/aconteceunovale.com.br\/portal\/index.php?rest_route=%2Fwp%2Fv2%2Fcomments&post=154969"}],"version-history":[{"count":1,"href":"https:\/\/aconteceunovale.com.br\/portal\/index.php?rest_route=\/wp\/v2\/posts\/154969\/revisions"}],"predecessor-version":[{"id":154972,"href":"https:\/\/aconteceunovale.com.br\/portal\/index.php?rest_route=\/wp\/v2\/posts\/154969\/revisions\/154972"}],"wp:featuredmedia":[{"embeddable":true,"href":"https:\/\/aconteceunovale.com.br\/portal\/index.php?rest_route=\/wp\/v2\/media\/154971"}],"wp:attachment":[{"href":"https:\/\/aconteceunovale.com.br\/portal\/index.php?rest_route=%2Fwp%2Fv2%2Fmedia&parent=154969"}],"wp:term":[{"taxonomy":"category","embeddable":true,"href":"https:\/\/aconteceunovale.com.br\/portal\/index.php?rest_route=%2Fwp%2Fv2%2Fcategories&post=154969"},{"taxonomy":"post_tag","embeddable":true,"href":"https:\/\/aconteceunovale.com.br\/portal\/index.php?rest_route=%2Fwp%2Fv2%2Ftags&post=154969"}],"curies":[{"name":"wp","href":"https:\/\/api.w.org\/{rel}","templated":true}]}}