{"id":154966,"date":"2019-11-19T13:34:54","date_gmt":"2019-11-19T16:34:54","guid":{"rendered":"http:\/\/aconteceunovale.com.br\/portal\/?p=154966"},"modified":"2019-11-19T13:38:46","modified_gmt":"2019-11-19T16:38:46","slug":"fazendeiro-e-assassinado-durante-assalto-no-municipio-de-itamarandiba-no-vale-do-jequitinhonha","status":"publish","type":"post","link":"https:\/\/aconteceunovale.com.br\/portal\/?p=154966","title":{"rendered":"Fazendeiro \u00e9 assassinado durante assalto no munic\u00edpio de Itamarandiba, no Vale do Jequitinhonha"},"content":{"rendered":"\n<p>Um homem de 63 anos foi assassinado durante roubo em Itamarandiba, no Vale do Jequitinhonha, nessa segunda-feira (18\/11\/2019). Criminosos invadiram a resid\u00eancia de Adair Lemes de Souza, no Bairro Primeiro de Maio, e colocaram pertences da v\u00edtima no porta-malas de um autom\u00f3vel. <\/p>\n\n\n\n<p>Um\nconhecido do fazendeiro percebeu a movimenta\u00e7\u00e3o estranha e acionou a Pol\u00edcia\nMilitar, que encontrou a casa totalmente revirada. Os materiais roubados n\u00e3o\nforam divulgados.<\/p>\n\n\n\n<p>Em\na\u00e7\u00e3o cont\u00ednua, segundo a PM, militares se deslocaram para a propriedade rural\nde Adair, na regi\u00e3o do Povoado de Santa Joana, onde encontraram a casa aberta e\no idoso morto. <\/p>\n\n\n\n<p>Adair\nLemes estava com as m\u00e3os amarradas e com ferimentos provocados por disparos de\narma de fogo na cabe\u00e7a. A Per\u00edcia da Pol\u00edcia Civil esteve no local e liberou o\ncorpo para o Instituto M\u00e9dico Legal (IML) de Capelinha.<\/p>\n\n\n\n<p>Um cofre que ficava na propriedade rural da v\u00edtima tamb\u00e9m foi levado pelos criminosos. Ningu\u00e9m foi preso at\u00e9 o momento. O crime ser\u00e1 investigado.<\/p>\n\n\n\n<p class=\"has-text-color has-background has-very-light-gray-color has-very-dark-gray-background-color\"><strong>VER PRIMEIRO: <\/strong>Receba as not\u00edcias do Aconteceu no Vale em primeira m\u00e3o. Clique em curtir no endere\u00e7o <a href=\"https:\/\/www.facebook.com\/aconteceunovale\" target=\"_blank\" rel=\"noreferrer noopener\">www.facebook.com\/aconteceunovale<\/a>.<\/p>\n","protected":false},"excerpt":{"rendered":"<p>Um homem de 63 anos foi assassinado durante roubo em Itamarandiba, no Vale do Jequitinhonha, nessa segunda-feira (18\/11\/2019). Criminosos invadiram a resid\u00eancia de Adair Lemes de Souza, no Bairro Primeiro de Maio, e colocaram pertences da v\u00edtima no porta-malas de um autom\u00f3vel. Um conhecido do fazendeiro percebeu a movimenta\u00e7\u00e3o estranha e acionou a Pol\u00edcia Militar, [&hellip;]<\/p>\n","protected":false},"author":1,"featured_media":151866,"comment_status":"open","ping_status":"closed","sticky":false,"template":"","format":"standard","meta":{"amp_status":"","footnotes":""},"categories":[120],"tags":[210662,177623,132,210664,210660,210663,210665,14084,149,210661,14085,61195],"class_list":["post-154966","post","type-post","status-publish","format-standard","has-post-thumbnail","hentry","category-jequi","tag-adair-lemes-de-souza","tag-assassinado-em-itamarandiba","tag-capelinha","tag-fazendeiro-e-assassinado-durante-assalto-no-municipio-de-itamarandiba","tag-fazendeiro-e-assassinado-no-municipio-de-itamarandiba","tag-fazendeiro-e-morto-durante-assalto-no-municipio-de-itamarandiba","tag-fazendeiro-morto-em-itamarandiba","tag-homicidio-em-itamarandiba","tag-itamarandiba","tag-latrocinio-em-itamarandiba","tag-morte-em-itamarandiba","tag-morto-em-itamarandiba"],"_links":{"self":[{"href":"https:\/\/aconteceunovale.com.br\/portal\/index.php?rest_route=\/wp\/v2\/posts\/154966","targetHints":{"allow":["GET"]}}],"collection":[{"href":"https:\/\/aconteceunovale.com.br\/portal\/index.php?rest_route=\/wp\/v2\/posts"}],"about":[{"href":"https:\/\/aconteceunovale.com.br\/portal\/index.php?rest_route=\/wp\/v2\/types\/post"}],"author":[{"embeddable":true,"href":"https:\/\/aconteceunovale.com.br\/portal\/index.php?rest_route=\/wp\/v2\/users\/1"}],"replies":[{"embeddable":true,"href":"https:\/\/aconteceunovale.com.br\/portal\/index.php?rest_route=%2Fwp%2Fv2%2Fcomments&post=154966"}],"version-history":[{"count":1,"href":"https:\/\/aconteceunovale.com.br\/portal\/index.php?rest_route=\/wp\/v2\/posts\/154966\/revisions"}],"predecessor-version":[{"id":154967,"href":"https:\/\/aconteceunovale.com.br\/portal\/index.php?rest_route=\/wp\/v2\/posts\/154966\/revisions\/154967"}],"wp:featuredmedia":[{"embeddable":true,"href":"https:\/\/aconteceunovale.com.br\/portal\/index.php?rest_route=\/wp\/v2\/media\/151866"}],"wp:attachment":[{"href":"https:\/\/aconteceunovale.com.br\/portal\/index.php?rest_route=%2Fwp%2Fv2%2Fmedia&parent=154966"}],"wp:term":[{"taxonomy":"category","embeddable":true,"href":"https:\/\/aconteceunovale.com.br\/portal\/index.php?rest_route=%2Fwp%2Fv2%2Fcategories&post=154966"},{"taxonomy":"post_tag","embeddable":true,"href":"https:\/\/aconteceunovale.com.br\/portal\/index.php?rest_route=%2Fwp%2Fv2%2Ftags&post=154966"}],"curies":[{"name":"wp","href":"https:\/\/api.w.org\/{rel}","templated":true}]}}