{"id":154959,"date":"2019-11-19T12:07:15","date_gmt":"2019-11-19T15:07:15","guid":{"rendered":"http:\/\/aconteceunovale.com.br\/portal\/?p=154959"},"modified":"2019-11-19T12:44:33","modified_gmt":"2019-11-19T15:44:33","slug":"sebrae-minas-lanca-marca-do-cafe-da-chapada-de-minas","status":"publish","type":"post","link":"https:\/\/aconteceunovale.com.br\/portal\/?p=154959","title":{"rendered":"Sebrae lan\u00e7a marca do Caf\u00e9 da Chapada de Minas"},"content":{"rendered":"\n<p>O Sebrae Minas, em parceria com o Instituto do Caf\u00e9 da Chapada de Minas (ICCM), lan\u00e7ou oficialmente a marca coletiva do Caf\u00e9 da Regi\u00e3o da Chapada de Minas, na ter\u00e7a-feira (12\/11\/2019), em Capelinha. O evento aconteceu no audit\u00f3rio do Sicoob Credijequitinhonha e foi prestigiado por autoridades da regi\u00e3o e representantes de entidades ligadas ao setor do agroneg\u00f3cio. O selo \u201cCaf\u00e9 da Chapada de Minas\u201d ser\u00e1 uma garantia de proced\u00eancia para que os produtores possam comprovar a origem do seu produto.<\/p>\n\n\n\n<p>\u201cPor meio do lan\u00e7amento da marca, ajudamos a criar uma imagem de origem da regi\u00e3o Chapada de Minas, diante do mercado mundial. Queremos todos trabalhando em torno da preserva\u00e7\u00e3o dessa marca, pois o Sebrae acredita na for\u00e7a do territ\u00f3rio e da regi\u00e3o\u201d, afirmou o superintendente do Sebrae Minas, Afonso Maria Rocha.<\/p>\n\n\n\n<p>De acordo com a presidente do Instituto do Caf\u00e9 da Chapada de Minas (ICCM), Lidia Meireles, o papel da entidade \u00e9 aproximar compradores de produtores e, principalmente, valorizar o trabalho do pequeno produtor. \u201cOs cafeicultores da regi\u00e3o da Chapada de Minas perceberam que o nosso produto n\u00e3o \u00e9 s\u00f3 uma&nbsp;<em>commodity<\/em>, porque n\u00e3o se toma mais simplesmente um caf\u00e9, vive-se uma experi\u00eancia. E como \u00e9 bom saber que estamos preparados para esse novo conceito e que existem pessoas do outro lado do mundo querendo viver essa experi\u00eancia aqui. Estamos bem assessorados pelo Sebrae, que desde o primeiro instante acreditou na regi\u00e3o e no potencial que ela tem\u201d, disse.<\/p>\n\n\n\n<p>Para o prefeito de Capelinha, Tadeu Filipe Fernandes de Abreu, a marca far\u00e1 com que o nome dos produtores de caf\u00e9 da regi\u00e3o seja conhecido no Brasil e no exterior. &nbsp;&nbsp;\u201cSempre tivemos qualidade, e essa parceria proporcionou uma fant\u00e1stica oportunidade de termos o nosso nome reconhecido. A uni\u00e3o entre grandes e pequenos produtores vai formar a maior marca de caf\u00e9 no futuro. Quem ainda n\u00e3o est\u00e1 associado ao Instituto, a partir de agora, vai lutar para fazer crescer esse nome. Isso foi um dos maiores ganhos que a nossa cafeicultura teve at\u00e9 hoje\u201d, garantiu.<\/p>\n\n\n\n<p>O produtor e empres\u00e1rio Ildeu Caldeira ficou animado com o projeto. Ele acredita que a marca vai agregar valor ao produto, abrir portas e facilitar o acesso a mercados. \u201cPrincipalmente para o pequeno produtor, que precisa de um incentivo. Muitas vezes ele tem condi\u00e7\u00f5es de produzir um caf\u00e9 at\u00e9 melhor do que os grandes, por ser um volume menor, mas eles precisam ser orientados dos processos exigidos\u201d.<\/p>\n\n\n\n<p>Segundo o gerente da Regional Jequitinhonha e Mucuri do Sebrae Minas, Rog\u00e9rio Nunes Fernandes, a marca Caf\u00e9 da Chapada de Minas representa um divisor de \u00e1guas para os produtores da regi\u00e3o. \u201c\u00c9 colocar no mapa do mundo uma marca de uma regi\u00e3o que j\u00e1 tem uma produ\u00e7\u00e3o de qualidade. Uma oportunidade de integrar pequenos, m\u00e9dios e grandes produtores em torno de um ideal. Hoje, \u00e9 motivo de muita alegria\u201d, afirmou.<\/p>\n\n\n\n<figure class=\"wp-block-image\"><img loading=\"lazy\" decoding=\"async\" width=\"675\" height=\"450\" src=\"http:\/\/aconteceunovale.com.br\/portal\/wp-content\/uploads\/2019\/11\/cafe_chapada_de_minas_1.jpg\" alt=\"\" class=\"wp-image-154960\" srcset=\"https:\/\/aconteceunovale.com.br\/portal\/wp-content\/uploads\/2019\/11\/cafe_chapada_de_minas_1.jpg 675w, https:\/\/aconteceunovale.com.br\/portal\/wp-content\/uploads\/2019\/11\/cafe_chapada_de_minas_1-300x200.jpg 300w, https:\/\/aconteceunovale.com.br\/portal\/wp-content\/uploads\/2019\/11\/cafe_chapada_de_minas_1-630x420.jpg 630w\" sizes=\"auto, (max-width: 675px) 100vw, 675px\" \/><figcaption><em>Foto: Divulga\u00e7\u00e3o \/ Sebrae Minas<\/em><\/figcaption><\/figure>\n\n\n\n<figure class=\"wp-block-image\"><img loading=\"lazy\" decoding=\"async\" width=\"675\" height=\"450\" src=\"http:\/\/aconteceunovale.com.br\/portal\/wp-content\/uploads\/2019\/11\/cafe_chapada_de_minas_2.jpg\" alt=\"\" class=\"wp-image-154961\" srcset=\"https:\/\/aconteceunovale.com.br\/portal\/wp-content\/uploads\/2019\/11\/cafe_chapada_de_minas_2.jpg 675w, https:\/\/aconteceunovale.com.br\/portal\/wp-content\/uploads\/2019\/11\/cafe_chapada_de_minas_2-300x200.jpg 300w, https:\/\/aconteceunovale.com.br\/portal\/wp-content\/uploads\/2019\/11\/cafe_chapada_de_minas_2-630x420.jpg 630w\" sizes=\"auto, (max-width: 675px) 100vw, 675px\" \/><figcaption> <em>Foto: Divulga\u00e7\u00e3o \/ Sebrae Minas<\/em> <\/figcaption><\/figure>\n\n\n\n<figure class=\"wp-block-image\"><img loading=\"lazy\" decoding=\"async\" width=\"678\" height=\"434\" src=\"http:\/\/aconteceunovale.com.br\/portal\/wp-content\/uploads\/2019\/11\/cafe_chapada_de_minas_3.jpg\" alt=\"\" class=\"wp-image-154962\" srcset=\"https:\/\/aconteceunovale.com.br\/portal\/wp-content\/uploads\/2019\/11\/cafe_chapada_de_minas_3.jpg 678w, https:\/\/aconteceunovale.com.br\/portal\/wp-content\/uploads\/2019\/11\/cafe_chapada_de_minas_3-300x192.jpg 300w, https:\/\/aconteceunovale.com.br\/portal\/wp-content\/uploads\/2019\/11\/cafe_chapada_de_minas_3-656x420.jpg 656w\" sizes=\"auto, (max-width: 678px) 100vw, 678px\" \/><figcaption> <em>Foto: Divulga\u00e7\u00e3o \/ Sebrae Minas<\/em> <\/figcaption><\/figure>\n\n\n\n<figure class=\"wp-block-image\"><img loading=\"lazy\" decoding=\"async\" width=\"675\" height=\"450\" src=\"http:\/\/aconteceunovale.com.br\/portal\/wp-content\/uploads\/2019\/11\/cafe_chapada_de_minas_4.jpg\" alt=\"\" class=\"wp-image-154963\" srcset=\"https:\/\/aconteceunovale.com.br\/portal\/wp-content\/uploads\/2019\/11\/cafe_chapada_de_minas_4.jpg 675w, https:\/\/aconteceunovale.com.br\/portal\/wp-content\/uploads\/2019\/11\/cafe_chapada_de_minas_4-300x200.jpg 300w, https:\/\/aconteceunovale.com.br\/portal\/wp-content\/uploads\/2019\/11\/cafe_chapada_de_minas_4-630x420.jpg 630w\" sizes=\"auto, (max-width: 675px) 100vw, 675px\" \/><figcaption> <em>Foto: Divulga\u00e7\u00e3o \/ Sebrae Minas<\/em> <\/figcaption><\/figure>\n\n\n\n<p class=\"has-text-color has-background has-very-light-gray-color has-very-dark-gray-background-color\"><strong>VER PRIMEIRO: <\/strong>Receba as not\u00edcias do Aconteceu no Vale em primeira m\u00e3o. Clique em curtir no endere\u00e7o <a href=\"https:\/\/www.facebook.com\/aconteceunovale\" target=\"_blank\" rel=\"noreferrer noopener\">www.facebook.com\/aconteceunovale<\/a>.<\/p>\n","protected":false},"excerpt":{"rendered":"<p>O Sebrae Minas, em parceria com o Instituto do Caf\u00e9 da Chapada de Minas (ICCM), lan\u00e7ou oficialmente a marca coletiva do Caf\u00e9 da Regi\u00e3o da Chapada de Minas, na ter\u00e7a-feira (12\/11\/2019), em Capelinha. O evento aconteceu no audit\u00f3rio do Sicoob Credijequitinhonha e foi prestigiado por autoridades da regi\u00e3o e representantes de entidades ligadas ao setor [&hellip;]<\/p>\n","protected":false},"author":1,"featured_media":154960,"comment_status":"open","ping_status":"closed","sticky":false,"template":"","format":"standard","meta":{"amp_status":"","footnotes":""},"categories":[125,120],"tags":[201877,210651,383,210654,132,1018,198118,210657,198117,210648,210652,210655,44374,210656,197802,210658,44759,210649,210650,210659,210653,23263],"class_list":["post-154959","post","type-post","status-publish","format-standard","has-post-thumbnail","hentry","category-noticias","category-jequi","tag-afonso-maria-rocha","tag-cafe-chapada-de-minas","tag-cafe-da-chapada-de-minas","tag-cafe-da-regiao-da-chapada-de-minas","tag-capelinha","tag-destaque","tag-iccm","tag-ildeu-caldeira","tag-instituto-do-cafe-da-chapada-de-minas","tag-lancamento-do-cafe-chapada-de-minas","tag-lancamento-do-cafe-chapada-de-minas-em-capelinha","tag-lidia-meireles","tag-prefeito-de-capelinha","tag-presidente-do-iccm","tag-regional-jequitinhonha-e-mucuri-do-sebrae-minas","tag-rogerio-nunes-fernandes","tag-sebrae-minas","tag-sebrae-minas-lanca-em-capelinha-marca-do-cafe-chapada-de-minas","tag-sebrae-minas-lanca-marca-do-cafe-chapada-de-minas","tag-sebrae-minas-lanca-marca-do-cafe-da-chapada-de-minas","tag-selo-cafe-da-chapada-de-minas","tag-tadeu-filipe-fernandes-de-abreu"],"_links":{"self":[{"href":"https:\/\/aconteceunovale.com.br\/portal\/index.php?rest_route=\/wp\/v2\/posts\/154959","targetHints":{"allow":["GET"]}}],"collection":[{"href":"https:\/\/aconteceunovale.com.br\/portal\/index.php?rest_route=\/wp\/v2\/posts"}],"about":[{"href":"https:\/\/aconteceunovale.com.br\/portal\/index.php?rest_route=\/wp\/v2\/types\/post"}],"author":[{"embeddable":true,"href":"https:\/\/aconteceunovale.com.br\/portal\/index.php?rest_route=\/wp\/v2\/users\/1"}],"replies":[{"embeddable":true,"href":"https:\/\/aconteceunovale.com.br\/portal\/index.php?rest_route=%2Fwp%2Fv2%2Fcomments&post=154959"}],"version-history":[{"count":2,"href":"https:\/\/aconteceunovale.com.br\/portal\/index.php?rest_route=\/wp\/v2\/posts\/154959\/revisions"}],"predecessor-version":[{"id":154965,"href":"https:\/\/aconteceunovale.com.br\/portal\/index.php?rest_route=\/wp\/v2\/posts\/154959\/revisions\/154965"}],"wp:featuredmedia":[{"embeddable":true,"href":"https:\/\/aconteceunovale.com.br\/portal\/index.php?rest_route=\/wp\/v2\/media\/154960"}],"wp:attachment":[{"href":"https:\/\/aconteceunovale.com.br\/portal\/index.php?rest_route=%2Fwp%2Fv2%2Fmedia&parent=154959"}],"wp:term":[{"taxonomy":"category","embeddable":true,"href":"https:\/\/aconteceunovale.com.br\/portal\/index.php?rest_route=%2Fwp%2Fv2%2Fcategories&post=154959"},{"taxonomy":"post_tag","embeddable":true,"href":"https:\/\/aconteceunovale.com.br\/portal\/index.php?rest_route=%2Fwp%2Fv2%2Ftags&post=154959"}],"curies":[{"name":"wp","href":"https:\/\/api.w.org\/{rel}","templated":true}]}}