{"id":154937,"date":"2019-11-18T22:22:24","date_gmt":"2019-11-19T01:22:24","guid":{"rendered":"http:\/\/aconteceunovale.com.br\/portal\/?p=154937"},"modified":"2019-11-18T22:28:11","modified_gmt":"2019-11-19T01:28:11","slug":"morre-estudante-que-estava-em-onibus-que-tombou-na-mgc-259-no-municipio-de-serro","status":"publish","type":"post","link":"https:\/\/aconteceunovale.com.br\/portal\/?p=154937","title":{"rendered":"Morre estudante que estava em \u00f4nibus que tombou na MGC-259"},"content":{"rendered":"\n<p>Um dos passageiros do \u00f4nibus que tombou na MGC-259, no munic\u00edpio\nde Serro (MG), na manh\u00e3 desta segunda-feira (18\/11\/2019), n\u00e3o resistiu aos\ngraves ferimentos e faleceu na Santa Casa de Diamantina (MG). Sandro Correia Damasceno\nMoreira tinha 22 anos e cursava direito na FADIVALE (Faculdade de Direito do\nVale do Rio Doce). O \u00f3bito foi confirmado pelo pai da v\u00edtima nas redes sociais.<\/p>\n\n\n\n<p>Um outro jovem que estava no \u00f4nibus, de 22 anos, segue internado\nem estado grave em Diamantina. <\/p>\n\n\n\n<p>A Pol\u00edcia Militar Rodovi\u00e1ria informou que outros 40 passageiros do ve\u00edculo coletivo sofreram ferimentos leves ou reclamaram de algum tipo de dor. Todos foram encaminhados ao Hospital Casa de Caridade Santa Tereza, no Serro.<\/p>\n\n\n\n<figure class=\"wp-block-image\"><img loading=\"lazy\" decoding=\"async\" width=\"664\" height=\"450\" src=\"http:\/\/aconteceunovale.com.br\/portal\/wp-content\/uploads\/2019\/11\/sandro_correa.jpg\" alt=\"\" class=\"wp-image-154941\" srcset=\"https:\/\/aconteceunovale.com.br\/portal\/wp-content\/uploads\/2019\/11\/sandro_correa.jpg 664w, https:\/\/aconteceunovale.com.br\/portal\/wp-content\/uploads\/2019\/11\/sandro_correa-300x203.jpg 300w, https:\/\/aconteceunovale.com.br\/portal\/wp-content\/uploads\/2019\/11\/sandro_correa-620x420.jpg 620w\" sizes=\"auto, (max-width: 664px) 100vw, 664px\" \/><figcaption><em> Sandro Correia Damasceno Moreira &#8211; Foto: Reprodu\u00e7\u00e3o \/ Facebook<\/em><\/figcaption><\/figure>\n\n\n\n<p><strong>Acidente<\/strong><\/p>\n\n\n\n<p>O \u00f4nibus seguia de Montes Claros para Governador Valadares e transportava estudantes de direito que participaram dos jogos jur\u00eddicos na cidade norte-mineira. <\/p>\n\n\n\n<p>Quando passava pelo trecho da MGC-259 conhecido como Morro do\nPaiol, na zona rural de Serro, o coletivo apresentou problema no sistema de\nfreios e tombou na pista de rolamento. 51 pessoas estavam no ve\u00edculo no momento do\nacidente.<\/p>\n\n\n\n<p>A informa\u00e7\u00e3o sobre o problema mec\u00e2nico foi confirmada pelo condutor do coletivo. As causas da trag\u00e9dia ser\u00e3o investigadas pelas autoridades locais.<\/p>\n\n\n\n<p><strong>Nota da Fadivale<\/strong><\/p>\n\n\n\n<figure class=\"wp-block-image is-resized\"><img loading=\"lazy\" decoding=\"async\" src=\"http:\/\/aconteceunovale.com.br\/portal\/wp-content\/uploads\/2019\/11\/nota_fadivale.png\" alt=\"\" class=\"wp-image-154938\" width=\"638\" height=\"576\" srcset=\"https:\/\/aconteceunovale.com.br\/portal\/wp-content\/uploads\/2019\/11\/nota_fadivale.png 800w, https:\/\/aconteceunovale.com.br\/portal\/wp-content\/uploads\/2019\/11\/nota_fadivale-300x272.png 300w, https:\/\/aconteceunovale.com.br\/portal\/wp-content\/uploads\/2019\/11\/nota_fadivale-768x695.png 768w, https:\/\/aconteceunovale.com.br\/portal\/wp-content\/uploads\/2019\/11\/nota_fadivale-464x420.png 464w\" sizes=\"auto, (max-width: 638px) 100vw, 638px\" \/><\/figure>\n\n\n\n<p><strong>Fotos<\/strong><\/p>\n\n\n\n<figure class=\"wp-block-image\"><img loading=\"lazy\" decoding=\"async\" width=\"632\" height=\"450\" src=\"http:\/\/aconteceunovale.com.br\/portal\/wp-content\/uploads\/2019\/11\/acidente_serro_moc_gv_5.jpg\" alt=\"\" class=\"wp-image-154850\" srcset=\"https:\/\/aconteceunovale.com.br\/portal\/wp-content\/uploads\/2019\/11\/acidente_serro_moc_gv_5.jpg 632w, https:\/\/aconteceunovale.com.br\/portal\/wp-content\/uploads\/2019\/11\/acidente_serro_moc_gv_5-300x214.jpg 300w, https:\/\/aconteceunovale.com.br\/portal\/wp-content\/uploads\/2019\/11\/acidente_serro_moc_gv_5-100x70.jpg 100w, https:\/\/aconteceunovale.com.br\/portal\/wp-content\/uploads\/2019\/11\/acidente_serro_moc_gv_5-590x420.jpg 590w\" sizes=\"auto, (max-width: 632px) 100vw, 632px\" \/><figcaption><em>Foto: Corpo de Bombeiros de Diamantina<\/em><\/figcaption><\/figure>\n\n\n\n<figure class=\"wp-block-image\"><img loading=\"lazy\" decoding=\"async\" width=\"640\" height=\"436\" src=\"http:\/\/aconteceunovale.com.br\/portal\/wp-content\/uploads\/2019\/11\/acidente_serro_moc_gv_6.jpg\" alt=\"\" class=\"wp-image-154851\" srcset=\"https:\/\/aconteceunovale.com.br\/portal\/wp-content\/uploads\/2019\/11\/acidente_serro_moc_gv_6.jpg 640w, https:\/\/aconteceunovale.com.br\/portal\/wp-content\/uploads\/2019\/11\/acidente_serro_moc_gv_6-300x204.jpg 300w, https:\/\/aconteceunovale.com.br\/portal\/wp-content\/uploads\/2019\/11\/acidente_serro_moc_gv_6-218x150.jpg 218w, https:\/\/aconteceunovale.com.br\/portal\/wp-content\/uploads\/2019\/11\/acidente_serro_moc_gv_6-617x420.jpg 617w\" sizes=\"auto, (max-width: 640px) 100vw, 640px\" \/><figcaption> <em>Foto: Corpo de Bombeiros de Diamantina<\/em> <\/figcaption><\/figure>\n\n\n\n<figure class=\"wp-block-image\"><img loading=\"lazy\" decoding=\"async\" width=\"678\" height=\"339\" src=\"http:\/\/aconteceunovale.com.br\/portal\/wp-content\/uploads\/2019\/11\/acidente_serro_moc_gv_7.jpg\" alt=\"\" class=\"wp-image-154852\" srcset=\"https:\/\/aconteceunovale.com.br\/portal\/wp-content\/uploads\/2019\/11\/acidente_serro_moc_gv_7.jpg 678w, https:\/\/aconteceunovale.com.br\/portal\/wp-content\/uploads\/2019\/11\/acidente_serro_moc_gv_7-300x150.jpg 300w\" sizes=\"auto, (max-width: 678px) 100vw, 678px\" \/><figcaption> <em>Foto: Corpo de Bombeiros de Diamantina<\/em> <\/figcaption><\/figure>\n\n\n\n<figure class=\"wp-block-image\"><img loading=\"lazy\" decoding=\"async\" width=\"642\" height=\"450\" src=\"http:\/\/aconteceunovale.com.br\/portal\/wp-content\/uploads\/2019\/11\/acidente_serro_moc_gv_8.jpg\" alt=\"\" class=\"wp-image-154853\" srcset=\"https:\/\/aconteceunovale.com.br\/portal\/wp-content\/uploads\/2019\/11\/acidente_serro_moc_gv_8.jpg 642w, https:\/\/aconteceunovale.com.br\/portal\/wp-content\/uploads\/2019\/11\/acidente_serro_moc_gv_8-300x210.jpg 300w, https:\/\/aconteceunovale.com.br\/portal\/wp-content\/uploads\/2019\/11\/acidente_serro_moc_gv_8-100x70.jpg 100w, https:\/\/aconteceunovale.com.br\/portal\/wp-content\/uploads\/2019\/11\/acidente_serro_moc_gv_8-599x420.jpg 599w\" sizes=\"auto, (max-width: 642px) 100vw, 642px\" \/><figcaption> <em>Foto: Corpo de Bombeiros de Diamantina<\/em> <\/figcaption><\/figure>\n\n\n\n<figure class=\"wp-block-image\"><img loading=\"lazy\" decoding=\"async\" width=\"600\" height=\"450\" src=\"http:\/\/aconteceunovale.com.br\/portal\/wp-content\/uploads\/2019\/11\/acidente_serro_moc_gv_1.jpg\" alt=\"\" class=\"wp-image-154843\" srcset=\"https:\/\/aconteceunovale.com.br\/portal\/wp-content\/uploads\/2019\/11\/acidente_serro_moc_gv_1.jpg 600w, https:\/\/aconteceunovale.com.br\/portal\/wp-content\/uploads\/2019\/11\/acidente_serro_moc_gv_1-300x225.jpg 300w, https:\/\/aconteceunovale.com.br\/portal\/wp-content\/uploads\/2019\/11\/acidente_serro_moc_gv_1-80x60.jpg 80w, https:\/\/aconteceunovale.com.br\/portal\/wp-content\/uploads\/2019\/11\/acidente_serro_moc_gv_1-265x198.jpg 265w, https:\/\/aconteceunovale.com.br\/portal\/wp-content\/uploads\/2019\/11\/acidente_serro_moc_gv_1-560x420.jpg 560w\" sizes=\"auto, (max-width: 600px) 100vw, 600px\" \/><figcaption><em>Foto: Reprodu\u00e7\u00e3o \/ WhatsApp<\/em><\/figcaption><\/figure>\n\n\n\n<figure class=\"wp-block-image\"><img loading=\"lazy\" decoding=\"async\" width=\"653\" height=\"450\" src=\"http:\/\/aconteceunovale.com.br\/portal\/wp-content\/uploads\/2019\/11\/acidente_serro_moc_gv_2.jpg\" alt=\"\" class=\"wp-image-154844\" srcset=\"https:\/\/aconteceunovale.com.br\/portal\/wp-content\/uploads\/2019\/11\/acidente_serro_moc_gv_2.jpg 653w, https:\/\/aconteceunovale.com.br\/portal\/wp-content\/uploads\/2019\/11\/acidente_serro_moc_gv_2-300x207.jpg 300w, https:\/\/aconteceunovale.com.br\/portal\/wp-content\/uploads\/2019\/11\/acidente_serro_moc_gv_2-100x70.jpg 100w, https:\/\/aconteceunovale.com.br\/portal\/wp-content\/uploads\/2019\/11\/acidente_serro_moc_gv_2-218x150.jpg 218w, https:\/\/aconteceunovale.com.br\/portal\/wp-content\/uploads\/2019\/11\/acidente_serro_moc_gv_2-609x420.jpg 609w\" sizes=\"auto, (max-width: 653px) 100vw, 653px\" \/><figcaption> <em>Foto: Reprodu\u00e7\u00e3o \/ WhatsApp<\/em> <\/figcaption><\/figure>\n\n\n\n<figure class=\"wp-block-image\"><img loading=\"lazy\" decoding=\"async\" width=\"639\" height=\"450\" src=\"http:\/\/aconteceunovale.com.br\/portal\/wp-content\/uploads\/2019\/11\/acidente_serro_moc_gv_3.jpg\" alt=\"\" class=\"wp-image-154845\" srcset=\"https:\/\/aconteceunovale.com.br\/portal\/wp-content\/uploads\/2019\/11\/acidente_serro_moc_gv_3.jpg 639w, https:\/\/aconteceunovale.com.br\/portal\/wp-content\/uploads\/2019\/11\/acidente_serro_moc_gv_3-300x211.jpg 300w, https:\/\/aconteceunovale.com.br\/portal\/wp-content\/uploads\/2019\/11\/acidente_serro_moc_gv_3-100x70.jpg 100w, https:\/\/aconteceunovale.com.br\/portal\/wp-content\/uploads\/2019\/11\/acidente_serro_moc_gv_3-596x420.jpg 596w\" sizes=\"auto, (max-width: 639px) 100vw, 639px\" \/><figcaption> <em>Foto: Reprodu\u00e7\u00e3o \/ WhatsApp<\/em> <\/figcaption><\/figure>\n\n\n\n<figure class=\"wp-block-image\"><img loading=\"lazy\" decoding=\"async\" width=\"624\" height=\"450\" src=\"http:\/\/aconteceunovale.com.br\/portal\/wp-content\/uploads\/2019\/11\/acidente_serro_moc_gv_4.jpg\" alt=\"\" class=\"wp-image-154846\" srcset=\"https:\/\/aconteceunovale.com.br\/portal\/wp-content\/uploads\/2019\/11\/acidente_serro_moc_gv_4.jpg 624w, https:\/\/aconteceunovale.com.br\/portal\/wp-content\/uploads\/2019\/11\/acidente_serro_moc_gv_4-300x216.jpg 300w, https:\/\/aconteceunovale.com.br\/portal\/wp-content\/uploads\/2019\/11\/acidente_serro_moc_gv_4-324x235.jpg 324w, https:\/\/aconteceunovale.com.br\/portal\/wp-content\/uploads\/2019\/11\/acidente_serro_moc_gv_4-582x420.jpg 582w\" sizes=\"auto, (max-width: 624px) 100vw, 624px\" \/><figcaption> <em>Foto: Reprodu\u00e7\u00e3o \/ WhatsApp<\/em> <\/figcaption><\/figure>\n\n\n\n<p class=\"has-text-color has-background has-very-light-gray-color has-very-dark-gray-background-color\"><strong>VER PRIMEIRO: <\/strong>Receba as not\u00edcias do Aconteceu no Vale em primeira m\u00e3o. Clique em curtir no endere\u00e7o <a rel=\"noreferrer noopener\" href=\"https:\/\/www.facebook.com\/aconteceunovale\" target=\"_blank\">www.facebook.com\/aconteceunovale<\/a>.<\/p>\n","protected":false},"excerpt":{"rendered":"<p>Um dos passageiros do \u00f4nibus que tombou na MGC-259, no munic\u00edpio de Serro (MG), na manh\u00e3 desta segunda-feira (18\/11\/2019), n\u00e3o resistiu aos graves ferimentos e faleceu na Santa Casa de Diamantina (MG). Sandro Correia Damasceno Moreira tinha 22 anos e cursava direito na FADIVALE (Faculdade de Direito do Vale do Rio Doce). O \u00f3bito foi [&hellip;]<\/p>\n","protected":false},"author":1,"featured_media":154850,"comment_status":"open","ping_status":"closed","sticky":false,"template":"","format":"standard","meta":{"amp_status":"","footnotes":""},"categories":[121,123,120],"tags":[210491,210634,210490,210484,210630,210633,210488,210486,210479,210485,210489,183666,210487,71975,1018,198,210631,210629,247,107905,210,210632,210481,210480,210482,210483,210628,210627,154],"class_list":["post-154937","post","type-post","status-publish","format-standard","has-post-thumbnail","hentry","category-leste","category-gerais","category-jequi","tag-acidente-com-estudante-de-faculdade-de-governador-valadares","tag-acidente-com-estudantes-da-fadivale","tag-acidente-com-estudantes-de-direito-de-governador-valadares","tag-acidente-com-estudantes-de-governador-valadares","tag-acidente-com-onibus-da-fadivale","tag-acidente-com-onibus-de-estudantes-da-fadivale","tag-acidente-com-onibus-de-governador-valadares","tag-acidente-com-onibus-deixa-feridos-em-serro","tag-acidente-com-onibus-deixa-feridos-na-mgc-259-no-municipio-de-serro","tag-acidente-com-onibus-em-serro","tag-acidente-com-onibus-que-seguia-de-montes-claros-para-governador-valadares","tag-acidente-em-serro","tag-acidente-na-br-259-em-serro","tag-br-259","tag-destaque","tag-diamantina","tag-fadivale","tag-gabriel-otavio-costa-moraes","tag-governador-valadares","tag-mgc-259","tag-montes-claros","tag-morte-de-sandro-correia","tag-onibus-com-estudantes-tomba-em-serro","tag-onibus-com-estudantes-tomba-na-mgc-259","tag-onibus-com-estudantes-tomba-na-mgc-259-em-serro","tag-onibus-com-estudantes-tomba-na-mgc-259-no-municipio-de-serro","tag-sandro-correia","tag-sandro-correia-damasceno-moreira","tag-serro"],"_links":{"self":[{"href":"https:\/\/aconteceunovale.com.br\/portal\/index.php?rest_route=\/wp\/v2\/posts\/154937","targetHints":{"allow":["GET"]}}],"collection":[{"href":"https:\/\/aconteceunovale.com.br\/portal\/index.php?rest_route=\/wp\/v2\/posts"}],"about":[{"href":"https:\/\/aconteceunovale.com.br\/portal\/index.php?rest_route=\/wp\/v2\/types\/post"}],"author":[{"embeddable":true,"href":"https:\/\/aconteceunovale.com.br\/portal\/index.php?rest_route=\/wp\/v2\/users\/1"}],"replies":[{"embeddable":true,"href":"https:\/\/aconteceunovale.com.br\/portal\/index.php?rest_route=%2Fwp%2Fv2%2Fcomments&post=154937"}],"version-history":[{"count":3,"href":"https:\/\/aconteceunovale.com.br\/portal\/index.php?rest_route=\/wp\/v2\/posts\/154937\/revisions"}],"predecessor-version":[{"id":154942,"href":"https:\/\/aconteceunovale.com.br\/portal\/index.php?rest_route=\/wp\/v2\/posts\/154937\/revisions\/154942"}],"wp:featuredmedia":[{"embeddable":true,"href":"https:\/\/aconteceunovale.com.br\/portal\/index.php?rest_route=\/wp\/v2\/media\/154850"}],"wp:attachment":[{"href":"https:\/\/aconteceunovale.com.br\/portal\/index.php?rest_route=%2Fwp%2Fv2%2Fmedia&parent=154937"}],"wp:term":[{"taxonomy":"category","embeddable":true,"href":"https:\/\/aconteceunovale.com.br\/portal\/index.php?rest_route=%2Fwp%2Fv2%2Fcategories&post=154937"},{"taxonomy":"post_tag","embeddable":true,"href":"https:\/\/aconteceunovale.com.br\/portal\/index.php?rest_route=%2Fwp%2Fv2%2Ftags&post=154937"}],"curies":[{"name":"wp","href":"https:\/\/api.w.org\/{rel}","templated":true}]}}