{"id":154915,"date":"2019-11-18T20:16:59","date_gmt":"2019-11-18T23:16:59","guid":{"rendered":"http:\/\/aconteceunovale.com.br\/portal\/?p=154915"},"modified":"2019-11-18T20:17:25","modified_gmt":"2019-11-18T23:17:25","slug":"unidoctum-recebe-selo-instituicao-socialmente-responsavel","status":"publish","type":"post","link":"https:\/\/aconteceunovale.com.br\/portal\/?p=154915","title":{"rendered":"UniDoctum recebe Selo Institui\u00e7\u00e3o Socialmente Respons\u00e1vel"},"content":{"rendered":"\n<p>Ap\u00f3s o cumprimento dos requisitos exigidos pela\u00a0Associa\u00e7\u00e3o Brasileira de Mantenedoras de Ensino Superior (ABMES), o\u00a0<a href=\"https:\/\/www.doctum.edu.br\/novo-unidoctum-centro-universitario\/\" target=\"_blank\" rel=\"noreferrer noopener\" aria-label=\" (abre numa nova aba)\">Centro Universit\u00e1rio Doctum (UniDoctum)<\/a>\u00a0conquistou a certifica\u00e7\u00e3o de organiza\u00e7\u00e3o socialmente respons\u00e1vel. O recebimento do t\u00edtulo confirma o compromisso da institui\u00e7\u00e3o com o bem-estar social, promovendo e apoiando a\u00e7\u00f5es com foco no desenvolvimento da comunidade. Este \u00e9 o 8\u00ba ano consecutivo que Rede de Ensino Doctum recebe essa certifica\u00e7\u00e3o de reconhecimento.<\/p>\n\n\n\n<p>O Selo tem o objetivo de certificar que a institui\u00e7\u00e3o participou da Campanha da Responsabilidade Social do Ensino Superior Particular e est\u00e1 verdadeiramente engajada com o ensino respons\u00e1vel. Em 2019, os Projetos de extens\u00e3o da UniDoctum alcan\u00e7aram em m\u00e9dia 2.100 pessoas (sem contar as a\u00e7\u00f5es que ser\u00e3o desenvolvidas at\u00e9 o final do ano). Para comprova\u00e7\u00e3o das a\u00e7\u00f5es citadas, fotos e v\u00eddeos foram postados no sistema da ABMES. Somente ap\u00f3s a alimenta\u00e7\u00e3o desse sistema, os dados s\u00e3o conferidos e em caso positivo, o selo \u00e9 disponibilizado. Os dados s\u00e3o referentes aos projetos e a\u00e7\u00f5es desenvolvidas pela IES, n\u00famero de professores e alunos participantes e quantidade de pessoas atingidas com as a\u00e7\u00f5es de extens\u00e3o.<\/p>\n\n\n\n<p><strong>A ABMES<\/strong><\/p>\n\n\n\n<p>Criada em Bras\u00edlia em 1982, a ABMES abrange atualmente, no seu quadro de associados, cerca de 300 mantenedoras e mais de 400 institui\u00e7\u00f5es de ensino superior (IES) particulares mantidas \u2013 universidades, centros universit\u00e1rios, centros de educa\u00e7\u00e3o tecnol\u00f3gica, faculdades e institutos, distribu\u00eddas em todo o territ\u00f3rio nacional. \u00c9 uma entidade representativa das institui\u00e7\u00f5es junto a \u00f3rg\u00e3os governamentais, al\u00e9m de um espa\u00e7o catalisador de debates sobre temas educacionais e refer\u00eancia em estudos sobre o ensino superior.<\/p>\n\n\n\n<figure class=\"wp-block-image is-resized\"><img loading=\"lazy\" decoding=\"async\" src=\"http:\/\/aconteceunovale.com.br\/portal\/wp-content\/uploads\/2019\/11\/selo_unidoctum.jpg\" alt=\"\" class=\"wp-image-154916\" width=\"432\" height=\"637\" srcset=\"https:\/\/aconteceunovale.com.br\/portal\/wp-content\/uploads\/2019\/11\/selo_unidoctum.jpg 305w, https:\/\/aconteceunovale.com.br\/portal\/wp-content\/uploads\/2019\/11\/selo_unidoctum-203x300.jpg 203w, https:\/\/aconteceunovale.com.br\/portal\/wp-content\/uploads\/2019\/11\/selo_unidoctum-285x420.jpg 285w\" sizes=\"auto, (max-width: 432px) 100vw, 432px\" \/><\/figure>\n\n\n\n<p class=\"has-text-color has-background has-very-light-gray-color has-very-dark-gray-background-color\"><strong>VER PRIMEIRO: <\/strong>Receba as not\u00edcias do Aconteceu no Vale em primeira m\u00e3o. Clique em curtir no endere\u00e7o <a href=\"https:\/\/www.facebook.com\/aconteceunovale\" target=\"_blank\" rel=\"noreferrer noopener\">www.facebook.com\/aconteceunovale<\/a>.<\/p>\n","protected":false},"excerpt":{"rendered":"<p>Ap\u00f3s o cumprimento dos requisitos exigidos pela\u00a0Associa\u00e7\u00e3o Brasileira de Mantenedoras de Ensino Superior (ABMES), o\u00a0Centro Universit\u00e1rio Doctum (UniDoctum)\u00a0conquistou a certifica\u00e7\u00e3o de organiza\u00e7\u00e3o socialmente respons\u00e1vel. O recebimento do t\u00edtulo confirma o compromisso da institui\u00e7\u00e3o com o bem-estar social, promovendo e apoiando a\u00e7\u00f5es com foco no desenvolvimento da comunidade. Este \u00e9 o 8\u00ba ano consecutivo que Rede [&hellip;]<\/p>\n","protected":false},"author":1,"featured_media":154917,"comment_status":"open","ping_status":"closed","sticky":false,"template":"","format":"standard","meta":{"amp_status":"","footnotes":""},"categories":[40238],"tags":[174565,210596,209738,205648,209735,209387,209376],"class_list":["post-154915","post","type-post","status-publish","format-standard","has-post-thumbnail","hentry","category-educacao-2","tag-abmes","tag-associacao-brasileira-de-mantenedoras-de-ensino-superior","tag-centro-universitario-doctum","tag-doctum","tag-rede-de-ensino-doctum","tag-rede-doctum","tag-unidoctum"],"_links":{"self":[{"href":"https:\/\/aconteceunovale.com.br\/portal\/index.php?rest_route=\/wp\/v2\/posts\/154915","targetHints":{"allow":["GET"]}}],"collection":[{"href":"https:\/\/aconteceunovale.com.br\/portal\/index.php?rest_route=\/wp\/v2\/posts"}],"about":[{"href":"https:\/\/aconteceunovale.com.br\/portal\/index.php?rest_route=\/wp\/v2\/types\/post"}],"author":[{"embeddable":true,"href":"https:\/\/aconteceunovale.com.br\/portal\/index.php?rest_route=\/wp\/v2\/users\/1"}],"replies":[{"embeddable":true,"href":"https:\/\/aconteceunovale.com.br\/portal\/index.php?rest_route=%2Fwp%2Fv2%2Fcomments&post=154915"}],"version-history":[{"count":1,"href":"https:\/\/aconteceunovale.com.br\/portal\/index.php?rest_route=\/wp\/v2\/posts\/154915\/revisions"}],"predecessor-version":[{"id":154918,"href":"https:\/\/aconteceunovale.com.br\/portal\/index.php?rest_route=\/wp\/v2\/posts\/154915\/revisions\/154918"}],"wp:featuredmedia":[{"embeddable":true,"href":"https:\/\/aconteceunovale.com.br\/portal\/index.php?rest_route=\/wp\/v2\/media\/154917"}],"wp:attachment":[{"href":"https:\/\/aconteceunovale.com.br\/portal\/index.php?rest_route=%2Fwp%2Fv2%2Fmedia&parent=154915"}],"wp:term":[{"taxonomy":"category","embeddable":true,"href":"https:\/\/aconteceunovale.com.br\/portal\/index.php?rest_route=%2Fwp%2Fv2%2Fcategories&post=154915"},{"taxonomy":"post_tag","embeddable":true,"href":"https:\/\/aconteceunovale.com.br\/portal\/index.php?rest_route=%2Fwp%2Fv2%2Ftags&post=154915"}],"curies":[{"name":"wp","href":"https:\/\/api.w.org\/{rel}","templated":true}]}}