{"id":154912,"date":"2019-11-18T20:07:58","date_gmt":"2019-11-18T23:07:58","guid":{"rendered":"http:\/\/aconteceunovale.com.br\/portal\/?p=154912"},"modified":"2019-11-18T20:08:54","modified_gmt":"2019-11-18T23:08:54","slug":"palestra-sobre-gestao-financeira-sera-realizada-em-governador-valadares","status":"publish","type":"post","link":"https:\/\/aconteceunovale.com.br\/portal\/?p=154912","title":{"rendered":"Palestra sobre gest\u00e3o financeira ser\u00e1 realizada em Governador Valadares"},"content":{"rendered":"\n<p>Com o objetivo de capacitar e preparar fornecedores locais para oportunidades de neg\u00f3cios e gera\u00e7\u00e3o de emprego nos munic\u00edpios impactados pelo rompimento da barragem de Fund\u00e3o, o\u00a0Programa de Desenvolvimento de Fornecedores da Funda\u00e7\u00e3o Renova leva o 2\u00ba Ciclo de Palestras a Governador Valadares (MG). O evento far\u00e1 uma apresenta\u00e7\u00e3o gratuita para empres\u00e1rios e empreendedores da regi\u00e3o no dia 20 de novembro.<\/p>\n\n\n\n<p>A palestra ter\u00e1 como tema a gest\u00e3o econ\u00f4mico-financeira, oferecendo aos participantes no\u00e7\u00f5es sobre sa\u00fade financeira da empresa\u00a0e as melhores ferramentas para manter as contas equilibradas. A gestora administrativa de Pessoa Jur\u00eddica na LF Solutions, Josiane da Rocha, \u00e9 quem ministra o encontro.\u00a0<\/p>\n\n\n\n<p>Para a coordenadora da Cadeia de Suprimentos da Funda\u00e7\u00e3o Renova, Simone Pimentel, o Ciclo de Palestras contribui para a retomada da atividade econ\u00f4mica do munic\u00edpio. \u201cA a\u00e7\u00e3o atua na capacita\u00e7\u00e3o e qualifica\u00e7\u00e3o dos empres\u00e1rios locais, tornando-os mais competitivos e preparados para mercado.\u00a0O ciclo traz uma programa\u00e7\u00e3o que permite aos empreendedores adquirir novos conhecimentos e melhorar a gest\u00e3o dos seus neg\u00f3cios\u201d, explica.<\/p>\n\n\n\n<p>O 2\u00ba Ciclo de Palestras \u00e9 promovido pela Funda\u00e7\u00e3o Renova, com apoio da Consultoria DVF e em parceria com o Sindicato das Ind\u00fastrias da Constru\u00e7\u00e3o Civil de Governador Valadares (Sinduscon), Federa\u00e7\u00e3o das Ind\u00fastrias do Estado de Minas Gerais (Fiemg) Regional Rio Doce, Associa\u00e7\u00e3o Comercial e Empresarial de Governador Valadares, Senac e a C\u00e2mara de dirigentes Lojistas (CDL).<\/p>\n\n\n\n<p>O encontro acontece no audit\u00f3rio da Associa\u00e7\u00e3o Comercial e Empresarial (Av. Minas Gerais, 544, Centro), das 19h \u00e0s 21h.\u00a0<\/p>\n\n\n\n<figure class=\"wp-block-image\"><img loading=\"lazy\" decoding=\"async\" width=\"760\" height=\"506\" src=\"http:\/\/aconteceunovale.com.br\/portal\/wp-content\/uploads\/2019\/11\/palestra_renova_gv.jpg\" alt=\"\" class=\"wp-image-154913\" srcset=\"https:\/\/aconteceunovale.com.br\/portal\/wp-content\/uploads\/2019\/11\/palestra_renova_gv.jpg 760w, https:\/\/aconteceunovale.com.br\/portal\/wp-content\/uploads\/2019\/11\/palestra_renova_gv-300x200.jpg 300w, https:\/\/aconteceunovale.com.br\/portal\/wp-content\/uploads\/2019\/11\/palestra_renova_gv-696x463.jpg 696w, https:\/\/aconteceunovale.com.br\/portal\/wp-content\/uploads\/2019\/11\/palestra_renova_gv-631x420.jpg 631w\" sizes=\"auto, (max-width: 760px) 100vw, 760px\" \/><figcaption><em>Foto: Divulga\u00e7\u00e3o \/ Funda\u00e7\u00e3o Renova<\/em><\/figcaption><\/figure>\n\n\n\n<p class=\"has-text-color has-background has-very-light-gray-color has-very-dark-gray-background-color\"><strong>VER PRIMEIRO: <\/strong>Receba as not\u00edcias do Aconteceu no Vale em primeira m\u00e3o. Clique em curtir no endere\u00e7o <a href=\"https:\/\/www.facebook.com\/aconteceunovale\" target=\"_blank\" rel=\"noreferrer noopener\">www.facebook.com\/aconteceunovale<\/a>.<\/p>\n","protected":false},"excerpt":{"rendered":"<p>Com o objetivo de capacitar e preparar fornecedores locais para oportunidades de neg\u00f3cios e gera\u00e7\u00e3o de emprego nos munic\u00edpios impactados pelo rompimento da barragem de Fund\u00e3o, o\u00a0Programa de Desenvolvimento de Fornecedores da Funda\u00e7\u00e3o Renova leva o 2\u00ba Ciclo de Palestras a Governador Valadares (MG). O evento far\u00e1 uma apresenta\u00e7\u00e3o gratuita para empres\u00e1rios e empreendedores da [&hellip;]<\/p>\n","protected":false},"author":1,"featured_media":154913,"comment_status":"open","ping_status":"closed","sticky":false,"template":"","format":"standard","meta":{"amp_status":"","footnotes":""},"categories":[125,121],"tags":[50254,65265,1057,48248,122011,247,18800,210591,210593,210595,210590,66993,62280,210594,210592,24111,18801],"class_list":["post-154912","post","type-post","status-publish","format-standard","has-post-thumbnail","hentry","category-noticias","category-leste","tag-associacao-comercial-e-empresarial-de-governador-valadares","tag-barragem-de-fundao","tag-cdl","tag-fiemg","tag-fundacao-renova","tag-governador-valadares","tag-gv","tag-josiane-da-rocha","tag-lf-solutions","tag-palestra-sobre-gestao-financeira-sera-realizada-em-governador-valadares","tag-programa-de-desenvolvimento-de-fornecedores-da-fundacao-renova","tag-rompimento-da-barragem-de-fundao","tag-senac","tag-simone-pimentel","tag-sindicato-das-industrias-da-construcao-civil-de-governador-valadares","tag-sinduscon","tag-valadares"],"_links":{"self":[{"href":"https:\/\/aconteceunovale.com.br\/portal\/index.php?rest_route=\/wp\/v2\/posts\/154912","targetHints":{"allow":["GET"]}}],"collection":[{"href":"https:\/\/aconteceunovale.com.br\/portal\/index.php?rest_route=\/wp\/v2\/posts"}],"about":[{"href":"https:\/\/aconteceunovale.com.br\/portal\/index.php?rest_route=\/wp\/v2\/types\/post"}],"author":[{"embeddable":true,"href":"https:\/\/aconteceunovale.com.br\/portal\/index.php?rest_route=\/wp\/v2\/users\/1"}],"replies":[{"embeddable":true,"href":"https:\/\/aconteceunovale.com.br\/portal\/index.php?rest_route=%2Fwp%2Fv2%2Fcomments&post=154912"}],"version-history":[{"count":1,"href":"https:\/\/aconteceunovale.com.br\/portal\/index.php?rest_route=\/wp\/v2\/posts\/154912\/revisions"}],"predecessor-version":[{"id":154914,"href":"https:\/\/aconteceunovale.com.br\/portal\/index.php?rest_route=\/wp\/v2\/posts\/154912\/revisions\/154914"}],"wp:featuredmedia":[{"embeddable":true,"href":"https:\/\/aconteceunovale.com.br\/portal\/index.php?rest_route=\/wp\/v2\/media\/154913"}],"wp:attachment":[{"href":"https:\/\/aconteceunovale.com.br\/portal\/index.php?rest_route=%2Fwp%2Fv2%2Fmedia&parent=154912"}],"wp:term":[{"taxonomy":"category","embeddable":true,"href":"https:\/\/aconteceunovale.com.br\/portal\/index.php?rest_route=%2Fwp%2Fv2%2Fcategories&post=154912"},{"taxonomy":"post_tag","embeddable":true,"href":"https:\/\/aconteceunovale.com.br\/portal\/index.php?rest_route=%2Fwp%2Fv2%2Ftags&post=154912"}],"curies":[{"name":"wp","href":"https:\/\/api.w.org\/{rel}","templated":true}]}}