{"id":154788,"date":"2019-11-17T12:01:30","date_gmt":"2019-11-17T15:01:30","guid":{"rendered":"http:\/\/aconteceunovale.com.br\/portal\/?p=154788"},"modified":"2019-11-17T12:18:16","modified_gmt":"2019-11-17T15:18:16","slug":"policia-investiga-morte-brutal-de-crianca-no-norte-de-minas","status":"publish","type":"post","link":"https:\/\/aconteceunovale.com.br\/portal\/?p=154788","title":{"rendered":"Pol\u00edcia investiga morte brutal de crian\u00e7a no Norte de Minas"},"content":{"rendered":"\n<p class=\"wp-block-paragraph\">Uma crian\u00e7a de 10 anos foi encontrada morta na manh\u00e3 de sexta-feira\n(15\/11\/2019) no munic\u00edpio de Indaiabira, no Norte de Minas Gerais. Segundo a\nPol\u00edcia Militar (PM), Carlos Daniel Pereira dos Santos desapareceu ap\u00f3s descer de\num \u00f4nibus escolar no final da manh\u00e3 de quinta-feira (14). O garoto estudava na\nescola da comunidade de Muzelo e, ap\u00f3s desembarcar do ve\u00edculo, seguiu a p\u00e9 pelo\ntrecho de aproximadamente dois quil\u00f4metros que normalmente transitava para chegar\nem casa. No entanto, naquele dia, n\u00e3o chegou ao destino.<\/p>\n\n\n\n<p class=\"wp-block-paragraph\">Familiares da crian\u00e7a iniciaram as buscas ainda na\nquinta-feira, mas n\u00e3o encontraram nenhum vest\u00edgio de Carlos Daniel. Na manh\u00e3 de\nsexta, segundo a pol\u00edcia, algumas pessoas viram rastros em dire\u00e7\u00e3o a uma \u00e1rea\nde mata e encontraram o corpo carbonizado a cerca de cinquenta metros da estrada.<\/p>\n\n\n\n<p class=\"wp-block-paragraph\">As informa\u00e7\u00f5es iniciais indicam que a crian\u00e7a teria sido\namea\u00e7ada de morte ap\u00f3s quebrar o vidro de um ve\u00edculo na comunidade de Lagoa\nGrande. Um irm\u00e3o paterno da v\u00edtima, de 20 anos, pode estar envolvido no crime\nb\u00e1rbaro.<\/p>\n\n\n\n<p class=\"wp-block-paragraph\">As suspeitas iniciaram ap\u00f3s o rapaz dizer que teria ido\ntrabalhar na data do desparecimento, mas colegas de trabalho afirmaram que ele\nn\u00e3o teria comparecido ao local. O suspeito tamb\u00e9m teria sido visto comprando\ntr\u00eas litros de gasolina na mesma data. <\/p>\n\n\n\n<p class=\"wp-block-paragraph\">Outro suspeito de envolvimento no crime \u00e9 o padrasto da\ncrian\u00e7a, um homem de 30 anos. Den\u00fancias indicam que ele abusava sexualmente da\nv\u00edtima e de outras tr\u00eas irm\u00e3s dela. <\/p>\n\n\n\n<p class=\"wp-block-paragraph\">Os dois suspeitos foram presos e encaminhados \u00e0 Delegacia de Pol\u00edcia Civil para prestarem esclarecimentos. Um inqu\u00e9rito policial foi aberto para investigar o caso.<\/p>\n\n\n\n<figure class=\"wp-block-image\"><img loading=\"lazy\" decoding=\"async\" width=\"678\" height=\"410\" src=\"http:\/\/aconteceunovale.com.br\/portal\/wp-content\/uploads\/2019\/11\/crianca_indaiabira.jpg\" alt=\"\" class=\"wp-image-154789\" srcset=\"https:\/\/aconteceunovale.com.br\/portal\/wp-content\/uploads\/2019\/11\/crianca_indaiabira.jpg 678w, https:\/\/aconteceunovale.com.br\/portal\/wp-content\/uploads\/2019\/11\/crianca_indaiabira-300x181.jpg 300w\" sizes=\"auto, (max-width: 678px) 100vw, 678px\" \/><figcaption><em>Corpo de Carlos Daniel foi encontrado carbonizado \u2014 Foto: Divulga\u00e7\u00e3o<\/em><\/figcaption><\/figure>\n\n\n\n<p class=\"has-text-color has-background has-very-light-gray-color has-very-dark-gray-background-color wp-block-paragraph\"><strong>VER PRIMEIRO: <\/strong>Receba as not\u00edcias do Aconteceu no Vale em primeira m\u00e3o. Clique em curtir no endere\u00e7o <a href=\"https:\/\/www.facebook.com\/aconteceunovale\" target=\"_blank\" rel=\"noreferrer noopener\">www.facebook.com\/aconteceunovale<\/a>.<\/p>\n","protected":false},"excerpt":{"rendered":"<p>Uma crian\u00e7a de 10 anos foi encontrada morta na manh\u00e3 de sexta-feira (15\/11\/2019) no munic\u00edpio de Indaiabira, no Norte de Minas Gerais. Segundo a Pol\u00edcia Militar (PM), Carlos Daniel Pereira dos Santos desapareceu ap\u00f3s descer de um \u00f4nibus escolar no final da manh\u00e3 de quinta-feira (14). O garoto estudava na escola da comunidade de Muzelo [&hellip;]<\/p>\n","protected":false},"author":4,"featured_media":154789,"comment_status":"open","ping_status":"closed","sticky":false,"template":"","format":"standard","meta":{"amp_status":"","footnotes":""},"categories":[1236],"tags":[210392,210395,210387,210391,15519,210,210393,210390,210394,210389,210388],"class_list":["post-154788","post","type-post","status-publish","format-standard","has-post-thumbnail","hentry","category-norte_de_minas","tag-assassinato-de-crianca-em-indaiabira","tag-carlos-daniel-pereira-dos-santos","tag-crianca-morta-em-indaiabira","tag-crime-barbaro-em-indaiabira","tag-lagoa-grande","tag-montes-claros","tag-morte-brutal-de-crianca-em-indaiabira","tag-morte-de-crianca-em-indaiabira","tag-muzelo","tag-policia-investiga-morte-brutal-de-crianca-em-indaiabira","tag-policia-investiga-morte-brutal-de-crianca-no-norte-de-minas"],"yoast_head":"<!-- This site is optimized with the Yoast SEO plugin v28.3 - https:\/\/yoast.com\/product\/yoast-seo-wordpress\/ -->\n<title>Pol\u00edcia investiga morte brutal de crian\u00e7a no Norte de Minas - Aconteceu no Vale<\/title>\n<meta name=\"robots\" content=\"index, follow, max-snippet:-1, max-image-preview:large, max-video-preview:-1\" \/>\n<link rel=\"canonical\" href=\"https:\/\/aconteceunovale.com.br\/portal\/?p=154788\" \/>\n<meta property=\"og:locale\" content=\"pt_BR\" \/>\n<meta property=\"og:type\" content=\"article\" \/>\n<meta property=\"og:title\" content=\"Pol\u00edcia investiga morte brutal de crian\u00e7a no Norte de Minas - Aconteceu no Vale\" \/>\n<meta property=\"og:description\" content=\"Uma crian\u00e7a de 10 anos foi encontrada morta na manh\u00e3 de sexta-feira (15\/11\/2019) no munic\u00edpio de Indaiabira, no Norte de Minas Gerais. Segundo a Pol\u00edcia Militar (PM), Carlos Daniel Pereira dos Santos desapareceu ap\u00f3s descer de um \u00f4nibus escolar no final da manh\u00e3 de quinta-feira (14). O garoto estudava na escola da comunidade de Muzelo [&hellip;]\" \/>\n<meta property=\"og:url\" content=\"https:\/\/aconteceunovale.com.br\/portal\/?p=154788\" \/>\n<meta property=\"og:site_name\" content=\"Aconteceu no Vale\" \/>\n<meta property=\"article:publisher\" content=\"https:\/\/www.facebook.com\/aconteceunovale\/\" \/>\n<meta property=\"article:published_time\" content=\"2019-11-17T15:01:30+00:00\" \/>\n<meta property=\"article:modified_time\" content=\"2019-11-17T15:18:16+00:00\" \/>\n<meta property=\"og:image\" content=\"https:\/\/aconteceunovale.com.br\/portal\/wp-content\/uploads\/2019\/11\/crianca_indaiabira.jpg\" \/>\n\t<meta property=\"og:image:width\" content=\"678\" \/>\n\t<meta property=\"og:image:height\" content=\"410\" \/>\n\t<meta property=\"og:image:type\" content=\"image\/jpeg\" \/>\n<meta name=\"author\" content=\"Reda\u00e7\u00e3o Aconteceu no Vale\" \/>\n<meta name=\"twitter:card\" content=\"summary_large_image\" \/>\n<meta name=\"twitter:creator\" content=\"@noticiadosvales\" \/>\n<meta name=\"twitter:site\" content=\"@noticiadosvales\" \/>\n<meta name=\"twitter:label1\" content=\"Escrito por\" \/>\n\t<meta name=\"twitter:data1\" content=\"Reda\u00e7\u00e3o Aconteceu no Vale\" \/>\n\t<meta name=\"twitter:label2\" content=\"Est. tempo de leitura\" \/>\n\t<meta name=\"twitter:data2\" content=\"2 minutos\" \/>\n<script type=\"application\/ld+json\" class=\"yoast-schema-graph\">{\"@context\":\"https:\\\/\\\/schema.org\",\"@graph\":[{\"@type\":\"Article\",\"@id\":\"https:\\\/\\\/aconteceunovale.com.br\\\/portal\\\/?p=154788#article\",\"isPartOf\":{\"@id\":\"https:\\\/\\\/aconteceunovale.com.br\\\/portal\\\/?p=154788\"},\"author\":{\"name\":\"Reda\u00e7\u00e3o Aconteceu no Vale\",\"@id\":\"https:\\\/\\\/aconteceunovale.com.br\\\/portal\\\/#\\\/schema\\\/person\\\/7d2f26d1483f8a63de73da1ee0754d35\"},\"headline\":\"Pol\u00edcia investiga morte brutal de crian\u00e7a no Norte de Minas\",\"datePublished\":\"2019-11-17T15:01:30+00:00\",\"dateModified\":\"2019-11-17T15:18:16+00:00\",\"mainEntityOfPage\":{\"@id\":\"https:\\\/\\\/aconteceunovale.com.br\\\/portal\\\/?p=154788\"},\"wordCount\":335,\"commentCount\":1,\"image\":{\"@id\":\"https:\\\/\\\/aconteceunovale.com.br\\\/portal\\\/?p=154788#primaryimage\"},\"thumbnailUrl\":\"https:\\\/\\\/aconteceunovale.com.br\\\/portal\\\/wp-content\\\/uploads\\\/2019\\\/11\\\/crianca_indaiabira.jpg\",\"keywords\":[\"Assassinato de crian\u00e7a em Indaiabira\",\"Carlos Daniel Pereira dos Santos\",\"Crian\u00e7a morta em Indaiabira\",\"Crime b\u00e1rbaro em Indaiabira\",\"Lagoa Grande\",\"Montes Claros\",\"Morte brutal de crian\u00e7a em Indaiabira\",\"Morte de crian\u00e7a em Indaiabira\",\"Muzelo\",\"Pol\u00edcia investiga morte brutal de crian\u00e7a em Indaiabira\",\"Pol\u00edcia investiga morte brutal de crian\u00e7a no Norte de Minas\"],\"articleSection\":[\"Norte de Minas\"],\"inLanguage\":\"pt-BR\",\"potentialAction\":[{\"@type\":\"CommentAction\",\"name\":\"Comment\",\"target\":[\"https:\\\/\\\/aconteceunovale.com.br\\\/portal\\\/?p=154788#respond\"]}]},{\"@type\":\"WebPage\",\"@id\":\"https:\\\/\\\/aconteceunovale.com.br\\\/portal\\\/?p=154788\",\"url\":\"https:\\\/\\\/aconteceunovale.com.br\\\/portal\\\/?p=154788\",\"name\":\"Pol\u00edcia investiga morte brutal de crian\u00e7a no Norte de Minas - Aconteceu no Vale\",\"isPartOf\":{\"@id\":\"https:\\\/\\\/aconteceunovale.com.br\\\/portal\\\/#website\"},\"primaryImageOfPage\":{\"@id\":\"https:\\\/\\\/aconteceunovale.com.br\\\/portal\\\/?p=154788#primaryimage\"},\"image\":{\"@id\":\"https:\\\/\\\/aconteceunovale.com.br\\\/portal\\\/?p=154788#primaryimage\"},\"thumbnailUrl\":\"https:\\\/\\\/aconteceunovale.com.br\\\/portal\\\/wp-content\\\/uploads\\\/2019\\\/11\\\/crianca_indaiabira.jpg\",\"datePublished\":\"2019-11-17T15:01:30+00:00\",\"dateModified\":\"2019-11-17T15:18:16+00:00\",\"author\":{\"@id\":\"https:\\\/\\\/aconteceunovale.com.br\\\/portal\\\/#\\\/schema\\\/person\\\/7d2f26d1483f8a63de73da1ee0754d35\"},\"breadcrumb\":{\"@id\":\"https:\\\/\\\/aconteceunovale.com.br\\\/portal\\\/?p=154788#breadcrumb\"},\"inLanguage\":\"pt-BR\",\"potentialAction\":[{\"@type\":\"ReadAction\",\"target\":[\"https:\\\/\\\/aconteceunovale.com.br\\\/portal\\\/?p=154788\"]}]},{\"@type\":\"ImageObject\",\"inLanguage\":\"pt-BR\",\"@id\":\"https:\\\/\\\/aconteceunovale.com.br\\\/portal\\\/?p=154788#primaryimage\",\"url\":\"https:\\\/\\\/aconteceunovale.com.br\\\/portal\\\/wp-content\\\/uploads\\\/2019\\\/11\\\/crianca_indaiabira.jpg\",\"contentUrl\":\"https:\\\/\\\/aconteceunovale.com.br\\\/portal\\\/wp-content\\\/uploads\\\/2019\\\/11\\\/crianca_indaiabira.jpg\",\"width\":678,\"height\":410},{\"@type\":\"BreadcrumbList\",\"@id\":\"https:\\\/\\\/aconteceunovale.com.br\\\/portal\\\/?p=154788#breadcrumb\",\"itemListElement\":[{\"@type\":\"ListItem\",\"position\":1,\"name\":\"In\u00edcio\",\"item\":\"https:\\\/\\\/aconteceunovale.com.br\\\/portal\\\/\"},{\"@type\":\"ListItem\",\"position\":2,\"name\":\"Pol\u00edcia investiga morte brutal de crian\u00e7a no Norte de Minas\"}]},{\"@type\":\"WebSite\",\"@id\":\"https:\\\/\\\/aconteceunovale.com.br\\\/portal\\\/#website\",\"url\":\"https:\\\/\\\/aconteceunovale.com.br\\\/portal\\\/\",\"name\":\"Aconteceu no Vale\",\"description\":\"Portal de Not\u00edcias\",\"potentialAction\":[{\"@type\":\"SearchAction\",\"target\":{\"@type\":\"EntryPoint\",\"urlTemplate\":\"https:\\\/\\\/aconteceunovale.com.br\\\/portal\\\/?s={search_term_string}\"},\"query-input\":{\"@type\":\"PropertyValueSpecification\",\"valueRequired\":true,\"valueName\":\"search_term_string\"}}],\"inLanguage\":\"pt-BR\"},{\"@type\":\"Person\",\"@id\":\"https:\\\/\\\/aconteceunovale.com.br\\\/portal\\\/#\\\/schema\\\/person\\\/7d2f26d1483f8a63de73da1ee0754d35\",\"name\":\"Reda\u00e7\u00e3o Aconteceu no Vale\",\"description\":\"Equipe de reportagem do Aconteceu no Vale, portal de not\u00edcias do Vale do Jequitinhonha, em Minas Gerais. Cobrimos as 51 cidades do Vale desde 2013. Sugest\u00f5es de pauta e pedidos de corre\u00e7\u00e3o: contato@aconteceunovale.com.br\",\"url\":\"https:\\\/\\\/aconteceunovale.com.br\\\/portal\\\/?author=4\"}]}<\/script>\n<!-- \/ Yoast SEO plugin. -->","yoast_head_json":{"title":"Pol\u00edcia investiga morte brutal de crian\u00e7a no Norte de Minas - Aconteceu no Vale","robots":{"index":"index","follow":"follow","max-snippet":"max-snippet:-1","max-image-preview":"max-image-preview:large","max-video-preview":"max-video-preview:-1"},"canonical":"https:\/\/aconteceunovale.com.br\/portal\/?p=154788","og_locale":"pt_BR","og_type":"article","og_title":"Pol\u00edcia investiga morte brutal de crian\u00e7a no Norte de Minas - Aconteceu no Vale","og_description":"Uma crian\u00e7a de 10 anos foi encontrada morta na manh\u00e3 de sexta-feira (15\/11\/2019) no munic\u00edpio de Indaiabira, no Norte de Minas Gerais. Segundo a Pol\u00edcia Militar (PM), Carlos Daniel Pereira dos Santos desapareceu ap\u00f3s descer de um \u00f4nibus escolar no final da manh\u00e3 de quinta-feira (14). O garoto estudava na escola da comunidade de Muzelo [&hellip;]","og_url":"https:\/\/aconteceunovale.com.br\/portal\/?p=154788","og_site_name":"Aconteceu no Vale","article_publisher":"https:\/\/www.facebook.com\/aconteceunovale\/","article_published_time":"2019-11-17T15:01:30+00:00","article_modified_time":"2019-11-17T15:18:16+00:00","og_image":[{"width":678,"height":410,"url":"https:\/\/aconteceunovale.com.br\/portal\/wp-content\/uploads\/2019\/11\/crianca_indaiabira.jpg","type":"image\/jpeg"}],"author":"Reda\u00e7\u00e3o Aconteceu no Vale","twitter_card":"summary_large_image","twitter_creator":"@noticiadosvales","twitter_site":"@noticiadosvales","twitter_misc":{"Escrito por":"Reda\u00e7\u00e3o Aconteceu no Vale","Est. tempo de leitura":"2 minutos"},"schema":{"@context":"https:\/\/schema.org","@graph":[{"@type":"Article","@id":"https:\/\/aconteceunovale.com.br\/portal\/?p=154788#article","isPartOf":{"@id":"https:\/\/aconteceunovale.com.br\/portal\/?p=154788"},"author":{"name":"Reda\u00e7\u00e3o Aconteceu no Vale","@id":"https:\/\/aconteceunovale.com.br\/portal\/#\/schema\/person\/7d2f26d1483f8a63de73da1ee0754d35"},"headline":"Pol\u00edcia investiga morte brutal de crian\u00e7a no Norte de Minas","datePublished":"2019-11-17T15:01:30+00:00","dateModified":"2019-11-17T15:18:16+00:00","mainEntityOfPage":{"@id":"https:\/\/aconteceunovale.com.br\/portal\/?p=154788"},"wordCount":335,"commentCount":1,"image":{"@id":"https:\/\/aconteceunovale.com.br\/portal\/?p=154788#primaryimage"},"thumbnailUrl":"https:\/\/aconteceunovale.com.br\/portal\/wp-content\/uploads\/2019\/11\/crianca_indaiabira.jpg","keywords":["Assassinato de crian\u00e7a em Indaiabira","Carlos Daniel Pereira dos Santos","Crian\u00e7a morta em Indaiabira","Crime b\u00e1rbaro em Indaiabira","Lagoa Grande","Montes Claros","Morte brutal de crian\u00e7a em Indaiabira","Morte de crian\u00e7a em Indaiabira","Muzelo","Pol\u00edcia investiga morte brutal de crian\u00e7a em Indaiabira","Pol\u00edcia investiga morte brutal de crian\u00e7a no Norte de Minas"],"articleSection":["Norte de Minas"],"inLanguage":"pt-BR","potentialAction":[{"@type":"CommentAction","name":"Comment","target":["https:\/\/aconteceunovale.com.br\/portal\/?p=154788#respond"]}]},{"@type":"WebPage","@id":"https:\/\/aconteceunovale.com.br\/portal\/?p=154788","url":"https:\/\/aconteceunovale.com.br\/portal\/?p=154788","name":"Pol\u00edcia investiga morte brutal de crian\u00e7a no Norte de Minas - Aconteceu no Vale","isPartOf":{"@id":"https:\/\/aconteceunovale.com.br\/portal\/#website"},"primaryImageOfPage":{"@id":"https:\/\/aconteceunovale.com.br\/portal\/?p=154788#primaryimage"},"image":{"@id":"https:\/\/aconteceunovale.com.br\/portal\/?p=154788#primaryimage"},"thumbnailUrl":"https:\/\/aconteceunovale.com.br\/portal\/wp-content\/uploads\/2019\/11\/crianca_indaiabira.jpg","datePublished":"2019-11-17T15:01:30+00:00","dateModified":"2019-11-17T15:18:16+00:00","author":{"@id":"https:\/\/aconteceunovale.com.br\/portal\/#\/schema\/person\/7d2f26d1483f8a63de73da1ee0754d35"},"breadcrumb":{"@id":"https:\/\/aconteceunovale.com.br\/portal\/?p=154788#breadcrumb"},"inLanguage":"pt-BR","potentialAction":[{"@type":"ReadAction","target":["https:\/\/aconteceunovale.com.br\/portal\/?p=154788"]}]},{"@type":"ImageObject","inLanguage":"pt-BR","@id":"https:\/\/aconteceunovale.com.br\/portal\/?p=154788#primaryimage","url":"https:\/\/aconteceunovale.com.br\/portal\/wp-content\/uploads\/2019\/11\/crianca_indaiabira.jpg","contentUrl":"https:\/\/aconteceunovale.com.br\/portal\/wp-content\/uploads\/2019\/11\/crianca_indaiabira.jpg","width":678,"height":410},{"@type":"BreadcrumbList","@id":"https:\/\/aconteceunovale.com.br\/portal\/?p=154788#breadcrumb","itemListElement":[{"@type":"ListItem","position":1,"name":"In\u00edcio","item":"https:\/\/aconteceunovale.com.br\/portal\/"},{"@type":"ListItem","position":2,"name":"Pol\u00edcia investiga morte brutal de crian\u00e7a no Norte de Minas"}]},{"@type":"WebSite","@id":"https:\/\/aconteceunovale.com.br\/portal\/#website","url":"https:\/\/aconteceunovale.com.br\/portal\/","name":"Aconteceu no Vale","description":"Portal de Not\u00edcias","potentialAction":[{"@type":"SearchAction","target":{"@type":"EntryPoint","urlTemplate":"https:\/\/aconteceunovale.com.br\/portal\/?s={search_term_string}"},"query-input":{"@type":"PropertyValueSpecification","valueRequired":true,"valueName":"search_term_string"}}],"inLanguage":"pt-BR"},{"@type":"Person","@id":"https:\/\/aconteceunovale.com.br\/portal\/#\/schema\/person\/7d2f26d1483f8a63de73da1ee0754d35","name":"Reda\u00e7\u00e3o Aconteceu no Vale","description":"Equipe de reportagem do Aconteceu no Vale, portal de not\u00edcias do Vale do Jequitinhonha, em Minas Gerais. Cobrimos as 51 cidades do Vale desde 2013. Sugest\u00f5es de pauta e pedidos de corre\u00e7\u00e3o: contato@aconteceunovale.com.br","url":"https:\/\/aconteceunovale.com.br\/portal\/?author=4"}]}},"_links":{"self":[{"href":"https:\/\/aconteceunovale.com.br\/portal\/index.php?rest_route=\/wp\/v2\/posts\/154788","targetHints":{"allow":["GET"]}}],"collection":[{"href":"https:\/\/aconteceunovale.com.br\/portal\/index.php?rest_route=\/wp\/v2\/posts"}],"about":[{"href":"https:\/\/aconteceunovale.com.br\/portal\/index.php?rest_route=\/wp\/v2\/types\/post"}],"author":[{"embeddable":true,"href":"https:\/\/aconteceunovale.com.br\/portal\/index.php?rest_route=\/wp\/v2\/users\/4"}],"replies":[{"embeddable":true,"href":"https:\/\/aconteceunovale.com.br\/portal\/index.php?rest_route=%2Fwp%2Fv2%2Fcomments&post=154788"}],"version-history":[{"count":1,"href":"https:\/\/aconteceunovale.com.br\/portal\/index.php?rest_route=\/wp\/v2\/posts\/154788\/revisions"}],"predecessor-version":[{"id":154790,"href":"https:\/\/aconteceunovale.com.br\/portal\/index.php?rest_route=\/wp\/v2\/posts\/154788\/revisions\/154790"}],"wp:featuredmedia":[{"embeddable":true,"href":"https:\/\/aconteceunovale.com.br\/portal\/index.php?rest_route=\/wp\/v2\/media\/154789"}],"wp:attachment":[{"href":"https:\/\/aconteceunovale.com.br\/portal\/index.php?rest_route=%2Fwp%2Fv2%2Fmedia&parent=154788"}],"wp:term":[{"taxonomy":"category","embeddable":true,"href":"https:\/\/aconteceunovale.com.br\/portal\/index.php?rest_route=%2Fwp%2Fv2%2Fcategories&post=154788"},{"taxonomy":"post_tag","embeddable":true,"href":"https:\/\/aconteceunovale.com.br\/portal\/index.php?rest_route=%2Fwp%2Fv2%2Ftags&post=154788"}],"curies":[{"name":"wp","href":"https:\/\/api.w.org\/{rel}","templated":true}]}}