{"id":154784,"date":"2019-11-17T11:23:53","date_gmt":"2019-11-17T14:23:53","guid":{"rendered":"http:\/\/aconteceunovale.com.br\/portal\/?p=154784"},"modified":"2026-09-02T12:48:14","modified_gmt":"2026-09-02T15:48:14","slug":"acidente-deixa-um-morto-e-dois-feridos-em-diamantina-no-vale-do-jequitinhonha","status":"publish","type":"post","link":"https:\/\/aconteceunovale.com.br\/portal\/?p=154784","title":{"rendered":"Acidente deixa um morto e dois feridos em Diamantina, no Vale do Jequitinhonha"},"content":{"rendered":"\n<p class=\"wp-block-paragraph\">Um jovem de 23 anos morreu em um acidente na MGC-367, no\ntrevo de acesso ao Aeroporto Juscelino Kubitschek, em Diamantina (MG), na manh\u00e3\ndeste domingo (17\/11\/2019). As informa\u00e7\u00f5es iniciais indicam que o condutor de\numa caminhonete tentou realizar uma ultrapassagem e colidiu contra a lateral de\num ve\u00edculo que seguia na pista contr\u00e1ria. <\/p>\n\n\n\n<p class=\"wp-block-paragraph\">Ap\u00f3s a colis\u00e3o, segundo testemunhas, a caminhonete rodou na pista, subiu em um barranco \u00e0s margens da rodovia, bateu em um poste da rede de energia el\u00e9trica e capotou. Luiz Alan Cardoso foi retirado das ferragens por populares e o Corpo de Bombeiros ainda tentou reanimar o jovem, mas ele n\u00e3o resistiu aos graves ferimentos e veio a \u00f3bito. <\/p>\n\n\n\n<p class=\"wp-block-paragraph\">Os outros dois ocupantes do ve\u00edculo, de 16 e 17 anos, foram socorridos\npelos bombeiros ao hospital de Diamantina. O estado de sa\u00fade deles n\u00e3o foi\ndivulgado.<\/p>\n\n\n\n<p class=\"wp-block-paragraph\">A Per\u00edcia da Pol\u00edcia Civil esteve no local e liberou o corpo\npara o Instituto M\u00e9dico Legal (IML) de Diamantina. As causas do acidente ser\u00e3o apuradas.<\/p>\n\n\n\n<p class=\"wp-block-paragraph\">Uma equipe da Companhia Energ\u00e9tica de Minas Gerais (CEMIG) foi acionada para substituir o poste danificado e restabelecer a transmiss\u00e3o de energia el\u00e9trica no local.<\/p>\n\n\n\n<figure class=\"wp-block-image\"><img loading=\"lazy\" decoding=\"async\" width=\"678\" height=\"419\" src=\"http:\/\/aconteceunovale.com.br\/portal\/wp-content\/uploads\/2019\/11\/acidente_diamantina_1.jpg\" alt=\"\" class=\"wp-image-154785\" srcset=\"https:\/\/aconteceunovale.com.br\/portal\/wp-content\/uploads\/2019\/11\/acidente_diamantina_1.jpg 678w, https:\/\/aconteceunovale.com.br\/portal\/wp-content\/uploads\/2019\/11\/acidente_diamantina_1-300x185.jpg 300w, https:\/\/aconteceunovale.com.br\/portal\/wp-content\/uploads\/2019\/11\/acidente_diamantina_1-356x220.jpg 356w\" sizes=\"auto, (max-width: 678px) 100vw, 678px\" \/><figcaption><em>Foto: Reprodu\u00e7\u00e3o \/ WhatsApp<\/em><\/figcaption><\/figure>\n\n\n\n<figure class=\"wp-block-image\"><img loading=\"lazy\" decoding=\"async\" width=\"678\" height=\"368\" src=\"http:\/\/aconteceunovale.com.br\/portal\/wp-content\/uploads\/2019\/11\/acidente_diamantina_2.jpg\" alt=\"\" class=\"wp-image-154786\" srcset=\"https:\/\/aconteceunovale.com.br\/portal\/wp-content\/uploads\/2019\/11\/acidente_diamantina_2.jpg 678w, https:\/\/aconteceunovale.com.br\/portal\/wp-content\/uploads\/2019\/11\/acidente_diamantina_2-300x163.jpg 300w\" sizes=\"auto, (max-width: 678px) 100vw, 678px\" \/><figcaption> <em>Foto: Reprodu\u00e7\u00e3o \/ WhatsApp<\/em> <\/figcaption><\/figure>\n\n\n\n<p class=\"has-text-color has-background has-very-light-gray-color has-very-dark-gray-background-color wp-block-paragraph\"><strong>VER PRIMEIRO: <\/strong>Receba as not\u00edcias do Aconteceu no Vale em primeira m\u00e3o. Clique em curtir no endere\u00e7o <a href=\"https:\/\/www.facebook.com\/aconteceunovale\" target=\"_blank\" rel=\"noreferrer noopener\">www.facebook.com\/aconteceunovale<\/a>.<\/p>\n","protected":false},"excerpt":{"rendered":"<p>Um jovem de 23 anos morreu em um acidente na MGC-367, no trevo de acesso ao Aeroporto Juscelino Kubitschek, em Diamantina (MG), na manh\u00e3 deste domingo (17\/11\/2019). As informa\u00e7\u00f5es iniciais indicam que o condutor de uma caminhonete tentou realizar uma ultrapassagem e colidiu contra a lateral de um ve\u00edculo que seguia na pista contr\u00e1ria. Ap\u00f3s [&hellip;]<\/p>\n","protected":false},"author":4,"featured_media":154786,"comment_status":"open","ping_status":"closed","sticky":false,"template":"","format":"standard","meta":{"amp_status":"","footnotes":""},"categories":[272543,120],"tags":[210379,210380,6805,210381,210383,210385,152500,210384,210382,1018,198,210386],"class_list":["post-154784","post","type-post","status-publish","format-standard","has-post-thumbnail","hentry","category-diamantina","category-jequi","tag-acidente-com-caminhonete-em-diamantina","tag-acidente-deixa-um-morto-e-dois-feridos-em-diamantina","tag-acidente-em-diamantina","tag-acidente-na-367-em-diamantina","tag-acidente-na-br-367-em-diamantina","tag-acidente-na-entrada-do-aeroporto-de-diamantina","tag-acidente-na-mgc-367-em-diamantina","tag-acidente-no-trevo-do-aeroporto-de-diamantina","tag-capotamento-de-caminhonete-em-diamantina","tag-destaque","tag-diamantina","tag-luiz-alan-cardoso"],"yoast_head":"<!-- This site is optimized with the Yoast SEO plugin v28.3 - https:\/\/yoast.com\/product\/yoast-seo-wordpress\/ -->\n<title>Acidente deixa um morto e dois feridos em Diamantina, no Vale do Jequitinhonha - Aconteceu no Vale<\/title>\n<meta name=\"robots\" content=\"index, follow, max-snippet:-1, max-image-preview:large, max-video-preview:-1\" \/>\n<link rel=\"canonical\" href=\"https:\/\/aconteceunovale.com.br\/portal\/?p=154784\" \/>\n<meta property=\"og:locale\" content=\"pt_BR\" \/>\n<meta property=\"og:type\" content=\"article\" \/>\n<meta property=\"og:title\" content=\"Acidente deixa um morto e dois feridos em Diamantina, no Vale do Jequitinhonha - Aconteceu no Vale\" \/>\n<meta property=\"og:description\" content=\"Um jovem de 23 anos morreu em um acidente na MGC-367, no trevo de acesso ao Aeroporto Juscelino Kubitschek, em Diamantina (MG), na manh\u00e3 deste domingo (17\/11\/2019). As informa\u00e7\u00f5es iniciais indicam que o condutor de uma caminhonete tentou realizar uma ultrapassagem e colidiu contra a lateral de um ve\u00edculo que seguia na pista contr\u00e1ria. Ap\u00f3s [&hellip;]\" \/>\n<meta property=\"og:url\" content=\"https:\/\/aconteceunovale.com.br\/portal\/?p=154784\" \/>\n<meta property=\"og:site_name\" content=\"Aconteceu no Vale\" \/>\n<meta property=\"article:publisher\" content=\"https:\/\/www.facebook.com\/aconteceunovale\/\" \/>\n<meta property=\"article:published_time\" content=\"2019-11-17T14:23:53+00:00\" \/>\n<meta property=\"article:modified_time\" content=\"2026-09-02T15:48:14+00:00\" \/>\n<meta property=\"og:image\" content=\"https:\/\/aconteceunovale.com.br\/portal\/wp-content\/uploads\/2019\/11\/acidente_diamantina_2.jpg\" \/>\n\t<meta property=\"og:image:width\" content=\"678\" \/>\n\t<meta property=\"og:image:height\" content=\"368\" \/>\n\t<meta property=\"og:image:type\" content=\"image\/jpeg\" \/>\n<meta name=\"author\" content=\"Reda\u00e7\u00e3o Aconteceu no Vale\" \/>\n<meta name=\"twitter:card\" content=\"summary_large_image\" \/>\n<meta name=\"twitter:creator\" content=\"@noticiadosvales\" \/>\n<meta name=\"twitter:site\" content=\"@noticiadosvales\" \/>\n<meta name=\"twitter:label1\" content=\"Escrito por\" \/>\n\t<meta name=\"twitter:data1\" content=\"Reda\u00e7\u00e3o Aconteceu no Vale\" \/>\n\t<meta name=\"twitter:label2\" content=\"Est. tempo de leitura\" \/>\n\t<meta name=\"twitter:data2\" content=\"1 minuto\" \/>\n<script type=\"application\/ld+json\" class=\"yoast-schema-graph\">{\"@context\":\"https:\\\/\\\/schema.org\",\"@graph\":[{\"@type\":\"Article\",\"@id\":\"https:\\\/\\\/aconteceunovale.com.br\\\/portal\\\/?p=154784#article\",\"isPartOf\":{\"@id\":\"https:\\\/\\\/aconteceunovale.com.br\\\/portal\\\/?p=154784\"},\"author\":{\"name\":\"Reda\u00e7\u00e3o Aconteceu no Vale\",\"@id\":\"https:\\\/\\\/aconteceunovale.com.br\\\/portal\\\/#\\\/schema\\\/person\\\/7d2f26d1483f8a63de73da1ee0754d35\"},\"headline\":\"Acidente deixa um morto e dois feridos em Diamantina, no Vale do Jequitinhonha\",\"datePublished\":\"2019-11-17T14:23:53+00:00\",\"dateModified\":\"2026-09-02T15:48:14+00:00\",\"mainEntityOfPage\":{\"@id\":\"https:\\\/\\\/aconteceunovale.com.br\\\/portal\\\/?p=154784\"},\"wordCount\":249,\"commentCount\":0,\"image\":{\"@id\":\"https:\\\/\\\/aconteceunovale.com.br\\\/portal\\\/?p=154784#primaryimage\"},\"thumbnailUrl\":\"https:\\\/\\\/aconteceunovale.com.br\\\/portal\\\/wp-content\\\/uploads\\\/2019\\\/11\\\/acidente_diamantina_2.jpg\",\"keywords\":[\"Acidente com caminhonete em Diamantina\",\"Acidente deixa um morto e dois feridos em Diamantina\",\"acidente em diamantina\",\"Acidente na 367 em Diamantina\",\"Acidente na BR-367 em Diamantina\",\"Acidente na entrada do aeroporto de Diamantina\",\"Acidente na MGC-367 em Diamantina\",\"Acidente no trevo do aeroporto de Diamantina\",\"Capotamento de caminhonete em Diamantina\",\"destaque\",\"Diamantina\",\"Luiz Alan Cardoso\"],\"articleSection\":[\"Diamantina\",\"Vale do Jequitinhonha\"],\"inLanguage\":\"pt-BR\",\"potentialAction\":[{\"@type\":\"CommentAction\",\"name\":\"Comment\",\"target\":[\"https:\\\/\\\/aconteceunovale.com.br\\\/portal\\\/?p=154784#respond\"]}]},{\"@type\":\"WebPage\",\"@id\":\"https:\\\/\\\/aconteceunovale.com.br\\\/portal\\\/?p=154784\",\"url\":\"https:\\\/\\\/aconteceunovale.com.br\\\/portal\\\/?p=154784\",\"name\":\"Acidente deixa um morto e dois feridos em Diamantina, no Vale do Jequitinhonha - Aconteceu no Vale\",\"isPartOf\":{\"@id\":\"https:\\\/\\\/aconteceunovale.com.br\\\/portal\\\/#website\"},\"primaryImageOfPage\":{\"@id\":\"https:\\\/\\\/aconteceunovale.com.br\\\/portal\\\/?p=154784#primaryimage\"},\"image\":{\"@id\":\"https:\\\/\\\/aconteceunovale.com.br\\\/portal\\\/?p=154784#primaryimage\"},\"thumbnailUrl\":\"https:\\\/\\\/aconteceunovale.com.br\\\/portal\\\/wp-content\\\/uploads\\\/2019\\\/11\\\/acidente_diamantina_2.jpg\",\"datePublished\":\"2019-11-17T14:23:53+00:00\",\"dateModified\":\"2026-09-02T15:48:14+00:00\",\"author\":{\"@id\":\"https:\\\/\\\/aconteceunovale.com.br\\\/portal\\\/#\\\/schema\\\/person\\\/7d2f26d1483f8a63de73da1ee0754d35\"},\"breadcrumb\":{\"@id\":\"https:\\\/\\\/aconteceunovale.com.br\\\/portal\\\/?p=154784#breadcrumb\"},\"inLanguage\":\"pt-BR\",\"potentialAction\":[{\"@type\":\"ReadAction\",\"target\":[\"https:\\\/\\\/aconteceunovale.com.br\\\/portal\\\/?p=154784\"]}]},{\"@type\":\"ImageObject\",\"inLanguage\":\"pt-BR\",\"@id\":\"https:\\\/\\\/aconteceunovale.com.br\\\/portal\\\/?p=154784#primaryimage\",\"url\":\"https:\\\/\\\/aconteceunovale.com.br\\\/portal\\\/wp-content\\\/uploads\\\/2019\\\/11\\\/acidente_diamantina_2.jpg\",\"contentUrl\":\"https:\\\/\\\/aconteceunovale.com.br\\\/portal\\\/wp-content\\\/uploads\\\/2019\\\/11\\\/acidente_diamantina_2.jpg\",\"width\":678,\"height\":368},{\"@type\":\"BreadcrumbList\",\"@id\":\"https:\\\/\\\/aconteceunovale.com.br\\\/portal\\\/?p=154784#breadcrumb\",\"itemListElement\":[{\"@type\":\"ListItem\",\"position\":1,\"name\":\"In\u00edcio\",\"item\":\"https:\\\/\\\/aconteceunovale.com.br\\\/portal\\\/\"},{\"@type\":\"ListItem\",\"position\":2,\"name\":\"Acidente deixa um morto e dois feridos em Diamantina, no Vale do Jequitinhonha\"}]},{\"@type\":\"WebSite\",\"@id\":\"https:\\\/\\\/aconteceunovale.com.br\\\/portal\\\/#website\",\"url\":\"https:\\\/\\\/aconteceunovale.com.br\\\/portal\\\/\",\"name\":\"Aconteceu no Vale\",\"description\":\"Portal de Not\u00edcias\",\"potentialAction\":[{\"@type\":\"SearchAction\",\"target\":{\"@type\":\"EntryPoint\",\"urlTemplate\":\"https:\\\/\\\/aconteceunovale.com.br\\\/portal\\\/?s={search_term_string}\"},\"query-input\":{\"@type\":\"PropertyValueSpecification\",\"valueRequired\":true,\"valueName\":\"search_term_string\"}}],\"inLanguage\":\"pt-BR\"},{\"@type\":\"Person\",\"@id\":\"https:\\\/\\\/aconteceunovale.com.br\\\/portal\\\/#\\\/schema\\\/person\\\/7d2f26d1483f8a63de73da1ee0754d35\",\"name\":\"Reda\u00e7\u00e3o Aconteceu no Vale\",\"description\":\"Equipe de reportagem do Aconteceu no Vale, portal de not\u00edcias do Vale do Jequitinhonha, em Minas Gerais. Cobrimos as 51 cidades do Vale desde 2013. Sugest\u00f5es de pauta e pedidos de corre\u00e7\u00e3o: contato@aconteceunovale.com.br\",\"url\":\"https:\\\/\\\/aconteceunovale.com.br\\\/portal\\\/?author=4\"}]}<\/script>\n<!-- \/ Yoast SEO plugin. -->","yoast_head_json":{"title":"Acidente deixa um morto e dois feridos em Diamantina, no Vale do Jequitinhonha - Aconteceu no Vale","robots":{"index":"index","follow":"follow","max-snippet":"max-snippet:-1","max-image-preview":"max-image-preview:large","max-video-preview":"max-video-preview:-1"},"canonical":"https:\/\/aconteceunovale.com.br\/portal\/?p=154784","og_locale":"pt_BR","og_type":"article","og_title":"Acidente deixa um morto e dois feridos em Diamantina, no Vale do Jequitinhonha - Aconteceu no Vale","og_description":"Um jovem de 23 anos morreu em um acidente na MGC-367, no trevo de acesso ao Aeroporto Juscelino Kubitschek, em Diamantina (MG), na manh\u00e3 deste domingo (17\/11\/2019). As informa\u00e7\u00f5es iniciais indicam que o condutor de uma caminhonete tentou realizar uma ultrapassagem e colidiu contra a lateral de um ve\u00edculo que seguia na pista contr\u00e1ria. Ap\u00f3s [&hellip;]","og_url":"https:\/\/aconteceunovale.com.br\/portal\/?p=154784","og_site_name":"Aconteceu no Vale","article_publisher":"https:\/\/www.facebook.com\/aconteceunovale\/","article_published_time":"2019-11-17T14:23:53+00:00","article_modified_time":"2026-09-02T15:48:14+00:00","og_image":[{"width":678,"height":368,"url":"https:\/\/aconteceunovale.com.br\/portal\/wp-content\/uploads\/2019\/11\/acidente_diamantina_2.jpg","type":"image\/jpeg"}],"author":"Reda\u00e7\u00e3o Aconteceu no Vale","twitter_card":"summary_large_image","twitter_creator":"@noticiadosvales","twitter_site":"@noticiadosvales","twitter_misc":{"Escrito por":"Reda\u00e7\u00e3o Aconteceu no Vale","Est. tempo de leitura":"1 minuto"},"schema":{"@context":"https:\/\/schema.org","@graph":[{"@type":"Article","@id":"https:\/\/aconteceunovale.com.br\/portal\/?p=154784#article","isPartOf":{"@id":"https:\/\/aconteceunovale.com.br\/portal\/?p=154784"},"author":{"name":"Reda\u00e7\u00e3o Aconteceu no Vale","@id":"https:\/\/aconteceunovale.com.br\/portal\/#\/schema\/person\/7d2f26d1483f8a63de73da1ee0754d35"},"headline":"Acidente deixa um morto e dois feridos em Diamantina, no Vale do Jequitinhonha","datePublished":"2019-11-17T14:23:53+00:00","dateModified":"2026-09-02T15:48:14+00:00","mainEntityOfPage":{"@id":"https:\/\/aconteceunovale.com.br\/portal\/?p=154784"},"wordCount":249,"commentCount":0,"image":{"@id":"https:\/\/aconteceunovale.com.br\/portal\/?p=154784#primaryimage"},"thumbnailUrl":"https:\/\/aconteceunovale.com.br\/portal\/wp-content\/uploads\/2019\/11\/acidente_diamantina_2.jpg","keywords":["Acidente com caminhonete em Diamantina","Acidente deixa um morto e dois feridos em Diamantina","acidente em diamantina","Acidente na 367 em Diamantina","Acidente na BR-367 em Diamantina","Acidente na entrada do aeroporto de Diamantina","Acidente na MGC-367 em Diamantina","Acidente no trevo do aeroporto de Diamantina","Capotamento de caminhonete em Diamantina","destaque","Diamantina","Luiz Alan Cardoso"],"articleSection":["Diamantina","Vale do Jequitinhonha"],"inLanguage":"pt-BR","potentialAction":[{"@type":"CommentAction","name":"Comment","target":["https:\/\/aconteceunovale.com.br\/portal\/?p=154784#respond"]}]},{"@type":"WebPage","@id":"https:\/\/aconteceunovale.com.br\/portal\/?p=154784","url":"https:\/\/aconteceunovale.com.br\/portal\/?p=154784","name":"Acidente deixa um morto e dois feridos em Diamantina, no Vale do Jequitinhonha - Aconteceu no Vale","isPartOf":{"@id":"https:\/\/aconteceunovale.com.br\/portal\/#website"},"primaryImageOfPage":{"@id":"https:\/\/aconteceunovale.com.br\/portal\/?p=154784#primaryimage"},"image":{"@id":"https:\/\/aconteceunovale.com.br\/portal\/?p=154784#primaryimage"},"thumbnailUrl":"https:\/\/aconteceunovale.com.br\/portal\/wp-content\/uploads\/2019\/11\/acidente_diamantina_2.jpg","datePublished":"2019-11-17T14:23:53+00:00","dateModified":"2026-09-02T15:48:14+00:00","author":{"@id":"https:\/\/aconteceunovale.com.br\/portal\/#\/schema\/person\/7d2f26d1483f8a63de73da1ee0754d35"},"breadcrumb":{"@id":"https:\/\/aconteceunovale.com.br\/portal\/?p=154784#breadcrumb"},"inLanguage":"pt-BR","potentialAction":[{"@type":"ReadAction","target":["https:\/\/aconteceunovale.com.br\/portal\/?p=154784"]}]},{"@type":"ImageObject","inLanguage":"pt-BR","@id":"https:\/\/aconteceunovale.com.br\/portal\/?p=154784#primaryimage","url":"https:\/\/aconteceunovale.com.br\/portal\/wp-content\/uploads\/2019\/11\/acidente_diamantina_2.jpg","contentUrl":"https:\/\/aconteceunovale.com.br\/portal\/wp-content\/uploads\/2019\/11\/acidente_diamantina_2.jpg","width":678,"height":368},{"@type":"BreadcrumbList","@id":"https:\/\/aconteceunovale.com.br\/portal\/?p=154784#breadcrumb","itemListElement":[{"@type":"ListItem","position":1,"name":"In\u00edcio","item":"https:\/\/aconteceunovale.com.br\/portal\/"},{"@type":"ListItem","position":2,"name":"Acidente deixa um morto e dois feridos em Diamantina, no Vale do Jequitinhonha"}]},{"@type":"WebSite","@id":"https:\/\/aconteceunovale.com.br\/portal\/#website","url":"https:\/\/aconteceunovale.com.br\/portal\/","name":"Aconteceu no Vale","description":"Portal de Not\u00edcias","potentialAction":[{"@type":"SearchAction","target":{"@type":"EntryPoint","urlTemplate":"https:\/\/aconteceunovale.com.br\/portal\/?s={search_term_string}"},"query-input":{"@type":"PropertyValueSpecification","valueRequired":true,"valueName":"search_term_string"}}],"inLanguage":"pt-BR"},{"@type":"Person","@id":"https:\/\/aconteceunovale.com.br\/portal\/#\/schema\/person\/7d2f26d1483f8a63de73da1ee0754d35","name":"Reda\u00e7\u00e3o Aconteceu no Vale","description":"Equipe de reportagem do Aconteceu no Vale, portal de not\u00edcias do Vale do Jequitinhonha, em Minas Gerais. Cobrimos as 51 cidades do Vale desde 2013. Sugest\u00f5es de pauta e pedidos de corre\u00e7\u00e3o: contato@aconteceunovale.com.br","url":"https:\/\/aconteceunovale.com.br\/portal\/?author=4"}]}},"_links":{"self":[{"href":"https:\/\/aconteceunovale.com.br\/portal\/index.php?rest_route=\/wp\/v2\/posts\/154784","targetHints":{"allow":["GET"]}}],"collection":[{"href":"https:\/\/aconteceunovale.com.br\/portal\/index.php?rest_route=\/wp\/v2\/posts"}],"about":[{"href":"https:\/\/aconteceunovale.com.br\/portal\/index.php?rest_route=\/wp\/v2\/types\/post"}],"author":[{"embeddable":true,"href":"https:\/\/aconteceunovale.com.br\/portal\/index.php?rest_route=\/wp\/v2\/users\/4"}],"replies":[{"embeddable":true,"href":"https:\/\/aconteceunovale.com.br\/portal\/index.php?rest_route=%2Fwp%2Fv2%2Fcomments&post=154784"}],"version-history":[{"count":1,"href":"https:\/\/aconteceunovale.com.br\/portal\/index.php?rest_route=\/wp\/v2\/posts\/154784\/revisions"}],"predecessor-version":[{"id":154787,"href":"https:\/\/aconteceunovale.com.br\/portal\/index.php?rest_route=\/wp\/v2\/posts\/154784\/revisions\/154787"}],"wp:featuredmedia":[{"embeddable":true,"href":"https:\/\/aconteceunovale.com.br\/portal\/index.php?rest_route=\/wp\/v2\/media\/154786"}],"wp:attachment":[{"href":"https:\/\/aconteceunovale.com.br\/portal\/index.php?rest_route=%2Fwp%2Fv2%2Fmedia&parent=154784"}],"wp:term":[{"taxonomy":"category","embeddable":true,"href":"https:\/\/aconteceunovale.com.br\/portal\/index.php?rest_route=%2Fwp%2Fv2%2Fcategories&post=154784"},{"taxonomy":"post_tag","embeddable":true,"href":"https:\/\/aconteceunovale.com.br\/portal\/index.php?rest_route=%2Fwp%2Fv2%2Ftags&post=154784"}],"curies":[{"name":"wp","href":"https:\/\/api.w.org\/{rel}","templated":true}]}}