{"id":154773,"date":"2019-11-16T17:57:32","date_gmt":"2019-11-16T20:57:32","guid":{"rendered":"http:\/\/aconteceunovale.com.br\/portal\/?p=154773"},"modified":"2019-11-16T17:59:38","modified_gmt":"2019-11-16T20:59:38","slug":"policia-investiga-acidente-no-patio-da-prefeitura-de-ladainha","status":"publish","type":"post","link":"https:\/\/aconteceunovale.com.br\/portal\/?p=154773","title":{"rendered":"Pol\u00edcia investiga acidente no p\u00e1tio da Prefeitura de Ladainha"},"content":{"rendered":"\n<p class=\"wp-block-paragraph\">Um homem de 33 anos morreu em um acidente no\np\u00e1tio da Secretaria Municipal de Transportes da Prefeitura de Ladainha, no Vale\ndo Mucuri, na tarde de quinta-feira (14\/11\/2019). Segundo a Pol\u00edcia Militar\n(PM), o motorista do caminh\u00e3o, de 44 anos, realizava uma manobra quando o ve\u00edculo\napresentou problema mec\u00e2nico (perda de freios) e caiu em uma ribanceira. <\/p>\n\n\n\n<p class=\"wp-block-paragraph\">O passageiro Cidnei Pereira Fiuza foi esmagado\npelo caminh\u00e3o e morreu no local. Uma equipe do SAMU (Servi\u00e7o de Atendimento\nM\u00f3vel de Urg\u00eancia) esteve no local e confirmou o \u00f3bito. <\/p>\n\n\n\n<p class=\"wp-block-paragraph\">O motorista foi conduzido \u00e0 Delegacia de Pol\u00edcia Civil ap\u00f3s receber atendimento m\u00e9dico. Um inqu\u00e9rito policial vai apurar as causas do acidente.<\/p>\n\n\n\n<figure class=\"wp-block-image is-resized\"><img loading=\"lazy\" decoding=\"async\" src=\"http:\/\/aconteceunovale.com.br\/portal\/wp-content\/uploads\/2019\/11\/acidente_ladainha.jpg\" alt=\"\" class=\"wp-image-154774\" width=\"598\" height=\"434\" srcset=\"https:\/\/aconteceunovale.com.br\/portal\/wp-content\/uploads\/2019\/11\/acidente_ladainha.jpg 526w, https:\/\/aconteceunovale.com.br\/portal\/wp-content\/uploads\/2019\/11\/acidente_ladainha-300x218.jpg 300w, https:\/\/aconteceunovale.com.br\/portal\/wp-content\/uploads\/2019\/11\/acidente_ladainha-324x235.jpg 324w\" sizes=\"auto, (max-width: 598px) 100vw, 598px\" \/><figcaption><em>Foto: Reprodu\u00e7\u00e3o \/ WhatsApp<\/em><\/figcaption><\/figure>\n\n\n\n<p class=\"has-text-color has-background has-very-light-gray-color has-very-dark-gray-background-color wp-block-paragraph\"><strong>VER PRIMEIRO: <\/strong>Receba as not\u00edcias do Aconteceu no Vale em primeira m\u00e3o. Clique em curtir no endere\u00e7o <a href=\"https:\/\/www.facebook.com\/aconteceunovale\" target=\"_blank\" rel=\"noreferrer noopener\">www.facebook.com\/aconteceunovale<\/a>.<\/p>\n","protected":false},"excerpt":{"rendered":"<p>Um homem de 33 anos morreu em um acidente no p\u00e1tio da Secretaria Municipal de Transportes da Prefeitura de Ladainha, no Vale do Mucuri, na tarde de quinta-feira (14\/11\/2019). Segundo a Pol\u00edcia Militar (PM), o motorista do caminh\u00e3o, de 44 anos, realizava uma manobra quando o ve\u00edculo apresentou problema mec\u00e2nico (perda de freios) e caiu [&hellip;]<\/p>\n","protected":false},"author":4,"featured_media":154774,"comment_status":"open","ping_status":"closed","sticky":false,"template":"","format":"standard","meta":{"amp_status":"","footnotes":""},"categories":[122],"tags":[210368,210364,202494,210365,210367,344,210366],"class_list":["post-154773","post","type-post","status-publish","format-standard","has-post-thumbnail","hentry","category-mucuri","tag-acidente-com-caminhao-da-prefeitura-de-ladainha","tag-acidente-com-caminhao-em-ladainha","tag-acidente-em-ladainha","tag-acidente-no-patio-da-prefeitura-de-ladainha","tag-cidnei-pereira-fiuza","tag-ladainha","tag-policia-investiga-acidente-no-patio-da-prefeitura-de-ladainha"],"yoast_head":"<!-- This site is optimized with the Yoast SEO plugin v28.3 - https:\/\/yoast.com\/product\/yoast-seo-wordpress\/ -->\n<title>Pol\u00edcia investiga acidente no p\u00e1tio da Prefeitura de Ladainha - Aconteceu no Vale<\/title>\n<meta name=\"robots\" content=\"index, follow, max-snippet:-1, max-image-preview:large, max-video-preview:-1\" \/>\n<link rel=\"canonical\" href=\"https:\/\/aconteceunovale.com.br\/portal\/?p=154773\" \/>\n<meta property=\"og:locale\" content=\"pt_BR\" \/>\n<meta property=\"og:type\" content=\"article\" \/>\n<meta property=\"og:title\" content=\"Pol\u00edcia investiga acidente no p\u00e1tio da Prefeitura de Ladainha - Aconteceu no Vale\" \/>\n<meta property=\"og:description\" content=\"Um homem de 33 anos morreu em um acidente no p\u00e1tio da Secretaria Municipal de Transportes da Prefeitura de Ladainha, no Vale do Mucuri, na tarde de quinta-feira (14\/11\/2019). Segundo a Pol\u00edcia Militar (PM), o motorista do caminh\u00e3o, de 44 anos, realizava uma manobra quando o ve\u00edculo apresentou problema mec\u00e2nico (perda de freios) e caiu [&hellip;]\" \/>\n<meta property=\"og:url\" content=\"https:\/\/aconteceunovale.com.br\/portal\/?p=154773\" \/>\n<meta property=\"og:site_name\" content=\"Aconteceu no Vale\" \/>\n<meta property=\"article:publisher\" content=\"https:\/\/www.facebook.com\/aconteceunovale\/\" \/>\n<meta property=\"article:published_time\" content=\"2019-11-16T20:57:32+00:00\" \/>\n<meta property=\"article:modified_time\" content=\"2019-11-16T20:59:38+00:00\" \/>\n<meta property=\"og:image\" content=\"https:\/\/aconteceunovale.com.br\/portal\/wp-content\/uploads\/2019\/11\/acidente_ladainha.jpg\" \/>\n\t<meta property=\"og:image:width\" content=\"526\" \/>\n\t<meta property=\"og:image:height\" content=\"382\" \/>\n\t<meta property=\"og:image:type\" content=\"image\/jpeg\" \/>\n<meta name=\"author\" content=\"Reda\u00e7\u00e3o Aconteceu no Vale\" \/>\n<meta name=\"twitter:card\" content=\"summary_large_image\" \/>\n<meta name=\"twitter:creator\" content=\"@noticiadosvales\" \/>\n<meta name=\"twitter:site\" content=\"@noticiadosvales\" \/>\n<meta name=\"twitter:label1\" content=\"Escrito por\" \/>\n\t<meta name=\"twitter:data1\" content=\"Reda\u00e7\u00e3o Aconteceu no Vale\" \/>\n\t<meta name=\"twitter:label2\" content=\"Est. tempo de leitura\" \/>\n\t<meta name=\"twitter:data2\" content=\"1 minuto\" \/>\n<script type=\"application\/ld+json\" class=\"yoast-schema-graph\">{\"@context\":\"https:\\\/\\\/schema.org\",\"@graph\":[{\"@type\":\"Article\",\"@id\":\"https:\\\/\\\/aconteceunovale.com.br\\\/portal\\\/?p=154773#article\",\"isPartOf\":{\"@id\":\"https:\\\/\\\/aconteceunovale.com.br\\\/portal\\\/?p=154773\"},\"author\":{\"name\":\"Reda\u00e7\u00e3o Aconteceu no Vale\",\"@id\":\"https:\\\/\\\/aconteceunovale.com.br\\\/portal\\\/#\\\/schema\\\/person\\\/7d2f26d1483f8a63de73da1ee0754d35\"},\"headline\":\"Pol\u00edcia investiga acidente no p\u00e1tio da Prefeitura de Ladainha\",\"datePublished\":\"2019-11-16T20:57:32+00:00\",\"dateModified\":\"2019-11-16T20:59:38+00:00\",\"mainEntityOfPage\":{\"@id\":\"https:\\\/\\\/aconteceunovale.com.br\\\/portal\\\/?p=154773\"},\"wordCount\":158,\"commentCount\":0,\"image\":{\"@id\":\"https:\\\/\\\/aconteceunovale.com.br\\\/portal\\\/?p=154773#primaryimage\"},\"thumbnailUrl\":\"https:\\\/\\\/aconteceunovale.com.br\\\/portal\\\/wp-content\\\/uploads\\\/2019\\\/11\\\/acidente_ladainha.jpg\",\"keywords\":[\"Acidente com caminh\u00e3o da prefeitura de Ladainha\",\"Acidente com caminh\u00e3o em Ladainha\",\"Acidente em Ladainha\",\"Acidente no p\u00e1tio da Prefeitura de Ladainha\",\"Cidnei Pereira Fiuza\",\"ladainha\",\"Pol\u00edcia investiga acidente no p\u00e1tio da Prefeitura de Ladainha\"],\"articleSection\":[\"Vale do Mucuri\"],\"inLanguage\":\"pt-BR\",\"potentialAction\":[{\"@type\":\"CommentAction\",\"name\":\"Comment\",\"target\":[\"https:\\\/\\\/aconteceunovale.com.br\\\/portal\\\/?p=154773#respond\"]}]},{\"@type\":\"WebPage\",\"@id\":\"https:\\\/\\\/aconteceunovale.com.br\\\/portal\\\/?p=154773\",\"url\":\"https:\\\/\\\/aconteceunovale.com.br\\\/portal\\\/?p=154773\",\"name\":\"Pol\u00edcia investiga acidente no p\u00e1tio da Prefeitura de Ladainha - Aconteceu no Vale\",\"isPartOf\":{\"@id\":\"https:\\\/\\\/aconteceunovale.com.br\\\/portal\\\/#website\"},\"primaryImageOfPage\":{\"@id\":\"https:\\\/\\\/aconteceunovale.com.br\\\/portal\\\/?p=154773#primaryimage\"},\"image\":{\"@id\":\"https:\\\/\\\/aconteceunovale.com.br\\\/portal\\\/?p=154773#primaryimage\"},\"thumbnailUrl\":\"https:\\\/\\\/aconteceunovale.com.br\\\/portal\\\/wp-content\\\/uploads\\\/2019\\\/11\\\/acidente_ladainha.jpg\",\"datePublished\":\"2019-11-16T20:57:32+00:00\",\"dateModified\":\"2019-11-16T20:59:38+00:00\",\"author\":{\"@id\":\"https:\\\/\\\/aconteceunovale.com.br\\\/portal\\\/#\\\/schema\\\/person\\\/7d2f26d1483f8a63de73da1ee0754d35\"},\"breadcrumb\":{\"@id\":\"https:\\\/\\\/aconteceunovale.com.br\\\/portal\\\/?p=154773#breadcrumb\"},\"inLanguage\":\"pt-BR\",\"potentialAction\":[{\"@type\":\"ReadAction\",\"target\":[\"https:\\\/\\\/aconteceunovale.com.br\\\/portal\\\/?p=154773\"]}]},{\"@type\":\"ImageObject\",\"inLanguage\":\"pt-BR\",\"@id\":\"https:\\\/\\\/aconteceunovale.com.br\\\/portal\\\/?p=154773#primaryimage\",\"url\":\"https:\\\/\\\/aconteceunovale.com.br\\\/portal\\\/wp-content\\\/uploads\\\/2019\\\/11\\\/acidente_ladainha.jpg\",\"contentUrl\":\"https:\\\/\\\/aconteceunovale.com.br\\\/portal\\\/wp-content\\\/uploads\\\/2019\\\/11\\\/acidente_ladainha.jpg\",\"width\":526,\"height\":382},{\"@type\":\"BreadcrumbList\",\"@id\":\"https:\\\/\\\/aconteceunovale.com.br\\\/portal\\\/?p=154773#breadcrumb\",\"itemListElement\":[{\"@type\":\"ListItem\",\"position\":1,\"name\":\"In\u00edcio\",\"item\":\"https:\\\/\\\/aconteceunovale.com.br\\\/portal\\\/\"},{\"@type\":\"ListItem\",\"position\":2,\"name\":\"Pol\u00edcia investiga acidente no p\u00e1tio da Prefeitura de Ladainha\"}]},{\"@type\":\"WebSite\",\"@id\":\"https:\\\/\\\/aconteceunovale.com.br\\\/portal\\\/#website\",\"url\":\"https:\\\/\\\/aconteceunovale.com.br\\\/portal\\\/\",\"name\":\"Aconteceu no Vale\",\"description\":\"Portal de Not\u00edcias\",\"potentialAction\":[{\"@type\":\"SearchAction\",\"target\":{\"@type\":\"EntryPoint\",\"urlTemplate\":\"https:\\\/\\\/aconteceunovale.com.br\\\/portal\\\/?s={search_term_string}\"},\"query-input\":{\"@type\":\"PropertyValueSpecification\",\"valueRequired\":true,\"valueName\":\"search_term_string\"}}],\"inLanguage\":\"pt-BR\"},{\"@type\":\"Person\",\"@id\":\"https:\\\/\\\/aconteceunovale.com.br\\\/portal\\\/#\\\/schema\\\/person\\\/7d2f26d1483f8a63de73da1ee0754d35\",\"name\":\"Reda\u00e7\u00e3o Aconteceu no Vale\",\"description\":\"Equipe de reportagem do Aconteceu no Vale, portal de not\u00edcias do Vale do Jequitinhonha, em Minas Gerais. Cobrimos as 51 cidades do Vale desde 2013. Sugest\u00f5es de pauta e pedidos de corre\u00e7\u00e3o: contato@aconteceunovale.com.br\",\"url\":\"https:\\\/\\\/aconteceunovale.com.br\\\/portal\\\/?author=4\"}]}<\/script>\n<!-- \/ Yoast SEO plugin. -->","yoast_head_json":{"title":"Pol\u00edcia investiga acidente no p\u00e1tio da Prefeitura de Ladainha - Aconteceu no Vale","robots":{"index":"index","follow":"follow","max-snippet":"max-snippet:-1","max-image-preview":"max-image-preview:large","max-video-preview":"max-video-preview:-1"},"canonical":"https:\/\/aconteceunovale.com.br\/portal\/?p=154773","og_locale":"pt_BR","og_type":"article","og_title":"Pol\u00edcia investiga acidente no p\u00e1tio da Prefeitura de Ladainha - Aconteceu no Vale","og_description":"Um homem de 33 anos morreu em um acidente no p\u00e1tio da Secretaria Municipal de Transportes da Prefeitura de Ladainha, no Vale do Mucuri, na tarde de quinta-feira (14\/11\/2019). Segundo a Pol\u00edcia Militar (PM), o motorista do caminh\u00e3o, de 44 anos, realizava uma manobra quando o ve\u00edculo apresentou problema mec\u00e2nico (perda de freios) e caiu [&hellip;]","og_url":"https:\/\/aconteceunovale.com.br\/portal\/?p=154773","og_site_name":"Aconteceu no Vale","article_publisher":"https:\/\/www.facebook.com\/aconteceunovale\/","article_published_time":"2019-11-16T20:57:32+00:00","article_modified_time":"2019-11-16T20:59:38+00:00","og_image":[{"width":526,"height":382,"url":"https:\/\/aconteceunovale.com.br\/portal\/wp-content\/uploads\/2019\/11\/acidente_ladainha.jpg","type":"image\/jpeg"}],"author":"Reda\u00e7\u00e3o Aconteceu no Vale","twitter_card":"summary_large_image","twitter_creator":"@noticiadosvales","twitter_site":"@noticiadosvales","twitter_misc":{"Escrito por":"Reda\u00e7\u00e3o Aconteceu no Vale","Est. tempo de leitura":"1 minuto"},"schema":{"@context":"https:\/\/schema.org","@graph":[{"@type":"Article","@id":"https:\/\/aconteceunovale.com.br\/portal\/?p=154773#article","isPartOf":{"@id":"https:\/\/aconteceunovale.com.br\/portal\/?p=154773"},"author":{"name":"Reda\u00e7\u00e3o Aconteceu no Vale","@id":"https:\/\/aconteceunovale.com.br\/portal\/#\/schema\/person\/7d2f26d1483f8a63de73da1ee0754d35"},"headline":"Pol\u00edcia investiga acidente no p\u00e1tio da Prefeitura de Ladainha","datePublished":"2019-11-16T20:57:32+00:00","dateModified":"2019-11-16T20:59:38+00:00","mainEntityOfPage":{"@id":"https:\/\/aconteceunovale.com.br\/portal\/?p=154773"},"wordCount":158,"commentCount":0,"image":{"@id":"https:\/\/aconteceunovale.com.br\/portal\/?p=154773#primaryimage"},"thumbnailUrl":"https:\/\/aconteceunovale.com.br\/portal\/wp-content\/uploads\/2019\/11\/acidente_ladainha.jpg","keywords":["Acidente com caminh\u00e3o da prefeitura de Ladainha","Acidente com caminh\u00e3o em Ladainha","Acidente em Ladainha","Acidente no p\u00e1tio da Prefeitura de Ladainha","Cidnei Pereira Fiuza","ladainha","Pol\u00edcia investiga acidente no p\u00e1tio da Prefeitura de Ladainha"],"articleSection":["Vale do Mucuri"],"inLanguage":"pt-BR","potentialAction":[{"@type":"CommentAction","name":"Comment","target":["https:\/\/aconteceunovale.com.br\/portal\/?p=154773#respond"]}]},{"@type":"WebPage","@id":"https:\/\/aconteceunovale.com.br\/portal\/?p=154773","url":"https:\/\/aconteceunovale.com.br\/portal\/?p=154773","name":"Pol\u00edcia investiga acidente no p\u00e1tio da Prefeitura de Ladainha - Aconteceu no Vale","isPartOf":{"@id":"https:\/\/aconteceunovale.com.br\/portal\/#website"},"primaryImageOfPage":{"@id":"https:\/\/aconteceunovale.com.br\/portal\/?p=154773#primaryimage"},"image":{"@id":"https:\/\/aconteceunovale.com.br\/portal\/?p=154773#primaryimage"},"thumbnailUrl":"https:\/\/aconteceunovale.com.br\/portal\/wp-content\/uploads\/2019\/11\/acidente_ladainha.jpg","datePublished":"2019-11-16T20:57:32+00:00","dateModified":"2019-11-16T20:59:38+00:00","author":{"@id":"https:\/\/aconteceunovale.com.br\/portal\/#\/schema\/person\/7d2f26d1483f8a63de73da1ee0754d35"},"breadcrumb":{"@id":"https:\/\/aconteceunovale.com.br\/portal\/?p=154773#breadcrumb"},"inLanguage":"pt-BR","potentialAction":[{"@type":"ReadAction","target":["https:\/\/aconteceunovale.com.br\/portal\/?p=154773"]}]},{"@type":"ImageObject","inLanguage":"pt-BR","@id":"https:\/\/aconteceunovale.com.br\/portal\/?p=154773#primaryimage","url":"https:\/\/aconteceunovale.com.br\/portal\/wp-content\/uploads\/2019\/11\/acidente_ladainha.jpg","contentUrl":"https:\/\/aconteceunovale.com.br\/portal\/wp-content\/uploads\/2019\/11\/acidente_ladainha.jpg","width":526,"height":382},{"@type":"BreadcrumbList","@id":"https:\/\/aconteceunovale.com.br\/portal\/?p=154773#breadcrumb","itemListElement":[{"@type":"ListItem","position":1,"name":"In\u00edcio","item":"https:\/\/aconteceunovale.com.br\/portal\/"},{"@type":"ListItem","position":2,"name":"Pol\u00edcia investiga acidente no p\u00e1tio da Prefeitura de Ladainha"}]},{"@type":"WebSite","@id":"https:\/\/aconteceunovale.com.br\/portal\/#website","url":"https:\/\/aconteceunovale.com.br\/portal\/","name":"Aconteceu no Vale","description":"Portal de Not\u00edcias","potentialAction":[{"@type":"SearchAction","target":{"@type":"EntryPoint","urlTemplate":"https:\/\/aconteceunovale.com.br\/portal\/?s={search_term_string}"},"query-input":{"@type":"PropertyValueSpecification","valueRequired":true,"valueName":"search_term_string"}}],"inLanguage":"pt-BR"},{"@type":"Person","@id":"https:\/\/aconteceunovale.com.br\/portal\/#\/schema\/person\/7d2f26d1483f8a63de73da1ee0754d35","name":"Reda\u00e7\u00e3o Aconteceu no Vale","description":"Equipe de reportagem do Aconteceu no Vale, portal de not\u00edcias do Vale do Jequitinhonha, em Minas Gerais. Cobrimos as 51 cidades do Vale desde 2013. Sugest\u00f5es de pauta e pedidos de corre\u00e7\u00e3o: contato@aconteceunovale.com.br","url":"https:\/\/aconteceunovale.com.br\/portal\/?author=4"}]}},"_links":{"self":[{"href":"https:\/\/aconteceunovale.com.br\/portal\/index.php?rest_route=\/wp\/v2\/posts\/154773","targetHints":{"allow":["GET"]}}],"collection":[{"href":"https:\/\/aconteceunovale.com.br\/portal\/index.php?rest_route=\/wp\/v2\/posts"}],"about":[{"href":"https:\/\/aconteceunovale.com.br\/portal\/index.php?rest_route=\/wp\/v2\/types\/post"}],"author":[{"embeddable":true,"href":"https:\/\/aconteceunovale.com.br\/portal\/index.php?rest_route=\/wp\/v2\/users\/4"}],"replies":[{"embeddable":true,"href":"https:\/\/aconteceunovale.com.br\/portal\/index.php?rest_route=%2Fwp%2Fv2%2Fcomments&post=154773"}],"version-history":[{"count":1,"href":"https:\/\/aconteceunovale.com.br\/portal\/index.php?rest_route=\/wp\/v2\/posts\/154773\/revisions"}],"predecessor-version":[{"id":154775,"href":"https:\/\/aconteceunovale.com.br\/portal\/index.php?rest_route=\/wp\/v2\/posts\/154773\/revisions\/154775"}],"wp:featuredmedia":[{"embeddable":true,"href":"https:\/\/aconteceunovale.com.br\/portal\/index.php?rest_route=\/wp\/v2\/media\/154774"}],"wp:attachment":[{"href":"https:\/\/aconteceunovale.com.br\/portal\/index.php?rest_route=%2Fwp%2Fv2%2Fmedia&parent=154773"}],"wp:term":[{"taxonomy":"category","embeddable":true,"href":"https:\/\/aconteceunovale.com.br\/portal\/index.php?rest_route=%2Fwp%2Fv2%2Fcategories&post=154773"},{"taxonomy":"post_tag","embeddable":true,"href":"https:\/\/aconteceunovale.com.br\/portal\/index.php?rest_route=%2Fwp%2Fv2%2Ftags&post=154773"}],"curies":[{"name":"wp","href":"https:\/\/api.w.org\/{rel}","templated":true}]}}