{"id":154769,"date":"2019-11-16T17:44:27","date_gmt":"2019-11-16T20:44:27","guid":{"rendered":"http:\/\/aconteceunovale.com.br\/portal\/?p=154769"},"modified":"2019-11-16T17:46:24","modified_gmt":"2019-11-16T20:46:24","slug":"policia-investiga-mais-quatro-mortes-em-governador-valadares","status":"publish","type":"post","link":"https:\/\/aconteceunovale.com.br\/portal\/?p=154769","title":{"rendered":"Pol\u00edcia investiga mais quatro mortes em Governador Valadares"},"content":{"rendered":"\n<p class=\"wp-block-paragraph\">Um jovem de 18 anos foi assassinado na noite de sexta-feira\u00a0(15\/11\/2019) dentro de uma cela da Cadeia P\u00fablica de Governador Valadares (MG). Segundo a Pol\u00edcia Militar (PM),  Matheus\u00a0Salvino Nunes foi preso por porte ilegal de arma de fogo, na noite de quinta-feira (14), durante abordagem no Bairro Santa Rita. <\/p>\n\n\n\n<p class=\"wp-block-paragraph\">Na noite de ontem, segundo a pol\u00edcia, um desafeto aplicou uma &#8220;rasteira&#8221; em  Matheus\u00a0e, em seguida, chutou a cabe\u00e7a dele v\u00e1rias vezes, o enforcou com um len\u00e7ol e arrastou o corpo at\u00e9 o banheiro. <\/p>\n\n\n\n<p class=\"wp-block-paragraph\">Na manh\u00e3 deste s\u00e1bado (16), ao realizar a vistoria na cela 01 do\nPavilh\u00e3o D, o corpo foi localizado por agentes penitenci\u00e1rios e o autor\nconfessou o crime. A motiva\u00e7\u00e3o seria um suposto acerto de contas. <\/p>\n\n\n\n<p class=\"wp-block-paragraph\">O corpo foi encaminhado ao Instituto M\u00e9dico Legal (IML) de Governador Valadares. o autor foi conduzido \u00e0 Delegacia de Pol\u00edcia Civil para ser ouvido e, posteriormente, reencaminhado ao sistema prisional.<\/p>\n\n\n\n<figure class=\"wp-block-image\"><img loading=\"lazy\" decoding=\"async\" width=\"664\" height=\"450\" src=\"http:\/\/aconteceunovale.com.br\/portal\/wp-content\/uploads\/2019\/11\/morte_cadeia.jpeg\" alt=\"\" class=\"wp-image-154771\" srcset=\"https:\/\/aconteceunovale.com.br\/portal\/wp-content\/uploads\/2019\/11\/morte_cadeia.jpeg 664w, https:\/\/aconteceunovale.com.br\/portal\/wp-content\/uploads\/2019\/11\/morte_cadeia-300x203.jpeg 300w, https:\/\/aconteceunovale.com.br\/portal\/wp-content\/uploads\/2019\/11\/morte_cadeia-620x420.jpeg 620w\" sizes=\"auto, (max-width: 664px) 100vw, 664px\" \/><figcaption><em>Jovem foi morto na cadeia de Valadares &#8211; Foto: Roberto Higino \/ Arquivo pessoal<\/em><\/figcaption><\/figure>\n\n\n\n<p class=\"wp-block-paragraph\"><strong>Corpo encontrado em Derribadinha<\/strong><\/p>\n\n\n\n<p class=\"wp-block-paragraph\">O corpo de um homem foi encontrado \u00e0s margens da linha f\u00e9rrea no\nDistrito de Derribadinha, zona rural de Governador Valadares, na manh\u00e3 deste\ns\u00e1bado (16). A pol\u00edcia foi chamada por moradores que perceberam a presen\u00e7a de\nurubus no local e acharam o cad\u00e1ver.<\/p>\n\n\n\n<p class=\"wp-block-paragraph\">De acordo com a Pol\u00edcia Militar, a v\u00edtima n\u00e3o foi identificada\nporque estava sem documentos pessoais. Foi constatado sete perfura\u00e7\u00f5es, mas a\npol\u00edcia n\u00e3o identificou se foram causadas por arma de fogo ou objeto cortante.<\/p>\n\n\n\n<p class=\"wp-block-paragraph\">O corpo estava em estado de decomposi\u00e7\u00e3o e foi encaminhado ao Instituto M\u00e9dico Legal de Governador Valadares. A per\u00edcia foi acionada e o caso ser\u00e1 investigado pela Pol\u00edcia Civil.<\/p>\n\n\n\n<figure class=\"wp-block-image\"><img loading=\"lazy\" decoding=\"async\" width=\"678\" height=\"421\" src=\"http:\/\/aconteceunovale.com.br\/portal\/wp-content\/uploads\/2019\/11\/corpo_derribadinha.jpg\" alt=\"\" class=\"wp-image-154770\" srcset=\"https:\/\/aconteceunovale.com.br\/portal\/wp-content\/uploads\/2019\/11\/corpo_derribadinha.jpg 678w, https:\/\/aconteceunovale.com.br\/portal\/wp-content\/uploads\/2019\/11\/corpo_derribadinha-300x186.jpg 300w, https:\/\/aconteceunovale.com.br\/portal\/wp-content\/uploads\/2019\/11\/corpo_derribadinha-356x220.jpg 356w, https:\/\/aconteceunovale.com.br\/portal\/wp-content\/uploads\/2019\/11\/corpo_derribadinha-676x420.jpg 676w\" sizes=\"auto, (max-width: 678px) 100vw, 678px\" \/><figcaption><em>Corpo foi encontrado em Derribadinha &#8211; Foto: Reprodu\u00e7\u00e3o \/ Comando Geral<\/em><\/figcaption><\/figure>\n\n\n\n<p class=\"wp-block-paragraph\"><strong>Mortes na noite de quinta-feira<\/strong><\/p>\n\n\n\n<p class=\"wp-block-paragraph\">Outras duas pessoas foram assassinadas na noite de quinta-feira\n(13). O primeiro crime aconteceu \u00e0s 19h48 na orla da lagoa do Jardim P\u00e9rola.\nSegundo a Pol\u00edcia Militar, Luiz Am\u00e9rico Junior, de 22 anos, foi baleado na\ncabe\u00e7a quando estava em uma lanchonete do bairro. Moradores socorreram o jovem\nao Hospital Municipal, mas ele n\u00e3o resistiu.<\/p>\n\n\n\n<p class=\"wp-block-paragraph\">A v\u00edtima tinha passagens pela pol\u00edcia por roubo e tr\u00e1fico de drogas.\nOs autores fugiram em uma motocicleta. Autoria e motiva\u00e7\u00e3o do crime s\u00e3o\ninvestigadas.<\/p>\n\n\n\n<p class=\"wp-block-paragraph\">Dois minutos depois, segundo a PM, Larissa Medeiros Rosa, de 20\nanos, foi baleada na porta de uma casa na Rua A, no bairro Jardim Vit\u00f3ria. O\nSAMU (Servi\u00e7o de Atendimento M\u00f3vel de Urg\u00eancia) foi acionado e confirmou a\nmorte da jovem.<\/p>\n\n\n\n<p class=\"wp-block-paragraph\">Larissa possu\u00eda passagens pela pol\u00edcia por tr\u00e1fico de drogas, amea\u00e7a e les\u00e3o corporal. A per\u00edcia constatou que ela foi atingida por cinco disparos de arma de fogo.<\/p>\n\n\n\n<p class=\"has-text-color has-background has-very-light-gray-color has-very-dark-gray-background-color wp-block-paragraph\"><strong>VER PRIMEIRO: <\/strong>Receba as not\u00edcias do Aconteceu no Vale em primeira m\u00e3o. Clique em curtir no endere\u00e7o <a href=\"https:\/\/www.facebook.com\/aconteceunovale\" target=\"_blank\" rel=\"noreferrer noopener\">www.facebook.com\/aconteceunovale<\/a>.<\/p>\n","protected":false},"excerpt":{"rendered":"<p>Um jovem de 18 anos foi assassinado na noite de sexta-feira\u00a0(15\/11\/2019) dentro de uma cela da Cadeia P\u00fablica de Governador Valadares (MG). Segundo a Pol\u00edcia Militar (PM), Matheus\u00a0Salvino Nunes foi preso por porte ilegal de arma de fogo, na noite de quinta-feira (14), durante abordagem no Bairro Santa Rita. Na noite de ontem, segundo a [&hellip;]<\/p>\n","protected":false},"author":1,"featured_media":154771,"comment_status":"open","ping_status":"closed","sticky":false,"template":"","format":"standard","meta":{"amp_status":"","footnotes":""},"categories":[121],"tags":[44655,210356,210359,210360,210358,247,18800,8180,210362,210361,210357,210355,32916,43038,202193,210363,18801,44656],"class_list":["post-154769","post","type-post","status-publish","format-standard","has-post-thumbnail","hentry","category-leste","tag-assassinado-em-governador-valadares","tag-assassinado-na-cadeia-de-governador-valadares","tag-corpo-encontrado-em-derribadinha","tag-derribadinha","tag-estrangulado-por-colega-de-cela-em-governador-valadares","tag-governador-valadares","tag-gv","tag-homicidio-em-governador-valadares","tag-larissa-medeiros-rosa","tag-luiz-americo-junior","tag-mateus-salvino-nunes","tag-matheus-salvino-nunes","tag-morte-em-governador-valadares","tag-morto-em-governador-valadares","tag-morto-na-cadeia-de-governador-valadares","tag-policia-investiga-mais-quatro-mortes-em-governador-valadares","tag-valadares","tag-violencia-em-governador-valadares"],"yoast_head":"<!-- This site is optimized with the Yoast SEO plugin v28.3 - https:\/\/yoast.com\/product\/yoast-seo-wordpress\/ -->\n<title>Pol\u00edcia investiga mais quatro mortes em Governador Valadares - Aconteceu no Vale<\/title>\n<meta name=\"robots\" content=\"index, follow, max-snippet:-1, max-image-preview:large, max-video-preview:-1\" \/>\n<link rel=\"canonical\" href=\"https:\/\/aconteceunovale.com.br\/portal\/?p=154769\" \/>\n<meta property=\"og:locale\" content=\"pt_BR\" \/>\n<meta property=\"og:type\" content=\"article\" \/>\n<meta property=\"og:title\" content=\"Pol\u00edcia investiga mais quatro mortes em Governador Valadares - Aconteceu no Vale\" \/>\n<meta property=\"og:description\" content=\"Um jovem de 18 anos foi assassinado na noite de sexta-feira\u00a0(15\/11\/2019) dentro de uma cela da Cadeia P\u00fablica de Governador Valadares (MG). Segundo a Pol\u00edcia Militar (PM), Matheus\u00a0Salvino Nunes foi preso por porte ilegal de arma de fogo, na noite de quinta-feira (14), durante abordagem no Bairro Santa Rita. Na noite de ontem, segundo a [&hellip;]\" \/>\n<meta property=\"og:url\" content=\"https:\/\/aconteceunovale.com.br\/portal\/?p=154769\" \/>\n<meta property=\"og:site_name\" content=\"Aconteceu no Vale\" \/>\n<meta property=\"article:publisher\" content=\"https:\/\/www.facebook.com\/aconteceunovale\/\" \/>\n<meta property=\"article:published_time\" content=\"2019-11-16T20:44:27+00:00\" \/>\n<meta property=\"article:modified_time\" content=\"2019-11-16T20:46:24+00:00\" \/>\n<meta property=\"og:image\" content=\"https:\/\/aconteceunovale.com.br\/portal\/wp-content\/uploads\/2019\/11\/morte_cadeia.jpeg\" \/>\n\t<meta property=\"og:image:width\" content=\"664\" \/>\n\t<meta property=\"og:image:height\" content=\"450\" \/>\n\t<meta property=\"og:image:type\" content=\"image\/jpeg\" \/>\n<meta name=\"author\" content=\"Aconteceu no Vale\" \/>\n<meta name=\"twitter:card\" content=\"summary_large_image\" \/>\n<meta name=\"twitter:creator\" content=\"@noticiadosvales\" \/>\n<meta name=\"twitter:site\" content=\"@noticiadosvales\" \/>\n<meta name=\"twitter:label1\" content=\"Escrito por\" \/>\n\t<meta name=\"twitter:data1\" content=\"Aconteceu no Vale\" \/>\n\t<meta name=\"twitter:label2\" content=\"Est. tempo de leitura\" \/>\n\t<meta name=\"twitter:data2\" content=\"3 minutos\" \/>\n<script type=\"application\/ld+json\" class=\"yoast-schema-graph\">{\"@context\":\"https:\\\/\\\/schema.org\",\"@graph\":[{\"@type\":\"Article\",\"@id\":\"https:\\\/\\\/aconteceunovale.com.br\\\/portal\\\/?p=154769#article\",\"isPartOf\":{\"@id\":\"https:\\\/\\\/aconteceunovale.com.br\\\/portal\\\/?p=154769\"},\"author\":{\"name\":\"Aconteceu no Vale\",\"@id\":\"https:\\\/\\\/aconteceunovale.com.br\\\/portal\\\/#\\\/schema\\\/person\\\/633529146f2c94272bef50ac2953d589\"},\"headline\":\"Pol\u00edcia investiga mais quatro mortes em Governador Valadares\",\"datePublished\":\"2019-11-16T20:44:27+00:00\",\"dateModified\":\"2019-11-16T20:46:24+00:00\",\"mainEntityOfPage\":{\"@id\":\"https:\\\/\\\/aconteceunovale.com.br\\\/portal\\\/?p=154769\"},\"wordCount\":512,\"commentCount\":0,\"image\":{\"@id\":\"https:\\\/\\\/aconteceunovale.com.br\\\/portal\\\/?p=154769#primaryimage\"},\"thumbnailUrl\":\"https:\\\/\\\/aconteceunovale.com.br\\\/portal\\\/wp-content\\\/uploads\\\/2019\\\/11\\\/morte_cadeia.jpeg\",\"keywords\":[\"assassinado em Governador Valadares\",\"Assassinado na cadeia de Governador Valadares\",\"Corpo encontrado em Derribadinha\",\"Derribadinha\",\"Estrangulado por colega de cela em Governador Valadares\",\"Governador Valadares\",\"gv\",\"homic\u00eddio em governador valadares\",\"Larissa Medeiros Rosa\",\"Luiz Am\u00e9rico Junior\",\"Mateus Salvino Nunes\",\"Matheus Salvino Nunes\",\"morte em Governador Valadares\",\"morto em Governador Valadares\",\"Morto na Cadeia de Governador Valadares\",\"Pol\u00edcia investiga mais quatro mortes em Governador Valadares\",\"valadares\",\"viol\u00eancia em Governador Valadares\"],\"articleSection\":[\"Leste de Minas\"],\"inLanguage\":\"pt-BR\",\"potentialAction\":[{\"@type\":\"CommentAction\",\"name\":\"Comment\",\"target\":[\"https:\\\/\\\/aconteceunovale.com.br\\\/portal\\\/?p=154769#respond\"]}]},{\"@type\":\"WebPage\",\"@id\":\"https:\\\/\\\/aconteceunovale.com.br\\\/portal\\\/?p=154769\",\"url\":\"https:\\\/\\\/aconteceunovale.com.br\\\/portal\\\/?p=154769\",\"name\":\"Pol\u00edcia investiga mais quatro mortes em Governador Valadares - Aconteceu no Vale\",\"isPartOf\":{\"@id\":\"https:\\\/\\\/aconteceunovale.com.br\\\/portal\\\/#website\"},\"primaryImageOfPage\":{\"@id\":\"https:\\\/\\\/aconteceunovale.com.br\\\/portal\\\/?p=154769#primaryimage\"},\"image\":{\"@id\":\"https:\\\/\\\/aconteceunovale.com.br\\\/portal\\\/?p=154769#primaryimage\"},\"thumbnailUrl\":\"https:\\\/\\\/aconteceunovale.com.br\\\/portal\\\/wp-content\\\/uploads\\\/2019\\\/11\\\/morte_cadeia.jpeg\",\"datePublished\":\"2019-11-16T20:44:27+00:00\",\"dateModified\":\"2019-11-16T20:46:24+00:00\",\"author\":{\"@id\":\"https:\\\/\\\/aconteceunovale.com.br\\\/portal\\\/#\\\/schema\\\/person\\\/633529146f2c94272bef50ac2953d589\"},\"breadcrumb\":{\"@id\":\"https:\\\/\\\/aconteceunovale.com.br\\\/portal\\\/?p=154769#breadcrumb\"},\"inLanguage\":\"pt-BR\",\"potentialAction\":[{\"@type\":\"ReadAction\",\"target\":[\"https:\\\/\\\/aconteceunovale.com.br\\\/portal\\\/?p=154769\"]}]},{\"@type\":\"ImageObject\",\"inLanguage\":\"pt-BR\",\"@id\":\"https:\\\/\\\/aconteceunovale.com.br\\\/portal\\\/?p=154769#primaryimage\",\"url\":\"https:\\\/\\\/aconteceunovale.com.br\\\/portal\\\/wp-content\\\/uploads\\\/2019\\\/11\\\/morte_cadeia.jpeg\",\"contentUrl\":\"https:\\\/\\\/aconteceunovale.com.br\\\/portal\\\/wp-content\\\/uploads\\\/2019\\\/11\\\/morte_cadeia.jpeg\",\"width\":664,\"height\":450},{\"@type\":\"BreadcrumbList\",\"@id\":\"https:\\\/\\\/aconteceunovale.com.br\\\/portal\\\/?p=154769#breadcrumb\",\"itemListElement\":[{\"@type\":\"ListItem\",\"position\":1,\"name\":\"In\u00edcio\",\"item\":\"https:\\\/\\\/aconteceunovale.com.br\\\/portal\\\/\"},{\"@type\":\"ListItem\",\"position\":2,\"name\":\"Pol\u00edcia investiga mais quatro mortes em Governador Valadares\"}]},{\"@type\":\"WebSite\",\"@id\":\"https:\\\/\\\/aconteceunovale.com.br\\\/portal\\\/#website\",\"url\":\"https:\\\/\\\/aconteceunovale.com.br\\\/portal\\\/\",\"name\":\"Aconteceu no Vale\",\"description\":\"Portal de Not\u00edcias\",\"potentialAction\":[{\"@type\":\"SearchAction\",\"target\":{\"@type\":\"EntryPoint\",\"urlTemplate\":\"https:\\\/\\\/aconteceunovale.com.br\\\/portal\\\/?s={search_term_string}\"},\"query-input\":{\"@type\":\"PropertyValueSpecification\",\"valueRequired\":true,\"valueName\":\"search_term_string\"}}],\"inLanguage\":\"pt-BR\"},{\"@type\":\"Person\",\"@id\":\"https:\\\/\\\/aconteceunovale.com.br\\\/portal\\\/#\\\/schema\\\/person\\\/633529146f2c94272bef50ac2953d589\",\"name\":\"Aconteceu no Vale\",\"description\":\"Equipe de reportagem do Aconteceu no Vale, portal de not\u00edcias do Vale do Jequitinhonha, em Minas Gerais. Cobrimos as 51 cidades do Vale desde 2013. Sugest\u00f5es de pauta e pedidos de corre\u00e7\u00e3o: contato@aconteceunovale.com.br\",\"sameAs\":[\"http:\\\/\\\/www.aconteceunovale.com.br\"],\"url\":\"https:\\\/\\\/aconteceunovale.com.br\\\/portal\\\/?author=1\"}]}<\/script>\n<!-- \/ Yoast SEO plugin. -->","yoast_head_json":{"title":"Pol\u00edcia investiga mais quatro mortes em Governador Valadares - Aconteceu no Vale","robots":{"index":"index","follow":"follow","max-snippet":"max-snippet:-1","max-image-preview":"max-image-preview:large","max-video-preview":"max-video-preview:-1"},"canonical":"https:\/\/aconteceunovale.com.br\/portal\/?p=154769","og_locale":"pt_BR","og_type":"article","og_title":"Pol\u00edcia investiga mais quatro mortes em Governador Valadares - Aconteceu no Vale","og_description":"Um jovem de 18 anos foi assassinado na noite de sexta-feira\u00a0(15\/11\/2019) dentro de uma cela da Cadeia P\u00fablica de Governador Valadares (MG). Segundo a Pol\u00edcia Militar (PM), Matheus\u00a0Salvino Nunes foi preso por porte ilegal de arma de fogo, na noite de quinta-feira (14), durante abordagem no Bairro Santa Rita. Na noite de ontem, segundo a [&hellip;]","og_url":"https:\/\/aconteceunovale.com.br\/portal\/?p=154769","og_site_name":"Aconteceu no Vale","article_publisher":"https:\/\/www.facebook.com\/aconteceunovale\/","article_published_time":"2019-11-16T20:44:27+00:00","article_modified_time":"2019-11-16T20:46:24+00:00","og_image":[{"width":664,"height":450,"url":"https:\/\/aconteceunovale.com.br\/portal\/wp-content\/uploads\/2019\/11\/morte_cadeia.jpeg","type":"image\/jpeg"}],"author":"Aconteceu no Vale","twitter_card":"summary_large_image","twitter_creator":"@noticiadosvales","twitter_site":"@noticiadosvales","twitter_misc":{"Escrito por":"Aconteceu no Vale","Est. tempo de leitura":"3 minutos"},"schema":{"@context":"https:\/\/schema.org","@graph":[{"@type":"Article","@id":"https:\/\/aconteceunovale.com.br\/portal\/?p=154769#article","isPartOf":{"@id":"https:\/\/aconteceunovale.com.br\/portal\/?p=154769"},"author":{"name":"Aconteceu no Vale","@id":"https:\/\/aconteceunovale.com.br\/portal\/#\/schema\/person\/633529146f2c94272bef50ac2953d589"},"headline":"Pol\u00edcia investiga mais quatro mortes em Governador Valadares","datePublished":"2019-11-16T20:44:27+00:00","dateModified":"2019-11-16T20:46:24+00:00","mainEntityOfPage":{"@id":"https:\/\/aconteceunovale.com.br\/portal\/?p=154769"},"wordCount":512,"commentCount":0,"image":{"@id":"https:\/\/aconteceunovale.com.br\/portal\/?p=154769#primaryimage"},"thumbnailUrl":"https:\/\/aconteceunovale.com.br\/portal\/wp-content\/uploads\/2019\/11\/morte_cadeia.jpeg","keywords":["assassinado em Governador Valadares","Assassinado na cadeia de Governador Valadares","Corpo encontrado em Derribadinha","Derribadinha","Estrangulado por colega de cela em Governador Valadares","Governador Valadares","gv","homic\u00eddio em governador valadares","Larissa Medeiros Rosa","Luiz Am\u00e9rico Junior","Mateus Salvino Nunes","Matheus Salvino Nunes","morte em Governador Valadares","morto em Governador Valadares","Morto na Cadeia de Governador Valadares","Pol\u00edcia investiga mais quatro mortes em Governador Valadares","valadares","viol\u00eancia em Governador Valadares"],"articleSection":["Leste de Minas"],"inLanguage":"pt-BR","potentialAction":[{"@type":"CommentAction","name":"Comment","target":["https:\/\/aconteceunovale.com.br\/portal\/?p=154769#respond"]}]},{"@type":"WebPage","@id":"https:\/\/aconteceunovale.com.br\/portal\/?p=154769","url":"https:\/\/aconteceunovale.com.br\/portal\/?p=154769","name":"Pol\u00edcia investiga mais quatro mortes em Governador Valadares - Aconteceu no Vale","isPartOf":{"@id":"https:\/\/aconteceunovale.com.br\/portal\/#website"},"primaryImageOfPage":{"@id":"https:\/\/aconteceunovale.com.br\/portal\/?p=154769#primaryimage"},"image":{"@id":"https:\/\/aconteceunovale.com.br\/portal\/?p=154769#primaryimage"},"thumbnailUrl":"https:\/\/aconteceunovale.com.br\/portal\/wp-content\/uploads\/2019\/11\/morte_cadeia.jpeg","datePublished":"2019-11-16T20:44:27+00:00","dateModified":"2019-11-16T20:46:24+00:00","author":{"@id":"https:\/\/aconteceunovale.com.br\/portal\/#\/schema\/person\/633529146f2c94272bef50ac2953d589"},"breadcrumb":{"@id":"https:\/\/aconteceunovale.com.br\/portal\/?p=154769#breadcrumb"},"inLanguage":"pt-BR","potentialAction":[{"@type":"ReadAction","target":["https:\/\/aconteceunovale.com.br\/portal\/?p=154769"]}]},{"@type":"ImageObject","inLanguage":"pt-BR","@id":"https:\/\/aconteceunovale.com.br\/portal\/?p=154769#primaryimage","url":"https:\/\/aconteceunovale.com.br\/portal\/wp-content\/uploads\/2019\/11\/morte_cadeia.jpeg","contentUrl":"https:\/\/aconteceunovale.com.br\/portal\/wp-content\/uploads\/2019\/11\/morte_cadeia.jpeg","width":664,"height":450},{"@type":"BreadcrumbList","@id":"https:\/\/aconteceunovale.com.br\/portal\/?p=154769#breadcrumb","itemListElement":[{"@type":"ListItem","position":1,"name":"In\u00edcio","item":"https:\/\/aconteceunovale.com.br\/portal\/"},{"@type":"ListItem","position":2,"name":"Pol\u00edcia investiga mais quatro mortes em Governador Valadares"}]},{"@type":"WebSite","@id":"https:\/\/aconteceunovale.com.br\/portal\/#website","url":"https:\/\/aconteceunovale.com.br\/portal\/","name":"Aconteceu no Vale","description":"Portal de Not\u00edcias","potentialAction":[{"@type":"SearchAction","target":{"@type":"EntryPoint","urlTemplate":"https:\/\/aconteceunovale.com.br\/portal\/?s={search_term_string}"},"query-input":{"@type":"PropertyValueSpecification","valueRequired":true,"valueName":"search_term_string"}}],"inLanguage":"pt-BR"},{"@type":"Person","@id":"https:\/\/aconteceunovale.com.br\/portal\/#\/schema\/person\/633529146f2c94272bef50ac2953d589","name":"Aconteceu no Vale","description":"Equipe de reportagem do Aconteceu no Vale, portal de not\u00edcias do Vale do Jequitinhonha, em Minas Gerais. Cobrimos as 51 cidades do Vale desde 2013. Sugest\u00f5es de pauta e pedidos de corre\u00e7\u00e3o: contato@aconteceunovale.com.br","sameAs":["http:\/\/www.aconteceunovale.com.br"],"url":"https:\/\/aconteceunovale.com.br\/portal\/?author=1"}]}},"_links":{"self":[{"href":"https:\/\/aconteceunovale.com.br\/portal\/index.php?rest_route=\/wp\/v2\/posts\/154769","targetHints":{"allow":["GET"]}}],"collection":[{"href":"https:\/\/aconteceunovale.com.br\/portal\/index.php?rest_route=\/wp\/v2\/posts"}],"about":[{"href":"https:\/\/aconteceunovale.com.br\/portal\/index.php?rest_route=\/wp\/v2\/types\/post"}],"author":[{"embeddable":true,"href":"https:\/\/aconteceunovale.com.br\/portal\/index.php?rest_route=\/wp\/v2\/users\/1"}],"replies":[{"embeddable":true,"href":"https:\/\/aconteceunovale.com.br\/portal\/index.php?rest_route=%2Fwp%2Fv2%2Fcomments&post=154769"}],"version-history":[{"count":1,"href":"https:\/\/aconteceunovale.com.br\/portal\/index.php?rest_route=\/wp\/v2\/posts\/154769\/revisions"}],"predecessor-version":[{"id":154772,"href":"https:\/\/aconteceunovale.com.br\/portal\/index.php?rest_route=\/wp\/v2\/posts\/154769\/revisions\/154772"}],"wp:featuredmedia":[{"embeddable":true,"href":"https:\/\/aconteceunovale.com.br\/portal\/index.php?rest_route=\/wp\/v2\/media\/154771"}],"wp:attachment":[{"href":"https:\/\/aconteceunovale.com.br\/portal\/index.php?rest_route=%2Fwp%2Fv2%2Fmedia&parent=154769"}],"wp:term":[{"taxonomy":"category","embeddable":true,"href":"https:\/\/aconteceunovale.com.br\/portal\/index.php?rest_route=%2Fwp%2Fv2%2Fcategories&post=154769"},{"taxonomy":"post_tag","embeddable":true,"href":"https:\/\/aconteceunovale.com.br\/portal\/index.php?rest_route=%2Fwp%2Fv2%2Ftags&post=154769"}],"curies":[{"name":"wp","href":"https:\/\/api.w.org\/{rel}","templated":true}]}}