{"id":154755,"date":"2019-11-15T09:36:59","date_gmt":"2019-11-15T12:36:59","guid":{"rendered":"http:\/\/aconteceunovale.com.br\/portal\/?p=154755"},"modified":"2026-09-02T12:10:54","modified_gmt":"2026-09-02T15:10:54","slug":"homem-e-preso-com-armas-de-fogo-apos-ameaca-de-ataque-em-escola-de-angelandia-no-vale-do-jequitinhonha","status":"publish","type":"post","link":"https:\/\/aconteceunovale.com.br\/portal\/?p=154755","title":{"rendered":"Homem \u00e9 preso com armas de fogo ap\u00f3s amea\u00e7a de ataque em escola de Angel\u00e2ndia, no Vale do Jequitinhonha"},"content":{"rendered":"\n<p class=\"wp-block-paragraph\">Um homem de 55 anos foi preso na tarde de quarta-feira (13\/11\/2019),\nem Angel\u00e2ndia, no Vale do Jequitinhonha, ap\u00f3s a Pol\u00edcia Militar receber\ninforma\u00e7\u00f5es indicando que ele estaria planejando um ataque a estudantes de uma\nescola da cidade.<\/p>\n\n\n\n<p class=\"wp-block-paragraph\">I.F.C foi abordado no Bairro Esplanada. O homem estava em surto\npsic\u00f3tico e, segundo a PM, seguia em dire\u00e7\u00e3o \u00e0 Escola N\u00facleo com duas\nespingardas e uma garrucha cal. 22. <\/p>\n\n\n\n<p class=\"wp-block-paragraph\">Com a ajuda de populares, os policiais militares conseguiram\nconter o suspeito. Ele foi encaminhado para a policl\u00ednica da cidade e, posteriormente,\nconduzido \u00e0 Delegacia de Pol\u00edcia Civil de Capelinha. <\/p>\n\n\n\n<p class=\"wp-block-paragraph\">As armas e muni\u00e7\u00f5es apreendidas tamb\u00e9m foram levadas para a mesma unidade policial. O caso ser\u00e1 investigado.<\/p>\n\n\n\n<figure class=\"wp-block-image is-resized\"><img loading=\"lazy\" decoding=\"async\" src=\"http:\/\/aconteceunovale.com.br\/portal\/wp-content\/uploads\/2019\/11\/armas_angelandia.jpg\" alt=\"\" class=\"wp-image-154756\" width=\"641\" height=\"502\" srcset=\"https:\/\/aconteceunovale.com.br\/portal\/wp-content\/uploads\/2019\/11\/armas_angelandia.jpg 574w, https:\/\/aconteceunovale.com.br\/portal\/wp-content\/uploads\/2019\/11\/armas_angelandia-300x235.jpg 300w, https:\/\/aconteceunovale.com.br\/portal\/wp-content\/uploads\/2019\/11\/armas_angelandia-536x420.jpg 536w\" sizes=\"auto, (max-width: 641px) 100vw, 641px\" \/><figcaption><em>Foto: Divulga\u00e7\u00e3o \/ Pol\u00edcia Militar<\/em><\/figcaption><\/figure>\n\n\n\n<p class=\"has-text-color has-background has-very-light-gray-color has-very-dark-gray-background-color wp-block-paragraph\"><strong>VER PRIMEIRO: <\/strong>Receba as not\u00edcias do Aconteceu no Vale em primeira m\u00e3o. Clique em curtir no endere\u00e7o <a href=\"https:\/\/www.facebook.com\/aconteceunovale\" target=\"_blank\" rel=\"noreferrer noopener\">www.facebook.com\/aconteceunovale<\/a>.<\/p>\n","protected":false},"excerpt":{"rendered":"<p>Um homem de 55 anos foi preso na tarde de quarta-feira (13\/11\/2019), em Angel\u00e2ndia, no Vale do Jequitinhonha, ap\u00f3s a Pol\u00edcia Militar receber informa\u00e7\u00f5es indicando que ele estaria planejando um ataque a estudantes de uma escola da cidade. I.F.C foi abordado no Bairro Esplanada. O homem estava em surto psic\u00f3tico e, segundo a PM, seguia [&hellip;]<\/p>\n","protected":false},"author":1,"featured_media":154756,"comment_status":"open","ping_status":"closed","sticky":false,"template":"","format":"standard","meta":{"amp_status":"","footnotes":""},"categories":[272529,120],"tags":[210332,657,210334,210335,210331,210333,132,210330,131409],"class_list":["post-154755","post","type-post","status-publish","format-standard","has-post-thumbnail","hentry","category-angelandia","category-jequi","tag-ameaca-de-tiros-em-escola-de-angelandia","tag-angelandia","tag-apreensao-de-armas-em-angelandia","tag-armas-apreendidas-em-angelandia","tag-ataque-em-escola-de-angelandia","tag-ataque-na-escola-nucleo-de-angelandia","tag-capelinha","tag-homem-e-preso-com-armas-de-fogo-apos-ameaca-de-ataque-em-escola-de-angelandia","tag-preso-em-angelandia"],"yoast_head":"<!-- This site is optimized with the Yoast SEO plugin v28.3 - https:\/\/yoast.com\/product\/yoast-seo-wordpress\/ -->\n<title>Homem \u00e9 preso com armas de fogo ap\u00f3s amea\u00e7a de ataque em escola de Angel\u00e2ndia, no Vale do Jequitinhonha - Aconteceu no Vale<\/title>\n<meta name=\"robots\" content=\"index, follow, max-snippet:-1, max-image-preview:large, max-video-preview:-1\" \/>\n<link rel=\"canonical\" href=\"https:\/\/aconteceunovale.com.br\/portal\/?p=154755\" \/>\n<meta property=\"og:locale\" content=\"pt_BR\" \/>\n<meta property=\"og:type\" content=\"article\" \/>\n<meta property=\"og:title\" content=\"Homem \u00e9 preso com armas de fogo ap\u00f3s amea\u00e7a de ataque em escola de Angel\u00e2ndia, no Vale do Jequitinhonha - Aconteceu no Vale\" \/>\n<meta property=\"og:description\" content=\"Um homem de 55 anos foi preso na tarde de quarta-feira (13\/11\/2019), em Angel\u00e2ndia, no Vale do Jequitinhonha, ap\u00f3s a Pol\u00edcia Militar receber informa\u00e7\u00f5es indicando que ele estaria planejando um ataque a estudantes de uma escola da cidade. I.F.C foi abordado no Bairro Esplanada. O homem estava em surto psic\u00f3tico e, segundo a PM, seguia [&hellip;]\" \/>\n<meta property=\"og:url\" content=\"https:\/\/aconteceunovale.com.br\/portal\/?p=154755\" \/>\n<meta property=\"og:site_name\" content=\"Aconteceu no Vale\" \/>\n<meta property=\"article:publisher\" content=\"https:\/\/www.facebook.com\/aconteceunovale\/\" \/>\n<meta property=\"article:published_time\" content=\"2019-11-15T12:36:59+00:00\" \/>\n<meta property=\"article:modified_time\" content=\"2026-09-02T15:10:54+00:00\" \/>\n<meta property=\"og:image\" content=\"https:\/\/aconteceunovale.com.br\/portal\/wp-content\/uploads\/2019\/11\/armas_angelandia.jpg\" \/>\n\t<meta property=\"og:image:width\" content=\"574\" \/>\n\t<meta property=\"og:image:height\" content=\"450\" \/>\n\t<meta property=\"og:image:type\" content=\"image\/jpeg\" \/>\n<meta name=\"author\" content=\"Aconteceu no Vale\" \/>\n<meta name=\"twitter:card\" content=\"summary_large_image\" \/>\n<meta name=\"twitter:creator\" content=\"@noticiadosvales\" \/>\n<meta name=\"twitter:site\" content=\"@noticiadosvales\" \/>\n<meta name=\"twitter:label1\" content=\"Escrito por\" \/>\n\t<meta name=\"twitter:data1\" content=\"Aconteceu no Vale\" \/>\n\t<meta name=\"twitter:label2\" content=\"Est. tempo de leitura\" \/>\n\t<meta name=\"twitter:data2\" content=\"1 minuto\" \/>\n<script type=\"application\/ld+json\" class=\"yoast-schema-graph\">{\"@context\":\"https:\\\/\\\/schema.org\",\"@graph\":[{\"@type\":\"Article\",\"@id\":\"https:\\\/\\\/aconteceunovale.com.br\\\/portal\\\/?p=154755#article\",\"isPartOf\":{\"@id\":\"https:\\\/\\\/aconteceunovale.com.br\\\/portal\\\/?p=154755\"},\"author\":{\"name\":\"Aconteceu no Vale\",\"@id\":\"https:\\\/\\\/aconteceunovale.com.br\\\/portal\\\/#\\\/schema\\\/person\\\/633529146f2c94272bef50ac2953d589\"},\"headline\":\"Homem \u00e9 preso com armas de fogo ap\u00f3s amea\u00e7a de ataque em escola de Angel\u00e2ndia, no Vale do Jequitinhonha\",\"datePublished\":\"2019-11-15T12:36:59+00:00\",\"dateModified\":\"2026-09-02T15:10:54+00:00\",\"mainEntityOfPage\":{\"@id\":\"https:\\\/\\\/aconteceunovale.com.br\\\/portal\\\/?p=154755\"},\"wordCount\":174,\"commentCount\":0,\"image\":{\"@id\":\"https:\\\/\\\/aconteceunovale.com.br\\\/portal\\\/?p=154755#primaryimage\"},\"thumbnailUrl\":\"https:\\\/\\\/aconteceunovale.com.br\\\/portal\\\/wp-content\\\/uploads\\\/2019\\\/11\\\/armas_angelandia.jpg\",\"keywords\":[\"Amea\u00e7a de tiros em escola de Angel\u00e2ndia\",\"Angel\u00e2ndia\",\"Apreens\u00e3o de armas em Angel\u00e2ndia\",\"Armas apreendidas em Angel\u00e2ndia\",\"Ataque em escola de Angel\u00e2ndia\",\"Ataque na escola n\u00facleo de Angel\u00e2ndia\",\"Capelinha\",\"Homem \u00e9 preso com armas de fogo ap\u00f3s amea\u00e7a de ataque em escola de Angel\u00e2ndia\",\"Preso em Angel\u00e2ndia\"],\"articleSection\":[\"Angel\u00e2ndia\",\"Vale do Jequitinhonha\"],\"inLanguage\":\"pt-BR\",\"potentialAction\":[{\"@type\":\"CommentAction\",\"name\":\"Comment\",\"target\":[\"https:\\\/\\\/aconteceunovale.com.br\\\/portal\\\/?p=154755#respond\"]}]},{\"@type\":\"WebPage\",\"@id\":\"https:\\\/\\\/aconteceunovale.com.br\\\/portal\\\/?p=154755\",\"url\":\"https:\\\/\\\/aconteceunovale.com.br\\\/portal\\\/?p=154755\",\"name\":\"Homem \u00e9 preso com armas de fogo ap\u00f3s amea\u00e7a de ataque em escola de Angel\u00e2ndia, no Vale do Jequitinhonha - Aconteceu no Vale\",\"isPartOf\":{\"@id\":\"https:\\\/\\\/aconteceunovale.com.br\\\/portal\\\/#website\"},\"primaryImageOfPage\":{\"@id\":\"https:\\\/\\\/aconteceunovale.com.br\\\/portal\\\/?p=154755#primaryimage\"},\"image\":{\"@id\":\"https:\\\/\\\/aconteceunovale.com.br\\\/portal\\\/?p=154755#primaryimage\"},\"thumbnailUrl\":\"https:\\\/\\\/aconteceunovale.com.br\\\/portal\\\/wp-content\\\/uploads\\\/2019\\\/11\\\/armas_angelandia.jpg\",\"datePublished\":\"2019-11-15T12:36:59+00:00\",\"dateModified\":\"2026-09-02T15:10:54+00:00\",\"author\":{\"@id\":\"https:\\\/\\\/aconteceunovale.com.br\\\/portal\\\/#\\\/schema\\\/person\\\/633529146f2c94272bef50ac2953d589\"},\"breadcrumb\":{\"@id\":\"https:\\\/\\\/aconteceunovale.com.br\\\/portal\\\/?p=154755#breadcrumb\"},\"inLanguage\":\"pt-BR\",\"potentialAction\":[{\"@type\":\"ReadAction\",\"target\":[\"https:\\\/\\\/aconteceunovale.com.br\\\/portal\\\/?p=154755\"]}]},{\"@type\":\"ImageObject\",\"inLanguage\":\"pt-BR\",\"@id\":\"https:\\\/\\\/aconteceunovale.com.br\\\/portal\\\/?p=154755#primaryimage\",\"url\":\"https:\\\/\\\/aconteceunovale.com.br\\\/portal\\\/wp-content\\\/uploads\\\/2019\\\/11\\\/armas_angelandia.jpg\",\"contentUrl\":\"https:\\\/\\\/aconteceunovale.com.br\\\/portal\\\/wp-content\\\/uploads\\\/2019\\\/11\\\/armas_angelandia.jpg\",\"width\":574,\"height\":450},{\"@type\":\"BreadcrumbList\",\"@id\":\"https:\\\/\\\/aconteceunovale.com.br\\\/portal\\\/?p=154755#breadcrumb\",\"itemListElement\":[{\"@type\":\"ListItem\",\"position\":1,\"name\":\"In\u00edcio\",\"item\":\"https:\\\/\\\/aconteceunovale.com.br\\\/portal\\\/\"},{\"@type\":\"ListItem\",\"position\":2,\"name\":\"Homem \u00e9 preso com armas de fogo ap\u00f3s amea\u00e7a de ataque em escola de Angel\u00e2ndia, no Vale do Jequitinhonha\"}]},{\"@type\":\"WebSite\",\"@id\":\"https:\\\/\\\/aconteceunovale.com.br\\\/portal\\\/#website\",\"url\":\"https:\\\/\\\/aconteceunovale.com.br\\\/portal\\\/\",\"name\":\"Aconteceu no Vale\",\"description\":\"Portal de Not\u00edcias\",\"potentialAction\":[{\"@type\":\"SearchAction\",\"target\":{\"@type\":\"EntryPoint\",\"urlTemplate\":\"https:\\\/\\\/aconteceunovale.com.br\\\/portal\\\/?s={search_term_string}\"},\"query-input\":{\"@type\":\"PropertyValueSpecification\",\"valueRequired\":true,\"valueName\":\"search_term_string\"}}],\"inLanguage\":\"pt-BR\"},{\"@type\":\"Person\",\"@id\":\"https:\\\/\\\/aconteceunovale.com.br\\\/portal\\\/#\\\/schema\\\/person\\\/633529146f2c94272bef50ac2953d589\",\"name\":\"Aconteceu no Vale\",\"description\":\"Equipe de reportagem do Aconteceu no Vale, portal de not\u00edcias do Vale do Jequitinhonha, em Minas Gerais. Cobrimos as 51 cidades do Vale desde 2013. Sugest\u00f5es de pauta e pedidos de corre\u00e7\u00e3o: contato@aconteceunovale.com.br\",\"sameAs\":[\"http:\\\/\\\/www.aconteceunovale.com.br\"],\"url\":\"https:\\\/\\\/aconteceunovale.com.br\\\/portal\\\/?author=1\"}]}<\/script>\n<!-- \/ Yoast SEO plugin. -->","yoast_head_json":{"title":"Homem \u00e9 preso com armas de fogo ap\u00f3s amea\u00e7a de ataque em escola de Angel\u00e2ndia, no Vale do Jequitinhonha - Aconteceu no Vale","robots":{"index":"index","follow":"follow","max-snippet":"max-snippet:-1","max-image-preview":"max-image-preview:large","max-video-preview":"max-video-preview:-1"},"canonical":"https:\/\/aconteceunovale.com.br\/portal\/?p=154755","og_locale":"pt_BR","og_type":"article","og_title":"Homem \u00e9 preso com armas de fogo ap\u00f3s amea\u00e7a de ataque em escola de Angel\u00e2ndia, no Vale do Jequitinhonha - Aconteceu no Vale","og_description":"Um homem de 55 anos foi preso na tarde de quarta-feira (13\/11\/2019), em Angel\u00e2ndia, no Vale do Jequitinhonha, ap\u00f3s a Pol\u00edcia Militar receber informa\u00e7\u00f5es indicando que ele estaria planejando um ataque a estudantes de uma escola da cidade. I.F.C foi abordado no Bairro Esplanada. O homem estava em surto psic\u00f3tico e, segundo a PM, seguia [&hellip;]","og_url":"https:\/\/aconteceunovale.com.br\/portal\/?p=154755","og_site_name":"Aconteceu no Vale","article_publisher":"https:\/\/www.facebook.com\/aconteceunovale\/","article_published_time":"2019-11-15T12:36:59+00:00","article_modified_time":"2026-09-02T15:10:54+00:00","og_image":[{"width":574,"height":450,"url":"https:\/\/aconteceunovale.com.br\/portal\/wp-content\/uploads\/2019\/11\/armas_angelandia.jpg","type":"image\/jpeg"}],"author":"Aconteceu no Vale","twitter_card":"summary_large_image","twitter_creator":"@noticiadosvales","twitter_site":"@noticiadosvales","twitter_misc":{"Escrito por":"Aconteceu no Vale","Est. tempo de leitura":"1 minuto"},"schema":{"@context":"https:\/\/schema.org","@graph":[{"@type":"Article","@id":"https:\/\/aconteceunovale.com.br\/portal\/?p=154755#article","isPartOf":{"@id":"https:\/\/aconteceunovale.com.br\/portal\/?p=154755"},"author":{"name":"Aconteceu no Vale","@id":"https:\/\/aconteceunovale.com.br\/portal\/#\/schema\/person\/633529146f2c94272bef50ac2953d589"},"headline":"Homem \u00e9 preso com armas de fogo ap\u00f3s amea\u00e7a de ataque em escola de Angel\u00e2ndia, no Vale do Jequitinhonha","datePublished":"2019-11-15T12:36:59+00:00","dateModified":"2026-09-02T15:10:54+00:00","mainEntityOfPage":{"@id":"https:\/\/aconteceunovale.com.br\/portal\/?p=154755"},"wordCount":174,"commentCount":0,"image":{"@id":"https:\/\/aconteceunovale.com.br\/portal\/?p=154755#primaryimage"},"thumbnailUrl":"https:\/\/aconteceunovale.com.br\/portal\/wp-content\/uploads\/2019\/11\/armas_angelandia.jpg","keywords":["Amea\u00e7a de tiros em escola de Angel\u00e2ndia","Angel\u00e2ndia","Apreens\u00e3o de armas em Angel\u00e2ndia","Armas apreendidas em Angel\u00e2ndia","Ataque em escola de Angel\u00e2ndia","Ataque na escola n\u00facleo de Angel\u00e2ndia","Capelinha","Homem \u00e9 preso com armas de fogo ap\u00f3s amea\u00e7a de ataque em escola de Angel\u00e2ndia","Preso em Angel\u00e2ndia"],"articleSection":["Angel\u00e2ndia","Vale do Jequitinhonha"],"inLanguage":"pt-BR","potentialAction":[{"@type":"CommentAction","name":"Comment","target":["https:\/\/aconteceunovale.com.br\/portal\/?p=154755#respond"]}]},{"@type":"WebPage","@id":"https:\/\/aconteceunovale.com.br\/portal\/?p=154755","url":"https:\/\/aconteceunovale.com.br\/portal\/?p=154755","name":"Homem \u00e9 preso com armas de fogo ap\u00f3s amea\u00e7a de ataque em escola de Angel\u00e2ndia, no Vale do Jequitinhonha - Aconteceu no Vale","isPartOf":{"@id":"https:\/\/aconteceunovale.com.br\/portal\/#website"},"primaryImageOfPage":{"@id":"https:\/\/aconteceunovale.com.br\/portal\/?p=154755#primaryimage"},"image":{"@id":"https:\/\/aconteceunovale.com.br\/portal\/?p=154755#primaryimage"},"thumbnailUrl":"https:\/\/aconteceunovale.com.br\/portal\/wp-content\/uploads\/2019\/11\/armas_angelandia.jpg","datePublished":"2019-11-15T12:36:59+00:00","dateModified":"2026-09-02T15:10:54+00:00","author":{"@id":"https:\/\/aconteceunovale.com.br\/portal\/#\/schema\/person\/633529146f2c94272bef50ac2953d589"},"breadcrumb":{"@id":"https:\/\/aconteceunovale.com.br\/portal\/?p=154755#breadcrumb"},"inLanguage":"pt-BR","potentialAction":[{"@type":"ReadAction","target":["https:\/\/aconteceunovale.com.br\/portal\/?p=154755"]}]},{"@type":"ImageObject","inLanguage":"pt-BR","@id":"https:\/\/aconteceunovale.com.br\/portal\/?p=154755#primaryimage","url":"https:\/\/aconteceunovale.com.br\/portal\/wp-content\/uploads\/2019\/11\/armas_angelandia.jpg","contentUrl":"https:\/\/aconteceunovale.com.br\/portal\/wp-content\/uploads\/2019\/11\/armas_angelandia.jpg","width":574,"height":450},{"@type":"BreadcrumbList","@id":"https:\/\/aconteceunovale.com.br\/portal\/?p=154755#breadcrumb","itemListElement":[{"@type":"ListItem","position":1,"name":"In\u00edcio","item":"https:\/\/aconteceunovale.com.br\/portal\/"},{"@type":"ListItem","position":2,"name":"Homem \u00e9 preso com armas de fogo ap\u00f3s amea\u00e7a de ataque em escola de Angel\u00e2ndia, no Vale do Jequitinhonha"}]},{"@type":"WebSite","@id":"https:\/\/aconteceunovale.com.br\/portal\/#website","url":"https:\/\/aconteceunovale.com.br\/portal\/","name":"Aconteceu no Vale","description":"Portal de Not\u00edcias","potentialAction":[{"@type":"SearchAction","target":{"@type":"EntryPoint","urlTemplate":"https:\/\/aconteceunovale.com.br\/portal\/?s={search_term_string}"},"query-input":{"@type":"PropertyValueSpecification","valueRequired":true,"valueName":"search_term_string"}}],"inLanguage":"pt-BR"},{"@type":"Person","@id":"https:\/\/aconteceunovale.com.br\/portal\/#\/schema\/person\/633529146f2c94272bef50ac2953d589","name":"Aconteceu no Vale","description":"Equipe de reportagem do Aconteceu no Vale, portal de not\u00edcias do Vale do Jequitinhonha, em Minas Gerais. Cobrimos as 51 cidades do Vale desde 2013. Sugest\u00f5es de pauta e pedidos de corre\u00e7\u00e3o: contato@aconteceunovale.com.br","sameAs":["http:\/\/www.aconteceunovale.com.br"],"url":"https:\/\/aconteceunovale.com.br\/portal\/?author=1"}]}},"_links":{"self":[{"href":"https:\/\/aconteceunovale.com.br\/portal\/index.php?rest_route=\/wp\/v2\/posts\/154755","targetHints":{"allow":["GET"]}}],"collection":[{"href":"https:\/\/aconteceunovale.com.br\/portal\/index.php?rest_route=\/wp\/v2\/posts"}],"about":[{"href":"https:\/\/aconteceunovale.com.br\/portal\/index.php?rest_route=\/wp\/v2\/types\/post"}],"author":[{"embeddable":true,"href":"https:\/\/aconteceunovale.com.br\/portal\/index.php?rest_route=\/wp\/v2\/users\/1"}],"replies":[{"embeddable":true,"href":"https:\/\/aconteceunovale.com.br\/portal\/index.php?rest_route=%2Fwp%2Fv2%2Fcomments&post=154755"}],"version-history":[{"count":1,"href":"https:\/\/aconteceunovale.com.br\/portal\/index.php?rest_route=\/wp\/v2\/posts\/154755\/revisions"}],"predecessor-version":[{"id":154757,"href":"https:\/\/aconteceunovale.com.br\/portal\/index.php?rest_route=\/wp\/v2\/posts\/154755\/revisions\/154757"}],"wp:featuredmedia":[{"embeddable":true,"href":"https:\/\/aconteceunovale.com.br\/portal\/index.php?rest_route=\/wp\/v2\/media\/154756"}],"wp:attachment":[{"href":"https:\/\/aconteceunovale.com.br\/portal\/index.php?rest_route=%2Fwp%2Fv2%2Fmedia&parent=154755"}],"wp:term":[{"taxonomy":"category","embeddable":true,"href":"https:\/\/aconteceunovale.com.br\/portal\/index.php?rest_route=%2Fwp%2Fv2%2Fcategories&post=154755"},{"taxonomy":"post_tag","embeddable":true,"href":"https:\/\/aconteceunovale.com.br\/portal\/index.php?rest_route=%2Fwp%2Fv2%2Ftags&post=154755"}],"curies":[{"name":"wp","href":"https:\/\/api.w.org\/{rel}","templated":true}]}}