{"id":154636,"date":"2019-11-12T23:12:13","date_gmt":"2019-11-13T02:12:13","guid":{"rendered":"http:\/\/aconteceunovale.com.br\/portal\/?p=154636"},"modified":"2019-11-12T23:15:44","modified_gmt":"2019-11-13T02:15:44","slug":"assembleia-cobra-pavimentacao-de-rodovia-entre-chapada-gaucha-e-januaria","status":"publish","type":"post","link":"https:\/\/aconteceunovale.com.br\/portal\/?p=154636","title":{"rendered":"Assembleia cobra pavimenta\u00e7\u00e3o de rodovia entre Chapada Ga\u00facha e Janu\u00e1ria"},"content":{"rendered":"\n<p class=\"wp-block-paragraph\">A popula\u00e7\u00e3o que utiliza a\u00a0rodovia MGC-479, na regi\u00e3o onde est\u00e3o duas importantes \u00e1reas de preserva\u00e7\u00e3o do Estado, ter\u00e1 que esperar mais algum tempo para deixar de sofrer com a falta de asfalto. Nesta ter\u00e7a-feira (12\/11\/19), a Assembleia Legislativa de Minas Gerais (ALMG) realizou audi\u00eancia p\u00fablica para\u00a0cobrar a pavimenta\u00e7\u00e3o do trecho entre os munic\u00edpios de Chapada Ga\u00facha e Janu\u00e1ria, ambos no Norte de Minas.<\/p>\n\n\n\n<p class=\"wp-block-paragraph\">Nas proximidades dessas cidades est\u00e3o tanto o\u00a0Parque Nacional Grande Sert\u00e3o Veredas\u00a0(pr\u00f3ximo a Chapada Ga\u00facha) quanto a\u00a0\u00c1rea de Preserva\u00e7\u00e3o Ambiental (APA) Cavernas do Perua\u00e7u, famosa por suas cavernas e pinturas rupestres. Al\u00e9m de dificultar o acesso a essas atra\u00e7\u00f5es e emperrar o desenvolvimento econ\u00f4mico, a falta de asfalto tamb\u00e9m atrapalha o escoamento da produ\u00e7\u00e3o agr\u00edcola e os deslocamentos para socorro m\u00e9dico.<\/p>\n\n\n\n<p class=\"wp-block-paragraph\">A advogada Margarete Lisboa da Silva, que tem familiares residindo no distrito de S\u00e3o Joaquim, em Janu\u00e1ria, participou da audi\u00eancia p\u00fablica realizada pela Comiss\u00e3o de Transporte, Comunica\u00e7\u00e3o e Obras P\u00fablicas. Ela relatou problemas vividos pela popula\u00e7\u00e3o: \u201ccarro atola, \u00f4nibus quebra. Recentemente, uma empresa desistiu de operar o trecho por falta de condi\u00e7\u00f5es\u201d, afirmou a advogada. Ela vive em Bras\u00edlia (DF) e diz sofrer para visitar os pais na localidade.<\/p>\n\n\n\n<p class=\"wp-block-paragraph\">Durante a reuni\u00e3o, o deputado Z\u00e9 Reis (PSD) afirmou que s\u00f3 em outubro de 2019 a Prefeitura de Janu\u00e1ria conseguiu autoriza\u00e7\u00e3o do Departamento de Edifica\u00e7\u00f5es e Estradas de Rodagem (DEER) para licitar um projeto de pavimenta\u00e7\u00e3o, utilizando um recurso (R$ 4,9 milh\u00f5es) repassado pela Uni\u00e3o em dezembro de 2017. \u201cNa \u00e9poca, o dinheiro foi repassado para o munic\u00edpio porque o Estado n\u00e3o quis receber\u201d, afirmou o parlamentar.<\/p>\n\n\n\n<p class=\"wp-block-paragraph\">O deputado Arlen Santiago (PTB) tamb\u00e9m criticou, durante a reuni\u00e3o, as promessas frustradas de pavimenta\u00e7\u00e3o da MGC-479. Ele ressaltou que, apesar de um edital para execu\u00e7\u00e3o do projeto ter sido publicado pelo Estado em fevereiro de 2018, isso n\u00e3o&nbsp;saiu do papel. \u201cA situa\u00e7\u00e3o do DEER no governo (Fernando) Pimentel foi de prometer o que n\u00e3o podia cumprir\u201d, criticou o deputado, cobrando uma defini\u00e7\u00e3o do \u00f3rg\u00e3o sobre o que pode ser feito neste momento.<\/p>\n\n\n\n<p class=\"wp-block-paragraph\"><strong>Estado&nbsp;alega que n\u00e3o tem dinheiro para a obra<\/strong><\/p>\n\n\n\n<p class=\"wp-block-paragraph\">O Governo do Estado foi representado na reuni\u00e3o pelo chefe de gabinete do DEER-MG, Jo\u00e3o Afonso Ba\u00eata Costa. Ele disse que o governo reconhece a necessidade e a import\u00e2ncia da pavimenta\u00e7\u00e3o da MGC-479. \u201cChapada Ga\u00facha \u00e9 a maior produtora de soja do Norte de Minas e Janu\u00e1ria e a terceira maior popula\u00e7\u00e3o do Alto e M\u00e9dio S\u00e3o Francisco\u201d, afirmou.<\/p>\n\n\n\n<p class=\"wp-block-paragraph\">Apesar de considerar a obra necess\u00e1ria,&nbsp;Jo\u00e3o Afonso afirmou que n\u00e3o h\u00e1 dinheiro dispon\u00edvel para sua execu\u00e7\u00e3o. Segundo ele, o DEER j\u00e1 contratou o projeto da pavimenta\u00e7\u00e3o do trecho de 160 quil\u00f4metros entre as duas cidades, em dois lotes, no valor total de R$ 8 milh\u00f5es. \u201cApesar de contratados os projetos, as obras n\u00e3o foram iniciadas pela falta de recurso\u201d, afirmou o chefe de gabinete.<\/p>\n\n\n\n<p class=\"wp-block-paragraph\">Jo\u00e3o Afonso Ba\u00eata disse ter conhecimento que a Prefeitura de Janu\u00e1ria pretende elaborar um projeto pr\u00f3prio para pavimenta\u00e7\u00e3o da rodovia, com recursos repassados pelo governo federal. No entanto, enquanto n\u00e3o h\u00e1 recursos para realizar a obra propriamente dita, o representante do DEER disse que h\u00e1 instru\u00e7\u00f5es do governador Romeu Zema para que o \u00f3rg\u00e3o realize interven\u00e7\u00f5es emergenciais nos pontos cr\u00edticos da rodovia, a fim de garantir sua trafegabilidade.<\/p>\n\n\n\n<p class=\"wp-block-paragraph\">Ao final da reuni\u00e3o, o deputado Arlen Santiago sugeriu que a popula\u00e7\u00e3o da regi\u00e3o se organize para cobrar da bancada do PT na C\u00e2mara de Deputados uma emenda que destine recursos para execu\u00e7\u00e3o da obra. &#8220;Quem teve 60%, 80% dos votos na regi\u00e3o?&#8221;, questionou, sugerindo que caberia aos parlamentares petistas, por terem sido mais bem votados naqueles munic\u00edpios, providenciarem uma solu\u00e7\u00e3o para o problema.<\/p>\n\n\n\n<p class=\"has-text-color has-background has-very-light-gray-color has-very-dark-gray-background-color wp-block-paragraph\"><strong>VER PRIMEIRO: <\/strong>Receba as not\u00edcias do Aconteceu no Vale em primeira m\u00e3o. Clique em curtir no endere\u00e7o <a href=\"https:\/\/www.facebook.com\/aconteceunovale\" target=\"_blank\" rel=\"noreferrer noopener\">www.facebook.com\/aconteceunovale<\/a>.<\/p>\n","protected":false},"excerpt":{"rendered":"<p>A popula\u00e7\u00e3o que utiliza a\u00a0rodovia MGC-479, na regi\u00e3o onde est\u00e3o duas importantes \u00e1reas de preserva\u00e7\u00e3o do Estado, ter\u00e1 que esperar mais algum tempo para deixar de sofrer com a falta de asfalto. Nesta ter\u00e7a-feira (12\/11\/19), a Assembleia Legislativa de Minas Gerais (ALMG) realizou audi\u00eancia p\u00fablica para\u00a0cobrar a pavimenta\u00e7\u00e3o do trecho entre os munic\u00edpios de Chapada [&hellip;]<\/p>\n","protected":false},"author":1,"featured_media":154637,"comment_status":"open","ping_status":"closed","sticky":false,"template":"","format":"standard","meta":{"amp_status":"","footnotes":""},"categories":[1236],"tags":[752,210127,210125,210131,24358,28672,3057,129283,205,210130,210129,210123,210128,210126,210124,73901],"class_list":["post-154636","post","type-post","status-publish","format-standard","has-post-thumbnail","hentry","category-norte_de_minas","tag-almg","tag-asfaltamento-da-estrada-entre-chapada-gaucha-e-januaria","tag-asfaltamento-da-mgc-479","tag-assembleia-cobra-pavimentacao-de-rodovia-entre-chapada-gaucha-e-januaria","tag-assembleia-legislativa-de-minas-gerais","tag-cavernas-do-peruacu","tag-chapada-gaucha","tag-deer-mg","tag-januaria","tag-joao-afonso-baeta-costa","tag-margarete-lisboa-da-silva","tag-mgc-479","tag-parque-nacional-grande-sertao-veredas","tag-pavimentacao-da-estrada-entre-chapada-gaucha-e-januaria","tag-pavimentacao-da-mgc-479","tag-prefeitura-de-januaria"],"yoast_head":"<!-- This site is optimized with the Yoast SEO plugin v28.3 - https:\/\/yoast.com\/product\/yoast-seo-wordpress\/ -->\n<title>Assembleia cobra pavimenta\u00e7\u00e3o de rodovia entre Chapada Ga\u00facha e Janu\u00e1ria - Aconteceu no Vale<\/title>\n<meta name=\"robots\" content=\"index, follow, max-snippet:-1, max-image-preview:large, max-video-preview:-1\" \/>\n<link rel=\"canonical\" href=\"https:\/\/aconteceunovale.com.br\/portal\/?p=154636\" \/>\n<meta property=\"og:locale\" content=\"pt_BR\" \/>\n<meta property=\"og:type\" content=\"article\" \/>\n<meta property=\"og:title\" content=\"Assembleia cobra pavimenta\u00e7\u00e3o de rodovia entre Chapada Ga\u00facha e Janu\u00e1ria - Aconteceu no Vale\" \/>\n<meta property=\"og:description\" content=\"A popula\u00e7\u00e3o que utiliza a\u00a0rodovia MGC-479, na regi\u00e3o onde est\u00e3o duas importantes \u00e1reas de preserva\u00e7\u00e3o do Estado, ter\u00e1 que esperar mais algum tempo para deixar de sofrer com a falta de asfalto. Nesta ter\u00e7a-feira (12\/11\/19), a Assembleia Legislativa de Minas Gerais (ALMG) realizou audi\u00eancia p\u00fablica para\u00a0cobrar a pavimenta\u00e7\u00e3o do trecho entre os munic\u00edpios de Chapada [&hellip;]\" \/>\n<meta property=\"og:url\" content=\"https:\/\/aconteceunovale.com.br\/portal\/?p=154636\" \/>\n<meta property=\"og:site_name\" content=\"Aconteceu no Vale\" \/>\n<meta property=\"article:publisher\" content=\"https:\/\/www.facebook.com\/aconteceunovale\/\" \/>\n<meta property=\"article:published_time\" content=\"2019-11-13T02:12:13+00:00\" \/>\n<meta property=\"article:modified_time\" content=\"2019-11-13T02:15:44+00:00\" \/>\n<meta property=\"og:image\" content=\"https:\/\/aconteceunovale.com.br\/portal\/wp-content\/uploads\/2019\/11\/estrada_chapada_januaria.jpg\" \/>\n\t<meta property=\"og:image:width\" content=\"678\" \/>\n\t<meta property=\"og:image:height\" content=\"399\" \/>\n\t<meta property=\"og:image:type\" content=\"image\/jpeg\" \/>\n<meta name=\"author\" content=\"Aconteceu no Vale\" \/>\n<meta name=\"twitter:card\" content=\"summary_large_image\" \/>\n<meta name=\"twitter:creator\" content=\"@noticiadosvales\" \/>\n<meta name=\"twitter:site\" content=\"@noticiadosvales\" \/>\n<meta name=\"twitter:label1\" content=\"Escrito por\" \/>\n\t<meta name=\"twitter:data1\" content=\"Aconteceu no Vale\" \/>\n\t<meta name=\"twitter:label2\" content=\"Est. tempo de leitura\" \/>\n\t<meta name=\"twitter:data2\" content=\"4 minutos\" \/>\n<script type=\"application\/ld+json\" class=\"yoast-schema-graph\">{\"@context\":\"https:\\\/\\\/schema.org\",\"@graph\":[{\"@type\":\"Article\",\"@id\":\"https:\\\/\\\/aconteceunovale.com.br\\\/portal\\\/?p=154636#article\",\"isPartOf\":{\"@id\":\"https:\\\/\\\/aconteceunovale.com.br\\\/portal\\\/?p=154636\"},\"author\":{\"name\":\"Aconteceu no Vale\",\"@id\":\"https:\\\/\\\/aconteceunovale.com.br\\\/portal\\\/#\\\/schema\\\/person\\\/633529146f2c94272bef50ac2953d589\"},\"headline\":\"Assembleia cobra pavimenta\u00e7\u00e3o de rodovia entre Chapada Ga\u00facha e Janu\u00e1ria\",\"datePublished\":\"2019-11-13T02:12:13+00:00\",\"dateModified\":\"2019-11-13T02:15:44+00:00\",\"mainEntityOfPage\":{\"@id\":\"https:\\\/\\\/aconteceunovale.com.br\\\/portal\\\/?p=154636\"},\"wordCount\":723,\"commentCount\":0,\"image\":{\"@id\":\"https:\\\/\\\/aconteceunovale.com.br\\\/portal\\\/?p=154636#primaryimage\"},\"thumbnailUrl\":\"https:\\\/\\\/aconteceunovale.com.br\\\/portal\\\/wp-content\\\/uploads\\\/2019\\\/11\\\/estrada_chapada_januaria.jpg\",\"keywords\":[\"ALMG\",\"Asfaltamento da estrada entre Chapada Ga\u00facha e Janu\u00e1ria\",\"Asfaltamento da MGC-479\",\"Assembleia cobra pavimenta\u00e7\u00e3o de rodovia entre Chapada Ga\u00facha e Janu\u00e1ria\",\"Assembleia Legislativa de Minas Gerais\",\"Cavernas Do Perua\u00e7u\",\"Chapada Ga\u00facha\",\"DEER-MG\",\"Janu\u00e1ria\",\"Jo\u00e3o Afonso Ba\u00eata Costa\",\"Margarete Lisboa da Silva\",\"MGC-479\",\"Parque Nacional Grande Sert\u00e3o Veredas\",\"Pavimenta\u00e7\u00e3o da estrada entre Chapada Ga\u00facha e Janu\u00e1ria\",\"Pavimenta\u00e7\u00e3o da MGC-479\",\"Prefeitura de Janu\u00e1ria\"],\"articleSection\":[\"Norte de Minas\"],\"inLanguage\":\"pt-BR\",\"potentialAction\":[{\"@type\":\"CommentAction\",\"name\":\"Comment\",\"target\":[\"https:\\\/\\\/aconteceunovale.com.br\\\/portal\\\/?p=154636#respond\"]}]},{\"@type\":\"WebPage\",\"@id\":\"https:\\\/\\\/aconteceunovale.com.br\\\/portal\\\/?p=154636\",\"url\":\"https:\\\/\\\/aconteceunovale.com.br\\\/portal\\\/?p=154636\",\"name\":\"Assembleia cobra pavimenta\u00e7\u00e3o de rodovia entre Chapada Ga\u00facha e Janu\u00e1ria - Aconteceu no Vale\",\"isPartOf\":{\"@id\":\"https:\\\/\\\/aconteceunovale.com.br\\\/portal\\\/#website\"},\"primaryImageOfPage\":{\"@id\":\"https:\\\/\\\/aconteceunovale.com.br\\\/portal\\\/?p=154636#primaryimage\"},\"image\":{\"@id\":\"https:\\\/\\\/aconteceunovale.com.br\\\/portal\\\/?p=154636#primaryimage\"},\"thumbnailUrl\":\"https:\\\/\\\/aconteceunovale.com.br\\\/portal\\\/wp-content\\\/uploads\\\/2019\\\/11\\\/estrada_chapada_januaria.jpg\",\"datePublished\":\"2019-11-13T02:12:13+00:00\",\"dateModified\":\"2019-11-13T02:15:44+00:00\",\"author\":{\"@id\":\"https:\\\/\\\/aconteceunovale.com.br\\\/portal\\\/#\\\/schema\\\/person\\\/633529146f2c94272bef50ac2953d589\"},\"breadcrumb\":{\"@id\":\"https:\\\/\\\/aconteceunovale.com.br\\\/portal\\\/?p=154636#breadcrumb\"},\"inLanguage\":\"pt-BR\",\"potentialAction\":[{\"@type\":\"ReadAction\",\"target\":[\"https:\\\/\\\/aconteceunovale.com.br\\\/portal\\\/?p=154636\"]}]},{\"@type\":\"ImageObject\",\"inLanguage\":\"pt-BR\",\"@id\":\"https:\\\/\\\/aconteceunovale.com.br\\\/portal\\\/?p=154636#primaryimage\",\"url\":\"https:\\\/\\\/aconteceunovale.com.br\\\/portal\\\/wp-content\\\/uploads\\\/2019\\\/11\\\/estrada_chapada_januaria.jpg\",\"contentUrl\":\"https:\\\/\\\/aconteceunovale.com.br\\\/portal\\\/wp-content\\\/uploads\\\/2019\\\/11\\\/estrada_chapada_januaria.jpg\",\"width\":678,\"height\":399},{\"@type\":\"BreadcrumbList\",\"@id\":\"https:\\\/\\\/aconteceunovale.com.br\\\/portal\\\/?p=154636#breadcrumb\",\"itemListElement\":[{\"@type\":\"ListItem\",\"position\":1,\"name\":\"In\u00edcio\",\"item\":\"https:\\\/\\\/aconteceunovale.com.br\\\/portal\\\/\"},{\"@type\":\"ListItem\",\"position\":2,\"name\":\"Assembleia cobra pavimenta\u00e7\u00e3o de rodovia entre Chapada Ga\u00facha e Janu\u00e1ria\"}]},{\"@type\":\"WebSite\",\"@id\":\"https:\\\/\\\/aconteceunovale.com.br\\\/portal\\\/#website\",\"url\":\"https:\\\/\\\/aconteceunovale.com.br\\\/portal\\\/\",\"name\":\"Aconteceu no Vale\",\"description\":\"Portal de Not\u00edcias\",\"potentialAction\":[{\"@type\":\"SearchAction\",\"target\":{\"@type\":\"EntryPoint\",\"urlTemplate\":\"https:\\\/\\\/aconteceunovale.com.br\\\/portal\\\/?s={search_term_string}\"},\"query-input\":{\"@type\":\"PropertyValueSpecification\",\"valueRequired\":true,\"valueName\":\"search_term_string\"}}],\"inLanguage\":\"pt-BR\"},{\"@type\":\"Person\",\"@id\":\"https:\\\/\\\/aconteceunovale.com.br\\\/portal\\\/#\\\/schema\\\/person\\\/633529146f2c94272bef50ac2953d589\",\"name\":\"Aconteceu no Vale\",\"description\":\"Equipe de reportagem do Aconteceu no Vale, portal de not\u00edcias do Vale do Jequitinhonha, em Minas Gerais. Cobrimos as 51 cidades do Vale desde 2013. Sugest\u00f5es de pauta e pedidos de corre\u00e7\u00e3o: contato@aconteceunovale.com.br\",\"sameAs\":[\"http:\\\/\\\/www.aconteceunovale.com.br\"],\"url\":\"https:\\\/\\\/aconteceunovale.com.br\\\/portal\\\/?author=1\"}]}<\/script>\n<!-- \/ Yoast SEO plugin. -->","yoast_head_json":{"title":"Assembleia cobra pavimenta\u00e7\u00e3o de rodovia entre Chapada Ga\u00facha e Janu\u00e1ria - Aconteceu no Vale","robots":{"index":"index","follow":"follow","max-snippet":"max-snippet:-1","max-image-preview":"max-image-preview:large","max-video-preview":"max-video-preview:-1"},"canonical":"https:\/\/aconteceunovale.com.br\/portal\/?p=154636","og_locale":"pt_BR","og_type":"article","og_title":"Assembleia cobra pavimenta\u00e7\u00e3o de rodovia entre Chapada Ga\u00facha e Janu\u00e1ria - Aconteceu no Vale","og_description":"A popula\u00e7\u00e3o que utiliza a\u00a0rodovia MGC-479, na regi\u00e3o onde est\u00e3o duas importantes \u00e1reas de preserva\u00e7\u00e3o do Estado, ter\u00e1 que esperar mais algum tempo para deixar de sofrer com a falta de asfalto. Nesta ter\u00e7a-feira (12\/11\/19), a Assembleia Legislativa de Minas Gerais (ALMG) realizou audi\u00eancia p\u00fablica para\u00a0cobrar a pavimenta\u00e7\u00e3o do trecho entre os munic\u00edpios de Chapada [&hellip;]","og_url":"https:\/\/aconteceunovale.com.br\/portal\/?p=154636","og_site_name":"Aconteceu no Vale","article_publisher":"https:\/\/www.facebook.com\/aconteceunovale\/","article_published_time":"2019-11-13T02:12:13+00:00","article_modified_time":"2019-11-13T02:15:44+00:00","og_image":[{"width":678,"height":399,"url":"https:\/\/aconteceunovale.com.br\/portal\/wp-content\/uploads\/2019\/11\/estrada_chapada_januaria.jpg","type":"image\/jpeg"}],"author":"Aconteceu no Vale","twitter_card":"summary_large_image","twitter_creator":"@noticiadosvales","twitter_site":"@noticiadosvales","twitter_misc":{"Escrito por":"Aconteceu no Vale","Est. tempo de leitura":"4 minutos"},"schema":{"@context":"https:\/\/schema.org","@graph":[{"@type":"Article","@id":"https:\/\/aconteceunovale.com.br\/portal\/?p=154636#article","isPartOf":{"@id":"https:\/\/aconteceunovale.com.br\/portal\/?p=154636"},"author":{"name":"Aconteceu no Vale","@id":"https:\/\/aconteceunovale.com.br\/portal\/#\/schema\/person\/633529146f2c94272bef50ac2953d589"},"headline":"Assembleia cobra pavimenta\u00e7\u00e3o de rodovia entre Chapada Ga\u00facha e Janu\u00e1ria","datePublished":"2019-11-13T02:12:13+00:00","dateModified":"2019-11-13T02:15:44+00:00","mainEntityOfPage":{"@id":"https:\/\/aconteceunovale.com.br\/portal\/?p=154636"},"wordCount":723,"commentCount":0,"image":{"@id":"https:\/\/aconteceunovale.com.br\/portal\/?p=154636#primaryimage"},"thumbnailUrl":"https:\/\/aconteceunovale.com.br\/portal\/wp-content\/uploads\/2019\/11\/estrada_chapada_januaria.jpg","keywords":["ALMG","Asfaltamento da estrada entre Chapada Ga\u00facha e Janu\u00e1ria","Asfaltamento da MGC-479","Assembleia cobra pavimenta\u00e7\u00e3o de rodovia entre Chapada Ga\u00facha e Janu\u00e1ria","Assembleia Legislativa de Minas Gerais","Cavernas Do Perua\u00e7u","Chapada Ga\u00facha","DEER-MG","Janu\u00e1ria","Jo\u00e3o Afonso Ba\u00eata Costa","Margarete Lisboa da Silva","MGC-479","Parque Nacional Grande Sert\u00e3o Veredas","Pavimenta\u00e7\u00e3o da estrada entre Chapada Ga\u00facha e Janu\u00e1ria","Pavimenta\u00e7\u00e3o da MGC-479","Prefeitura de Janu\u00e1ria"],"articleSection":["Norte de Minas"],"inLanguage":"pt-BR","potentialAction":[{"@type":"CommentAction","name":"Comment","target":["https:\/\/aconteceunovale.com.br\/portal\/?p=154636#respond"]}]},{"@type":"WebPage","@id":"https:\/\/aconteceunovale.com.br\/portal\/?p=154636","url":"https:\/\/aconteceunovale.com.br\/portal\/?p=154636","name":"Assembleia cobra pavimenta\u00e7\u00e3o de rodovia entre Chapada Ga\u00facha e Janu\u00e1ria - Aconteceu no Vale","isPartOf":{"@id":"https:\/\/aconteceunovale.com.br\/portal\/#website"},"primaryImageOfPage":{"@id":"https:\/\/aconteceunovale.com.br\/portal\/?p=154636#primaryimage"},"image":{"@id":"https:\/\/aconteceunovale.com.br\/portal\/?p=154636#primaryimage"},"thumbnailUrl":"https:\/\/aconteceunovale.com.br\/portal\/wp-content\/uploads\/2019\/11\/estrada_chapada_januaria.jpg","datePublished":"2019-11-13T02:12:13+00:00","dateModified":"2019-11-13T02:15:44+00:00","author":{"@id":"https:\/\/aconteceunovale.com.br\/portal\/#\/schema\/person\/633529146f2c94272bef50ac2953d589"},"breadcrumb":{"@id":"https:\/\/aconteceunovale.com.br\/portal\/?p=154636#breadcrumb"},"inLanguage":"pt-BR","potentialAction":[{"@type":"ReadAction","target":["https:\/\/aconteceunovale.com.br\/portal\/?p=154636"]}]},{"@type":"ImageObject","inLanguage":"pt-BR","@id":"https:\/\/aconteceunovale.com.br\/portal\/?p=154636#primaryimage","url":"https:\/\/aconteceunovale.com.br\/portal\/wp-content\/uploads\/2019\/11\/estrada_chapada_januaria.jpg","contentUrl":"https:\/\/aconteceunovale.com.br\/portal\/wp-content\/uploads\/2019\/11\/estrada_chapada_januaria.jpg","width":678,"height":399},{"@type":"BreadcrumbList","@id":"https:\/\/aconteceunovale.com.br\/portal\/?p=154636#breadcrumb","itemListElement":[{"@type":"ListItem","position":1,"name":"In\u00edcio","item":"https:\/\/aconteceunovale.com.br\/portal\/"},{"@type":"ListItem","position":2,"name":"Assembleia cobra pavimenta\u00e7\u00e3o de rodovia entre Chapada Ga\u00facha e Janu\u00e1ria"}]},{"@type":"WebSite","@id":"https:\/\/aconteceunovale.com.br\/portal\/#website","url":"https:\/\/aconteceunovale.com.br\/portal\/","name":"Aconteceu no Vale","description":"Portal de Not\u00edcias","potentialAction":[{"@type":"SearchAction","target":{"@type":"EntryPoint","urlTemplate":"https:\/\/aconteceunovale.com.br\/portal\/?s={search_term_string}"},"query-input":{"@type":"PropertyValueSpecification","valueRequired":true,"valueName":"search_term_string"}}],"inLanguage":"pt-BR"},{"@type":"Person","@id":"https:\/\/aconteceunovale.com.br\/portal\/#\/schema\/person\/633529146f2c94272bef50ac2953d589","name":"Aconteceu no Vale","description":"Equipe de reportagem do Aconteceu no Vale, portal de not\u00edcias do Vale do Jequitinhonha, em Minas Gerais. Cobrimos as 51 cidades do Vale desde 2013. Sugest\u00f5es de pauta e pedidos de corre\u00e7\u00e3o: contato@aconteceunovale.com.br","sameAs":["http:\/\/www.aconteceunovale.com.br"],"url":"https:\/\/aconteceunovale.com.br\/portal\/?author=1"}]}},"_links":{"self":[{"href":"https:\/\/aconteceunovale.com.br\/portal\/index.php?rest_route=\/wp\/v2\/posts\/154636","targetHints":{"allow":["GET"]}}],"collection":[{"href":"https:\/\/aconteceunovale.com.br\/portal\/index.php?rest_route=\/wp\/v2\/posts"}],"about":[{"href":"https:\/\/aconteceunovale.com.br\/portal\/index.php?rest_route=\/wp\/v2\/types\/post"}],"author":[{"embeddable":true,"href":"https:\/\/aconteceunovale.com.br\/portal\/index.php?rest_route=\/wp\/v2\/users\/1"}],"replies":[{"embeddable":true,"href":"https:\/\/aconteceunovale.com.br\/portal\/index.php?rest_route=%2Fwp%2Fv2%2Fcomments&post=154636"}],"version-history":[{"count":1,"href":"https:\/\/aconteceunovale.com.br\/portal\/index.php?rest_route=\/wp\/v2\/posts\/154636\/revisions"}],"predecessor-version":[{"id":154638,"href":"https:\/\/aconteceunovale.com.br\/portal\/index.php?rest_route=\/wp\/v2\/posts\/154636\/revisions\/154638"}],"wp:featuredmedia":[{"embeddable":true,"href":"https:\/\/aconteceunovale.com.br\/portal\/index.php?rest_route=\/wp\/v2\/media\/154637"}],"wp:attachment":[{"href":"https:\/\/aconteceunovale.com.br\/portal\/index.php?rest_route=%2Fwp%2Fv2%2Fmedia&parent=154636"}],"wp:term":[{"taxonomy":"category","embeddable":true,"href":"https:\/\/aconteceunovale.com.br\/portal\/index.php?rest_route=%2Fwp%2Fv2%2Fcategories&post=154636"},{"taxonomy":"post_tag","embeddable":true,"href":"https:\/\/aconteceunovale.com.br\/portal\/index.php?rest_route=%2Fwp%2Fv2%2Ftags&post=154636"}],"curies":[{"name":"wp","href":"https:\/\/api.w.org\/{rel}","templated":true}]}}