{"id":154630,"date":"2019-11-12T22:08:29","date_gmt":"2019-11-13T01:08:29","guid":{"rendered":"http:\/\/aconteceunovale.com.br\/portal\/?p=154630"},"modified":"2019-11-12T22:09:16","modified_gmt":"2019-11-13T01:09:16","slug":"brasil-sera-mais-prospera-democracia-liberal-do-hemisferio-diz-hamilton-mourao","status":"publish","type":"post","link":"https:\/\/aconteceunovale.com.br\/portal\/?p=154630","title":{"rendered":"Brasil ser\u00e1 mais pr\u00f3spera democracia liberal do hemisf\u00e9rio, diz Hamilton Mour\u00e3o"},"content":{"rendered":"\n<p class=\"wp-block-paragraph\">O vice-presidente Hamilton Mour\u00e3o disse hoje (12) que o governo federal est\u00e1 empenhado a manter o equil\u00edbrio fiscal do pa\u00eds e a dar condi\u00e7\u00f5es para que as empresas possam aumentar a produtividade. As declara\u00e7\u00f5es foram dadas a empres\u00e1rios em evento de entrega de comendas,&nbsp;distin\u00e7\u00f5es de honra, realizado pela Federa\u00e7\u00e3o das Ind\u00fastrias do Estado de S\u00e3o Paulo (Fiesp).<\/p>\n\n\n\n<p class=\"wp-block-paragraph\">\u201cO governo do presidente Bolsonaro agindo com clareza, com determina\u00e7\u00e3o e com paci\u00eancia procura trazer de volta o equil\u00edbrio fiscal e, ao mesmo tempo, aumentar a nossa produtividade retirando o peso da inefici\u00eancia do estado das costas de quem investe, trabalha e produz nesse pa\u00eds\u201d, destacou em discurso.<\/p>\n\n\n\n<p class=\"wp-block-paragraph\">Segundo o vice-presidente, o governo quer que o pa\u00eds seja reconhecido como a maior e mais pr\u00f3spera democracia liberal do hemisf\u00e9rio sul. \u201cN\u00e3o vamos recuar dessa tarefa, vamos avan\u00e7ar o tempo todo para que, dentro da nossa vis\u00e3o de futuro, dentro do projeto que temos e vemos para o nosso pa\u00eds, o nosso Brasil seja reconhecido como a maior e mais pr\u00f3spera democracia liberal ao sul do Equador. Este \u00e9 nosso destino manifesto\u201d, ressaltou.<\/p>\n\n\n\n<p class=\"wp-block-paragraph\">No evento, denominado Fiesp \u2013 Homenagem \u00e0s For\u00e7as Armadas, Mour\u00e3o recebeu a Comenda de Ordem do M\u00e9rito Industrial de S\u00e3o Paulo, em n\u00edvel Gr\u00e3-Cruz, a maior condecora\u00e7\u00e3o outorgada pela entidade.\u00a0O vice-presidente fez um breve hist\u00f3rico da import\u00e2ncia das For\u00e7as Armadas Brasileiras na hist\u00f3ria do pa\u00eds, e destacou seu papel no s\u00e9culo 20.\u00a0\u201cEnfrentamos e vencemos por tr\u00eas vezes o pior inimigo que esse pa\u00eds j\u00e1 teve, que foi o movimento comunista internacional. N\u00e3o nos omitimos nessa tarefa\u201d, disse. O vice-presidente ainda ressaltou a participa\u00e7\u00e3o do ex\u00e9rcito no combate aos inc\u00eandios na floresta Amaz\u00f4nica, e na limpeza das praias nordestinas atingidas por petr\u00f3leo.<\/p>\n\n\n\n<p class=\"has-text-color has-background has-very-light-gray-color has-very-dark-gray-background-color wp-block-paragraph\"><strong>VER PRIMEIRO: <\/strong>Receba as not\u00edcias do Aconteceu no Vale em primeira m\u00e3o. Clique em curtir no endere\u00e7o <a href=\"https:\/\/www.facebook.com\/aconteceunovale\" target=\"_blank\" rel=\"noreferrer noopener\">www.facebook.com\/aconteceunovale<\/a>.<\/p>\n","protected":false},"excerpt":{"rendered":"<p>O vice-presidente Hamilton Mour\u00e3o disse hoje (12) que o governo federal est\u00e1 empenhado a manter o equil\u00edbrio fiscal do pa\u00eds e a dar condi\u00e7\u00f5es para que as empresas possam aumentar a produtividade. As declara\u00e7\u00f5es foram dadas a empres\u00e1rios em evento de entrega de comendas,&nbsp;distin\u00e7\u00f5es de honra, realizado pela Federa\u00e7\u00e3o das Ind\u00fastrias do Estado de S\u00e3o [&hellip;]<\/p>\n","protected":false},"author":1,"featured_media":142481,"comment_status":"open","ping_status":"closed","sticky":false,"template":"","format":"standard","meta":{"amp_status":"","footnotes":""},"categories":[6,28848,40240],"tags":[100375,210110,210111,210112,157687,184405,177538,26436,195878],"class_list":["post-154630","post","type-post","status-publish","format-standard","has-post-thumbnail","hentry","category-br","category-mundo","category-politica","tag-bolsonaro","tag-brasil-sera-mais-prospera-democracia-liberal-do-hemisferio","tag-brasil-sera-mais-prospera-democracia-liberal-do-hemisferio-diz-hamilton-mourao","tag-democracia-liberal","tag-fiesp","tag-governo-bolsonaro","tag-hamilton-mourao","tag-jair-bolsonaro","tag-vice-presidente-hamilton-mourao"],"yoast_head":"<!-- This site is optimized with the Yoast SEO plugin v28.3 - https:\/\/yoast.com\/product\/yoast-seo-wordpress\/ -->\n<title>Brasil ser\u00e1 mais pr\u00f3spera democracia liberal do hemisf\u00e9rio, diz Hamilton Mour\u00e3o - Aconteceu no Vale<\/title>\n<meta name=\"robots\" content=\"index, follow, max-snippet:-1, max-image-preview:large, max-video-preview:-1\" \/>\n<link rel=\"canonical\" href=\"https:\/\/aconteceunovale.com.br\/portal\/?p=154630\" \/>\n<meta property=\"og:locale\" content=\"pt_BR\" \/>\n<meta property=\"og:type\" content=\"article\" \/>\n<meta property=\"og:title\" content=\"Brasil ser\u00e1 mais pr\u00f3spera democracia liberal do hemisf\u00e9rio, diz Hamilton Mour\u00e3o - Aconteceu no Vale\" \/>\n<meta property=\"og:description\" content=\"O vice-presidente Hamilton Mour\u00e3o disse hoje (12) que o governo federal est\u00e1 empenhado a manter o equil\u00edbrio fiscal do pa\u00eds e a dar condi\u00e7\u00f5es para que as empresas possam aumentar a produtividade. As declara\u00e7\u00f5es foram dadas a empres\u00e1rios em evento de entrega de comendas,&nbsp;distin\u00e7\u00f5es de honra, realizado pela Federa\u00e7\u00e3o das Ind\u00fastrias do Estado de S\u00e3o [&hellip;]\" \/>\n<meta property=\"og:url\" content=\"https:\/\/aconteceunovale.com.br\/portal\/?p=154630\" \/>\n<meta property=\"og:site_name\" content=\"Aconteceu no Vale\" \/>\n<meta property=\"article:publisher\" content=\"https:\/\/www.facebook.com\/aconteceunovale\/\" \/>\n<meta property=\"article:published_time\" content=\"2019-11-13T01:08:29+00:00\" \/>\n<meta property=\"article:modified_time\" content=\"2019-11-13T01:09:16+00:00\" \/>\n<meta property=\"og:image\" content=\"https:\/\/aconteceunovale.com.br\/portal\/wp-content\/uploads\/2019\/01\/mourao.jpg\" \/>\n\t<meta property=\"og:image:width\" content=\"675\" \/>\n\t<meta property=\"og:image:height\" content=\"450\" \/>\n\t<meta property=\"og:image:type\" content=\"image\/jpeg\" \/>\n<meta name=\"author\" content=\"Aconteceu no Vale\" \/>\n<meta name=\"twitter:card\" content=\"summary_large_image\" \/>\n<meta name=\"twitter:creator\" content=\"@noticiadosvales\" \/>\n<meta name=\"twitter:site\" content=\"@noticiadosvales\" \/>\n<meta name=\"twitter:label1\" content=\"Escrito por\" \/>\n\t<meta name=\"twitter:data1\" content=\"Aconteceu no Vale\" \/>\n\t<meta name=\"twitter:label2\" content=\"Est. tempo de leitura\" \/>\n\t<meta name=\"twitter:data2\" content=\"2 minutos\" \/>\n<script type=\"application\/ld+json\" class=\"yoast-schema-graph\">{\"@context\":\"https:\\\/\\\/schema.org\",\"@graph\":[{\"@type\":\"Article\",\"@id\":\"https:\\\/\\\/aconteceunovale.com.br\\\/portal\\\/?p=154630#article\",\"isPartOf\":{\"@id\":\"https:\\\/\\\/aconteceunovale.com.br\\\/portal\\\/?p=154630\"},\"author\":{\"name\":\"Aconteceu no Vale\",\"@id\":\"https:\\\/\\\/aconteceunovale.com.br\\\/portal\\\/#\\\/schema\\\/person\\\/633529146f2c94272bef50ac2953d589\"},\"headline\":\"Brasil ser\u00e1 mais pr\u00f3spera democracia liberal do hemisf\u00e9rio, diz Hamilton Mour\u00e3o\",\"datePublished\":\"2019-11-13T01:08:29+00:00\",\"dateModified\":\"2019-11-13T01:09:16+00:00\",\"mainEntityOfPage\":{\"@id\":\"https:\\\/\\\/aconteceunovale.com.br\\\/portal\\\/?p=154630\"},\"wordCount\":362,\"commentCount\":0,\"image\":{\"@id\":\"https:\\\/\\\/aconteceunovale.com.br\\\/portal\\\/?p=154630#primaryimage\"},\"thumbnailUrl\":\"https:\\\/\\\/aconteceunovale.com.br\\\/portal\\\/wp-content\\\/uploads\\\/2019\\\/01\\\/mourao.jpg\",\"keywords\":[\"Bolsonaro\",\"Brasil ser\u00e1 mais pr\u00f3spera democracia liberal do hemisf\u00e9rio\",\"Brasil ser\u00e1 mais pr\u00f3spera democracia liberal do hemisf\u00e9rio diz Hamilton Mour\u00e3o\",\"Democracia liberal\",\"Fiesp\",\"Governo Bolsonaro\",\"Hamilton Mour\u00e3o\",\"Jair Bolsonaro\",\"Vice-presidente Hamilton Mour\u00e3o\"],\"articleSection\":[\"Brasil\",\"Mundo\",\"Pol\u00edtica\"],\"inLanguage\":\"pt-BR\",\"potentialAction\":[{\"@type\":\"CommentAction\",\"name\":\"Comment\",\"target\":[\"https:\\\/\\\/aconteceunovale.com.br\\\/portal\\\/?p=154630#respond\"]}]},{\"@type\":\"WebPage\",\"@id\":\"https:\\\/\\\/aconteceunovale.com.br\\\/portal\\\/?p=154630\",\"url\":\"https:\\\/\\\/aconteceunovale.com.br\\\/portal\\\/?p=154630\",\"name\":\"Brasil ser\u00e1 mais pr\u00f3spera democracia liberal do hemisf\u00e9rio, diz Hamilton Mour\u00e3o - Aconteceu no Vale\",\"isPartOf\":{\"@id\":\"https:\\\/\\\/aconteceunovale.com.br\\\/portal\\\/#website\"},\"primaryImageOfPage\":{\"@id\":\"https:\\\/\\\/aconteceunovale.com.br\\\/portal\\\/?p=154630#primaryimage\"},\"image\":{\"@id\":\"https:\\\/\\\/aconteceunovale.com.br\\\/portal\\\/?p=154630#primaryimage\"},\"thumbnailUrl\":\"https:\\\/\\\/aconteceunovale.com.br\\\/portal\\\/wp-content\\\/uploads\\\/2019\\\/01\\\/mourao.jpg\",\"datePublished\":\"2019-11-13T01:08:29+00:00\",\"dateModified\":\"2019-11-13T01:09:16+00:00\",\"author\":{\"@id\":\"https:\\\/\\\/aconteceunovale.com.br\\\/portal\\\/#\\\/schema\\\/person\\\/633529146f2c94272bef50ac2953d589\"},\"breadcrumb\":{\"@id\":\"https:\\\/\\\/aconteceunovale.com.br\\\/portal\\\/?p=154630#breadcrumb\"},\"inLanguage\":\"pt-BR\",\"potentialAction\":[{\"@type\":\"ReadAction\",\"target\":[\"https:\\\/\\\/aconteceunovale.com.br\\\/portal\\\/?p=154630\"]}]},{\"@type\":\"ImageObject\",\"inLanguage\":\"pt-BR\",\"@id\":\"https:\\\/\\\/aconteceunovale.com.br\\\/portal\\\/?p=154630#primaryimage\",\"url\":\"https:\\\/\\\/aconteceunovale.com.br\\\/portal\\\/wp-content\\\/uploads\\\/2019\\\/01\\\/mourao.jpg\",\"contentUrl\":\"https:\\\/\\\/aconteceunovale.com.br\\\/portal\\\/wp-content\\\/uploads\\\/2019\\\/01\\\/mourao.jpg\",\"width\":675,\"height\":450},{\"@type\":\"BreadcrumbList\",\"@id\":\"https:\\\/\\\/aconteceunovale.com.br\\\/portal\\\/?p=154630#breadcrumb\",\"itemListElement\":[{\"@type\":\"ListItem\",\"position\":1,\"name\":\"In\u00edcio\",\"item\":\"https:\\\/\\\/aconteceunovale.com.br\\\/portal\\\/\"},{\"@type\":\"ListItem\",\"position\":2,\"name\":\"Brasil ser\u00e1 mais pr\u00f3spera democracia liberal do hemisf\u00e9rio, diz Hamilton Mour\u00e3o\"}]},{\"@type\":\"WebSite\",\"@id\":\"https:\\\/\\\/aconteceunovale.com.br\\\/portal\\\/#website\",\"url\":\"https:\\\/\\\/aconteceunovale.com.br\\\/portal\\\/\",\"name\":\"Aconteceu no Vale\",\"description\":\"Portal de Not\u00edcias\",\"potentialAction\":[{\"@type\":\"SearchAction\",\"target\":{\"@type\":\"EntryPoint\",\"urlTemplate\":\"https:\\\/\\\/aconteceunovale.com.br\\\/portal\\\/?s={search_term_string}\"},\"query-input\":{\"@type\":\"PropertyValueSpecification\",\"valueRequired\":true,\"valueName\":\"search_term_string\"}}],\"inLanguage\":\"pt-BR\"},{\"@type\":\"Person\",\"@id\":\"https:\\\/\\\/aconteceunovale.com.br\\\/portal\\\/#\\\/schema\\\/person\\\/633529146f2c94272bef50ac2953d589\",\"name\":\"Aconteceu no Vale\",\"description\":\"Equipe de reportagem do Aconteceu no Vale, portal de not\u00edcias do Vale do Jequitinhonha, em Minas Gerais. Cobrimos as 51 cidades do Vale desde 2013. Sugest\u00f5es de pauta e pedidos de corre\u00e7\u00e3o: contato@aconteceunovale.com.br\",\"sameAs\":[\"http:\\\/\\\/www.aconteceunovale.com.br\"],\"url\":\"https:\\\/\\\/aconteceunovale.com.br\\\/portal\\\/?author=1\"}]}<\/script>\n<!-- \/ Yoast SEO plugin. -->","yoast_head_json":{"title":"Brasil ser\u00e1 mais pr\u00f3spera democracia liberal do hemisf\u00e9rio, diz Hamilton Mour\u00e3o - Aconteceu no Vale","robots":{"index":"index","follow":"follow","max-snippet":"max-snippet:-1","max-image-preview":"max-image-preview:large","max-video-preview":"max-video-preview:-1"},"canonical":"https:\/\/aconteceunovale.com.br\/portal\/?p=154630","og_locale":"pt_BR","og_type":"article","og_title":"Brasil ser\u00e1 mais pr\u00f3spera democracia liberal do hemisf\u00e9rio, diz Hamilton Mour\u00e3o - Aconteceu no Vale","og_description":"O vice-presidente Hamilton Mour\u00e3o disse hoje (12) que o governo federal est\u00e1 empenhado a manter o equil\u00edbrio fiscal do pa\u00eds e a dar condi\u00e7\u00f5es para que as empresas possam aumentar a produtividade. As declara\u00e7\u00f5es foram dadas a empres\u00e1rios em evento de entrega de comendas,&nbsp;distin\u00e7\u00f5es de honra, realizado pela Federa\u00e7\u00e3o das Ind\u00fastrias do Estado de S\u00e3o [&hellip;]","og_url":"https:\/\/aconteceunovale.com.br\/portal\/?p=154630","og_site_name":"Aconteceu no Vale","article_publisher":"https:\/\/www.facebook.com\/aconteceunovale\/","article_published_time":"2019-11-13T01:08:29+00:00","article_modified_time":"2019-11-13T01:09:16+00:00","og_image":[{"width":675,"height":450,"url":"https:\/\/aconteceunovale.com.br\/portal\/wp-content\/uploads\/2019\/01\/mourao.jpg","type":"image\/jpeg"}],"author":"Aconteceu no Vale","twitter_card":"summary_large_image","twitter_creator":"@noticiadosvales","twitter_site":"@noticiadosvales","twitter_misc":{"Escrito por":"Aconteceu no Vale","Est. tempo de leitura":"2 minutos"},"schema":{"@context":"https:\/\/schema.org","@graph":[{"@type":"Article","@id":"https:\/\/aconteceunovale.com.br\/portal\/?p=154630#article","isPartOf":{"@id":"https:\/\/aconteceunovale.com.br\/portal\/?p=154630"},"author":{"name":"Aconteceu no Vale","@id":"https:\/\/aconteceunovale.com.br\/portal\/#\/schema\/person\/633529146f2c94272bef50ac2953d589"},"headline":"Brasil ser\u00e1 mais pr\u00f3spera democracia liberal do hemisf\u00e9rio, diz Hamilton Mour\u00e3o","datePublished":"2019-11-13T01:08:29+00:00","dateModified":"2019-11-13T01:09:16+00:00","mainEntityOfPage":{"@id":"https:\/\/aconteceunovale.com.br\/portal\/?p=154630"},"wordCount":362,"commentCount":0,"image":{"@id":"https:\/\/aconteceunovale.com.br\/portal\/?p=154630#primaryimage"},"thumbnailUrl":"https:\/\/aconteceunovale.com.br\/portal\/wp-content\/uploads\/2019\/01\/mourao.jpg","keywords":["Bolsonaro","Brasil ser\u00e1 mais pr\u00f3spera democracia liberal do hemisf\u00e9rio","Brasil ser\u00e1 mais pr\u00f3spera democracia liberal do hemisf\u00e9rio diz Hamilton Mour\u00e3o","Democracia liberal","Fiesp","Governo Bolsonaro","Hamilton Mour\u00e3o","Jair Bolsonaro","Vice-presidente Hamilton Mour\u00e3o"],"articleSection":["Brasil","Mundo","Pol\u00edtica"],"inLanguage":"pt-BR","potentialAction":[{"@type":"CommentAction","name":"Comment","target":["https:\/\/aconteceunovale.com.br\/portal\/?p=154630#respond"]}]},{"@type":"WebPage","@id":"https:\/\/aconteceunovale.com.br\/portal\/?p=154630","url":"https:\/\/aconteceunovale.com.br\/portal\/?p=154630","name":"Brasil ser\u00e1 mais pr\u00f3spera democracia liberal do hemisf\u00e9rio, diz Hamilton Mour\u00e3o - Aconteceu no Vale","isPartOf":{"@id":"https:\/\/aconteceunovale.com.br\/portal\/#website"},"primaryImageOfPage":{"@id":"https:\/\/aconteceunovale.com.br\/portal\/?p=154630#primaryimage"},"image":{"@id":"https:\/\/aconteceunovale.com.br\/portal\/?p=154630#primaryimage"},"thumbnailUrl":"https:\/\/aconteceunovale.com.br\/portal\/wp-content\/uploads\/2019\/01\/mourao.jpg","datePublished":"2019-11-13T01:08:29+00:00","dateModified":"2019-11-13T01:09:16+00:00","author":{"@id":"https:\/\/aconteceunovale.com.br\/portal\/#\/schema\/person\/633529146f2c94272bef50ac2953d589"},"breadcrumb":{"@id":"https:\/\/aconteceunovale.com.br\/portal\/?p=154630#breadcrumb"},"inLanguage":"pt-BR","potentialAction":[{"@type":"ReadAction","target":["https:\/\/aconteceunovale.com.br\/portal\/?p=154630"]}]},{"@type":"ImageObject","inLanguage":"pt-BR","@id":"https:\/\/aconteceunovale.com.br\/portal\/?p=154630#primaryimage","url":"https:\/\/aconteceunovale.com.br\/portal\/wp-content\/uploads\/2019\/01\/mourao.jpg","contentUrl":"https:\/\/aconteceunovale.com.br\/portal\/wp-content\/uploads\/2019\/01\/mourao.jpg","width":675,"height":450},{"@type":"BreadcrumbList","@id":"https:\/\/aconteceunovale.com.br\/portal\/?p=154630#breadcrumb","itemListElement":[{"@type":"ListItem","position":1,"name":"In\u00edcio","item":"https:\/\/aconteceunovale.com.br\/portal\/"},{"@type":"ListItem","position":2,"name":"Brasil ser\u00e1 mais pr\u00f3spera democracia liberal do hemisf\u00e9rio, diz Hamilton Mour\u00e3o"}]},{"@type":"WebSite","@id":"https:\/\/aconteceunovale.com.br\/portal\/#website","url":"https:\/\/aconteceunovale.com.br\/portal\/","name":"Aconteceu no Vale","description":"Portal de Not\u00edcias","potentialAction":[{"@type":"SearchAction","target":{"@type":"EntryPoint","urlTemplate":"https:\/\/aconteceunovale.com.br\/portal\/?s={search_term_string}"},"query-input":{"@type":"PropertyValueSpecification","valueRequired":true,"valueName":"search_term_string"}}],"inLanguage":"pt-BR"},{"@type":"Person","@id":"https:\/\/aconteceunovale.com.br\/portal\/#\/schema\/person\/633529146f2c94272bef50ac2953d589","name":"Aconteceu no Vale","description":"Equipe de reportagem do Aconteceu no Vale, portal de not\u00edcias do Vale do Jequitinhonha, em Minas Gerais. Cobrimos as 51 cidades do Vale desde 2013. Sugest\u00f5es de pauta e pedidos de corre\u00e7\u00e3o: contato@aconteceunovale.com.br","sameAs":["http:\/\/www.aconteceunovale.com.br"],"url":"https:\/\/aconteceunovale.com.br\/portal\/?author=1"}]}},"_links":{"self":[{"href":"https:\/\/aconteceunovale.com.br\/portal\/index.php?rest_route=\/wp\/v2\/posts\/154630","targetHints":{"allow":["GET"]}}],"collection":[{"href":"https:\/\/aconteceunovale.com.br\/portal\/index.php?rest_route=\/wp\/v2\/posts"}],"about":[{"href":"https:\/\/aconteceunovale.com.br\/portal\/index.php?rest_route=\/wp\/v2\/types\/post"}],"author":[{"embeddable":true,"href":"https:\/\/aconteceunovale.com.br\/portal\/index.php?rest_route=\/wp\/v2\/users\/1"}],"replies":[{"embeddable":true,"href":"https:\/\/aconteceunovale.com.br\/portal\/index.php?rest_route=%2Fwp%2Fv2%2Fcomments&post=154630"}],"version-history":[{"count":1,"href":"https:\/\/aconteceunovale.com.br\/portal\/index.php?rest_route=\/wp\/v2\/posts\/154630\/revisions"}],"predecessor-version":[{"id":154631,"href":"https:\/\/aconteceunovale.com.br\/portal\/index.php?rest_route=\/wp\/v2\/posts\/154630\/revisions\/154631"}],"wp:featuredmedia":[{"embeddable":true,"href":"https:\/\/aconteceunovale.com.br\/portal\/index.php?rest_route=\/wp\/v2\/media\/142481"}],"wp:attachment":[{"href":"https:\/\/aconteceunovale.com.br\/portal\/index.php?rest_route=%2Fwp%2Fv2%2Fmedia&parent=154630"}],"wp:term":[{"taxonomy":"category","embeddable":true,"href":"https:\/\/aconteceunovale.com.br\/portal\/index.php?rest_route=%2Fwp%2Fv2%2Fcategories&post=154630"},{"taxonomy":"post_tag","embeddable":true,"href":"https:\/\/aconteceunovale.com.br\/portal\/index.php?rest_route=%2Fwp%2Fv2%2Ftags&post=154630"}],"curies":[{"name":"wp","href":"https:\/\/api.w.org\/{rel}","templated":true}]}}