{"id":154626,"date":"2019-11-12T20:48:06","date_gmt":"2019-11-12T23:48:06","guid":{"rendered":"http:\/\/aconteceunovale.com.br\/portal\/?p=154626"},"modified":"2019-11-12T22:03:34","modified_gmt":"2019-11-13T01:03:34","slug":"senadora-jeanine-anez-chavez-se-declara-presidente-da-bolivia","status":"publish","type":"post","link":"https:\/\/aconteceunovale.com.br\/portal\/?p=154626","title":{"rendered":"Senadora Jeanine A\u00f1ez Chavez se declara presidente da Bol\u00edvia"},"content":{"rendered":"\n<p class=\"wp-block-paragraph\">A senadora Jeanine A\u00f1ez, do partido oposicionista Unidad Dem\u00f3crata, declarou-se hoje (12) presidente da Bol\u00edvia. &#8220;Assumo imediatamente a Presid\u00eancia&#8221;, disse Jeanine, embora a bancada do MAS, partido liderado pelo ex-presidente Evo Morales, n\u00e3o estivesse presente no Congresso.<\/p>\n\n\n\n<p class=\"wp-block-paragraph\">Morales chegou nesta ter\u00e7a-feira ao M\u00e9xico, pa\u00eds que lhe concedeu asilo pol\u00edtico ap\u00f3s sua ren\u00fancia \u00e0 Presid\u00eancia da Rep\u00fablica.<\/p>\n\n\n\n<p class=\"wp-block-paragraph\">Jeanine A\u00f1ez anunciou que decidiu &#8220;assumir imediatamente&#8221; a Presid\u00eancia da Bol\u00edvia, em seu novo\u00a0<em>status<\/em>\u00a0de l\u00edder do Senado, depois de considerar que no pa\u00eds havia uma situa\u00e7\u00e3o de vac\u00e2ncia, devido \u00e0 ren\u00fancia e abandono do pa\u00eds do ex-chefe de Estado, Evo Morales, e do vice-presidente \u00c1lvaro Garc\u00eda Linera.<\/p>\n\n\n\n<p class=\"wp-block-paragraph\">Tamb\u00e9m renunciaram aos cargos os presidentes do Senado e da C\u00e2mara e o primeiro vice-presidente do Senado. Como segunda vice-presidente da Casa, Jeanine A\u00f1ez entendeu que cab\u00eda a ela assumir o posto deixado vago por Morales.<\/p>\n\n\n\n<p class=\"wp-block-paragraph\">Ao assumir a Presid\u00eancia, a senadora mencionou v\u00e1rios artigos da Constitui\u00e7\u00e3o e dos regulamentos parlamentares que, na sua opini\u00e3o, formam o arcabou\u00e7o legal que lhe permite assumir a lideran\u00e7a do Estado. Ao longo do dia, a m\u00eddia local alertou que n\u00e3o poderia haver sess\u00e3o legislativa porque o partido de Morales, que controla dois ter\u00e7os das duas Casas Leigislativas, n\u00e3o deu qu\u00f3rum \u00e0 sess\u00e3o.<\/p>\n\n\n\n<p class=\"wp-block-paragraph\">Hoje, na primeira de suas duas apari\u00e7\u00f5es p\u00fablicas em poucos minutos, a legisladora disse que assumiu a presid\u00eancia do Senado com o endosso de um artigo regulat\u00f3rio e depois, em outro recinto, anunciou que ocuparia a chefia do governo com a vac\u00e2ncia criada pela ren\u00fancia e pelo abandono do pa\u00eds por Morales e Garc\u00eda Linera.<\/p>\n\n\n\n<p class=\"wp-block-paragraph\">&#8220;Assumo imediatamente a presid\u00eancia do Estado e prometo tomar medidas para pacificar o pa\u00eds&#8221;, disse Jeanine A\u00f1ez, que deve liderar um processo de transi\u00e7\u00e3o para novas elei\u00e7\u00f5es.<\/p>\n\n\n\n<figure class=\"wp-block-image is-resized\"><img loading=\"lazy\" decoding=\"async\" src=\"http:\/\/aconteceunovale.com.br\/portal\/wp-content\/uploads\/2019\/11\/jeanine_bolivia.jpg\" alt=\"\" class=\"wp-image-154627\" width=\"664\" height=\"440\" srcset=\"https:\/\/aconteceunovale.com.br\/portal\/wp-content\/uploads\/2019\/11\/jeanine_bolivia.jpg 678w, https:\/\/aconteceunovale.com.br\/portal\/wp-content\/uploads\/2019\/11\/jeanine_bolivia-300x199.jpg 300w, https:\/\/aconteceunovale.com.br\/portal\/wp-content\/uploads\/2019\/11\/jeanine_bolivia-633x420.jpg 633w\" sizes=\"auto, (max-width: 664px) 100vw, 664px\" \/><figcaption><em>Foto: Reprodu\u00e7\u00e3o Facebook \/  Jeanine A\u00f1ez Chavez <\/em><\/figcaption><\/figure>\n\n\n\n<p class=\"has-text-color has-background has-very-light-gray-color has-very-dark-gray-background-color wp-block-paragraph\"><strong>VER PRIMEIRO: <\/strong>Receba as not\u00edcias do Aconteceu no Vale em primeira m\u00e3o. Clique em curtir no endere\u00e7o <a href=\"https:\/\/www.facebook.com\/aconteceunovale\" target=\"_blank\" rel=\"noreferrer noopener\">www.facebook.com\/aconteceunovale<\/a>.<\/p>\n","protected":false},"excerpt":{"rendered":"<p>A senadora Jeanine A\u00f1ez, do partido oposicionista Unidad Dem\u00f3crata, declarou-se hoje (12) presidente da Bol\u00edvia. &#8220;Assumo imediatamente a Presid\u00eancia&#8221;, disse Jeanine, embora a bancada do MAS, partido liderado pelo ex-presidente Evo Morales, n\u00e3o estivesse presente no Congresso. Morales chegou nesta ter\u00e7a-feira ao M\u00e9xico, pa\u00eds que lhe concedeu asilo pol\u00edtico ap\u00f3s sua ren\u00fancia \u00e0 Presid\u00eancia da [&hellip;]<\/p>\n","protected":false},"author":1,"featured_media":154627,"comment_status":"open","ping_status":"closed","sticky":false,"template":"","format":"standard","meta":{"amp_status":"","footnotes":""},"categories":[28848,40240],"tags":[210010,210011,155349,210007,210008,210014,127906,210012,210109,210108,210107,127908,210037,210006,210106,18543,210009,210105,210013,210015],"class_list":["post-154626","post","type-post","status-publish","format-standard","has-post-thumbnail","hentry","category-mundo","category-politica","tag-alvaro-garcia-linera","tag-carlos-mesa","tag-cochabamba","tag-crise-politica-na-bolivia","tag-eleicoes-na-bolivia","tag-eleicoes-presidenciais-bolivarianas","tag-evo-morales","tag-focas-armadas-bolivarianas","tag-jeanine-anez","tag-jeanine-anez-chavez","tag-jeanine-anez-presidente-da-bolivia","tag-la-paz","tag-mexico-concede-asilo-politico-a-evo-morales","tag-morales-renuncia-ao-cargo-de-presidente-da-bolivia","tag-novo-presidente-da-bolivia","tag-presidente-da-bolivia","tag-queda-do-presidente-da-bolivia","tag-senadora-jeanine-anez-se-declara-presidente-da-bolivia","tag-victor-borda","tag-william-kaiman"],"yoast_head":"<!-- This site is optimized with the Yoast SEO plugin v28.3 - https:\/\/yoast.com\/product\/yoast-seo-wordpress\/ -->\n<title>Senadora Jeanine A\u00f1ez Chavez se declara presidente da Bol\u00edvia - Aconteceu no Vale<\/title>\n<meta name=\"robots\" content=\"index, follow, max-snippet:-1, max-image-preview:large, max-video-preview:-1\" \/>\n<link rel=\"canonical\" href=\"https:\/\/aconteceunovale.com.br\/portal\/?p=154626\" \/>\n<meta property=\"og:locale\" content=\"pt_BR\" \/>\n<meta property=\"og:type\" content=\"article\" \/>\n<meta property=\"og:title\" content=\"Senadora Jeanine A\u00f1ez Chavez se declara presidente da Bol\u00edvia - Aconteceu no Vale\" \/>\n<meta property=\"og:description\" content=\"A senadora Jeanine A\u00f1ez, do partido oposicionista Unidad Dem\u00f3crata, declarou-se hoje (12) presidente da Bol\u00edvia. &#8220;Assumo imediatamente a Presid\u00eancia&#8221;, disse Jeanine, embora a bancada do MAS, partido liderado pelo ex-presidente Evo Morales, n\u00e3o estivesse presente no Congresso. Morales chegou nesta ter\u00e7a-feira ao M\u00e9xico, pa\u00eds que lhe concedeu asilo pol\u00edtico ap\u00f3s sua ren\u00fancia \u00e0 Presid\u00eancia da [&hellip;]\" \/>\n<meta property=\"og:url\" content=\"https:\/\/aconteceunovale.com.br\/portal\/?p=154626\" \/>\n<meta property=\"og:site_name\" content=\"Aconteceu no Vale\" \/>\n<meta property=\"article:publisher\" content=\"https:\/\/www.facebook.com\/aconteceunovale\/\" \/>\n<meta property=\"article:published_time\" content=\"2019-11-12T23:48:06+00:00\" \/>\n<meta property=\"article:modified_time\" content=\"2019-11-13T01:03:34+00:00\" \/>\n<meta property=\"og:image\" content=\"https:\/\/aconteceunovale.com.br\/portal\/wp-content\/uploads\/2019\/11\/jeanine_bolivia.jpg\" \/>\n\t<meta property=\"og:image:width\" content=\"678\" \/>\n\t<meta property=\"og:image:height\" content=\"450\" \/>\n\t<meta property=\"og:image:type\" content=\"image\/jpeg\" \/>\n<meta name=\"author\" content=\"Aconteceu no Vale\" \/>\n<meta name=\"twitter:card\" content=\"summary_large_image\" \/>\n<meta name=\"twitter:creator\" content=\"@noticiadosvales\" \/>\n<meta name=\"twitter:site\" content=\"@noticiadosvales\" \/>\n<meta name=\"twitter:label1\" content=\"Escrito por\" \/>\n\t<meta name=\"twitter:data1\" content=\"Aconteceu no Vale\" \/>\n\t<meta name=\"twitter:label2\" content=\"Est. tempo de leitura\" \/>\n\t<meta name=\"twitter:data2\" content=\"2 minutos\" \/>\n<script type=\"application\/ld+json\" class=\"yoast-schema-graph\">{\"@context\":\"https:\\\/\\\/schema.org\",\"@graph\":[{\"@type\":\"Article\",\"@id\":\"https:\\\/\\\/aconteceunovale.com.br\\\/portal\\\/?p=154626#article\",\"isPartOf\":{\"@id\":\"https:\\\/\\\/aconteceunovale.com.br\\\/portal\\\/?p=154626\"},\"author\":{\"name\":\"Aconteceu no Vale\",\"@id\":\"https:\\\/\\\/aconteceunovale.com.br\\\/portal\\\/#\\\/schema\\\/person\\\/633529146f2c94272bef50ac2953d589\"},\"headline\":\"Senadora Jeanine A\u00f1ez Chavez se declara presidente da Bol\u00edvia\",\"datePublished\":\"2019-11-12T23:48:06+00:00\",\"dateModified\":\"2019-11-13T01:03:34+00:00\",\"mainEntityOfPage\":{\"@id\":\"https:\\\/\\\/aconteceunovale.com.br\\\/portal\\\/?p=154626\"},\"wordCount\":378,\"commentCount\":0,\"image\":{\"@id\":\"https:\\\/\\\/aconteceunovale.com.br\\\/portal\\\/?p=154626#primaryimage\"},\"thumbnailUrl\":\"https:\\\/\\\/aconteceunovale.com.br\\\/portal\\\/wp-content\\\/uploads\\\/2019\\\/11\\\/jeanine_bolivia.jpg\",\"keywords\":[\"Alvaro Garc\u00eda Linera\",\"Carlos Mesa\",\"Cochabamba\",\"Crise pol\u00edtica na Bol\u00edvia\",\"Elei\u00e7\u00f5es na Bol\u00edvia\",\"Elei\u00e7\u00f5es Presidenciais Bolivarianas\",\"Evo Morales\",\"Fo\u00e7as Armadas Bolivarianas\",\"Jeanine A\u00f1ez\",\"Jeanine A\u00f1ez Chavez\",\"Jeanine A\u00f1ez presidente da Bol\u00edvia\",\"La Paz\",\"M\u00e9xico concede asilo pol\u00edtico a Evo Morales\",\"Morales renuncia ao cargo de presidente da Bol\u00edvia\",\"Novo presidente da Bol\u00edvia\",\"presidente da Bol\u00edvia\",\"Queda do presidente da Bol\u00edvia\",\"Senadora Jeanine \u00c1\u00f1ez se declara presidente da Bol\u00edvia\",\"V\u00edctor Borda\",\"William Kaiman\"],\"articleSection\":[\"Mundo\",\"Pol\u00edtica\"],\"inLanguage\":\"pt-BR\",\"potentialAction\":[{\"@type\":\"CommentAction\",\"name\":\"Comment\",\"target\":[\"https:\\\/\\\/aconteceunovale.com.br\\\/portal\\\/?p=154626#respond\"]}]},{\"@type\":\"WebPage\",\"@id\":\"https:\\\/\\\/aconteceunovale.com.br\\\/portal\\\/?p=154626\",\"url\":\"https:\\\/\\\/aconteceunovale.com.br\\\/portal\\\/?p=154626\",\"name\":\"Senadora Jeanine A\u00f1ez Chavez se declara presidente da Bol\u00edvia - Aconteceu no Vale\",\"isPartOf\":{\"@id\":\"https:\\\/\\\/aconteceunovale.com.br\\\/portal\\\/#website\"},\"primaryImageOfPage\":{\"@id\":\"https:\\\/\\\/aconteceunovale.com.br\\\/portal\\\/?p=154626#primaryimage\"},\"image\":{\"@id\":\"https:\\\/\\\/aconteceunovale.com.br\\\/portal\\\/?p=154626#primaryimage\"},\"thumbnailUrl\":\"https:\\\/\\\/aconteceunovale.com.br\\\/portal\\\/wp-content\\\/uploads\\\/2019\\\/11\\\/jeanine_bolivia.jpg\",\"datePublished\":\"2019-11-12T23:48:06+00:00\",\"dateModified\":\"2019-11-13T01:03:34+00:00\",\"author\":{\"@id\":\"https:\\\/\\\/aconteceunovale.com.br\\\/portal\\\/#\\\/schema\\\/person\\\/633529146f2c94272bef50ac2953d589\"},\"breadcrumb\":{\"@id\":\"https:\\\/\\\/aconteceunovale.com.br\\\/portal\\\/?p=154626#breadcrumb\"},\"inLanguage\":\"pt-BR\",\"potentialAction\":[{\"@type\":\"ReadAction\",\"target\":[\"https:\\\/\\\/aconteceunovale.com.br\\\/portal\\\/?p=154626\"]}]},{\"@type\":\"ImageObject\",\"inLanguage\":\"pt-BR\",\"@id\":\"https:\\\/\\\/aconteceunovale.com.br\\\/portal\\\/?p=154626#primaryimage\",\"url\":\"https:\\\/\\\/aconteceunovale.com.br\\\/portal\\\/wp-content\\\/uploads\\\/2019\\\/11\\\/jeanine_bolivia.jpg\",\"contentUrl\":\"https:\\\/\\\/aconteceunovale.com.br\\\/portal\\\/wp-content\\\/uploads\\\/2019\\\/11\\\/jeanine_bolivia.jpg\",\"width\":678,\"height\":450},{\"@type\":\"BreadcrumbList\",\"@id\":\"https:\\\/\\\/aconteceunovale.com.br\\\/portal\\\/?p=154626#breadcrumb\",\"itemListElement\":[{\"@type\":\"ListItem\",\"position\":1,\"name\":\"In\u00edcio\",\"item\":\"https:\\\/\\\/aconteceunovale.com.br\\\/portal\\\/\"},{\"@type\":\"ListItem\",\"position\":2,\"name\":\"Senadora Jeanine A\u00f1ez Chavez se declara presidente da Bol\u00edvia\"}]},{\"@type\":\"WebSite\",\"@id\":\"https:\\\/\\\/aconteceunovale.com.br\\\/portal\\\/#website\",\"url\":\"https:\\\/\\\/aconteceunovale.com.br\\\/portal\\\/\",\"name\":\"Aconteceu no Vale\",\"description\":\"Portal de Not\u00edcias\",\"potentialAction\":[{\"@type\":\"SearchAction\",\"target\":{\"@type\":\"EntryPoint\",\"urlTemplate\":\"https:\\\/\\\/aconteceunovale.com.br\\\/portal\\\/?s={search_term_string}\"},\"query-input\":{\"@type\":\"PropertyValueSpecification\",\"valueRequired\":true,\"valueName\":\"search_term_string\"}}],\"inLanguage\":\"pt-BR\"},{\"@type\":\"Person\",\"@id\":\"https:\\\/\\\/aconteceunovale.com.br\\\/portal\\\/#\\\/schema\\\/person\\\/633529146f2c94272bef50ac2953d589\",\"name\":\"Aconteceu no Vale\",\"description\":\"Equipe de reportagem do Aconteceu no Vale, portal de not\u00edcias do Vale do Jequitinhonha, em Minas Gerais. Cobrimos as 51 cidades do Vale desde 2013. Sugest\u00f5es de pauta e pedidos de corre\u00e7\u00e3o: contato@aconteceunovale.com.br\",\"sameAs\":[\"http:\\\/\\\/www.aconteceunovale.com.br\"],\"url\":\"https:\\\/\\\/aconteceunovale.com.br\\\/portal\\\/?author=1\"}]}<\/script>\n<!-- \/ Yoast SEO plugin. -->","yoast_head_json":{"title":"Senadora Jeanine A\u00f1ez Chavez se declara presidente da Bol\u00edvia - Aconteceu no Vale","robots":{"index":"index","follow":"follow","max-snippet":"max-snippet:-1","max-image-preview":"max-image-preview:large","max-video-preview":"max-video-preview:-1"},"canonical":"https:\/\/aconteceunovale.com.br\/portal\/?p=154626","og_locale":"pt_BR","og_type":"article","og_title":"Senadora Jeanine A\u00f1ez Chavez se declara presidente da Bol\u00edvia - Aconteceu no Vale","og_description":"A senadora Jeanine A\u00f1ez, do partido oposicionista Unidad Dem\u00f3crata, declarou-se hoje (12) presidente da Bol\u00edvia. &#8220;Assumo imediatamente a Presid\u00eancia&#8221;, disse Jeanine, embora a bancada do MAS, partido liderado pelo ex-presidente Evo Morales, n\u00e3o estivesse presente no Congresso. Morales chegou nesta ter\u00e7a-feira ao M\u00e9xico, pa\u00eds que lhe concedeu asilo pol\u00edtico ap\u00f3s sua ren\u00fancia \u00e0 Presid\u00eancia da [&hellip;]","og_url":"https:\/\/aconteceunovale.com.br\/portal\/?p=154626","og_site_name":"Aconteceu no Vale","article_publisher":"https:\/\/www.facebook.com\/aconteceunovale\/","article_published_time":"2019-11-12T23:48:06+00:00","article_modified_time":"2019-11-13T01:03:34+00:00","og_image":[{"width":678,"height":450,"url":"https:\/\/aconteceunovale.com.br\/portal\/wp-content\/uploads\/2019\/11\/jeanine_bolivia.jpg","type":"image\/jpeg"}],"author":"Aconteceu no Vale","twitter_card":"summary_large_image","twitter_creator":"@noticiadosvales","twitter_site":"@noticiadosvales","twitter_misc":{"Escrito por":"Aconteceu no Vale","Est. tempo de leitura":"2 minutos"},"schema":{"@context":"https:\/\/schema.org","@graph":[{"@type":"Article","@id":"https:\/\/aconteceunovale.com.br\/portal\/?p=154626#article","isPartOf":{"@id":"https:\/\/aconteceunovale.com.br\/portal\/?p=154626"},"author":{"name":"Aconteceu no Vale","@id":"https:\/\/aconteceunovale.com.br\/portal\/#\/schema\/person\/633529146f2c94272bef50ac2953d589"},"headline":"Senadora Jeanine A\u00f1ez Chavez se declara presidente da Bol\u00edvia","datePublished":"2019-11-12T23:48:06+00:00","dateModified":"2019-11-13T01:03:34+00:00","mainEntityOfPage":{"@id":"https:\/\/aconteceunovale.com.br\/portal\/?p=154626"},"wordCount":378,"commentCount":0,"image":{"@id":"https:\/\/aconteceunovale.com.br\/portal\/?p=154626#primaryimage"},"thumbnailUrl":"https:\/\/aconteceunovale.com.br\/portal\/wp-content\/uploads\/2019\/11\/jeanine_bolivia.jpg","keywords":["Alvaro Garc\u00eda Linera","Carlos Mesa","Cochabamba","Crise pol\u00edtica na Bol\u00edvia","Elei\u00e7\u00f5es na Bol\u00edvia","Elei\u00e7\u00f5es Presidenciais Bolivarianas","Evo Morales","Fo\u00e7as Armadas Bolivarianas","Jeanine A\u00f1ez","Jeanine A\u00f1ez Chavez","Jeanine A\u00f1ez presidente da Bol\u00edvia","La Paz","M\u00e9xico concede asilo pol\u00edtico a Evo Morales","Morales renuncia ao cargo de presidente da Bol\u00edvia","Novo presidente da Bol\u00edvia","presidente da Bol\u00edvia","Queda do presidente da Bol\u00edvia","Senadora Jeanine \u00c1\u00f1ez se declara presidente da Bol\u00edvia","V\u00edctor Borda","William Kaiman"],"articleSection":["Mundo","Pol\u00edtica"],"inLanguage":"pt-BR","potentialAction":[{"@type":"CommentAction","name":"Comment","target":["https:\/\/aconteceunovale.com.br\/portal\/?p=154626#respond"]}]},{"@type":"WebPage","@id":"https:\/\/aconteceunovale.com.br\/portal\/?p=154626","url":"https:\/\/aconteceunovale.com.br\/portal\/?p=154626","name":"Senadora Jeanine A\u00f1ez Chavez se declara presidente da Bol\u00edvia - Aconteceu no Vale","isPartOf":{"@id":"https:\/\/aconteceunovale.com.br\/portal\/#website"},"primaryImageOfPage":{"@id":"https:\/\/aconteceunovale.com.br\/portal\/?p=154626#primaryimage"},"image":{"@id":"https:\/\/aconteceunovale.com.br\/portal\/?p=154626#primaryimage"},"thumbnailUrl":"https:\/\/aconteceunovale.com.br\/portal\/wp-content\/uploads\/2019\/11\/jeanine_bolivia.jpg","datePublished":"2019-11-12T23:48:06+00:00","dateModified":"2019-11-13T01:03:34+00:00","author":{"@id":"https:\/\/aconteceunovale.com.br\/portal\/#\/schema\/person\/633529146f2c94272bef50ac2953d589"},"breadcrumb":{"@id":"https:\/\/aconteceunovale.com.br\/portal\/?p=154626#breadcrumb"},"inLanguage":"pt-BR","potentialAction":[{"@type":"ReadAction","target":["https:\/\/aconteceunovale.com.br\/portal\/?p=154626"]}]},{"@type":"ImageObject","inLanguage":"pt-BR","@id":"https:\/\/aconteceunovale.com.br\/portal\/?p=154626#primaryimage","url":"https:\/\/aconteceunovale.com.br\/portal\/wp-content\/uploads\/2019\/11\/jeanine_bolivia.jpg","contentUrl":"https:\/\/aconteceunovale.com.br\/portal\/wp-content\/uploads\/2019\/11\/jeanine_bolivia.jpg","width":678,"height":450},{"@type":"BreadcrumbList","@id":"https:\/\/aconteceunovale.com.br\/portal\/?p=154626#breadcrumb","itemListElement":[{"@type":"ListItem","position":1,"name":"In\u00edcio","item":"https:\/\/aconteceunovale.com.br\/portal\/"},{"@type":"ListItem","position":2,"name":"Senadora Jeanine A\u00f1ez Chavez se declara presidente da Bol\u00edvia"}]},{"@type":"WebSite","@id":"https:\/\/aconteceunovale.com.br\/portal\/#website","url":"https:\/\/aconteceunovale.com.br\/portal\/","name":"Aconteceu no Vale","description":"Portal de Not\u00edcias","potentialAction":[{"@type":"SearchAction","target":{"@type":"EntryPoint","urlTemplate":"https:\/\/aconteceunovale.com.br\/portal\/?s={search_term_string}"},"query-input":{"@type":"PropertyValueSpecification","valueRequired":true,"valueName":"search_term_string"}}],"inLanguage":"pt-BR"},{"@type":"Person","@id":"https:\/\/aconteceunovale.com.br\/portal\/#\/schema\/person\/633529146f2c94272bef50ac2953d589","name":"Aconteceu no Vale","description":"Equipe de reportagem do Aconteceu no Vale, portal de not\u00edcias do Vale do Jequitinhonha, em Minas Gerais. Cobrimos as 51 cidades do Vale desde 2013. Sugest\u00f5es de pauta e pedidos de corre\u00e7\u00e3o: contato@aconteceunovale.com.br","sameAs":["http:\/\/www.aconteceunovale.com.br"],"url":"https:\/\/aconteceunovale.com.br\/portal\/?author=1"}]}},"_links":{"self":[{"href":"https:\/\/aconteceunovale.com.br\/portal\/index.php?rest_route=\/wp\/v2\/posts\/154626","targetHints":{"allow":["GET"]}}],"collection":[{"href":"https:\/\/aconteceunovale.com.br\/portal\/index.php?rest_route=\/wp\/v2\/posts"}],"about":[{"href":"https:\/\/aconteceunovale.com.br\/portal\/index.php?rest_route=\/wp\/v2\/types\/post"}],"author":[{"embeddable":true,"href":"https:\/\/aconteceunovale.com.br\/portal\/index.php?rest_route=\/wp\/v2\/users\/1"}],"replies":[{"embeddable":true,"href":"https:\/\/aconteceunovale.com.br\/portal\/index.php?rest_route=%2Fwp%2Fv2%2Fcomments&post=154626"}],"version-history":[{"count":2,"href":"https:\/\/aconteceunovale.com.br\/portal\/index.php?rest_route=\/wp\/v2\/posts\/154626\/revisions"}],"predecessor-version":[{"id":154629,"href":"https:\/\/aconteceunovale.com.br\/portal\/index.php?rest_route=\/wp\/v2\/posts\/154626\/revisions\/154629"}],"wp:featuredmedia":[{"embeddable":true,"href":"https:\/\/aconteceunovale.com.br\/portal\/index.php?rest_route=\/wp\/v2\/media\/154627"}],"wp:attachment":[{"href":"https:\/\/aconteceunovale.com.br\/portal\/index.php?rest_route=%2Fwp%2Fv2%2Fmedia&parent=154626"}],"wp:term":[{"taxonomy":"category","embeddable":true,"href":"https:\/\/aconteceunovale.com.br\/portal\/index.php?rest_route=%2Fwp%2Fv2%2Fcategories&post=154626"},{"taxonomy":"post_tag","embeddable":true,"href":"https:\/\/aconteceunovale.com.br\/portal\/index.php?rest_route=%2Fwp%2Fv2%2Ftags&post=154626"}],"curies":[{"name":"wp","href":"https:\/\/api.w.org\/{rel}","templated":true}]}}