{"id":154623,"date":"2019-11-12T20:22:31","date_gmt":"2019-11-12T23:22:31","guid":{"rendered":"http:\/\/aconteceunovale.com.br\/portal\/?p=154623"},"modified":"2019-11-12T20:22:55","modified_gmt":"2019-11-12T23:22:55","slug":"morales-chega-ao-mexico-e-diz-que-houve-golpe-de-estado-na-bolivia","status":"publish","type":"post","link":"https:\/\/aconteceunovale.com.br\/portal\/?p=154623","title":{"rendered":"Morales chega ao M\u00e9xico e diz que houve golpe de Estado na Bol\u00edvia"},"content":{"rendered":"\n<p class=\"wp-block-paragraph\">O avi\u00e3o das For\u00e7as Armadas mexicanas, que levou Evo Morales da Bol\u00edvia \u00e0 Cidade do M\u00e9xico, pousou \u00e0s 14h20 de hoje (hor\u00e1rio de Bras\u00edlia). Ele chegou acompanhado de \u00c1lvaro Garc\u00eda Linera, seu vice-presidente, que tamb\u00e9m renunciou ao mandato no \u00faltimo domingo, al\u00e9m de representantes do corpo diplom\u00e1tico mexicano.<\/p>\n\n\n\n<p class=\"wp-block-paragraph\">O chanceler do M\u00e9xico, Marcelo Ebrard, recebeu o ex-presidente boliviano na porta da aeronave. Morales acenou para a imprensa, desceu as escadas do avi\u00e3o, ajeitou os cadar\u00e7os do sapato e se dirigiu aos jornalistas, para fazer o\u00a0primeiro pronunciamento em solo mexicano.<\/p>\n\n\n\n<p class=\"wp-block-paragraph\">&#8220;Sauda\u00e7\u00f5es, irm\u00e3os, agrade\u00e7o a toda a delega\u00e7\u00e3o que nos acompanhou. Estamos com \u00c1lvaro Garc\u00eda Linera. Ap\u00f3s a vit\u00f3ria em primeiro turno, come\u00e7ou o golpe de Estado. Estamos h\u00e1 exatamente tr\u00eas semanas e, na \u00faltima etapa, infelizmente, a pol\u00edcia nacional se somou ao golpe. Queimaram tribunais eleitorais, atas, c\u00e9dulas, sedes sindicais, casas de autoridades do MAS [Movimiento al Socialista, partido de Morales], saquearam e queimaram a casa da minha irm\u00e3, a minha casa em Cochabamba. Tentaram saquear minha casa, mas os vizinhos me defenderam. Muito obrigado, sou grato \u00e0 defesa do povo&#8221;, afirmou Morales, sereno, vestindo uma camisa de mangas curtas e cal\u00e7as jeans.<\/p>\n\n\n\n<figure class=\"wp-block-image is-resized\"><img loading=\"lazy\" decoding=\"async\" src=\"http:\/\/aconteceunovale.com.br\/portal\/wp-content\/uploads\/2019\/11\/morales_mexico.jpg\" alt=\"\" class=\"wp-image-154624\" width=\"690\" height=\"459\" srcset=\"https:\/\/aconteceunovale.com.br\/portal\/wp-content\/uploads\/2019\/11\/morales_mexico.jpg 754w, https:\/\/aconteceunovale.com.br\/portal\/wp-content\/uploads\/2019\/11\/morales_mexico-300x200.jpg 300w, https:\/\/aconteceunovale.com.br\/portal\/wp-content\/uploads\/2019\/11\/morales_mexico-696x464.jpg 696w, https:\/\/aconteceunovale.com.br\/portal\/wp-content\/uploads\/2019\/11\/morales_mexico-630x420.jpg 630w\" sizes=\"auto, (max-width: 690px) 100vw, 690px\" \/><figcaption><em>Evo Morales chegou \u00e0 Cidade do M\u00e9xico e pediu que n\u00e3o haja mais derramamento de sangue na Bol\u00edvia   (Foto: REUTERS\/Luis Cortes\/Reprodu\u00e7\u00e3o Ag\u00eancia Brasil)<\/em><\/figcaption><\/figure>\n\n\n\n<h2 class=\"wp-block-heading\">Morales apela a todos os bolivianos<\/h2>\n\n\n\n<p class=\"wp-block-paragraph\">O ex-presidente da Bol\u00edvia afirmou ainda que pediu a toda a popula\u00e7\u00e3o boliviana que colabore para que n\u00e3o haja mais derramamento de sangue. E agradeceu ao presidente do M\u00e9xico, que &#8220;me salvou a vida&#8221;. Segundo Evo Morales, no \u00faltimo s\u00e1bado (9), quando chegava a Cochabamba, um membro do Ex\u00e9rcito mostrou mensagens e chamadas que demonstravam um pedido para &#8220;entreg\u00e1-lo em troca de US$ 50 mil&#8221;. &#8220;Por isso agrade\u00e7o, pois me salvaram a vida&#8221;, disse.<\/p>\n\n\n\n<p class=\"wp-block-paragraph\">Morales ainda afirmou que seguir\u00e1 na pol\u00edtica. &#8220;Chegamos aqui seguros gra\u00e7as ao M\u00e9xico e suas autoridades. Enquanto eu estiver vivo, seguimos na pol\u00edtica. Segue a luta e estamos seguros de que os povos do mundo t\u00eam todo o direito de serem livres. Pensei que t\u00ednhamos terminado com a humilha\u00e7\u00e3o, mas h\u00e1 grupos que n\u00e3o respeitam a vida e a p\u00e1tria&#8221;.<\/p>\n\n\n\n<p class=\"wp-block-paragraph\">&#8220;Meu pecado \u00e9 que ideologicamente somos anti-imperialistas. N\u00e3o vou mudar ideologicamente. Sempre trabalhei pelos setores mais humildes, diminu\u00edmos muito a pobreza e isso vem para fortalecer a luta dos povos. Muito obrigado&#8221;, finalizou.<\/p>\n\n\n\n<p class=\"has-text-color has-background has-very-light-gray-color has-very-dark-gray-background-color wp-block-paragraph\"><strong>VER PRIMEIRO: <\/strong>Receba as not\u00edcias do Aconteceu no Vale em primeira m\u00e3o. Clique em curtir no endere\u00e7o <a href=\"https:\/\/www.facebook.com\/aconteceunovale\" target=\"_blank\" rel=\"noreferrer noopener\">www.facebook.com\/aconteceunovale<\/a>.<\/p>\n","protected":false},"excerpt":{"rendered":"<p>O avi\u00e3o das For\u00e7as Armadas mexicanas, que levou Evo Morales da Bol\u00edvia \u00e0 Cidade do M\u00e9xico, pousou \u00e0s 14h20 de hoje (hor\u00e1rio de Bras\u00edlia). Ele chegou acompanhado de \u00c1lvaro Garc\u00eda Linera, seu vice-presidente, que tamb\u00e9m renunciou ao mandato no \u00faltimo domingo, al\u00e9m de representantes do corpo diplom\u00e1tico mexicano. O chanceler do M\u00e9xico, Marcelo Ebrard, recebeu [&hellip;]<\/p>\n","protected":false},"author":1,"featured_media":154624,"comment_status":"open","ping_status":"closed","sticky":false,"template":"","format":"standard","meta":{"amp_status":"","footnotes":""},"categories":[28848],"tags":[210010,210011,155349,210007,210008,210014,127906,210012,127908,210037,210006,18543,210009,210013,210015],"class_list":["post-154623","post","type-post","status-publish","format-standard","has-post-thumbnail","hentry","category-mundo","tag-alvaro-garcia-linera","tag-carlos-mesa","tag-cochabamba","tag-crise-politica-na-bolivia","tag-eleicoes-na-bolivia","tag-eleicoes-presidenciais-bolivarianas","tag-evo-morales","tag-focas-armadas-bolivarianas","tag-la-paz","tag-mexico-concede-asilo-politico-a-evo-morales","tag-morales-renuncia-ao-cargo-de-presidente-da-bolivia","tag-presidente-da-bolivia","tag-queda-do-presidente-da-bolivia","tag-victor-borda","tag-william-kaiman"],"yoast_head":"<!-- This site is optimized with the Yoast SEO plugin v28.3 - https:\/\/yoast.com\/product\/yoast-seo-wordpress\/ -->\n<title>Morales chega ao M\u00e9xico e diz que houve golpe de Estado na Bol\u00edvia - Aconteceu no Vale<\/title>\n<meta name=\"robots\" content=\"index, follow, max-snippet:-1, max-image-preview:large, max-video-preview:-1\" \/>\n<link rel=\"canonical\" href=\"https:\/\/aconteceunovale.com.br\/portal\/?p=154623\" \/>\n<meta property=\"og:locale\" content=\"pt_BR\" \/>\n<meta property=\"og:type\" content=\"article\" \/>\n<meta property=\"og:title\" content=\"Morales chega ao M\u00e9xico e diz que houve golpe de Estado na Bol\u00edvia - Aconteceu no Vale\" \/>\n<meta property=\"og:description\" content=\"O avi\u00e3o das For\u00e7as Armadas mexicanas, que levou Evo Morales da Bol\u00edvia \u00e0 Cidade do M\u00e9xico, pousou \u00e0s 14h20 de hoje (hor\u00e1rio de Bras\u00edlia). Ele chegou acompanhado de \u00c1lvaro Garc\u00eda Linera, seu vice-presidente, que tamb\u00e9m renunciou ao mandato no \u00faltimo domingo, al\u00e9m de representantes do corpo diplom\u00e1tico mexicano. O chanceler do M\u00e9xico, Marcelo Ebrard, recebeu [&hellip;]\" \/>\n<meta property=\"og:url\" content=\"https:\/\/aconteceunovale.com.br\/portal\/?p=154623\" \/>\n<meta property=\"og:site_name\" content=\"Aconteceu no Vale\" \/>\n<meta property=\"article:publisher\" content=\"https:\/\/www.facebook.com\/aconteceunovale\/\" \/>\n<meta property=\"article:published_time\" content=\"2019-11-12T23:22:31+00:00\" \/>\n<meta property=\"article:modified_time\" content=\"2019-11-12T23:22:55+00:00\" \/>\n<meta property=\"og:image\" content=\"https:\/\/aconteceunovale.com.br\/portal\/wp-content\/uploads\/2019\/11\/morales_mexico.jpg\" \/>\n\t<meta property=\"og:image:width\" content=\"754\" \/>\n\t<meta property=\"og:image:height\" content=\"503\" \/>\n\t<meta property=\"og:image:type\" content=\"image\/jpeg\" \/>\n<meta name=\"author\" content=\"Aconteceu no Vale\" \/>\n<meta name=\"twitter:card\" content=\"summary_large_image\" \/>\n<meta name=\"twitter:creator\" content=\"@noticiadosvales\" \/>\n<meta name=\"twitter:site\" content=\"@noticiadosvales\" \/>\n<meta name=\"twitter:label1\" content=\"Escrito por\" \/>\n\t<meta name=\"twitter:data1\" content=\"Aconteceu no Vale\" \/>\n\t<meta name=\"twitter:label2\" content=\"Est. tempo de leitura\" \/>\n\t<meta name=\"twitter:data2\" content=\"2 minutos\" \/>\n<script type=\"application\/ld+json\" class=\"yoast-schema-graph\">{\"@context\":\"https:\\\/\\\/schema.org\",\"@graph\":[{\"@type\":\"Article\",\"@id\":\"https:\\\/\\\/aconteceunovale.com.br\\\/portal\\\/?p=154623#article\",\"isPartOf\":{\"@id\":\"https:\\\/\\\/aconteceunovale.com.br\\\/portal\\\/?p=154623\"},\"author\":{\"name\":\"Aconteceu no Vale\",\"@id\":\"https:\\\/\\\/aconteceunovale.com.br\\\/portal\\\/#\\\/schema\\\/person\\\/633529146f2c94272bef50ac2953d589\"},\"headline\":\"Morales chega ao M\u00e9xico e diz que houve golpe de Estado na Bol\u00edvia\",\"datePublished\":\"2019-11-12T23:22:31+00:00\",\"dateModified\":\"2019-11-12T23:22:55+00:00\",\"mainEntityOfPage\":{\"@id\":\"https:\\\/\\\/aconteceunovale.com.br\\\/portal\\\/?p=154623\"},\"wordCount\":473,\"commentCount\":0,\"image\":{\"@id\":\"https:\\\/\\\/aconteceunovale.com.br\\\/portal\\\/?p=154623#primaryimage\"},\"thumbnailUrl\":\"https:\\\/\\\/aconteceunovale.com.br\\\/portal\\\/wp-content\\\/uploads\\\/2019\\\/11\\\/morales_mexico.jpg\",\"keywords\":[\"Alvaro Garc\u00eda Linera\",\"Carlos Mesa\",\"Cochabamba\",\"Crise pol\u00edtica na Bol\u00edvia\",\"Elei\u00e7\u00f5es na Bol\u00edvia\",\"Elei\u00e7\u00f5es Presidenciais Bolivarianas\",\"Evo Morales\",\"Fo\u00e7as Armadas Bolivarianas\",\"La Paz\",\"M\u00e9xico concede asilo pol\u00edtico a Evo Morales\",\"Morales renuncia ao cargo de presidente da Bol\u00edvia\",\"presidente da Bol\u00edvia\",\"Queda do presidente da Bol\u00edvia\",\"V\u00edctor Borda\",\"William Kaiman\"],\"articleSection\":[\"Mundo\"],\"inLanguage\":\"pt-BR\",\"potentialAction\":[{\"@type\":\"CommentAction\",\"name\":\"Comment\",\"target\":[\"https:\\\/\\\/aconteceunovale.com.br\\\/portal\\\/?p=154623#respond\"]}]},{\"@type\":\"WebPage\",\"@id\":\"https:\\\/\\\/aconteceunovale.com.br\\\/portal\\\/?p=154623\",\"url\":\"https:\\\/\\\/aconteceunovale.com.br\\\/portal\\\/?p=154623\",\"name\":\"Morales chega ao M\u00e9xico e diz que houve golpe de Estado na Bol\u00edvia - Aconteceu no Vale\",\"isPartOf\":{\"@id\":\"https:\\\/\\\/aconteceunovale.com.br\\\/portal\\\/#website\"},\"primaryImageOfPage\":{\"@id\":\"https:\\\/\\\/aconteceunovale.com.br\\\/portal\\\/?p=154623#primaryimage\"},\"image\":{\"@id\":\"https:\\\/\\\/aconteceunovale.com.br\\\/portal\\\/?p=154623#primaryimage\"},\"thumbnailUrl\":\"https:\\\/\\\/aconteceunovale.com.br\\\/portal\\\/wp-content\\\/uploads\\\/2019\\\/11\\\/morales_mexico.jpg\",\"datePublished\":\"2019-11-12T23:22:31+00:00\",\"dateModified\":\"2019-11-12T23:22:55+00:00\",\"author\":{\"@id\":\"https:\\\/\\\/aconteceunovale.com.br\\\/portal\\\/#\\\/schema\\\/person\\\/633529146f2c94272bef50ac2953d589\"},\"breadcrumb\":{\"@id\":\"https:\\\/\\\/aconteceunovale.com.br\\\/portal\\\/?p=154623#breadcrumb\"},\"inLanguage\":\"pt-BR\",\"potentialAction\":[{\"@type\":\"ReadAction\",\"target\":[\"https:\\\/\\\/aconteceunovale.com.br\\\/portal\\\/?p=154623\"]}]},{\"@type\":\"ImageObject\",\"inLanguage\":\"pt-BR\",\"@id\":\"https:\\\/\\\/aconteceunovale.com.br\\\/portal\\\/?p=154623#primaryimage\",\"url\":\"https:\\\/\\\/aconteceunovale.com.br\\\/portal\\\/wp-content\\\/uploads\\\/2019\\\/11\\\/morales_mexico.jpg\",\"contentUrl\":\"https:\\\/\\\/aconteceunovale.com.br\\\/portal\\\/wp-content\\\/uploads\\\/2019\\\/11\\\/morales_mexico.jpg\",\"width\":754,\"height\":503},{\"@type\":\"BreadcrumbList\",\"@id\":\"https:\\\/\\\/aconteceunovale.com.br\\\/portal\\\/?p=154623#breadcrumb\",\"itemListElement\":[{\"@type\":\"ListItem\",\"position\":1,\"name\":\"In\u00edcio\",\"item\":\"https:\\\/\\\/aconteceunovale.com.br\\\/portal\\\/\"},{\"@type\":\"ListItem\",\"position\":2,\"name\":\"Morales chega ao M\u00e9xico e diz que houve golpe de Estado na Bol\u00edvia\"}]},{\"@type\":\"WebSite\",\"@id\":\"https:\\\/\\\/aconteceunovale.com.br\\\/portal\\\/#website\",\"url\":\"https:\\\/\\\/aconteceunovale.com.br\\\/portal\\\/\",\"name\":\"Aconteceu no Vale\",\"description\":\"Portal de Not\u00edcias\",\"potentialAction\":[{\"@type\":\"SearchAction\",\"target\":{\"@type\":\"EntryPoint\",\"urlTemplate\":\"https:\\\/\\\/aconteceunovale.com.br\\\/portal\\\/?s={search_term_string}\"},\"query-input\":{\"@type\":\"PropertyValueSpecification\",\"valueRequired\":true,\"valueName\":\"search_term_string\"}}],\"inLanguage\":\"pt-BR\"},{\"@type\":\"Person\",\"@id\":\"https:\\\/\\\/aconteceunovale.com.br\\\/portal\\\/#\\\/schema\\\/person\\\/633529146f2c94272bef50ac2953d589\",\"name\":\"Aconteceu no Vale\",\"description\":\"Equipe de reportagem do Aconteceu no Vale, portal de not\u00edcias do Vale do Jequitinhonha, em Minas Gerais. Cobrimos as 51 cidades do Vale desde 2013. Sugest\u00f5es de pauta e pedidos de corre\u00e7\u00e3o: contato@aconteceunovale.com.br\",\"sameAs\":[\"http:\\\/\\\/www.aconteceunovale.com.br\"],\"url\":\"https:\\\/\\\/aconteceunovale.com.br\\\/portal\\\/?author=1\"}]}<\/script>\n<!-- \/ Yoast SEO plugin. -->","yoast_head_json":{"title":"Morales chega ao M\u00e9xico e diz que houve golpe de Estado na Bol\u00edvia - Aconteceu no Vale","robots":{"index":"index","follow":"follow","max-snippet":"max-snippet:-1","max-image-preview":"max-image-preview:large","max-video-preview":"max-video-preview:-1"},"canonical":"https:\/\/aconteceunovale.com.br\/portal\/?p=154623","og_locale":"pt_BR","og_type":"article","og_title":"Morales chega ao M\u00e9xico e diz que houve golpe de Estado na Bol\u00edvia - Aconteceu no Vale","og_description":"O avi\u00e3o das For\u00e7as Armadas mexicanas, que levou Evo Morales da Bol\u00edvia \u00e0 Cidade do M\u00e9xico, pousou \u00e0s 14h20 de hoje (hor\u00e1rio de Bras\u00edlia). Ele chegou acompanhado de \u00c1lvaro Garc\u00eda Linera, seu vice-presidente, que tamb\u00e9m renunciou ao mandato no \u00faltimo domingo, al\u00e9m de representantes do corpo diplom\u00e1tico mexicano. O chanceler do M\u00e9xico, Marcelo Ebrard, recebeu [&hellip;]","og_url":"https:\/\/aconteceunovale.com.br\/portal\/?p=154623","og_site_name":"Aconteceu no Vale","article_publisher":"https:\/\/www.facebook.com\/aconteceunovale\/","article_published_time":"2019-11-12T23:22:31+00:00","article_modified_time":"2019-11-12T23:22:55+00:00","og_image":[{"width":754,"height":503,"url":"https:\/\/aconteceunovale.com.br\/portal\/wp-content\/uploads\/2019\/11\/morales_mexico.jpg","type":"image\/jpeg"}],"author":"Aconteceu no Vale","twitter_card":"summary_large_image","twitter_creator":"@noticiadosvales","twitter_site":"@noticiadosvales","twitter_misc":{"Escrito por":"Aconteceu no Vale","Est. tempo de leitura":"2 minutos"},"schema":{"@context":"https:\/\/schema.org","@graph":[{"@type":"Article","@id":"https:\/\/aconteceunovale.com.br\/portal\/?p=154623#article","isPartOf":{"@id":"https:\/\/aconteceunovale.com.br\/portal\/?p=154623"},"author":{"name":"Aconteceu no Vale","@id":"https:\/\/aconteceunovale.com.br\/portal\/#\/schema\/person\/633529146f2c94272bef50ac2953d589"},"headline":"Morales chega ao M\u00e9xico e diz que houve golpe de Estado na Bol\u00edvia","datePublished":"2019-11-12T23:22:31+00:00","dateModified":"2019-11-12T23:22:55+00:00","mainEntityOfPage":{"@id":"https:\/\/aconteceunovale.com.br\/portal\/?p=154623"},"wordCount":473,"commentCount":0,"image":{"@id":"https:\/\/aconteceunovale.com.br\/portal\/?p=154623#primaryimage"},"thumbnailUrl":"https:\/\/aconteceunovale.com.br\/portal\/wp-content\/uploads\/2019\/11\/morales_mexico.jpg","keywords":["Alvaro Garc\u00eda Linera","Carlos Mesa","Cochabamba","Crise pol\u00edtica na Bol\u00edvia","Elei\u00e7\u00f5es na Bol\u00edvia","Elei\u00e7\u00f5es Presidenciais Bolivarianas","Evo Morales","Fo\u00e7as Armadas Bolivarianas","La Paz","M\u00e9xico concede asilo pol\u00edtico a Evo Morales","Morales renuncia ao cargo de presidente da Bol\u00edvia","presidente da Bol\u00edvia","Queda do presidente da Bol\u00edvia","V\u00edctor Borda","William Kaiman"],"articleSection":["Mundo"],"inLanguage":"pt-BR","potentialAction":[{"@type":"CommentAction","name":"Comment","target":["https:\/\/aconteceunovale.com.br\/portal\/?p=154623#respond"]}]},{"@type":"WebPage","@id":"https:\/\/aconteceunovale.com.br\/portal\/?p=154623","url":"https:\/\/aconteceunovale.com.br\/portal\/?p=154623","name":"Morales chega ao M\u00e9xico e diz que houve golpe de Estado na Bol\u00edvia - Aconteceu no Vale","isPartOf":{"@id":"https:\/\/aconteceunovale.com.br\/portal\/#website"},"primaryImageOfPage":{"@id":"https:\/\/aconteceunovale.com.br\/portal\/?p=154623#primaryimage"},"image":{"@id":"https:\/\/aconteceunovale.com.br\/portal\/?p=154623#primaryimage"},"thumbnailUrl":"https:\/\/aconteceunovale.com.br\/portal\/wp-content\/uploads\/2019\/11\/morales_mexico.jpg","datePublished":"2019-11-12T23:22:31+00:00","dateModified":"2019-11-12T23:22:55+00:00","author":{"@id":"https:\/\/aconteceunovale.com.br\/portal\/#\/schema\/person\/633529146f2c94272bef50ac2953d589"},"breadcrumb":{"@id":"https:\/\/aconteceunovale.com.br\/portal\/?p=154623#breadcrumb"},"inLanguage":"pt-BR","potentialAction":[{"@type":"ReadAction","target":["https:\/\/aconteceunovale.com.br\/portal\/?p=154623"]}]},{"@type":"ImageObject","inLanguage":"pt-BR","@id":"https:\/\/aconteceunovale.com.br\/portal\/?p=154623#primaryimage","url":"https:\/\/aconteceunovale.com.br\/portal\/wp-content\/uploads\/2019\/11\/morales_mexico.jpg","contentUrl":"https:\/\/aconteceunovale.com.br\/portal\/wp-content\/uploads\/2019\/11\/morales_mexico.jpg","width":754,"height":503},{"@type":"BreadcrumbList","@id":"https:\/\/aconteceunovale.com.br\/portal\/?p=154623#breadcrumb","itemListElement":[{"@type":"ListItem","position":1,"name":"In\u00edcio","item":"https:\/\/aconteceunovale.com.br\/portal\/"},{"@type":"ListItem","position":2,"name":"Morales chega ao M\u00e9xico e diz que houve golpe de Estado na Bol\u00edvia"}]},{"@type":"WebSite","@id":"https:\/\/aconteceunovale.com.br\/portal\/#website","url":"https:\/\/aconteceunovale.com.br\/portal\/","name":"Aconteceu no Vale","description":"Portal de Not\u00edcias","potentialAction":[{"@type":"SearchAction","target":{"@type":"EntryPoint","urlTemplate":"https:\/\/aconteceunovale.com.br\/portal\/?s={search_term_string}"},"query-input":{"@type":"PropertyValueSpecification","valueRequired":true,"valueName":"search_term_string"}}],"inLanguage":"pt-BR"},{"@type":"Person","@id":"https:\/\/aconteceunovale.com.br\/portal\/#\/schema\/person\/633529146f2c94272bef50ac2953d589","name":"Aconteceu no Vale","description":"Equipe de reportagem do Aconteceu no Vale, portal de not\u00edcias do Vale do Jequitinhonha, em Minas Gerais. Cobrimos as 51 cidades do Vale desde 2013. Sugest\u00f5es de pauta e pedidos de corre\u00e7\u00e3o: contato@aconteceunovale.com.br","sameAs":["http:\/\/www.aconteceunovale.com.br"],"url":"https:\/\/aconteceunovale.com.br\/portal\/?author=1"}]}},"_links":{"self":[{"href":"https:\/\/aconteceunovale.com.br\/portal\/index.php?rest_route=\/wp\/v2\/posts\/154623","targetHints":{"allow":["GET"]}}],"collection":[{"href":"https:\/\/aconteceunovale.com.br\/portal\/index.php?rest_route=\/wp\/v2\/posts"}],"about":[{"href":"https:\/\/aconteceunovale.com.br\/portal\/index.php?rest_route=\/wp\/v2\/types\/post"}],"author":[{"embeddable":true,"href":"https:\/\/aconteceunovale.com.br\/portal\/index.php?rest_route=\/wp\/v2\/users\/1"}],"replies":[{"embeddable":true,"href":"https:\/\/aconteceunovale.com.br\/portal\/index.php?rest_route=%2Fwp%2Fv2%2Fcomments&post=154623"}],"version-history":[{"count":1,"href":"https:\/\/aconteceunovale.com.br\/portal\/index.php?rest_route=\/wp\/v2\/posts\/154623\/revisions"}],"predecessor-version":[{"id":154625,"href":"https:\/\/aconteceunovale.com.br\/portal\/index.php?rest_route=\/wp\/v2\/posts\/154623\/revisions\/154625"}],"wp:featuredmedia":[{"embeddable":true,"href":"https:\/\/aconteceunovale.com.br\/portal\/index.php?rest_route=\/wp\/v2\/media\/154624"}],"wp:attachment":[{"href":"https:\/\/aconteceunovale.com.br\/portal\/index.php?rest_route=%2Fwp%2Fv2%2Fmedia&parent=154623"}],"wp:term":[{"taxonomy":"category","embeddable":true,"href":"https:\/\/aconteceunovale.com.br\/portal\/index.php?rest_route=%2Fwp%2Fv2%2Fcategories&post=154623"},{"taxonomy":"post_tag","embeddable":true,"href":"https:\/\/aconteceunovale.com.br\/portal\/index.php?rest_route=%2Fwp%2Fv2%2Ftags&post=154623"}],"curies":[{"name":"wp","href":"https:\/\/api.w.org\/{rel}","templated":true}]}}