{"id":154615,"date":"2019-11-12T20:05:53","date_gmt":"2019-11-12T23:05:53","guid":{"rendered":"http:\/\/aconteceunovale.com.br\/portal\/?p=154615"},"modified":"2019-11-12T20:06:34","modified_gmt":"2019-11-12T23:06:34","slug":"reforma-da-previdencia-e-promulgada-pelo-congresso","status":"publish","type":"post","link":"https:\/\/aconteceunovale.com.br\/portal\/?p=154615","title":{"rendered":"Reforma da Previd\u00eancia \u00e9 promulgada pelo Congresso"},"content":{"rendered":"\n<p class=\"wp-block-paragraph\">Quase nove meses depois de ser oficialmente proposta pelo governo, nesta ter\u00e7a-feira (12), deputados e senadores, em uma sess\u00e3o conjunta do Congresso Nacional, promulgaram a reforma da Previd\u00eancia.\u00a0O texto altera regras de aposentadorias e pens\u00f5es para mais de 72 milh\u00f5es de pessoas, entre trabalhadores do setor privado que est\u00e3o na ativa e servidores p\u00fablicos federais.<\/p>\n\n\n\n<p class=\"wp-block-paragraph\">Considerada um marco dos 300 dias do governo Bolsonaro, a solenidade presidida pelo presidente do Congresso, senador Davi Alcolumbre (DEM-AP) tamb\u00e9m foi acompanhada pelo presidente da C\u00e2mara, Rodrigo Maia (DEM-RJ). Alcolumbre minimizou a aus\u00eancia do presidente da Rep\u00fablica, Jair Bolsonaro e do ministro da Economia,Paulo Guedes na sess\u00e3o. \u201cEu acho que n\u00e3o \u00e9 sinal de nada. A gente \u00e1s vezes faz um cavalo de batalha por uma fotografia. As emendas constitucionais sempre foram promulgadas em sess\u00f5es solenes especiais do Parlamento brasileiro. Nessas sess\u00f5es muitas delas o presidente da Rep\u00fablica e ministros n\u00e3o vieram. N\u00e3o ser\u00e1 a presen\u00e7a do presidente da Rep\u00fablica ou do ministro que vai chancelar esse encontro, essa promulga\u00e7\u00e3o\u201d, avaliou Alcolumbre ao chegar ao Senado.<\/p>\n\n\n\n<p class=\"wp-block-paragraph\">O presidente do Senado destacou ainda a import\u00e2ncia do trabalho do Congresso na aprova\u00e7\u00e3o da reforma da Previd\u00eancia. \u201cPromulgaremos as mudan\u00e7as no sistema previdenci\u00e1rio brasileiro, o maior dos \u00faltimos 30 anos. Isso foi um esfor\u00e7o coletivo, de todos os parlamentares, da C\u00e2mara dos Deputados, dos senadores\u201d, disse. Ainda segundo ele, a ideia \u00e9 que hoje ainda a Casa vote o segundo turno da Pec Paralela \u00e0 reforma da Previd\u00eancia. Se aprovado, com o m\u00ednimo de 49 votos no plen\u00e1rio, o texto &#8211; que abre caminho para que estados e munic\u00edpios adotem as mesmas regras para seus servidores por meio de uma lei ordin\u00e1ria &#8211; seguir\u00e1 para an\u00e1lise dos deputados, onde ter\u00e1 que passar por uma Comiss\u00e3o Especial e por dois turnos de vota\u00e7\u00e3o.<\/p>\n\n\n\n<p class=\"wp-block-paragraph\">A proposta inicial do governo previa economia de R$ 1,2 trilh\u00e3o em 10 anos. Com as altera\u00e7\u00f5es feitas pelo Congresso, caiu para R$ 800 bilh\u00f5es no mesmo per\u00edodo. As regras da reforma entram em vigor imediatamente com a promulga\u00e7\u00e3o da emenda constitucional.<\/p>\n\n\n\n<figure><iframe loading=\"lazy\" width=\"560\" height=\"315\" src=\"https:\/\/www.youtube.com\/embed\/ZuS6OyYB42w\" allowfullscreen=\"\"><\/iframe><\/figure>\n\n\n\n<p class=\"has-text-color has-background has-very-light-gray-color has-very-dark-gray-background-color wp-block-paragraph\"><strong>VER PRIMEIRO: <\/strong>Receba as not\u00edcias do Aconteceu no Vale em primeira m\u00e3o. Clique em curtir no endere\u00e7o <a href=\"https:\/\/www.facebook.com\/aconteceunovale\" target=\"_blank\" rel=\"noreferrer noopener\">www.facebook.com\/aconteceunovale<\/a>.<\/p>\n","protected":false},"excerpt":{"rendered":"<p>Quase nove meses depois de ser oficialmente proposta pelo governo, nesta ter\u00e7a-feira (12), deputados e senadores, em uma sess\u00e3o conjunta do Congresso Nacional, promulgaram a reforma da Previd\u00eancia.\u00a0O texto altera regras de aposentadorias e pens\u00f5es para mais de 72 milh\u00f5es de pessoas, entre trabalhadores do setor privado que est\u00e3o na ativa e servidores p\u00fablicos federais. [&hellip;]<\/p>\n","protected":false},"author":1,"featured_media":154616,"comment_status":"open","ping_status":"closed","sticky":false,"template":"","format":"standard","meta":{"amp_status":"","footnotes":""},"categories":[6,40240],"tags":[193841,209767,59559,209765,209766,110209],"class_list":["post-154615","post","type-post","status-publish","format-standard","has-post-thumbnail","hentry","category-br","category-politica","tag-davi-alcolumbre","tag-pec-paralela","tag-previdencia","tag-promulgacao-da-reforma-da-previdencia","tag-promulgacao-da-reforma-da-previdencia-fica-para-a-proxima-semana","tag-reforma-da-previdencia"],"yoast_head":"<!-- This site is optimized with the Yoast SEO plugin v28.3 - https:\/\/yoast.com\/product\/yoast-seo-wordpress\/ -->\n<title>Reforma da Previd\u00eancia \u00e9 promulgada pelo Congresso - Aconteceu no Vale<\/title>\n<meta name=\"robots\" content=\"index, follow, max-snippet:-1, max-image-preview:large, max-video-preview:-1\" \/>\n<link rel=\"canonical\" href=\"https:\/\/aconteceunovale.com.br\/portal\/?p=154615\" \/>\n<meta property=\"og:locale\" content=\"pt_BR\" \/>\n<meta property=\"og:type\" content=\"article\" \/>\n<meta property=\"og:title\" content=\"Reforma da Previd\u00eancia \u00e9 promulgada pelo Congresso - Aconteceu no Vale\" \/>\n<meta property=\"og:description\" content=\"Quase nove meses depois de ser oficialmente proposta pelo governo, nesta ter\u00e7a-feira (12), deputados e senadores, em uma sess\u00e3o conjunta do Congresso Nacional, promulgaram a reforma da Previd\u00eancia.\u00a0O texto altera regras de aposentadorias e pens\u00f5es para mais de 72 milh\u00f5es de pessoas, entre trabalhadores do setor privado que est\u00e3o na ativa e servidores p\u00fablicos federais. [&hellip;]\" \/>\n<meta property=\"og:url\" content=\"https:\/\/aconteceunovale.com.br\/portal\/?p=154615\" \/>\n<meta property=\"og:site_name\" content=\"Aconteceu no Vale\" \/>\n<meta property=\"article:publisher\" content=\"https:\/\/www.facebook.com\/aconteceunovale\/\" \/>\n<meta property=\"article:published_time\" content=\"2019-11-12T23:05:53+00:00\" \/>\n<meta property=\"article:modified_time\" content=\"2019-11-12T23:06:34+00:00\" \/>\n<meta property=\"og:image\" content=\"https:\/\/aconteceunovale.com.br\/portal\/wp-content\/uploads\/2019\/11\/promulgacao_reforma.jpg\" \/>\n\t<meta property=\"og:image:width\" content=\"675\" \/>\n\t<meta property=\"og:image:height\" content=\"450\" \/>\n\t<meta property=\"og:image:type\" content=\"image\/jpeg\" \/>\n<meta name=\"author\" content=\"Aconteceu no Vale\" \/>\n<meta name=\"twitter:card\" content=\"summary_large_image\" \/>\n<meta name=\"twitter:creator\" content=\"@noticiadosvales\" \/>\n<meta name=\"twitter:site\" content=\"@noticiadosvales\" \/>\n<meta name=\"twitter:label1\" content=\"Escrito por\" \/>\n\t<meta name=\"twitter:data1\" content=\"Aconteceu no Vale\" \/>\n\t<meta name=\"twitter:label2\" content=\"Est. tempo de leitura\" \/>\n\t<meta name=\"twitter:data2\" content=\"2 minutos\" \/>\n<script type=\"application\/ld+json\" class=\"yoast-schema-graph\">{\"@context\":\"https:\\\/\\\/schema.org\",\"@graph\":[{\"@type\":\"Article\",\"@id\":\"https:\\\/\\\/aconteceunovale.com.br\\\/portal\\\/?p=154615#article\",\"isPartOf\":{\"@id\":\"https:\\\/\\\/aconteceunovale.com.br\\\/portal\\\/?p=154615\"},\"author\":{\"name\":\"Aconteceu no Vale\",\"@id\":\"https:\\\/\\\/aconteceunovale.com.br\\\/portal\\\/#\\\/schema\\\/person\\\/633529146f2c94272bef50ac2953d589\"},\"headline\":\"Reforma da Previd\u00eancia \u00e9 promulgada pelo Congresso\",\"datePublished\":\"2019-11-12T23:05:53+00:00\",\"dateModified\":\"2019-11-12T23:06:34+00:00\",\"mainEntityOfPage\":{\"@id\":\"https:\\\/\\\/aconteceunovale.com.br\\\/portal\\\/?p=154615\"},\"wordCount\":400,\"commentCount\":0,\"image\":{\"@id\":\"https:\\\/\\\/aconteceunovale.com.br\\\/portal\\\/?p=154615#primaryimage\"},\"thumbnailUrl\":\"https:\\\/\\\/aconteceunovale.com.br\\\/portal\\\/wp-content\\\/uploads\\\/2019\\\/11\\\/promulgacao_reforma.jpg\",\"keywords\":[\"Davi Alcolumbre\",\"PEC Paralela\",\"Previd\u00eancia\",\"Promulga\u00e7\u00e3o da reforma da Previd\u00eancia\",\"Promulga\u00e7\u00e3o da reforma da Previd\u00eancia fica para a pr\u00f3xima semana\",\"reforma da Previd\u00eancia\"],\"articleSection\":[\"Brasil\",\"Pol\u00edtica\"],\"inLanguage\":\"pt-BR\",\"potentialAction\":[{\"@type\":\"CommentAction\",\"name\":\"Comment\",\"target\":[\"https:\\\/\\\/aconteceunovale.com.br\\\/portal\\\/?p=154615#respond\"]}]},{\"@type\":\"WebPage\",\"@id\":\"https:\\\/\\\/aconteceunovale.com.br\\\/portal\\\/?p=154615\",\"url\":\"https:\\\/\\\/aconteceunovale.com.br\\\/portal\\\/?p=154615\",\"name\":\"Reforma da Previd\u00eancia \u00e9 promulgada pelo Congresso - Aconteceu no Vale\",\"isPartOf\":{\"@id\":\"https:\\\/\\\/aconteceunovale.com.br\\\/portal\\\/#website\"},\"primaryImageOfPage\":{\"@id\":\"https:\\\/\\\/aconteceunovale.com.br\\\/portal\\\/?p=154615#primaryimage\"},\"image\":{\"@id\":\"https:\\\/\\\/aconteceunovale.com.br\\\/portal\\\/?p=154615#primaryimage\"},\"thumbnailUrl\":\"https:\\\/\\\/aconteceunovale.com.br\\\/portal\\\/wp-content\\\/uploads\\\/2019\\\/11\\\/promulgacao_reforma.jpg\",\"datePublished\":\"2019-11-12T23:05:53+00:00\",\"dateModified\":\"2019-11-12T23:06:34+00:00\",\"author\":{\"@id\":\"https:\\\/\\\/aconteceunovale.com.br\\\/portal\\\/#\\\/schema\\\/person\\\/633529146f2c94272bef50ac2953d589\"},\"breadcrumb\":{\"@id\":\"https:\\\/\\\/aconteceunovale.com.br\\\/portal\\\/?p=154615#breadcrumb\"},\"inLanguage\":\"pt-BR\",\"potentialAction\":[{\"@type\":\"ReadAction\",\"target\":[\"https:\\\/\\\/aconteceunovale.com.br\\\/portal\\\/?p=154615\"]}]},{\"@type\":\"ImageObject\",\"inLanguage\":\"pt-BR\",\"@id\":\"https:\\\/\\\/aconteceunovale.com.br\\\/portal\\\/?p=154615#primaryimage\",\"url\":\"https:\\\/\\\/aconteceunovale.com.br\\\/portal\\\/wp-content\\\/uploads\\\/2019\\\/11\\\/promulgacao_reforma.jpg\",\"contentUrl\":\"https:\\\/\\\/aconteceunovale.com.br\\\/portal\\\/wp-content\\\/uploads\\\/2019\\\/11\\\/promulgacao_reforma.jpg\",\"width\":675,\"height\":450},{\"@type\":\"BreadcrumbList\",\"@id\":\"https:\\\/\\\/aconteceunovale.com.br\\\/portal\\\/?p=154615#breadcrumb\",\"itemListElement\":[{\"@type\":\"ListItem\",\"position\":1,\"name\":\"In\u00edcio\",\"item\":\"https:\\\/\\\/aconteceunovale.com.br\\\/portal\\\/\"},{\"@type\":\"ListItem\",\"position\":2,\"name\":\"Reforma da Previd\u00eancia \u00e9 promulgada pelo Congresso\"}]},{\"@type\":\"WebSite\",\"@id\":\"https:\\\/\\\/aconteceunovale.com.br\\\/portal\\\/#website\",\"url\":\"https:\\\/\\\/aconteceunovale.com.br\\\/portal\\\/\",\"name\":\"Aconteceu no Vale\",\"description\":\"Portal de Not\u00edcias\",\"potentialAction\":[{\"@type\":\"SearchAction\",\"target\":{\"@type\":\"EntryPoint\",\"urlTemplate\":\"https:\\\/\\\/aconteceunovale.com.br\\\/portal\\\/?s={search_term_string}\"},\"query-input\":{\"@type\":\"PropertyValueSpecification\",\"valueRequired\":true,\"valueName\":\"search_term_string\"}}],\"inLanguage\":\"pt-BR\"},{\"@type\":\"Person\",\"@id\":\"https:\\\/\\\/aconteceunovale.com.br\\\/portal\\\/#\\\/schema\\\/person\\\/633529146f2c94272bef50ac2953d589\",\"name\":\"Aconteceu no Vale\",\"description\":\"Equipe de reportagem do Aconteceu no Vale, portal de not\u00edcias do Vale do Jequitinhonha, em Minas Gerais. Cobrimos as 51 cidades do Vale desde 2013. Sugest\u00f5es de pauta e pedidos de corre\u00e7\u00e3o: contato@aconteceunovale.com.br\",\"sameAs\":[\"http:\\\/\\\/www.aconteceunovale.com.br\"],\"url\":\"https:\\\/\\\/aconteceunovale.com.br\\\/portal\\\/?author=1\"}]}<\/script>\n<!-- \/ Yoast SEO plugin. -->","yoast_head_json":{"title":"Reforma da Previd\u00eancia \u00e9 promulgada pelo Congresso - Aconteceu no Vale","robots":{"index":"index","follow":"follow","max-snippet":"max-snippet:-1","max-image-preview":"max-image-preview:large","max-video-preview":"max-video-preview:-1"},"canonical":"https:\/\/aconteceunovale.com.br\/portal\/?p=154615","og_locale":"pt_BR","og_type":"article","og_title":"Reforma da Previd\u00eancia \u00e9 promulgada pelo Congresso - Aconteceu no Vale","og_description":"Quase nove meses depois de ser oficialmente proposta pelo governo, nesta ter\u00e7a-feira (12), deputados e senadores, em uma sess\u00e3o conjunta do Congresso Nacional, promulgaram a reforma da Previd\u00eancia.\u00a0O texto altera regras de aposentadorias e pens\u00f5es para mais de 72 milh\u00f5es de pessoas, entre trabalhadores do setor privado que est\u00e3o na ativa e servidores p\u00fablicos federais. [&hellip;]","og_url":"https:\/\/aconteceunovale.com.br\/portal\/?p=154615","og_site_name":"Aconteceu no Vale","article_publisher":"https:\/\/www.facebook.com\/aconteceunovale\/","article_published_time":"2019-11-12T23:05:53+00:00","article_modified_time":"2019-11-12T23:06:34+00:00","og_image":[{"width":675,"height":450,"url":"https:\/\/aconteceunovale.com.br\/portal\/wp-content\/uploads\/2019\/11\/promulgacao_reforma.jpg","type":"image\/jpeg"}],"author":"Aconteceu no Vale","twitter_card":"summary_large_image","twitter_creator":"@noticiadosvales","twitter_site":"@noticiadosvales","twitter_misc":{"Escrito por":"Aconteceu no Vale","Est. tempo de leitura":"2 minutos"},"schema":{"@context":"https:\/\/schema.org","@graph":[{"@type":"Article","@id":"https:\/\/aconteceunovale.com.br\/portal\/?p=154615#article","isPartOf":{"@id":"https:\/\/aconteceunovale.com.br\/portal\/?p=154615"},"author":{"name":"Aconteceu no Vale","@id":"https:\/\/aconteceunovale.com.br\/portal\/#\/schema\/person\/633529146f2c94272bef50ac2953d589"},"headline":"Reforma da Previd\u00eancia \u00e9 promulgada pelo Congresso","datePublished":"2019-11-12T23:05:53+00:00","dateModified":"2019-11-12T23:06:34+00:00","mainEntityOfPage":{"@id":"https:\/\/aconteceunovale.com.br\/portal\/?p=154615"},"wordCount":400,"commentCount":0,"image":{"@id":"https:\/\/aconteceunovale.com.br\/portal\/?p=154615#primaryimage"},"thumbnailUrl":"https:\/\/aconteceunovale.com.br\/portal\/wp-content\/uploads\/2019\/11\/promulgacao_reforma.jpg","keywords":["Davi Alcolumbre","PEC Paralela","Previd\u00eancia","Promulga\u00e7\u00e3o da reforma da Previd\u00eancia","Promulga\u00e7\u00e3o da reforma da Previd\u00eancia fica para a pr\u00f3xima semana","reforma da Previd\u00eancia"],"articleSection":["Brasil","Pol\u00edtica"],"inLanguage":"pt-BR","potentialAction":[{"@type":"CommentAction","name":"Comment","target":["https:\/\/aconteceunovale.com.br\/portal\/?p=154615#respond"]}]},{"@type":"WebPage","@id":"https:\/\/aconteceunovale.com.br\/portal\/?p=154615","url":"https:\/\/aconteceunovale.com.br\/portal\/?p=154615","name":"Reforma da Previd\u00eancia \u00e9 promulgada pelo Congresso - Aconteceu no Vale","isPartOf":{"@id":"https:\/\/aconteceunovale.com.br\/portal\/#website"},"primaryImageOfPage":{"@id":"https:\/\/aconteceunovale.com.br\/portal\/?p=154615#primaryimage"},"image":{"@id":"https:\/\/aconteceunovale.com.br\/portal\/?p=154615#primaryimage"},"thumbnailUrl":"https:\/\/aconteceunovale.com.br\/portal\/wp-content\/uploads\/2019\/11\/promulgacao_reforma.jpg","datePublished":"2019-11-12T23:05:53+00:00","dateModified":"2019-11-12T23:06:34+00:00","author":{"@id":"https:\/\/aconteceunovale.com.br\/portal\/#\/schema\/person\/633529146f2c94272bef50ac2953d589"},"breadcrumb":{"@id":"https:\/\/aconteceunovale.com.br\/portal\/?p=154615#breadcrumb"},"inLanguage":"pt-BR","potentialAction":[{"@type":"ReadAction","target":["https:\/\/aconteceunovale.com.br\/portal\/?p=154615"]}]},{"@type":"ImageObject","inLanguage":"pt-BR","@id":"https:\/\/aconteceunovale.com.br\/portal\/?p=154615#primaryimage","url":"https:\/\/aconteceunovale.com.br\/portal\/wp-content\/uploads\/2019\/11\/promulgacao_reforma.jpg","contentUrl":"https:\/\/aconteceunovale.com.br\/portal\/wp-content\/uploads\/2019\/11\/promulgacao_reforma.jpg","width":675,"height":450},{"@type":"BreadcrumbList","@id":"https:\/\/aconteceunovale.com.br\/portal\/?p=154615#breadcrumb","itemListElement":[{"@type":"ListItem","position":1,"name":"In\u00edcio","item":"https:\/\/aconteceunovale.com.br\/portal\/"},{"@type":"ListItem","position":2,"name":"Reforma da Previd\u00eancia \u00e9 promulgada pelo Congresso"}]},{"@type":"WebSite","@id":"https:\/\/aconteceunovale.com.br\/portal\/#website","url":"https:\/\/aconteceunovale.com.br\/portal\/","name":"Aconteceu no Vale","description":"Portal de Not\u00edcias","potentialAction":[{"@type":"SearchAction","target":{"@type":"EntryPoint","urlTemplate":"https:\/\/aconteceunovale.com.br\/portal\/?s={search_term_string}"},"query-input":{"@type":"PropertyValueSpecification","valueRequired":true,"valueName":"search_term_string"}}],"inLanguage":"pt-BR"},{"@type":"Person","@id":"https:\/\/aconteceunovale.com.br\/portal\/#\/schema\/person\/633529146f2c94272bef50ac2953d589","name":"Aconteceu no Vale","description":"Equipe de reportagem do Aconteceu no Vale, portal de not\u00edcias do Vale do Jequitinhonha, em Minas Gerais. Cobrimos as 51 cidades do Vale desde 2013. Sugest\u00f5es de pauta e pedidos de corre\u00e7\u00e3o: contato@aconteceunovale.com.br","sameAs":["http:\/\/www.aconteceunovale.com.br"],"url":"https:\/\/aconteceunovale.com.br\/portal\/?author=1"}]}},"_links":{"self":[{"href":"https:\/\/aconteceunovale.com.br\/portal\/index.php?rest_route=\/wp\/v2\/posts\/154615","targetHints":{"allow":["GET"]}}],"collection":[{"href":"https:\/\/aconteceunovale.com.br\/portal\/index.php?rest_route=\/wp\/v2\/posts"}],"about":[{"href":"https:\/\/aconteceunovale.com.br\/portal\/index.php?rest_route=\/wp\/v2\/types\/post"}],"author":[{"embeddable":true,"href":"https:\/\/aconteceunovale.com.br\/portal\/index.php?rest_route=\/wp\/v2\/users\/1"}],"replies":[{"embeddable":true,"href":"https:\/\/aconteceunovale.com.br\/portal\/index.php?rest_route=%2Fwp%2Fv2%2Fcomments&post=154615"}],"version-history":[{"count":1,"href":"https:\/\/aconteceunovale.com.br\/portal\/index.php?rest_route=\/wp\/v2\/posts\/154615\/revisions"}],"predecessor-version":[{"id":154617,"href":"https:\/\/aconteceunovale.com.br\/portal\/index.php?rest_route=\/wp\/v2\/posts\/154615\/revisions\/154617"}],"wp:featuredmedia":[{"embeddable":true,"href":"https:\/\/aconteceunovale.com.br\/portal\/index.php?rest_route=\/wp\/v2\/media\/154616"}],"wp:attachment":[{"href":"https:\/\/aconteceunovale.com.br\/portal\/index.php?rest_route=%2Fwp%2Fv2%2Fmedia&parent=154615"}],"wp:term":[{"taxonomy":"category","embeddable":true,"href":"https:\/\/aconteceunovale.com.br\/portal\/index.php?rest_route=%2Fwp%2Fv2%2Fcategories&post=154615"},{"taxonomy":"post_tag","embeddable":true,"href":"https:\/\/aconteceunovale.com.br\/portal\/index.php?rest_route=%2Fwp%2Fv2%2Ftags&post=154615"}],"curies":[{"name":"wp","href":"https:\/\/api.w.org\/{rel}","templated":true}]}}