{"id":154611,"date":"2019-11-12T19:52:10","date_gmt":"2019-11-12T22:52:10","guid":{"rendered":"http:\/\/aconteceunovale.com.br\/portal\/?p=154611"},"modified":"2019-11-13T10:03:16","modified_gmt":"2019-11-13T13:03:16","slug":"senac-anuncia-tres-vagas-de-emprego-em-governador-valadares","status":"publish","type":"post","link":"https:\/\/aconteceunovale.com.br\/portal\/?p=154611","title":{"rendered":"Senac anuncia tr\u00eas vagas de emprego em Governador Valadares"},"content":{"rendered":"\n<p class=\"wp-block-paragraph\">O Servi\u00e7o Nacional de Aprendizagem Comercial (SENAC) em\nGovernador Valadares anunciou nesta ter\u00e7a-feira (12\/11\/2019) mais tr\u00eas\noportunidades de emprego na cidade. As vagas s\u00e3o para:<\/p>\n\n\n\n<h3 class=\"wp-block-heading\"><strong>Consultor de Relacionamento<\/strong><\/h3>\n\n\n\n<ul class=\"wp-block-list\"><li>Atividades: relacionar junto ao mercado, estreitar relacionamento com empresas, prospectar de novos clientes e reten\u00e7\u00e3o dos atuais<\/li><li>Forma\u00e7\u00e3o em \u00e1reas afins<\/li><li>CNH B<\/li><li>Inscri\u00e7\u00f5es at\u00e9 o dia 17 novembro pelo site <a href=\"https:\/\/trabalheconosco.mg.senac.br\/RM\/Rhu-BancoTalentos\/#\/RM\/Rhu-BancoTalentos\/painelVagas\/lista\" target=\"_blank\" rel=\"noreferrer noopener\" aria-label=\"trabalheconosco.mg.senac.br (abre numa nova aba)\">trabalheconosco.mg.senac.br<\/a><\/li><\/ul>\n\n\n\n<h3 class=\"wp-block-heading\"><strong>Auxiliar Administrativo \u2013 Exclusivo PCD<\/strong><\/h3>\n\n\n\n<ul class=\"wp-block-list\"><li>Setor: Secret\u00e1ria Escolar<\/li><li>Atividades: executar diversas atividades administrativas e atuar no atendimento a clientes internos e externos<\/li><li>Ensino m\u00e9dio completo<\/li><li>Pacote Office; Disponibilidade de hor\u00e1rio<\/li><li>Inscri\u00e7\u00f5es at\u00e9 o dia 17 novembro pelo site <a href=\"https:\/\/trabalheconosco.mg.senac.br\/RM\/Rhu-BancoTalentos\/#\/RM\/Rhu-BancoTalentos\/painelVagas\/lista\" target=\"_blank\" rel=\"noreferrer noopener\" aria-label=\"trabalheconosco.mg.senac.br (abre numa nova aba)\">trabalheconosco.mg.senac.br<\/a><\/li><\/ul>\n\n\n\n<h3 class=\"wp-block-heading\"><strong>Oficial de Manuten\u00e7\u00e3o e Reparos<\/strong><\/h3>\n\n\n\n<ul class=\"wp-block-list\"><li>Atividades: responsabilizar-se pela execu\u00e7\u00e3o e manuten\u00e7\u00e3o preventiva e corretiva das diversas \u00e1reas: el\u00e9trica, hidr\u00e1ulica e civil das unidades do Senac em Minas<\/li><li>Ensino M\u00e9dio<\/li><li>Experi\u00eancia comprovada em CTPS nas \u00e1reas relacionadas, principalmente em el\u00e9trica<\/li><li>Inscri\u00e7\u00f5es at\u00e9 o dia 17 novembro pelo site <a rel=\"noreferrer noopener\" aria-label=\"trabalheconosco.mg.senac.br (abre numa nova aba)\" href=\"https:\/\/trabalheconosco.mg.senac.br\/RM\/Rhu-BancoTalentos\/#\/RM\/Rhu-BancoTalentos\/painelVagas\/detalhesVaga\/questionarios?codColigada=1&amp;codSelecao=0000000018&amp;codVaga=1\" target=\"_blank\">trabalheconosco.mg.senac.br<\/a><\/li><\/ul>\n\n\n\n<p class=\"has-text-color has-background has-very-light-gray-color has-very-dark-gray-background-color wp-block-paragraph\"><strong>VER PRIMEIRO: <\/strong>Receba as not\u00edcias do Aconteceu no Vale em primeira m\u00e3o. Clique em curtir no endere\u00e7o <a href=\"https:\/\/www.facebook.com\/aconteceunovale\" target=\"_blank\" rel=\"noreferrer noopener\">www.facebook.com\/aconteceunovale<\/a>.<\/p>\n","protected":false},"excerpt":{"rendered":"<p>O Servi\u00e7o Nacional de Aprendizagem Comercial (SENAC) em Governador Valadares anunciou nesta ter\u00e7a-feira (12\/11\/2019) mais tr\u00eas oportunidades de emprego na cidade. As vagas s\u00e3o para: Consultor de Relacionamento Atividades: relacionar junto ao mercado, estreitar relacionamento com empresas, prospectar de novos clientes e reten\u00e7\u00e3o dos atuais Forma\u00e7\u00e3o em \u00e1reas afins CNH B Inscri\u00e7\u00f5es at\u00e9 o dia [&hellip;]<\/p>\n","protected":false},"author":1,"featured_media":154612,"comment_status":"open","ping_status":"closed","sticky":false,"template":"","format":"standard","meta":{"amp_status":"","footnotes":""},"categories":[155260,40236,121],"tags":[19270,210096,247,124388,210098,210094,210095,124389,19269,210097],"class_list":["post-154611","post","type-post","status-publish","format-standard","has-post-thumbnail","hentry","category-editais","category-empregos-2","category-leste","tag-emprego-em-governador-valadares","tag-emprego-no-senac-de-governador-valadares","tag-governador-valadares","tag-oportunidade-de-emprego-em-governador-valadares","tag-senac-anuncia-tres-vagas-de-emprego-em-governador-valadares","tag-senac-de-governador-valadares","tag-senac-de-governador-valadares-anuncia-duas-vagas-de-emprego","tag-vaga-de-trabalho-em-governador-valadares","tag-vagas-de-emprego-em-governador-valadares","tag-vagas-no-senac-de-governador-valadares"],"yoast_head":"<!-- This site is optimized with the Yoast SEO plugin v28.3 - https:\/\/yoast.com\/product\/yoast-seo-wordpress\/ -->\n<title>Senac anuncia tr\u00eas vagas de emprego em Governador Valadares - Aconteceu no Vale<\/title>\n<meta name=\"robots\" content=\"index, follow, max-snippet:-1, max-image-preview:large, max-video-preview:-1\" \/>\n<link rel=\"canonical\" href=\"https:\/\/aconteceunovale.com.br\/portal\/?p=154611\" \/>\n<meta property=\"og:locale\" content=\"pt_BR\" \/>\n<meta property=\"og:type\" content=\"article\" \/>\n<meta property=\"og:title\" content=\"Senac anuncia tr\u00eas vagas de emprego em Governador Valadares - Aconteceu no Vale\" \/>\n<meta property=\"og:description\" content=\"O Servi\u00e7o Nacional de Aprendizagem Comercial (SENAC) em Governador Valadares anunciou nesta ter\u00e7a-feira (12\/11\/2019) mais tr\u00eas oportunidades de emprego na cidade. As vagas s\u00e3o para: Consultor de Relacionamento Atividades: relacionar junto ao mercado, estreitar relacionamento com empresas, prospectar de novos clientes e reten\u00e7\u00e3o dos atuais Forma\u00e7\u00e3o em \u00e1reas afins CNH B Inscri\u00e7\u00f5es at\u00e9 o dia [&hellip;]\" \/>\n<meta property=\"og:url\" content=\"https:\/\/aconteceunovale.com.br\/portal\/?p=154611\" \/>\n<meta property=\"og:site_name\" content=\"Aconteceu no Vale\" \/>\n<meta property=\"article:publisher\" content=\"https:\/\/www.facebook.com\/aconteceunovale\/\" \/>\n<meta property=\"article:published_time\" content=\"2019-11-12T22:52:10+00:00\" \/>\n<meta property=\"article:modified_time\" content=\"2019-11-13T13:03:16+00:00\" \/>\n<meta property=\"og:image\" content=\"https:\/\/aconteceunovale.com.br\/portal\/wp-content\/uploads\/2019\/11\/senac_gv.jpg\" \/>\n\t<meta property=\"og:image:width\" content=\"678\" \/>\n\t<meta property=\"og:image:height\" content=\"450\" \/>\n\t<meta property=\"og:image:type\" content=\"image\/jpeg\" \/>\n<meta name=\"author\" content=\"Aconteceu no Vale\" \/>\n<meta name=\"twitter:card\" content=\"summary_large_image\" \/>\n<meta name=\"twitter:creator\" content=\"@noticiadosvales\" \/>\n<meta name=\"twitter:site\" content=\"@noticiadosvales\" \/>\n<meta name=\"twitter:label1\" content=\"Escrito por\" \/>\n\t<meta name=\"twitter:data1\" content=\"Aconteceu no Vale\" \/>\n\t<meta name=\"twitter:label2\" content=\"Est. tempo de leitura\" \/>\n\t<meta name=\"twitter:data2\" content=\"1 minuto\" \/>\n<script type=\"application\/ld+json\" class=\"yoast-schema-graph\">{\"@context\":\"https:\\\/\\\/schema.org\",\"@graph\":[{\"@type\":\"Article\",\"@id\":\"https:\\\/\\\/aconteceunovale.com.br\\\/portal\\\/?p=154611#article\",\"isPartOf\":{\"@id\":\"https:\\\/\\\/aconteceunovale.com.br\\\/portal\\\/?p=154611\"},\"author\":{\"name\":\"Aconteceu no Vale\",\"@id\":\"https:\\\/\\\/aconteceunovale.com.br\\\/portal\\\/#\\\/schema\\\/person\\\/633529146f2c94272bef50ac2953d589\"},\"headline\":\"Senac anuncia tr\u00eas vagas de emprego em Governador Valadares\",\"datePublished\":\"2019-11-12T22:52:10+00:00\",\"dateModified\":\"2019-11-13T13:03:16+00:00\",\"mainEntityOfPage\":{\"@id\":\"https:\\\/\\\/aconteceunovale.com.br\\\/portal\\\/?p=154611\"},\"wordCount\":205,\"commentCount\":0,\"image\":{\"@id\":\"https:\\\/\\\/aconteceunovale.com.br\\\/portal\\\/?p=154611#primaryimage\"},\"thumbnailUrl\":\"https:\\\/\\\/aconteceunovale.com.br\\\/portal\\\/wp-content\\\/uploads\\\/2019\\\/11\\\/senac_gv.jpg\",\"keywords\":[\"emprego em Governador Valadares\",\"Emprego no Senac de Governador Valadares\",\"Governador Valadares\",\"Oportunidade de emprego em Governador Valadares\",\"Senac anuncia tr\u00eas vagas de emprego em Governador Valadares\",\"Senac de Governador Valadares\",\"Senac de Governador Valadares anuncia duas vagas de emprego\",\"Vaga de trabalho em Governador Valadares\",\"vagas de emprego em Governador Valadares\",\"Vagas no Senac de Governador Valadares\"],\"articleSection\":[\"Editais\",\"Empregos\",\"Leste de Minas\"],\"inLanguage\":\"pt-BR\",\"potentialAction\":[{\"@type\":\"CommentAction\",\"name\":\"Comment\",\"target\":[\"https:\\\/\\\/aconteceunovale.com.br\\\/portal\\\/?p=154611#respond\"]}]},{\"@type\":\"WebPage\",\"@id\":\"https:\\\/\\\/aconteceunovale.com.br\\\/portal\\\/?p=154611\",\"url\":\"https:\\\/\\\/aconteceunovale.com.br\\\/portal\\\/?p=154611\",\"name\":\"Senac anuncia tr\u00eas vagas de emprego em Governador Valadares - Aconteceu no Vale\",\"isPartOf\":{\"@id\":\"https:\\\/\\\/aconteceunovale.com.br\\\/portal\\\/#website\"},\"primaryImageOfPage\":{\"@id\":\"https:\\\/\\\/aconteceunovale.com.br\\\/portal\\\/?p=154611#primaryimage\"},\"image\":{\"@id\":\"https:\\\/\\\/aconteceunovale.com.br\\\/portal\\\/?p=154611#primaryimage\"},\"thumbnailUrl\":\"https:\\\/\\\/aconteceunovale.com.br\\\/portal\\\/wp-content\\\/uploads\\\/2019\\\/11\\\/senac_gv.jpg\",\"datePublished\":\"2019-11-12T22:52:10+00:00\",\"dateModified\":\"2019-11-13T13:03:16+00:00\",\"author\":{\"@id\":\"https:\\\/\\\/aconteceunovale.com.br\\\/portal\\\/#\\\/schema\\\/person\\\/633529146f2c94272bef50ac2953d589\"},\"breadcrumb\":{\"@id\":\"https:\\\/\\\/aconteceunovale.com.br\\\/portal\\\/?p=154611#breadcrumb\"},\"inLanguage\":\"pt-BR\",\"potentialAction\":[{\"@type\":\"ReadAction\",\"target\":[\"https:\\\/\\\/aconteceunovale.com.br\\\/portal\\\/?p=154611\"]}]},{\"@type\":\"ImageObject\",\"inLanguage\":\"pt-BR\",\"@id\":\"https:\\\/\\\/aconteceunovale.com.br\\\/portal\\\/?p=154611#primaryimage\",\"url\":\"https:\\\/\\\/aconteceunovale.com.br\\\/portal\\\/wp-content\\\/uploads\\\/2019\\\/11\\\/senac_gv.jpg\",\"contentUrl\":\"https:\\\/\\\/aconteceunovale.com.br\\\/portal\\\/wp-content\\\/uploads\\\/2019\\\/11\\\/senac_gv.jpg\",\"width\":678,\"height\":450},{\"@type\":\"BreadcrumbList\",\"@id\":\"https:\\\/\\\/aconteceunovale.com.br\\\/portal\\\/?p=154611#breadcrumb\",\"itemListElement\":[{\"@type\":\"ListItem\",\"position\":1,\"name\":\"In\u00edcio\",\"item\":\"https:\\\/\\\/aconteceunovale.com.br\\\/portal\\\/\"},{\"@type\":\"ListItem\",\"position\":2,\"name\":\"Senac anuncia tr\u00eas vagas de emprego em Governador Valadares\"}]},{\"@type\":\"WebSite\",\"@id\":\"https:\\\/\\\/aconteceunovale.com.br\\\/portal\\\/#website\",\"url\":\"https:\\\/\\\/aconteceunovale.com.br\\\/portal\\\/\",\"name\":\"Aconteceu no Vale\",\"description\":\"Portal de Not\u00edcias\",\"potentialAction\":[{\"@type\":\"SearchAction\",\"target\":{\"@type\":\"EntryPoint\",\"urlTemplate\":\"https:\\\/\\\/aconteceunovale.com.br\\\/portal\\\/?s={search_term_string}\"},\"query-input\":{\"@type\":\"PropertyValueSpecification\",\"valueRequired\":true,\"valueName\":\"search_term_string\"}}],\"inLanguage\":\"pt-BR\"},{\"@type\":\"Person\",\"@id\":\"https:\\\/\\\/aconteceunovale.com.br\\\/portal\\\/#\\\/schema\\\/person\\\/633529146f2c94272bef50ac2953d589\",\"name\":\"Aconteceu no Vale\",\"description\":\"Equipe de reportagem do Aconteceu no Vale, portal de not\u00edcias do Vale do Jequitinhonha, em Minas Gerais. Cobrimos as 51 cidades do Vale desde 2013. Sugest\u00f5es de pauta e pedidos de corre\u00e7\u00e3o: contato@aconteceunovale.com.br\",\"sameAs\":[\"http:\\\/\\\/www.aconteceunovale.com.br\"],\"url\":\"https:\\\/\\\/aconteceunovale.com.br\\\/portal\\\/?author=1\"}]}<\/script>\n<!-- \/ Yoast SEO plugin. -->","yoast_head_json":{"title":"Senac anuncia tr\u00eas vagas de emprego em Governador Valadares - Aconteceu no Vale","robots":{"index":"index","follow":"follow","max-snippet":"max-snippet:-1","max-image-preview":"max-image-preview:large","max-video-preview":"max-video-preview:-1"},"canonical":"https:\/\/aconteceunovale.com.br\/portal\/?p=154611","og_locale":"pt_BR","og_type":"article","og_title":"Senac anuncia tr\u00eas vagas de emprego em Governador Valadares - Aconteceu no Vale","og_description":"O Servi\u00e7o Nacional de Aprendizagem Comercial (SENAC) em Governador Valadares anunciou nesta ter\u00e7a-feira (12\/11\/2019) mais tr\u00eas oportunidades de emprego na cidade. As vagas s\u00e3o para: Consultor de Relacionamento Atividades: relacionar junto ao mercado, estreitar relacionamento com empresas, prospectar de novos clientes e reten\u00e7\u00e3o dos atuais Forma\u00e7\u00e3o em \u00e1reas afins CNH B Inscri\u00e7\u00f5es at\u00e9 o dia [&hellip;]","og_url":"https:\/\/aconteceunovale.com.br\/portal\/?p=154611","og_site_name":"Aconteceu no Vale","article_publisher":"https:\/\/www.facebook.com\/aconteceunovale\/","article_published_time":"2019-11-12T22:52:10+00:00","article_modified_time":"2019-11-13T13:03:16+00:00","og_image":[{"width":678,"height":450,"url":"https:\/\/aconteceunovale.com.br\/portal\/wp-content\/uploads\/2019\/11\/senac_gv.jpg","type":"image\/jpeg"}],"author":"Aconteceu no Vale","twitter_card":"summary_large_image","twitter_creator":"@noticiadosvales","twitter_site":"@noticiadosvales","twitter_misc":{"Escrito por":"Aconteceu no Vale","Est. tempo de leitura":"1 minuto"},"schema":{"@context":"https:\/\/schema.org","@graph":[{"@type":"Article","@id":"https:\/\/aconteceunovale.com.br\/portal\/?p=154611#article","isPartOf":{"@id":"https:\/\/aconteceunovale.com.br\/portal\/?p=154611"},"author":{"name":"Aconteceu no Vale","@id":"https:\/\/aconteceunovale.com.br\/portal\/#\/schema\/person\/633529146f2c94272bef50ac2953d589"},"headline":"Senac anuncia tr\u00eas vagas de emprego em Governador Valadares","datePublished":"2019-11-12T22:52:10+00:00","dateModified":"2019-11-13T13:03:16+00:00","mainEntityOfPage":{"@id":"https:\/\/aconteceunovale.com.br\/portal\/?p=154611"},"wordCount":205,"commentCount":0,"image":{"@id":"https:\/\/aconteceunovale.com.br\/portal\/?p=154611#primaryimage"},"thumbnailUrl":"https:\/\/aconteceunovale.com.br\/portal\/wp-content\/uploads\/2019\/11\/senac_gv.jpg","keywords":["emprego em Governador Valadares","Emprego no Senac de Governador Valadares","Governador Valadares","Oportunidade de emprego em Governador Valadares","Senac anuncia tr\u00eas vagas de emprego em Governador Valadares","Senac de Governador Valadares","Senac de Governador Valadares anuncia duas vagas de emprego","Vaga de trabalho em Governador Valadares","vagas de emprego em Governador Valadares","Vagas no Senac de Governador Valadares"],"articleSection":["Editais","Empregos","Leste de Minas"],"inLanguage":"pt-BR","potentialAction":[{"@type":"CommentAction","name":"Comment","target":["https:\/\/aconteceunovale.com.br\/portal\/?p=154611#respond"]}]},{"@type":"WebPage","@id":"https:\/\/aconteceunovale.com.br\/portal\/?p=154611","url":"https:\/\/aconteceunovale.com.br\/portal\/?p=154611","name":"Senac anuncia tr\u00eas vagas de emprego em Governador Valadares - Aconteceu no Vale","isPartOf":{"@id":"https:\/\/aconteceunovale.com.br\/portal\/#website"},"primaryImageOfPage":{"@id":"https:\/\/aconteceunovale.com.br\/portal\/?p=154611#primaryimage"},"image":{"@id":"https:\/\/aconteceunovale.com.br\/portal\/?p=154611#primaryimage"},"thumbnailUrl":"https:\/\/aconteceunovale.com.br\/portal\/wp-content\/uploads\/2019\/11\/senac_gv.jpg","datePublished":"2019-11-12T22:52:10+00:00","dateModified":"2019-11-13T13:03:16+00:00","author":{"@id":"https:\/\/aconteceunovale.com.br\/portal\/#\/schema\/person\/633529146f2c94272bef50ac2953d589"},"breadcrumb":{"@id":"https:\/\/aconteceunovale.com.br\/portal\/?p=154611#breadcrumb"},"inLanguage":"pt-BR","potentialAction":[{"@type":"ReadAction","target":["https:\/\/aconteceunovale.com.br\/portal\/?p=154611"]}]},{"@type":"ImageObject","inLanguage":"pt-BR","@id":"https:\/\/aconteceunovale.com.br\/portal\/?p=154611#primaryimage","url":"https:\/\/aconteceunovale.com.br\/portal\/wp-content\/uploads\/2019\/11\/senac_gv.jpg","contentUrl":"https:\/\/aconteceunovale.com.br\/portal\/wp-content\/uploads\/2019\/11\/senac_gv.jpg","width":678,"height":450},{"@type":"BreadcrumbList","@id":"https:\/\/aconteceunovale.com.br\/portal\/?p=154611#breadcrumb","itemListElement":[{"@type":"ListItem","position":1,"name":"In\u00edcio","item":"https:\/\/aconteceunovale.com.br\/portal\/"},{"@type":"ListItem","position":2,"name":"Senac anuncia tr\u00eas vagas de emprego em Governador Valadares"}]},{"@type":"WebSite","@id":"https:\/\/aconteceunovale.com.br\/portal\/#website","url":"https:\/\/aconteceunovale.com.br\/portal\/","name":"Aconteceu no Vale","description":"Portal de Not\u00edcias","potentialAction":[{"@type":"SearchAction","target":{"@type":"EntryPoint","urlTemplate":"https:\/\/aconteceunovale.com.br\/portal\/?s={search_term_string}"},"query-input":{"@type":"PropertyValueSpecification","valueRequired":true,"valueName":"search_term_string"}}],"inLanguage":"pt-BR"},{"@type":"Person","@id":"https:\/\/aconteceunovale.com.br\/portal\/#\/schema\/person\/633529146f2c94272bef50ac2953d589","name":"Aconteceu no Vale","description":"Equipe de reportagem do Aconteceu no Vale, portal de not\u00edcias do Vale do Jequitinhonha, em Minas Gerais. Cobrimos as 51 cidades do Vale desde 2013. Sugest\u00f5es de pauta e pedidos de corre\u00e7\u00e3o: contato@aconteceunovale.com.br","sameAs":["http:\/\/www.aconteceunovale.com.br"],"url":"https:\/\/aconteceunovale.com.br\/portal\/?author=1"}]}},"_links":{"self":[{"href":"https:\/\/aconteceunovale.com.br\/portal\/index.php?rest_route=\/wp\/v2\/posts\/154611","targetHints":{"allow":["GET"]}}],"collection":[{"href":"https:\/\/aconteceunovale.com.br\/portal\/index.php?rest_route=\/wp\/v2\/posts"}],"about":[{"href":"https:\/\/aconteceunovale.com.br\/portal\/index.php?rest_route=\/wp\/v2\/types\/post"}],"author":[{"embeddable":true,"href":"https:\/\/aconteceunovale.com.br\/portal\/index.php?rest_route=\/wp\/v2\/users\/1"}],"replies":[{"embeddable":true,"href":"https:\/\/aconteceunovale.com.br\/portal\/index.php?rest_route=%2Fwp%2Fv2%2Fcomments&post=154611"}],"version-history":[{"count":1,"href":"https:\/\/aconteceunovale.com.br\/portal\/index.php?rest_route=\/wp\/v2\/posts\/154611\/revisions"}],"predecessor-version":[{"id":154613,"href":"https:\/\/aconteceunovale.com.br\/portal\/index.php?rest_route=\/wp\/v2\/posts\/154611\/revisions\/154613"}],"wp:featuredmedia":[{"embeddable":true,"href":"https:\/\/aconteceunovale.com.br\/portal\/index.php?rest_route=\/wp\/v2\/media\/154612"}],"wp:attachment":[{"href":"https:\/\/aconteceunovale.com.br\/portal\/index.php?rest_route=%2Fwp%2Fv2%2Fmedia&parent=154611"}],"wp:term":[{"taxonomy":"category","embeddable":true,"href":"https:\/\/aconteceunovale.com.br\/portal\/index.php?rest_route=%2Fwp%2Fv2%2Fcategories&post=154611"},{"taxonomy":"post_tag","embeddable":true,"href":"https:\/\/aconteceunovale.com.br\/portal\/index.php?rest_route=%2Fwp%2Fv2%2Ftags&post=154611"}],"curies":[{"name":"wp","href":"https:\/\/api.w.org\/{rel}","templated":true}]}}