{"id":154604,"date":"2019-11-12T19:00:19","date_gmt":"2019-11-12T22:00:19","guid":{"rendered":"http:\/\/aconteceunovale.com.br\/portal\/?p=154604"},"modified":"2019-11-12T19:01:44","modified_gmt":"2019-11-12T22:01:44","slug":"deputado-hercilio-coelho-diniz-avalia-mp-do-contribuinte-legal-como-alicerce-para-reforma-tributaria","status":"publish","type":"post","link":"https:\/\/aconteceunovale.com.br\/portal\/?p=154604","title":{"rendered":"Deputado Herc\u00edlio Coelho Diniz avalia MP do Contribuinte Legal como alicerce para reforma tribut\u00e1ria"},"content":{"rendered":"\n<p class=\"wp-block-paragraph\">Em vigor desde 17 de outubro, a Medida Provis\u00f3ria do Contribuinte Legal (MP 899\/2019) estimula a regulariza\u00e7\u00e3o de d\u00e9bitos e a resolu\u00e7\u00e3o de conflitos fiscais entre contribuintes e Uni\u00e3o por meio da transa\u00e7\u00e3o tribut\u00e1ria. Essa nova rela\u00e7\u00e3o faz o deputado Herc\u00edlio Coelho Diniz (MDB-MG) destacar a MP como relevante para facilitar o debate da reforma tribut\u00e1ria, que tramita na C\u00e2mara dos Deputados.<\/p>\n\n\n\n<p class=\"wp-block-paragraph\">\u201cEntendo que essa Medida Provis\u00f3ria \u00e9 um alicerce para ser implementada \u00e0 reforma [tribut\u00e1ria]. N\u00f3s temos n\u00fameros astron\u00f4micos, cerca de R$ 1,4 trilh\u00e3o a ser negociado e 2 milh\u00f5es de contribuintes. Esses n\u00fameros mostram a necessidade e a urg\u00eancia desses temas. A MP est\u00e1 colocada em uma base razo\u00e1vel e vamos trabalhar para aperfei\u00e7oar a medida no que for poss\u00edvel\u201d, refor\u00e7ou o parlamentar mineiro.<\/p>\n\n\n\n<p class=\"wp-block-paragraph\"><strong>Inova\u00e7\u00e3o<\/strong><\/p>\n\n\n\n<p class=\"wp-block-paragraph\">A transa\u00e7\u00e3o tribut\u00e1ria \u00e9 uma alternativa fiscal que segue na mesma linha da pr\u00e1tica de concess\u00e3o, utilizada no sistema anterior de parcelamentos especiais, o Refis. No entanto, essa pr\u00e1tica acabou impactando negativamente a arrecada\u00e7\u00e3o, uma vez que concedia benef\u00edcios a contribuintes com alta capacidade de pagamento.<\/p>\n\n\n\n<p class=\"wp-block-paragraph\">O que a nova MP prev\u00ea \u00e9 a concess\u00e3o de benef\u00edcios fiscais apenas em caso de comprova\u00e7\u00e3o da necessidade, priorizando a busca de solu\u00e7\u00f5es negociadas entre as partes. De acordo com o presidente da Comiss\u00e3o de Assuntos Tribut\u00e1rios da OAB-DF, Tiago Conde, a medida \u00e9 importante porque muda a rela\u00e7\u00e3o entre contribuinte devedor e a administra\u00e7\u00e3o tribut\u00e1ria.<\/p>\n\n\n\n<p class=\"wp-block-paragraph\">Conde aponta que a MP foi um marco na defesa dos interesses do Estado. \u201cQuando devemos ao setor privado, n\u00f3s vamos at\u00e9 o banco e tentamos fazer um acordo. Com o Estado, n\u00e3o. S\u00f3 tinha essa possibilidade de acordo quando veio o Refis. S\u00f3 que essa lei espec\u00edfica tinha uma s\u00e9rie de regras. Com a MP do Contribuinte Legal, temos inova\u00e7\u00f5es ao antigo Refis. Flexibiliza e traz a transa\u00e7\u00e3o tribut\u00e1ria para v\u00e1rios entes, sem um p\u00fablico restrito\u201d, explicou o especialista.<\/p>\n\n\n\n<figure class=\"wp-block-image\"><img loading=\"lazy\" decoding=\"async\" width=\"800\" height=\"483\" src=\"http:\/\/aconteceunovale.com.br\/portal\/wp-content\/uploads\/2019\/11\/mp_contribuinte_legal_1.png\" alt=\"\" class=\"wp-image-154605\" srcset=\"https:\/\/aconteceunovale.com.br\/portal\/wp-content\/uploads\/2019\/11\/mp_contribuinte_legal_1.png 800w, https:\/\/aconteceunovale.com.br\/portal\/wp-content\/uploads\/2019\/11\/mp_contribuinte_legal_1-300x181.png 300w, https:\/\/aconteceunovale.com.br\/portal\/wp-content\/uploads\/2019\/11\/mp_contribuinte_legal_1-768x464.png 768w, https:\/\/aconteceunovale.com.br\/portal\/wp-content\/uploads\/2019\/11\/mp_contribuinte_legal_1-696x420.png 696w\" sizes=\"auto, (max-width: 800px) 100vw, 800px\" \/><\/figure>\n\n\n\n<p class=\"wp-block-paragraph\">Com as novas regras, qualquer contribuinte conseguir\u00e1 pagar as d\u00edvidas que possui com o Estado a partir de uma negocia\u00e7\u00e3o. As redu\u00e7\u00f5es podem ocorrer sobre as parcelas acess\u00f3rias do d\u00e9bito, como juros, multas e encargos. N\u00e3o se aplica ao valor principal. De acordo com o governo federal, essas transa\u00e7\u00f5es poder\u00e3o auxiliar a regulariza\u00e7\u00e3o de R$ 1,9 milh\u00e3o de devedores, que atualmente somam mais de R$ 1,4 trilh\u00e3o.<\/p>\n\n\n\n<p class=\"wp-block-paragraph\">Ainda que a Comiss\u00e3o Mista que vai analisar a MP do Contribuinte Legal n\u00e3o tenha sido instalada no Congresso Nacional, o texto j\u00e1 possui 220 emendas apresentadas por deputados e senadores.<\/p>\n\n\n\n<p class=\"has-text-color has-background has-very-light-gray-color has-very-dark-gray-background-color wp-block-paragraph\"><strong>VER PRIMEIRO: <\/strong>Receba as not\u00edcias do Aconteceu no Vale em primeira m\u00e3o. Clique em curtir no endere\u00e7o <a href=\"https:\/\/www.facebook.com\/aconteceunovale\" target=\"_blank\" rel=\"noreferrer noopener\">www.facebook.com\/aconteceunovale<\/a>.<\/p>\n","protected":false},"excerpt":{"rendered":"<p>Em vigor desde 17 de outubro, a Medida Provis\u00f3ria do Contribuinte Legal (MP 899\/2019) estimula a regulariza\u00e7\u00e3o de d\u00e9bitos e a resolu\u00e7\u00e3o de conflitos fiscais entre contribuintes e Uni\u00e3o por meio da transa\u00e7\u00e3o tribut\u00e1ria. Essa nova rela\u00e7\u00e3o faz o deputado Herc\u00edlio Coelho Diniz (MDB-MG) destacar a MP como relevante para facilitar o debate da reforma [&hellip;]<\/p>\n","protected":false},"author":1,"featured_media":154606,"comment_status":"open","ping_status":"closed","sticky":false,"template":"","format":"standard","meta":{"amp_status":"","footnotes":""},"categories":[6,121,123,40240],"tags":[210088,204525,210087,204524,210091,210089,210090,210092,160466,210093],"class_list":["post-154604","post","type-post","status-publish","format-standard","has-post-thumbnail","hentry","category-br","category-leste","category-gerais","category-politica","tag-contribuinte-legal","tag-deputado-hercilio-coelho-diniz","tag-deputado-hercilio-coelho-diniz-avalia-mp-do-contribuinte-legal-como-alicerce-para-reforma-tributaria","tag-hercilio-coelho-diniz","tag-medida-provisoria-do-contribuinte-legal","tag-mp-899-2019","tag-mp-do-contribuinte-legal","tag-oab-df","tag-refis","tag-tiago-conde"],"yoast_head":"<!-- This site is optimized with the Yoast SEO plugin v28.3 - https:\/\/yoast.com\/product\/yoast-seo-wordpress\/ -->\n<title>Deputado Herc\u00edlio Coelho Diniz avalia MP do Contribuinte Legal como alicerce para reforma tribut\u00e1ria - Aconteceu no Vale<\/title>\n<meta name=\"robots\" content=\"index, follow, max-snippet:-1, max-image-preview:large, max-video-preview:-1\" \/>\n<link rel=\"canonical\" href=\"https:\/\/aconteceunovale.com.br\/portal\/?p=154604\" \/>\n<meta property=\"og:locale\" content=\"pt_BR\" \/>\n<meta property=\"og:type\" content=\"article\" \/>\n<meta property=\"og:title\" content=\"Deputado Herc\u00edlio Coelho Diniz avalia MP do Contribuinte Legal como alicerce para reforma tribut\u00e1ria - Aconteceu no Vale\" \/>\n<meta property=\"og:description\" content=\"Em vigor desde 17 de outubro, a Medida Provis\u00f3ria do Contribuinte Legal (MP 899\/2019) estimula a regulariza\u00e7\u00e3o de d\u00e9bitos e a resolu\u00e7\u00e3o de conflitos fiscais entre contribuintes e Uni\u00e3o por meio da transa\u00e7\u00e3o tribut\u00e1ria. Essa nova rela\u00e7\u00e3o faz o deputado Herc\u00edlio Coelho Diniz (MDB-MG) destacar a MP como relevante para facilitar o debate da reforma [&hellip;]\" \/>\n<meta property=\"og:url\" content=\"https:\/\/aconteceunovale.com.br\/portal\/?p=154604\" \/>\n<meta property=\"og:site_name\" content=\"Aconteceu no Vale\" \/>\n<meta property=\"article:publisher\" content=\"https:\/\/www.facebook.com\/aconteceunovale\/\" \/>\n<meta property=\"article:published_time\" content=\"2019-11-12T22:00:19+00:00\" \/>\n<meta property=\"article:modified_time\" content=\"2019-11-12T22:01:44+00:00\" \/>\n<meta property=\"og:image\" content=\"https:\/\/aconteceunovale.com.br\/portal\/wp-content\/uploads\/2019\/11\/mp_contribuinte_legal_2.jpg\" \/>\n\t<meta property=\"og:image:width\" content=\"678\" \/>\n\t<meta property=\"og:image:height\" content=\"435\" \/>\n\t<meta property=\"og:image:type\" content=\"image\/jpeg\" \/>\n<meta name=\"author\" content=\"Aconteceu no Vale\" \/>\n<meta name=\"twitter:card\" content=\"summary_large_image\" \/>\n<meta name=\"twitter:creator\" content=\"@noticiadosvales\" \/>\n<meta name=\"twitter:site\" content=\"@noticiadosvales\" \/>\n<meta name=\"twitter:label1\" content=\"Escrito por\" \/>\n\t<meta name=\"twitter:data1\" content=\"Aconteceu no Vale\" \/>\n\t<meta name=\"twitter:label2\" content=\"Est. tempo de leitura\" \/>\n\t<meta name=\"twitter:data2\" content=\"2 minutos\" \/>\n<script type=\"application\/ld+json\" class=\"yoast-schema-graph\">{\"@context\":\"https:\\\/\\\/schema.org\",\"@graph\":[{\"@type\":\"Article\",\"@id\":\"https:\\\/\\\/aconteceunovale.com.br\\\/portal\\\/?p=154604#article\",\"isPartOf\":{\"@id\":\"https:\\\/\\\/aconteceunovale.com.br\\\/portal\\\/?p=154604\"},\"author\":{\"name\":\"Aconteceu no Vale\",\"@id\":\"https:\\\/\\\/aconteceunovale.com.br\\\/portal\\\/#\\\/schema\\\/person\\\/633529146f2c94272bef50ac2953d589\"},\"headline\":\"Deputado Herc\u00edlio Coelho Diniz avalia MP do Contribuinte Legal como alicerce para reforma tribut\u00e1ria\",\"datePublished\":\"2019-11-12T22:00:19+00:00\",\"dateModified\":\"2019-11-12T22:01:44+00:00\",\"mainEntityOfPage\":{\"@id\":\"https:\\\/\\\/aconteceunovale.com.br\\\/portal\\\/?p=154604\"},\"wordCount\":499,\"commentCount\":0,\"image\":{\"@id\":\"https:\\\/\\\/aconteceunovale.com.br\\\/portal\\\/?p=154604#primaryimage\"},\"thumbnailUrl\":\"https:\\\/\\\/aconteceunovale.com.br\\\/portal\\\/wp-content\\\/uploads\\\/2019\\\/11\\\/mp_contribuinte_legal_2.jpg\",\"keywords\":[\"Contribuinte Legal\",\"Deputado Herc\u00edlio Coelho Diniz\",\"Deputado Herc\u00edlio Coelho Diniz avalia MP do Contribuinte Legal como alicerce para reforma tribut\u00e1ria\",\"Herc\u00edlio Coelho Diniz\",\"Medida Provis\u00f3ria do Contribuinte Legal\",\"MP 899\\\/2019\",\"MP do Contribuinte Legal\",\"OAB-DF\",\"Refis\",\"Tiago Conde\"],\"articleSection\":[\"Brasil\",\"Leste de Minas\",\"Minas Gerais\",\"Pol\u00edtica\"],\"inLanguage\":\"pt-BR\",\"potentialAction\":[{\"@type\":\"CommentAction\",\"name\":\"Comment\",\"target\":[\"https:\\\/\\\/aconteceunovale.com.br\\\/portal\\\/?p=154604#respond\"]}]},{\"@type\":\"WebPage\",\"@id\":\"https:\\\/\\\/aconteceunovale.com.br\\\/portal\\\/?p=154604\",\"url\":\"https:\\\/\\\/aconteceunovale.com.br\\\/portal\\\/?p=154604\",\"name\":\"Deputado Herc\u00edlio Coelho Diniz avalia MP do Contribuinte Legal como alicerce para reforma tribut\u00e1ria - Aconteceu no Vale\",\"isPartOf\":{\"@id\":\"https:\\\/\\\/aconteceunovale.com.br\\\/portal\\\/#website\"},\"primaryImageOfPage\":{\"@id\":\"https:\\\/\\\/aconteceunovale.com.br\\\/portal\\\/?p=154604#primaryimage\"},\"image\":{\"@id\":\"https:\\\/\\\/aconteceunovale.com.br\\\/portal\\\/?p=154604#primaryimage\"},\"thumbnailUrl\":\"https:\\\/\\\/aconteceunovale.com.br\\\/portal\\\/wp-content\\\/uploads\\\/2019\\\/11\\\/mp_contribuinte_legal_2.jpg\",\"datePublished\":\"2019-11-12T22:00:19+00:00\",\"dateModified\":\"2019-11-12T22:01:44+00:00\",\"author\":{\"@id\":\"https:\\\/\\\/aconteceunovale.com.br\\\/portal\\\/#\\\/schema\\\/person\\\/633529146f2c94272bef50ac2953d589\"},\"breadcrumb\":{\"@id\":\"https:\\\/\\\/aconteceunovale.com.br\\\/portal\\\/?p=154604#breadcrumb\"},\"inLanguage\":\"pt-BR\",\"potentialAction\":[{\"@type\":\"ReadAction\",\"target\":[\"https:\\\/\\\/aconteceunovale.com.br\\\/portal\\\/?p=154604\"]}]},{\"@type\":\"ImageObject\",\"inLanguage\":\"pt-BR\",\"@id\":\"https:\\\/\\\/aconteceunovale.com.br\\\/portal\\\/?p=154604#primaryimage\",\"url\":\"https:\\\/\\\/aconteceunovale.com.br\\\/portal\\\/wp-content\\\/uploads\\\/2019\\\/11\\\/mp_contribuinte_legal_2.jpg\",\"contentUrl\":\"https:\\\/\\\/aconteceunovale.com.br\\\/portal\\\/wp-content\\\/uploads\\\/2019\\\/11\\\/mp_contribuinte_legal_2.jpg\",\"width\":678,\"height\":435},{\"@type\":\"BreadcrumbList\",\"@id\":\"https:\\\/\\\/aconteceunovale.com.br\\\/portal\\\/?p=154604#breadcrumb\",\"itemListElement\":[{\"@type\":\"ListItem\",\"position\":1,\"name\":\"In\u00edcio\",\"item\":\"https:\\\/\\\/aconteceunovale.com.br\\\/portal\\\/\"},{\"@type\":\"ListItem\",\"position\":2,\"name\":\"Deputado Herc\u00edlio Coelho Diniz avalia MP do Contribuinte Legal como alicerce para reforma tribut\u00e1ria\"}]},{\"@type\":\"WebSite\",\"@id\":\"https:\\\/\\\/aconteceunovale.com.br\\\/portal\\\/#website\",\"url\":\"https:\\\/\\\/aconteceunovale.com.br\\\/portal\\\/\",\"name\":\"Aconteceu no Vale\",\"description\":\"Portal de Not\u00edcias\",\"potentialAction\":[{\"@type\":\"SearchAction\",\"target\":{\"@type\":\"EntryPoint\",\"urlTemplate\":\"https:\\\/\\\/aconteceunovale.com.br\\\/portal\\\/?s={search_term_string}\"},\"query-input\":{\"@type\":\"PropertyValueSpecification\",\"valueRequired\":true,\"valueName\":\"search_term_string\"}}],\"inLanguage\":\"pt-BR\"},{\"@type\":\"Person\",\"@id\":\"https:\\\/\\\/aconteceunovale.com.br\\\/portal\\\/#\\\/schema\\\/person\\\/633529146f2c94272bef50ac2953d589\",\"name\":\"Aconteceu no Vale\",\"description\":\"Equipe de reportagem do Aconteceu no Vale, portal de not\u00edcias do Vale do Jequitinhonha, em Minas Gerais. Cobrimos as 51 cidades do Vale desde 2013. Sugest\u00f5es de pauta e pedidos de corre\u00e7\u00e3o: contato@aconteceunovale.com.br\",\"sameAs\":[\"http:\\\/\\\/www.aconteceunovale.com.br\"],\"url\":\"https:\\\/\\\/aconteceunovale.com.br\\\/portal\\\/?author=1\"}]}<\/script>\n<!-- \/ Yoast SEO plugin. -->","yoast_head_json":{"title":"Deputado Herc\u00edlio Coelho Diniz avalia MP do Contribuinte Legal como alicerce para reforma tribut\u00e1ria - Aconteceu no Vale","robots":{"index":"index","follow":"follow","max-snippet":"max-snippet:-1","max-image-preview":"max-image-preview:large","max-video-preview":"max-video-preview:-1"},"canonical":"https:\/\/aconteceunovale.com.br\/portal\/?p=154604","og_locale":"pt_BR","og_type":"article","og_title":"Deputado Herc\u00edlio Coelho Diniz avalia MP do Contribuinte Legal como alicerce para reforma tribut\u00e1ria - Aconteceu no Vale","og_description":"Em vigor desde 17 de outubro, a Medida Provis\u00f3ria do Contribuinte Legal (MP 899\/2019) estimula a regulariza\u00e7\u00e3o de d\u00e9bitos e a resolu\u00e7\u00e3o de conflitos fiscais entre contribuintes e Uni\u00e3o por meio da transa\u00e7\u00e3o tribut\u00e1ria. Essa nova rela\u00e7\u00e3o faz o deputado Herc\u00edlio Coelho Diniz (MDB-MG) destacar a MP como relevante para facilitar o debate da reforma [&hellip;]","og_url":"https:\/\/aconteceunovale.com.br\/portal\/?p=154604","og_site_name":"Aconteceu no Vale","article_publisher":"https:\/\/www.facebook.com\/aconteceunovale\/","article_published_time":"2019-11-12T22:00:19+00:00","article_modified_time":"2019-11-12T22:01:44+00:00","og_image":[{"width":678,"height":435,"url":"https:\/\/aconteceunovale.com.br\/portal\/wp-content\/uploads\/2019\/11\/mp_contribuinte_legal_2.jpg","type":"image\/jpeg"}],"author":"Aconteceu no Vale","twitter_card":"summary_large_image","twitter_creator":"@noticiadosvales","twitter_site":"@noticiadosvales","twitter_misc":{"Escrito por":"Aconteceu no Vale","Est. tempo de leitura":"2 minutos"},"schema":{"@context":"https:\/\/schema.org","@graph":[{"@type":"Article","@id":"https:\/\/aconteceunovale.com.br\/portal\/?p=154604#article","isPartOf":{"@id":"https:\/\/aconteceunovale.com.br\/portal\/?p=154604"},"author":{"name":"Aconteceu no Vale","@id":"https:\/\/aconteceunovale.com.br\/portal\/#\/schema\/person\/633529146f2c94272bef50ac2953d589"},"headline":"Deputado Herc\u00edlio Coelho Diniz avalia MP do Contribuinte Legal como alicerce para reforma tribut\u00e1ria","datePublished":"2019-11-12T22:00:19+00:00","dateModified":"2019-11-12T22:01:44+00:00","mainEntityOfPage":{"@id":"https:\/\/aconteceunovale.com.br\/portal\/?p=154604"},"wordCount":499,"commentCount":0,"image":{"@id":"https:\/\/aconteceunovale.com.br\/portal\/?p=154604#primaryimage"},"thumbnailUrl":"https:\/\/aconteceunovale.com.br\/portal\/wp-content\/uploads\/2019\/11\/mp_contribuinte_legal_2.jpg","keywords":["Contribuinte Legal","Deputado Herc\u00edlio Coelho Diniz","Deputado Herc\u00edlio Coelho Diniz avalia MP do Contribuinte Legal como alicerce para reforma tribut\u00e1ria","Herc\u00edlio Coelho Diniz","Medida Provis\u00f3ria do Contribuinte Legal","MP 899\/2019","MP do Contribuinte Legal","OAB-DF","Refis","Tiago Conde"],"articleSection":["Brasil","Leste de Minas","Minas Gerais","Pol\u00edtica"],"inLanguage":"pt-BR","potentialAction":[{"@type":"CommentAction","name":"Comment","target":["https:\/\/aconteceunovale.com.br\/portal\/?p=154604#respond"]}]},{"@type":"WebPage","@id":"https:\/\/aconteceunovale.com.br\/portal\/?p=154604","url":"https:\/\/aconteceunovale.com.br\/portal\/?p=154604","name":"Deputado Herc\u00edlio Coelho Diniz avalia MP do Contribuinte Legal como alicerce para reforma tribut\u00e1ria - Aconteceu no Vale","isPartOf":{"@id":"https:\/\/aconteceunovale.com.br\/portal\/#website"},"primaryImageOfPage":{"@id":"https:\/\/aconteceunovale.com.br\/portal\/?p=154604#primaryimage"},"image":{"@id":"https:\/\/aconteceunovale.com.br\/portal\/?p=154604#primaryimage"},"thumbnailUrl":"https:\/\/aconteceunovale.com.br\/portal\/wp-content\/uploads\/2019\/11\/mp_contribuinte_legal_2.jpg","datePublished":"2019-11-12T22:00:19+00:00","dateModified":"2019-11-12T22:01:44+00:00","author":{"@id":"https:\/\/aconteceunovale.com.br\/portal\/#\/schema\/person\/633529146f2c94272bef50ac2953d589"},"breadcrumb":{"@id":"https:\/\/aconteceunovale.com.br\/portal\/?p=154604#breadcrumb"},"inLanguage":"pt-BR","potentialAction":[{"@type":"ReadAction","target":["https:\/\/aconteceunovale.com.br\/portal\/?p=154604"]}]},{"@type":"ImageObject","inLanguage":"pt-BR","@id":"https:\/\/aconteceunovale.com.br\/portal\/?p=154604#primaryimage","url":"https:\/\/aconteceunovale.com.br\/portal\/wp-content\/uploads\/2019\/11\/mp_contribuinte_legal_2.jpg","contentUrl":"https:\/\/aconteceunovale.com.br\/portal\/wp-content\/uploads\/2019\/11\/mp_contribuinte_legal_2.jpg","width":678,"height":435},{"@type":"BreadcrumbList","@id":"https:\/\/aconteceunovale.com.br\/portal\/?p=154604#breadcrumb","itemListElement":[{"@type":"ListItem","position":1,"name":"In\u00edcio","item":"https:\/\/aconteceunovale.com.br\/portal\/"},{"@type":"ListItem","position":2,"name":"Deputado Herc\u00edlio Coelho Diniz avalia MP do Contribuinte Legal como alicerce para reforma tribut\u00e1ria"}]},{"@type":"WebSite","@id":"https:\/\/aconteceunovale.com.br\/portal\/#website","url":"https:\/\/aconteceunovale.com.br\/portal\/","name":"Aconteceu no Vale","description":"Portal de Not\u00edcias","potentialAction":[{"@type":"SearchAction","target":{"@type":"EntryPoint","urlTemplate":"https:\/\/aconteceunovale.com.br\/portal\/?s={search_term_string}"},"query-input":{"@type":"PropertyValueSpecification","valueRequired":true,"valueName":"search_term_string"}}],"inLanguage":"pt-BR"},{"@type":"Person","@id":"https:\/\/aconteceunovale.com.br\/portal\/#\/schema\/person\/633529146f2c94272bef50ac2953d589","name":"Aconteceu no Vale","description":"Equipe de reportagem do Aconteceu no Vale, portal de not\u00edcias do Vale do Jequitinhonha, em Minas Gerais. Cobrimos as 51 cidades do Vale desde 2013. Sugest\u00f5es de pauta e pedidos de corre\u00e7\u00e3o: contato@aconteceunovale.com.br","sameAs":["http:\/\/www.aconteceunovale.com.br"],"url":"https:\/\/aconteceunovale.com.br\/portal\/?author=1"}]}},"_links":{"self":[{"href":"https:\/\/aconteceunovale.com.br\/portal\/index.php?rest_route=\/wp\/v2\/posts\/154604","targetHints":{"allow":["GET"]}}],"collection":[{"href":"https:\/\/aconteceunovale.com.br\/portal\/index.php?rest_route=\/wp\/v2\/posts"}],"about":[{"href":"https:\/\/aconteceunovale.com.br\/portal\/index.php?rest_route=\/wp\/v2\/types\/post"}],"author":[{"embeddable":true,"href":"https:\/\/aconteceunovale.com.br\/portal\/index.php?rest_route=\/wp\/v2\/users\/1"}],"replies":[{"embeddable":true,"href":"https:\/\/aconteceunovale.com.br\/portal\/index.php?rest_route=%2Fwp%2Fv2%2Fcomments&post=154604"}],"version-history":[{"count":1,"href":"https:\/\/aconteceunovale.com.br\/portal\/index.php?rest_route=\/wp\/v2\/posts\/154604\/revisions"}],"predecessor-version":[{"id":154607,"href":"https:\/\/aconteceunovale.com.br\/portal\/index.php?rest_route=\/wp\/v2\/posts\/154604\/revisions\/154607"}],"wp:featuredmedia":[{"embeddable":true,"href":"https:\/\/aconteceunovale.com.br\/portal\/index.php?rest_route=\/wp\/v2\/media\/154606"}],"wp:attachment":[{"href":"https:\/\/aconteceunovale.com.br\/portal\/index.php?rest_route=%2Fwp%2Fv2%2Fmedia&parent=154604"}],"wp:term":[{"taxonomy":"category","embeddable":true,"href":"https:\/\/aconteceunovale.com.br\/portal\/index.php?rest_route=%2Fwp%2Fv2%2Fcategories&post=154604"},{"taxonomy":"post_tag","embeddable":true,"href":"https:\/\/aconteceunovale.com.br\/portal\/index.php?rest_route=%2Fwp%2Fv2%2Ftags&post=154604"}],"curies":[{"name":"wp","href":"https:\/\/api.w.org\/{rel}","templated":true}]}}