{"id":154584,"date":"2019-11-11T23:56:20","date_gmt":"2019-11-12T02:56:20","guid":{"rendered":"http:\/\/aconteceunovale.com.br\/portal\/?p=154584"},"modified":"2019-11-11T23:57:09","modified_gmt":"2019-11-12T02:57:09","slug":"acidente-entre-caminhao-e-moto-deixa-dois-mortos-em-bocaiuva-no-norte-de-minas","status":"publish","type":"post","link":"https:\/\/aconteceunovale.com.br\/portal\/?p=154584","title":{"rendered":"Acidente entre caminh\u00e3o e moto deixa dois mortos em Bocaiuva, no Norte de Minas"},"content":{"rendered":"\n<p class=\"wp-block-paragraph\">Dois homens morreram ap\u00f3s acidente entre um caminh\u00e3o e uma\nmotocicleta na BR-135, no munic\u00edpio de Bocaiuva (MG), na noite de domingo\n(10\/11\/2019). Segundo informa\u00e7\u00f5es da Pol\u00edcia Militar Rodovi\u00e1ria (PMRv), o\nmotorista do ve\u00edculo de carga disse que foi surpreendido pela moto na contram\u00e3o\nde dire\u00e7\u00e3o e n\u00e3o conseguiu evitar a colis\u00e3o.<\/p>\n\n\n\n<p class=\"wp-block-paragraph\">Os ocupantes da moto, identificados como Marc\u00edlio Carlos\nCosta de Souza, de 44 anos, e Sinval Soares Rosa, de 63, n\u00e3o resistiram aos\ngraves ferimentos e morreram no local.<\/p>\n\n\n\n<p class=\"wp-block-paragraph\">Ap\u00f3s a colis\u00e3o, o caminh\u00e3o carregado de recicl\u00e1veis tombou e\npegou fogo. O ve\u00edculo e a carga foram destru\u00eddos no inc\u00eandio. O caminhoneiro\nfoi socorrido com escoria\u00e7\u00f5es e encaminhado ao hospital de Bocaiuva. <\/p>\n\n\n\n<p class=\"wp-block-paragraph\">A Per\u00edcia da Pol\u00edcia Civil compareceu ao local e liberou os corpos para o Instituto M\u00e9dico Legal (IML). As causas do acidente ser\u00e3o investigadas.<\/p>\n\n\n\n<figure class=\"wp-block-image is-resized\"><img loading=\"lazy\" decoding=\"async\" src=\"http:\/\/aconteceunovale.com.br\/portal\/wp-content\/uploads\/2019\/11\/acidente_bocaiuva.jpg\" alt=\"\" class=\"wp-image-154585\" width=\"682\" height=\"462\" srcset=\"https:\/\/aconteceunovale.com.br\/portal\/wp-content\/uploads\/2019\/11\/acidente_bocaiuva.jpg 664w, https:\/\/aconteceunovale.com.br\/portal\/wp-content\/uploads\/2019\/11\/acidente_bocaiuva-300x203.jpg 300w, https:\/\/aconteceunovale.com.br\/portal\/wp-content\/uploads\/2019\/11\/acidente_bocaiuva-620x420.jpg 620w\" sizes=\"auto, (max-width: 682px) 100vw, 682px\" \/><figcaption><em>Foto: Reprodu\u00e7\u00e3o \/ WhatsApp<\/em><\/figcaption><\/figure>\n\n\n\n<p class=\"has-text-color has-background has-very-light-gray-color has-very-dark-gray-background-color wp-block-paragraph\"><strong>VER PRIMEIRO: <\/strong>Receba as not\u00edcias do Aconteceu no Vale em primeira m\u00e3o. Clique em curtir no endere\u00e7o <a href=\"https:\/\/www.facebook.com\/aconteceunovale\" target=\"_blank\" rel=\"noreferrer noopener\">www.facebook.com\/aconteceunovale<\/a>.<\/p>\n","protected":false},"excerpt":{"rendered":"<p>Dois homens morreram ap\u00f3s acidente entre um caminh\u00e3o e uma motocicleta na BR-135, no munic\u00edpio de Bocaiuva (MG), na noite de domingo (10\/11\/2019). Segundo informa\u00e7\u00f5es da Pol\u00edcia Militar Rodovi\u00e1ria (PMRv), o motorista do ve\u00edculo de carga disse que foi surpreendido pela moto na contram\u00e3o de dire\u00e7\u00e3o e n\u00e3o conseguiu evitar a colis\u00e3o. Os ocupantes da [&hellip;]<\/p>\n","protected":false},"author":4,"featured_media":154585,"comment_status":"open","ping_status":"closed","sticky":false,"template":"","format":"standard","meta":{"amp_status":"","footnotes":""},"categories":[1236],"tags":[18467,210059,210061,19374,72933,645,1247,210062,210063],"class_list":["post-154584","post","type-post","status-publish","format-standard","has-post-thumbnail","hentry","category-norte_de_minas","tag-acidente-em-bocaiuva","tag-acidente-entre-caminhao-e-moto-deixa-dois-mortos-em-bocaiuva","tag-acidente-entre-caminhao-e-moto-em-bocaiuva","tag-acidente-na-br-135","tag-acidente-na-br-135-em-bocaiuva","tag-bocaiuva","tag-br-135","tag-marcilio-carlos-costa-de-souza","tag-sinval-soares-rosa"],"yoast_head":"<!-- This site is optimized with the Yoast SEO plugin v28.3 - https:\/\/yoast.com\/product\/yoast-seo-wordpress\/ -->\n<title>Acidente entre caminh\u00e3o e moto deixa dois mortos em Bocaiuva, no Norte de Minas - Aconteceu no Vale<\/title>\n<meta name=\"robots\" content=\"index, follow, max-snippet:-1, max-image-preview:large, max-video-preview:-1\" \/>\n<link rel=\"canonical\" href=\"https:\/\/aconteceunovale.com.br\/portal\/?p=154584\" \/>\n<meta property=\"og:locale\" content=\"pt_BR\" \/>\n<meta property=\"og:type\" content=\"article\" \/>\n<meta property=\"og:title\" content=\"Acidente entre caminh\u00e3o e moto deixa dois mortos em Bocaiuva, no Norte de Minas - Aconteceu no Vale\" \/>\n<meta property=\"og:description\" content=\"Dois homens morreram ap\u00f3s acidente entre um caminh\u00e3o e uma motocicleta na BR-135, no munic\u00edpio de Bocaiuva (MG), na noite de domingo (10\/11\/2019). Segundo informa\u00e7\u00f5es da Pol\u00edcia Militar Rodovi\u00e1ria (PMRv), o motorista do ve\u00edculo de carga disse que foi surpreendido pela moto na contram\u00e3o de dire\u00e7\u00e3o e n\u00e3o conseguiu evitar a colis\u00e3o. Os ocupantes da [&hellip;]\" \/>\n<meta property=\"og:url\" content=\"https:\/\/aconteceunovale.com.br\/portal\/?p=154584\" \/>\n<meta property=\"og:site_name\" content=\"Aconteceu no Vale\" \/>\n<meta property=\"article:publisher\" content=\"https:\/\/www.facebook.com\/aconteceunovale\/\" \/>\n<meta property=\"article:published_time\" content=\"2019-11-12T02:56:20+00:00\" \/>\n<meta property=\"article:modified_time\" content=\"2019-11-12T02:57:09+00:00\" \/>\n<meta property=\"og:image\" content=\"https:\/\/aconteceunovale.com.br\/portal\/wp-content\/uploads\/2019\/11\/acidente_bocaiuva.jpg\" \/>\n\t<meta property=\"og:image:width\" content=\"664\" \/>\n\t<meta property=\"og:image:height\" content=\"450\" \/>\n\t<meta property=\"og:image:type\" content=\"image\/jpeg\" \/>\n<meta name=\"author\" content=\"Reda\u00e7\u00e3o Aconteceu no Vale\" \/>\n<meta name=\"twitter:card\" content=\"summary_large_image\" \/>\n<meta name=\"twitter:creator\" content=\"@noticiadosvales\" \/>\n<meta name=\"twitter:site\" content=\"@noticiadosvales\" \/>\n<meta name=\"twitter:label1\" content=\"Escrito por\" \/>\n\t<meta name=\"twitter:data1\" content=\"Reda\u00e7\u00e3o Aconteceu no Vale\" \/>\n\t<meta name=\"twitter:label2\" content=\"Est. tempo de leitura\" \/>\n\t<meta name=\"twitter:data2\" content=\"1 minuto\" \/>\n<script type=\"application\/ld+json\" class=\"yoast-schema-graph\">{\"@context\":\"https:\\\/\\\/schema.org\",\"@graph\":[{\"@type\":\"Article\",\"@id\":\"https:\\\/\\\/aconteceunovale.com.br\\\/portal\\\/?p=154584#article\",\"isPartOf\":{\"@id\":\"https:\\\/\\\/aconteceunovale.com.br\\\/portal\\\/?p=154584\"},\"author\":{\"name\":\"Reda\u00e7\u00e3o Aconteceu no Vale\",\"@id\":\"https:\\\/\\\/aconteceunovale.com.br\\\/portal\\\/#\\\/schema\\\/person\\\/7d2f26d1483f8a63de73da1ee0754d35\"},\"headline\":\"Acidente entre caminh\u00e3o e moto deixa dois mortos em Bocaiuva, no Norte de Minas\",\"datePublished\":\"2019-11-12T02:56:20+00:00\",\"dateModified\":\"2019-11-12T02:57:09+00:00\",\"mainEntityOfPage\":{\"@id\":\"https:\\\/\\\/aconteceunovale.com.br\\\/portal\\\/?p=154584\"},\"wordCount\":203,\"commentCount\":0,\"image\":{\"@id\":\"https:\\\/\\\/aconteceunovale.com.br\\\/portal\\\/?p=154584#primaryimage\"},\"thumbnailUrl\":\"https:\\\/\\\/aconteceunovale.com.br\\\/portal\\\/wp-content\\\/uploads\\\/2019\\\/11\\\/acidente_bocaiuva.jpg\",\"keywords\":[\"acidente em bocaiuva\",\"Acidente entre caminh\u00e3o e moto deixa dois mortos em Bocaiuva\",\"Acidente entre caminh\u00e3o e moto em Bocaiuva\",\"acidente na br 135\",\"acidente na br-135 em Bocaiuva\",\"Bocai\u00fava\",\"br 135\",\"Marc\u00edlio Carlos Costa de Souza\",\"Sinval Soares Rosa\"],\"articleSection\":[\"Norte de Minas\"],\"inLanguage\":\"pt-BR\",\"potentialAction\":[{\"@type\":\"CommentAction\",\"name\":\"Comment\",\"target\":[\"https:\\\/\\\/aconteceunovale.com.br\\\/portal\\\/?p=154584#respond\"]}]},{\"@type\":\"WebPage\",\"@id\":\"https:\\\/\\\/aconteceunovale.com.br\\\/portal\\\/?p=154584\",\"url\":\"https:\\\/\\\/aconteceunovale.com.br\\\/portal\\\/?p=154584\",\"name\":\"Acidente entre caminh\u00e3o e moto deixa dois mortos em Bocaiuva, no Norte de Minas - Aconteceu no Vale\",\"isPartOf\":{\"@id\":\"https:\\\/\\\/aconteceunovale.com.br\\\/portal\\\/#website\"},\"primaryImageOfPage\":{\"@id\":\"https:\\\/\\\/aconteceunovale.com.br\\\/portal\\\/?p=154584#primaryimage\"},\"image\":{\"@id\":\"https:\\\/\\\/aconteceunovale.com.br\\\/portal\\\/?p=154584#primaryimage\"},\"thumbnailUrl\":\"https:\\\/\\\/aconteceunovale.com.br\\\/portal\\\/wp-content\\\/uploads\\\/2019\\\/11\\\/acidente_bocaiuva.jpg\",\"datePublished\":\"2019-11-12T02:56:20+00:00\",\"dateModified\":\"2019-11-12T02:57:09+00:00\",\"author\":{\"@id\":\"https:\\\/\\\/aconteceunovale.com.br\\\/portal\\\/#\\\/schema\\\/person\\\/7d2f26d1483f8a63de73da1ee0754d35\"},\"breadcrumb\":{\"@id\":\"https:\\\/\\\/aconteceunovale.com.br\\\/portal\\\/?p=154584#breadcrumb\"},\"inLanguage\":\"pt-BR\",\"potentialAction\":[{\"@type\":\"ReadAction\",\"target\":[\"https:\\\/\\\/aconteceunovale.com.br\\\/portal\\\/?p=154584\"]}]},{\"@type\":\"ImageObject\",\"inLanguage\":\"pt-BR\",\"@id\":\"https:\\\/\\\/aconteceunovale.com.br\\\/portal\\\/?p=154584#primaryimage\",\"url\":\"https:\\\/\\\/aconteceunovale.com.br\\\/portal\\\/wp-content\\\/uploads\\\/2019\\\/11\\\/acidente_bocaiuva.jpg\",\"contentUrl\":\"https:\\\/\\\/aconteceunovale.com.br\\\/portal\\\/wp-content\\\/uploads\\\/2019\\\/11\\\/acidente_bocaiuva.jpg\",\"width\":664,\"height\":450},{\"@type\":\"BreadcrumbList\",\"@id\":\"https:\\\/\\\/aconteceunovale.com.br\\\/portal\\\/?p=154584#breadcrumb\",\"itemListElement\":[{\"@type\":\"ListItem\",\"position\":1,\"name\":\"In\u00edcio\",\"item\":\"https:\\\/\\\/aconteceunovale.com.br\\\/portal\\\/\"},{\"@type\":\"ListItem\",\"position\":2,\"name\":\"Acidente entre caminh\u00e3o e moto deixa dois mortos em Bocaiuva, no Norte de Minas\"}]},{\"@type\":\"WebSite\",\"@id\":\"https:\\\/\\\/aconteceunovale.com.br\\\/portal\\\/#website\",\"url\":\"https:\\\/\\\/aconteceunovale.com.br\\\/portal\\\/\",\"name\":\"Aconteceu no Vale\",\"description\":\"Portal de Not\u00edcias\",\"potentialAction\":[{\"@type\":\"SearchAction\",\"target\":{\"@type\":\"EntryPoint\",\"urlTemplate\":\"https:\\\/\\\/aconteceunovale.com.br\\\/portal\\\/?s={search_term_string}\"},\"query-input\":{\"@type\":\"PropertyValueSpecification\",\"valueRequired\":true,\"valueName\":\"search_term_string\"}}],\"inLanguage\":\"pt-BR\"},{\"@type\":\"Person\",\"@id\":\"https:\\\/\\\/aconteceunovale.com.br\\\/portal\\\/#\\\/schema\\\/person\\\/7d2f26d1483f8a63de73da1ee0754d35\",\"name\":\"Reda\u00e7\u00e3o Aconteceu no Vale\",\"description\":\"Equipe de reportagem do Aconteceu no Vale, portal de not\u00edcias do Vale do Jequitinhonha, em Minas Gerais. Cobrimos as 51 cidades do Vale desde 2013. Sugest\u00f5es de pauta e pedidos de corre\u00e7\u00e3o: contato@aconteceunovale.com.br\",\"url\":\"https:\\\/\\\/aconteceunovale.com.br\\\/portal\\\/?author=4\"}]}<\/script>\n<!-- \/ Yoast SEO plugin. -->","yoast_head_json":{"title":"Acidente entre caminh\u00e3o e moto deixa dois mortos em Bocaiuva, no Norte de Minas - Aconteceu no Vale","robots":{"index":"index","follow":"follow","max-snippet":"max-snippet:-1","max-image-preview":"max-image-preview:large","max-video-preview":"max-video-preview:-1"},"canonical":"https:\/\/aconteceunovale.com.br\/portal\/?p=154584","og_locale":"pt_BR","og_type":"article","og_title":"Acidente entre caminh\u00e3o e moto deixa dois mortos em Bocaiuva, no Norte de Minas - Aconteceu no Vale","og_description":"Dois homens morreram ap\u00f3s acidente entre um caminh\u00e3o e uma motocicleta na BR-135, no munic\u00edpio de Bocaiuva (MG), na noite de domingo (10\/11\/2019). Segundo informa\u00e7\u00f5es da Pol\u00edcia Militar Rodovi\u00e1ria (PMRv), o motorista do ve\u00edculo de carga disse que foi surpreendido pela moto na contram\u00e3o de dire\u00e7\u00e3o e n\u00e3o conseguiu evitar a colis\u00e3o. Os ocupantes da [&hellip;]","og_url":"https:\/\/aconteceunovale.com.br\/portal\/?p=154584","og_site_name":"Aconteceu no Vale","article_publisher":"https:\/\/www.facebook.com\/aconteceunovale\/","article_published_time":"2019-11-12T02:56:20+00:00","article_modified_time":"2019-11-12T02:57:09+00:00","og_image":[{"width":664,"height":450,"url":"https:\/\/aconteceunovale.com.br\/portal\/wp-content\/uploads\/2019\/11\/acidente_bocaiuva.jpg","type":"image\/jpeg"}],"author":"Reda\u00e7\u00e3o Aconteceu no Vale","twitter_card":"summary_large_image","twitter_creator":"@noticiadosvales","twitter_site":"@noticiadosvales","twitter_misc":{"Escrito por":"Reda\u00e7\u00e3o Aconteceu no Vale","Est. tempo de leitura":"1 minuto"},"schema":{"@context":"https:\/\/schema.org","@graph":[{"@type":"Article","@id":"https:\/\/aconteceunovale.com.br\/portal\/?p=154584#article","isPartOf":{"@id":"https:\/\/aconteceunovale.com.br\/portal\/?p=154584"},"author":{"name":"Reda\u00e7\u00e3o Aconteceu no Vale","@id":"https:\/\/aconteceunovale.com.br\/portal\/#\/schema\/person\/7d2f26d1483f8a63de73da1ee0754d35"},"headline":"Acidente entre caminh\u00e3o e moto deixa dois mortos em Bocaiuva, no Norte de Minas","datePublished":"2019-11-12T02:56:20+00:00","dateModified":"2019-11-12T02:57:09+00:00","mainEntityOfPage":{"@id":"https:\/\/aconteceunovale.com.br\/portal\/?p=154584"},"wordCount":203,"commentCount":0,"image":{"@id":"https:\/\/aconteceunovale.com.br\/portal\/?p=154584#primaryimage"},"thumbnailUrl":"https:\/\/aconteceunovale.com.br\/portal\/wp-content\/uploads\/2019\/11\/acidente_bocaiuva.jpg","keywords":["acidente em bocaiuva","Acidente entre caminh\u00e3o e moto deixa dois mortos em Bocaiuva","Acidente entre caminh\u00e3o e moto em Bocaiuva","acidente na br 135","acidente na br-135 em Bocaiuva","Bocai\u00fava","br 135","Marc\u00edlio Carlos Costa de Souza","Sinval Soares Rosa"],"articleSection":["Norte de Minas"],"inLanguage":"pt-BR","potentialAction":[{"@type":"CommentAction","name":"Comment","target":["https:\/\/aconteceunovale.com.br\/portal\/?p=154584#respond"]}]},{"@type":"WebPage","@id":"https:\/\/aconteceunovale.com.br\/portal\/?p=154584","url":"https:\/\/aconteceunovale.com.br\/portal\/?p=154584","name":"Acidente entre caminh\u00e3o e moto deixa dois mortos em Bocaiuva, no Norte de Minas - Aconteceu no Vale","isPartOf":{"@id":"https:\/\/aconteceunovale.com.br\/portal\/#website"},"primaryImageOfPage":{"@id":"https:\/\/aconteceunovale.com.br\/portal\/?p=154584#primaryimage"},"image":{"@id":"https:\/\/aconteceunovale.com.br\/portal\/?p=154584#primaryimage"},"thumbnailUrl":"https:\/\/aconteceunovale.com.br\/portal\/wp-content\/uploads\/2019\/11\/acidente_bocaiuva.jpg","datePublished":"2019-11-12T02:56:20+00:00","dateModified":"2019-11-12T02:57:09+00:00","author":{"@id":"https:\/\/aconteceunovale.com.br\/portal\/#\/schema\/person\/7d2f26d1483f8a63de73da1ee0754d35"},"breadcrumb":{"@id":"https:\/\/aconteceunovale.com.br\/portal\/?p=154584#breadcrumb"},"inLanguage":"pt-BR","potentialAction":[{"@type":"ReadAction","target":["https:\/\/aconteceunovale.com.br\/portal\/?p=154584"]}]},{"@type":"ImageObject","inLanguage":"pt-BR","@id":"https:\/\/aconteceunovale.com.br\/portal\/?p=154584#primaryimage","url":"https:\/\/aconteceunovale.com.br\/portal\/wp-content\/uploads\/2019\/11\/acidente_bocaiuva.jpg","contentUrl":"https:\/\/aconteceunovale.com.br\/portal\/wp-content\/uploads\/2019\/11\/acidente_bocaiuva.jpg","width":664,"height":450},{"@type":"BreadcrumbList","@id":"https:\/\/aconteceunovale.com.br\/portal\/?p=154584#breadcrumb","itemListElement":[{"@type":"ListItem","position":1,"name":"In\u00edcio","item":"https:\/\/aconteceunovale.com.br\/portal\/"},{"@type":"ListItem","position":2,"name":"Acidente entre caminh\u00e3o e moto deixa dois mortos em Bocaiuva, no Norte de Minas"}]},{"@type":"WebSite","@id":"https:\/\/aconteceunovale.com.br\/portal\/#website","url":"https:\/\/aconteceunovale.com.br\/portal\/","name":"Aconteceu no Vale","description":"Portal de Not\u00edcias","potentialAction":[{"@type":"SearchAction","target":{"@type":"EntryPoint","urlTemplate":"https:\/\/aconteceunovale.com.br\/portal\/?s={search_term_string}"},"query-input":{"@type":"PropertyValueSpecification","valueRequired":true,"valueName":"search_term_string"}}],"inLanguage":"pt-BR"},{"@type":"Person","@id":"https:\/\/aconteceunovale.com.br\/portal\/#\/schema\/person\/7d2f26d1483f8a63de73da1ee0754d35","name":"Reda\u00e7\u00e3o Aconteceu no Vale","description":"Equipe de reportagem do Aconteceu no Vale, portal de not\u00edcias do Vale do Jequitinhonha, em Minas Gerais. Cobrimos as 51 cidades do Vale desde 2013. Sugest\u00f5es de pauta e pedidos de corre\u00e7\u00e3o: contato@aconteceunovale.com.br","url":"https:\/\/aconteceunovale.com.br\/portal\/?author=4"}]}},"_links":{"self":[{"href":"https:\/\/aconteceunovale.com.br\/portal\/index.php?rest_route=\/wp\/v2\/posts\/154584","targetHints":{"allow":["GET"]}}],"collection":[{"href":"https:\/\/aconteceunovale.com.br\/portal\/index.php?rest_route=\/wp\/v2\/posts"}],"about":[{"href":"https:\/\/aconteceunovale.com.br\/portal\/index.php?rest_route=\/wp\/v2\/types\/post"}],"author":[{"embeddable":true,"href":"https:\/\/aconteceunovale.com.br\/portal\/index.php?rest_route=\/wp\/v2\/users\/4"}],"replies":[{"embeddable":true,"href":"https:\/\/aconteceunovale.com.br\/portal\/index.php?rest_route=%2Fwp%2Fv2%2Fcomments&post=154584"}],"version-history":[{"count":1,"href":"https:\/\/aconteceunovale.com.br\/portal\/index.php?rest_route=\/wp\/v2\/posts\/154584\/revisions"}],"predecessor-version":[{"id":154586,"href":"https:\/\/aconteceunovale.com.br\/portal\/index.php?rest_route=\/wp\/v2\/posts\/154584\/revisions\/154586"}],"wp:featuredmedia":[{"embeddable":true,"href":"https:\/\/aconteceunovale.com.br\/portal\/index.php?rest_route=\/wp\/v2\/media\/154585"}],"wp:attachment":[{"href":"https:\/\/aconteceunovale.com.br\/portal\/index.php?rest_route=%2Fwp%2Fv2%2Fmedia&parent=154584"}],"wp:term":[{"taxonomy":"category","embeddable":true,"href":"https:\/\/aconteceunovale.com.br\/portal\/index.php?rest_route=%2Fwp%2Fv2%2Fcategories&post=154584"},{"taxonomy":"post_tag","embeddable":true,"href":"https:\/\/aconteceunovale.com.br\/portal\/index.php?rest_route=%2Fwp%2Fv2%2Ftags&post=154584"}],"curies":[{"name":"wp","href":"https:\/\/api.w.org\/{rel}","templated":true}]}}