{"id":154579,"date":"2019-11-11T22:52:14","date_gmt":"2019-11-12T01:52:14","guid":{"rendered":"http:\/\/aconteceunovale.com.br\/portal\/?p=154579"},"modified":"2019-11-11T22:53:50","modified_gmt":"2019-11-12T01:53:50","slug":"juri-de-governador-valadares-condena-quatro-por-homicidio-em-frei-inocencio","status":"publish","type":"post","link":"https:\/\/aconteceunovale.com.br\/portal\/?p=154579","title":{"rendered":"J\u00fari de Governador Valadares condena quatro por homic\u00eddio em Frei Inoc\u00eancio"},"content":{"rendered":"\n<p class=\"wp-block-paragraph\">Quatro homens foram condenados em Governador Valadares na \u00faltima quarta-feira (6\/11) por homic\u00eddio e associa\u00e7\u00e3o criminosa. Tr\u00eas deles foram sentenciados ainda por coa\u00e7\u00e3o no curso do processo.<\/p>\n\n\n\n<p class=\"wp-block-paragraph\">A v\u00edtima havia prestado depoimento em processo da opera\u00e7\u00e3o denominada \u201cCavalo de Troia\u201d, na qual os r\u00e9us eram investigados por tr\u00e1fico de drogas.<\/p>\n\n\n\n<p class=\"wp-block-paragraph\">A soma das penas ultrapassou 70 anos: D.S. foi condenado a 20 anos, 4 meses e 8 dias de reclus\u00e3o e ao pagamento de 10 dias-multa; V.M., a 16 anos, 9 meses e 15 dias de reclus\u00e3o e 10 dias-multa; R.M., a 17 anos e 6 meses de reclus\u00e3o; e G. M., a 18 anos de reclus\u00e3o e 10 dias-multa.<\/p>\n\n\n\n<p class=\"wp-block-paragraph\">O dia-multa foi fixado em 1\/30 do sal\u00e1rio m\u00ednimo vigente \u00e0 \u00e9poca dos fatos, e o regime inicial de cumprimento da pena dever\u00e1 ser o fechado.<\/p>\n\n\n\n<p class=\"wp-block-paragraph\">O crime ocorreu no Munic\u00edpio de Frei Inoc\u00eancio na noite de 19 de mar\u00e7o de 2019, no Bairro Pantanal. A v\u00edtima estava na varanda de sua casa quando foi atingida por disparos nas costas e na nuca.<\/p>\n\n\n\n<p class=\"wp-block-paragraph\">De acordo com a den\u00fancia, D.S. encabe\u00e7ou o crime, dirigindo as atividades dos outros envolvidos.<\/p>\n\n\n\n<p class=\"wp-block-paragraph\"><strong>Materialidade<\/strong><\/p>\n\n\n\n<p class=\"wp-block-paragraph\">O Conselho de Senten\u00e7a confirmou a materialidade dos crimes e acatou as qualificadoras \u2013 motivo torpe e emprego de recurso que dificultou a defesa da v\u00edtima. O r\u00e9u R.M. foi absolvido do crime de coa\u00e7\u00e3o no curso do processo.<\/p>\n\n\n\n<p class=\"wp-block-paragraph\">Ao dosar a pena, o juiz presidente do Tribunal do J\u00fari, Ev\u00e9rton Villaron de Souza, considerou o alto grau de reprovabilidade da conduta dos r\u00e9us.<\/p>\n\n\n\n<p class=\"wp-block-paragraph\">Ressaltou o motivo torpe do crime, uma vez que a v\u00edtima foi executada por ter prestado depoimento em processo criminal envolvendo os denunciados. Destacou ainda a ousadia e o desprezo dos r\u00e9us pela vida humana, lembrando que a v\u00edtima foi colhida de surpresa e atingida pelas costas.<\/p>\n\n\n\n<p class=\"wp-block-paragraph\">O juiz negou aos r\u00e9us o direito de recorrer em liberdade, considerando sua periculosidade.<\/p>\n\n\n\n<p class=\"has-text-color has-background has-very-light-gray-color has-very-dark-gray-background-color wp-block-paragraph\"><strong>VER PRIMEIRO: <\/strong>Receba as not\u00edcias do Aconteceu no Vale em primeira m\u00e3o. Clique em curtir no endere\u00e7o <a href=\"https:\/\/www.facebook.com\/aconteceunovale\" target=\"_blank\" rel=\"noreferrer noopener\">www.facebook.com\/aconteceunovale<\/a>.<\/p>\n","protected":false},"excerpt":{"rendered":"<p>Quatro homens foram condenados em Governador Valadares na \u00faltima quarta-feira (6\/11) por homic\u00eddio e associa\u00e7\u00e3o criminosa. Tr\u00eas deles foram sentenciados ainda por coa\u00e7\u00e3o no curso do processo. A v\u00edtima havia prestado depoimento em processo da opera\u00e7\u00e3o denominada \u201cCavalo de Troia\u201d, na qual os r\u00e9us eram investigados por tr\u00e1fico de drogas. A soma das penas ultrapassou [&hellip;]<\/p>\n","protected":false},"author":1,"featured_media":154580,"comment_status":"open","ping_status":"closed","sticky":false,"template":"","format":"standard","meta":{"amp_status":"","footnotes":""},"categories":[121],"tags":[210052,138910,290,247,18800,162908,138909,210053,210050,210051,162906,18801],"class_list":["post-154579","post","type-post","status-publish","format-standard","has-post-thumbnail","hentry","category-leste","tag-condenados-por-homicidio-em-frei-inocencio","tag-everton-villaron-de-souza","tag-frei-inocencio","tag-governador-valadares","tag-gv","tag-homicidio-em-frei-inocencio","tag-juiz-everton-villaron-de-souza","tag-julgamento-de-homicidas-de-frei-inocencio","tag-juri-de-governador-valadares","tag-juri-de-governador-valadares-condena-quatro-por-homicidio-em-frei-inocencio","tag-morto-em-frei-inocencio","tag-valadares"],"yoast_head":"<!-- This site is optimized with the Yoast SEO plugin v28.3 - https:\/\/yoast.com\/product\/yoast-seo-wordpress\/ -->\n<title>J\u00fari de Governador Valadares condena quatro por homic\u00eddio em Frei Inoc\u00eancio - Aconteceu no Vale<\/title>\n<meta name=\"robots\" content=\"index, follow, max-snippet:-1, max-image-preview:large, max-video-preview:-1\" \/>\n<link rel=\"canonical\" href=\"https:\/\/aconteceunovale.com.br\/portal\/?p=154579\" \/>\n<meta property=\"og:locale\" content=\"pt_BR\" \/>\n<meta property=\"og:type\" content=\"article\" \/>\n<meta property=\"og:title\" content=\"J\u00fari de Governador Valadares condena quatro por homic\u00eddio em Frei Inoc\u00eancio - Aconteceu no Vale\" \/>\n<meta property=\"og:description\" content=\"Quatro homens foram condenados em Governador Valadares na \u00faltima quarta-feira (6\/11) por homic\u00eddio e associa\u00e7\u00e3o criminosa. Tr\u00eas deles foram sentenciados ainda por coa\u00e7\u00e3o no curso do processo. A v\u00edtima havia prestado depoimento em processo da opera\u00e7\u00e3o denominada \u201cCavalo de Troia\u201d, na qual os r\u00e9us eram investigados por tr\u00e1fico de drogas. A soma das penas ultrapassou [&hellip;]\" \/>\n<meta property=\"og:url\" content=\"https:\/\/aconteceunovale.com.br\/portal\/?p=154579\" \/>\n<meta property=\"og:site_name\" content=\"Aconteceu no Vale\" \/>\n<meta property=\"article:publisher\" content=\"https:\/\/www.facebook.com\/aconteceunovale\/\" \/>\n<meta property=\"article:published_time\" content=\"2019-11-12T01:52:14+00:00\" \/>\n<meta property=\"article:modified_time\" content=\"2019-11-12T01:53:50+00:00\" \/>\n<meta property=\"og:image\" content=\"https:\/\/aconteceunovale.com.br\/portal\/wp-content\/uploads\/2019\/11\/frei_inocencio.jpg\" \/>\n\t<meta property=\"og:image:width\" content=\"675\" \/>\n\t<meta property=\"og:image:height\" content=\"450\" \/>\n\t<meta property=\"og:image:type\" content=\"image\/jpeg\" \/>\n<meta name=\"author\" content=\"Aconteceu no Vale\" \/>\n<meta name=\"twitter:card\" content=\"summary_large_image\" \/>\n<meta name=\"twitter:creator\" content=\"@noticiadosvales\" \/>\n<meta name=\"twitter:site\" content=\"@noticiadosvales\" \/>\n<meta name=\"twitter:label1\" content=\"Escrito por\" \/>\n\t<meta name=\"twitter:data1\" content=\"Aconteceu no Vale\" \/>\n\t<meta name=\"twitter:label2\" content=\"Est. tempo de leitura\" \/>\n\t<meta name=\"twitter:data2\" content=\"2 minutos\" \/>\n<script type=\"application\/ld+json\" class=\"yoast-schema-graph\">{\"@context\":\"https:\\\/\\\/schema.org\",\"@graph\":[{\"@type\":\"Article\",\"@id\":\"https:\\\/\\\/aconteceunovale.com.br\\\/portal\\\/?p=154579#article\",\"isPartOf\":{\"@id\":\"https:\\\/\\\/aconteceunovale.com.br\\\/portal\\\/?p=154579\"},\"author\":{\"name\":\"Aconteceu no Vale\",\"@id\":\"https:\\\/\\\/aconteceunovale.com.br\\\/portal\\\/#\\\/schema\\\/person\\\/633529146f2c94272bef50ac2953d589\"},\"headline\":\"J\u00fari de Governador Valadares condena quatro por homic\u00eddio em Frei Inoc\u00eancio\",\"datePublished\":\"2019-11-12T01:52:14+00:00\",\"dateModified\":\"2019-11-12T01:53:50+00:00\",\"mainEntityOfPage\":{\"@id\":\"https:\\\/\\\/aconteceunovale.com.br\\\/portal\\\/?p=154579\"},\"wordCount\":369,\"commentCount\":0,\"image\":{\"@id\":\"https:\\\/\\\/aconteceunovale.com.br\\\/portal\\\/?p=154579#primaryimage\"},\"thumbnailUrl\":\"https:\\\/\\\/aconteceunovale.com.br\\\/portal\\\/wp-content\\\/uploads\\\/2019\\\/11\\\/frei_inocencio.jpg\",\"keywords\":[\"Condenados por homic\u00eddio em Frei Inoc\u00eancio\",\"\u00c9verton Villaron de Souza\",\"Frei Inoc\u00eancio\",\"Governador Valadares\",\"gv\",\"Homic\u00eddio em Frei Inoc\u00eancio\",\"juiz \u00c9verton Villaron de Souza\",\"Julgamento de homicidas de Frei Inoc\u00eancio\",\"J\u00fari de Governador Valadares\",\"J\u00fari de Governador Valadares condena quatro por homic\u00eddio em Frei Inoc\u00eancio\",\"Morto em Frei Inoc\u00eancio\",\"valadares\"],\"articleSection\":[\"Leste de Minas\"],\"inLanguage\":\"pt-BR\",\"potentialAction\":[{\"@type\":\"CommentAction\",\"name\":\"Comment\",\"target\":[\"https:\\\/\\\/aconteceunovale.com.br\\\/portal\\\/?p=154579#respond\"]}]},{\"@type\":\"WebPage\",\"@id\":\"https:\\\/\\\/aconteceunovale.com.br\\\/portal\\\/?p=154579\",\"url\":\"https:\\\/\\\/aconteceunovale.com.br\\\/portal\\\/?p=154579\",\"name\":\"J\u00fari de Governador Valadares condena quatro por homic\u00eddio em Frei Inoc\u00eancio - Aconteceu no Vale\",\"isPartOf\":{\"@id\":\"https:\\\/\\\/aconteceunovale.com.br\\\/portal\\\/#website\"},\"primaryImageOfPage\":{\"@id\":\"https:\\\/\\\/aconteceunovale.com.br\\\/portal\\\/?p=154579#primaryimage\"},\"image\":{\"@id\":\"https:\\\/\\\/aconteceunovale.com.br\\\/portal\\\/?p=154579#primaryimage\"},\"thumbnailUrl\":\"https:\\\/\\\/aconteceunovale.com.br\\\/portal\\\/wp-content\\\/uploads\\\/2019\\\/11\\\/frei_inocencio.jpg\",\"datePublished\":\"2019-11-12T01:52:14+00:00\",\"dateModified\":\"2019-11-12T01:53:50+00:00\",\"author\":{\"@id\":\"https:\\\/\\\/aconteceunovale.com.br\\\/portal\\\/#\\\/schema\\\/person\\\/633529146f2c94272bef50ac2953d589\"},\"breadcrumb\":{\"@id\":\"https:\\\/\\\/aconteceunovale.com.br\\\/portal\\\/?p=154579#breadcrumb\"},\"inLanguage\":\"pt-BR\",\"potentialAction\":[{\"@type\":\"ReadAction\",\"target\":[\"https:\\\/\\\/aconteceunovale.com.br\\\/portal\\\/?p=154579\"]}]},{\"@type\":\"ImageObject\",\"inLanguage\":\"pt-BR\",\"@id\":\"https:\\\/\\\/aconteceunovale.com.br\\\/portal\\\/?p=154579#primaryimage\",\"url\":\"https:\\\/\\\/aconteceunovale.com.br\\\/portal\\\/wp-content\\\/uploads\\\/2019\\\/11\\\/frei_inocencio.jpg\",\"contentUrl\":\"https:\\\/\\\/aconteceunovale.com.br\\\/portal\\\/wp-content\\\/uploads\\\/2019\\\/11\\\/frei_inocencio.jpg\",\"width\":675,\"height\":450},{\"@type\":\"BreadcrumbList\",\"@id\":\"https:\\\/\\\/aconteceunovale.com.br\\\/portal\\\/?p=154579#breadcrumb\",\"itemListElement\":[{\"@type\":\"ListItem\",\"position\":1,\"name\":\"In\u00edcio\",\"item\":\"https:\\\/\\\/aconteceunovale.com.br\\\/portal\\\/\"},{\"@type\":\"ListItem\",\"position\":2,\"name\":\"J\u00fari de Governador Valadares condena quatro por homic\u00eddio em Frei Inoc\u00eancio\"}]},{\"@type\":\"WebSite\",\"@id\":\"https:\\\/\\\/aconteceunovale.com.br\\\/portal\\\/#website\",\"url\":\"https:\\\/\\\/aconteceunovale.com.br\\\/portal\\\/\",\"name\":\"Aconteceu no Vale\",\"description\":\"Portal de Not\u00edcias\",\"potentialAction\":[{\"@type\":\"SearchAction\",\"target\":{\"@type\":\"EntryPoint\",\"urlTemplate\":\"https:\\\/\\\/aconteceunovale.com.br\\\/portal\\\/?s={search_term_string}\"},\"query-input\":{\"@type\":\"PropertyValueSpecification\",\"valueRequired\":true,\"valueName\":\"search_term_string\"}}],\"inLanguage\":\"pt-BR\"},{\"@type\":\"Person\",\"@id\":\"https:\\\/\\\/aconteceunovale.com.br\\\/portal\\\/#\\\/schema\\\/person\\\/633529146f2c94272bef50ac2953d589\",\"name\":\"Aconteceu no Vale\",\"description\":\"Equipe de reportagem do Aconteceu no Vale, portal de not\u00edcias do Vale do Jequitinhonha, em Minas Gerais. Cobrimos as 51 cidades do Vale desde 2013. Sugest\u00f5es de pauta e pedidos de corre\u00e7\u00e3o: contato@aconteceunovale.com.br\",\"sameAs\":[\"http:\\\/\\\/www.aconteceunovale.com.br\"],\"url\":\"https:\\\/\\\/aconteceunovale.com.br\\\/portal\\\/?author=1\"}]}<\/script>\n<!-- \/ Yoast SEO plugin. -->","yoast_head_json":{"title":"J\u00fari de Governador Valadares condena quatro por homic\u00eddio em Frei Inoc\u00eancio - Aconteceu no Vale","robots":{"index":"index","follow":"follow","max-snippet":"max-snippet:-1","max-image-preview":"max-image-preview:large","max-video-preview":"max-video-preview:-1"},"canonical":"https:\/\/aconteceunovale.com.br\/portal\/?p=154579","og_locale":"pt_BR","og_type":"article","og_title":"J\u00fari de Governador Valadares condena quatro por homic\u00eddio em Frei Inoc\u00eancio - Aconteceu no Vale","og_description":"Quatro homens foram condenados em Governador Valadares na \u00faltima quarta-feira (6\/11) por homic\u00eddio e associa\u00e7\u00e3o criminosa. Tr\u00eas deles foram sentenciados ainda por coa\u00e7\u00e3o no curso do processo. A v\u00edtima havia prestado depoimento em processo da opera\u00e7\u00e3o denominada \u201cCavalo de Troia\u201d, na qual os r\u00e9us eram investigados por tr\u00e1fico de drogas. A soma das penas ultrapassou [&hellip;]","og_url":"https:\/\/aconteceunovale.com.br\/portal\/?p=154579","og_site_name":"Aconteceu no Vale","article_publisher":"https:\/\/www.facebook.com\/aconteceunovale\/","article_published_time":"2019-11-12T01:52:14+00:00","article_modified_time":"2019-11-12T01:53:50+00:00","og_image":[{"width":675,"height":450,"url":"https:\/\/aconteceunovale.com.br\/portal\/wp-content\/uploads\/2019\/11\/frei_inocencio.jpg","type":"image\/jpeg"}],"author":"Aconteceu no Vale","twitter_card":"summary_large_image","twitter_creator":"@noticiadosvales","twitter_site":"@noticiadosvales","twitter_misc":{"Escrito por":"Aconteceu no Vale","Est. tempo de leitura":"2 minutos"},"schema":{"@context":"https:\/\/schema.org","@graph":[{"@type":"Article","@id":"https:\/\/aconteceunovale.com.br\/portal\/?p=154579#article","isPartOf":{"@id":"https:\/\/aconteceunovale.com.br\/portal\/?p=154579"},"author":{"name":"Aconteceu no Vale","@id":"https:\/\/aconteceunovale.com.br\/portal\/#\/schema\/person\/633529146f2c94272bef50ac2953d589"},"headline":"J\u00fari de Governador Valadares condena quatro por homic\u00eddio em Frei Inoc\u00eancio","datePublished":"2019-11-12T01:52:14+00:00","dateModified":"2019-11-12T01:53:50+00:00","mainEntityOfPage":{"@id":"https:\/\/aconteceunovale.com.br\/portal\/?p=154579"},"wordCount":369,"commentCount":0,"image":{"@id":"https:\/\/aconteceunovale.com.br\/portal\/?p=154579#primaryimage"},"thumbnailUrl":"https:\/\/aconteceunovale.com.br\/portal\/wp-content\/uploads\/2019\/11\/frei_inocencio.jpg","keywords":["Condenados por homic\u00eddio em Frei Inoc\u00eancio","\u00c9verton Villaron de Souza","Frei Inoc\u00eancio","Governador Valadares","gv","Homic\u00eddio em Frei Inoc\u00eancio","juiz \u00c9verton Villaron de Souza","Julgamento de homicidas de Frei Inoc\u00eancio","J\u00fari de Governador Valadares","J\u00fari de Governador Valadares condena quatro por homic\u00eddio em Frei Inoc\u00eancio","Morto em Frei Inoc\u00eancio","valadares"],"articleSection":["Leste de Minas"],"inLanguage":"pt-BR","potentialAction":[{"@type":"CommentAction","name":"Comment","target":["https:\/\/aconteceunovale.com.br\/portal\/?p=154579#respond"]}]},{"@type":"WebPage","@id":"https:\/\/aconteceunovale.com.br\/portal\/?p=154579","url":"https:\/\/aconteceunovale.com.br\/portal\/?p=154579","name":"J\u00fari de Governador Valadares condena quatro por homic\u00eddio em Frei Inoc\u00eancio - Aconteceu no Vale","isPartOf":{"@id":"https:\/\/aconteceunovale.com.br\/portal\/#website"},"primaryImageOfPage":{"@id":"https:\/\/aconteceunovale.com.br\/portal\/?p=154579#primaryimage"},"image":{"@id":"https:\/\/aconteceunovale.com.br\/portal\/?p=154579#primaryimage"},"thumbnailUrl":"https:\/\/aconteceunovale.com.br\/portal\/wp-content\/uploads\/2019\/11\/frei_inocencio.jpg","datePublished":"2019-11-12T01:52:14+00:00","dateModified":"2019-11-12T01:53:50+00:00","author":{"@id":"https:\/\/aconteceunovale.com.br\/portal\/#\/schema\/person\/633529146f2c94272bef50ac2953d589"},"breadcrumb":{"@id":"https:\/\/aconteceunovale.com.br\/portal\/?p=154579#breadcrumb"},"inLanguage":"pt-BR","potentialAction":[{"@type":"ReadAction","target":["https:\/\/aconteceunovale.com.br\/portal\/?p=154579"]}]},{"@type":"ImageObject","inLanguage":"pt-BR","@id":"https:\/\/aconteceunovale.com.br\/portal\/?p=154579#primaryimage","url":"https:\/\/aconteceunovale.com.br\/portal\/wp-content\/uploads\/2019\/11\/frei_inocencio.jpg","contentUrl":"https:\/\/aconteceunovale.com.br\/portal\/wp-content\/uploads\/2019\/11\/frei_inocencio.jpg","width":675,"height":450},{"@type":"BreadcrumbList","@id":"https:\/\/aconteceunovale.com.br\/portal\/?p=154579#breadcrumb","itemListElement":[{"@type":"ListItem","position":1,"name":"In\u00edcio","item":"https:\/\/aconteceunovale.com.br\/portal\/"},{"@type":"ListItem","position":2,"name":"J\u00fari de Governador Valadares condena quatro por homic\u00eddio em Frei Inoc\u00eancio"}]},{"@type":"WebSite","@id":"https:\/\/aconteceunovale.com.br\/portal\/#website","url":"https:\/\/aconteceunovale.com.br\/portal\/","name":"Aconteceu no Vale","description":"Portal de Not\u00edcias","potentialAction":[{"@type":"SearchAction","target":{"@type":"EntryPoint","urlTemplate":"https:\/\/aconteceunovale.com.br\/portal\/?s={search_term_string}"},"query-input":{"@type":"PropertyValueSpecification","valueRequired":true,"valueName":"search_term_string"}}],"inLanguage":"pt-BR"},{"@type":"Person","@id":"https:\/\/aconteceunovale.com.br\/portal\/#\/schema\/person\/633529146f2c94272bef50ac2953d589","name":"Aconteceu no Vale","description":"Equipe de reportagem do Aconteceu no Vale, portal de not\u00edcias do Vale do Jequitinhonha, em Minas Gerais. Cobrimos as 51 cidades do Vale desde 2013. Sugest\u00f5es de pauta e pedidos de corre\u00e7\u00e3o: contato@aconteceunovale.com.br","sameAs":["http:\/\/www.aconteceunovale.com.br"],"url":"https:\/\/aconteceunovale.com.br\/portal\/?author=1"}]}},"_links":{"self":[{"href":"https:\/\/aconteceunovale.com.br\/portal\/index.php?rest_route=\/wp\/v2\/posts\/154579","targetHints":{"allow":["GET"]}}],"collection":[{"href":"https:\/\/aconteceunovale.com.br\/portal\/index.php?rest_route=\/wp\/v2\/posts"}],"about":[{"href":"https:\/\/aconteceunovale.com.br\/portal\/index.php?rest_route=\/wp\/v2\/types\/post"}],"author":[{"embeddable":true,"href":"https:\/\/aconteceunovale.com.br\/portal\/index.php?rest_route=\/wp\/v2\/users\/1"}],"replies":[{"embeddable":true,"href":"https:\/\/aconteceunovale.com.br\/portal\/index.php?rest_route=%2Fwp%2Fv2%2Fcomments&post=154579"}],"version-history":[{"count":1,"href":"https:\/\/aconteceunovale.com.br\/portal\/index.php?rest_route=\/wp\/v2\/posts\/154579\/revisions"}],"predecessor-version":[{"id":154581,"href":"https:\/\/aconteceunovale.com.br\/portal\/index.php?rest_route=\/wp\/v2\/posts\/154579\/revisions\/154581"}],"wp:featuredmedia":[{"embeddable":true,"href":"https:\/\/aconteceunovale.com.br\/portal\/index.php?rest_route=\/wp\/v2\/media\/154580"}],"wp:attachment":[{"href":"https:\/\/aconteceunovale.com.br\/portal\/index.php?rest_route=%2Fwp%2Fv2%2Fmedia&parent=154579"}],"wp:term":[{"taxonomy":"category","embeddable":true,"href":"https:\/\/aconteceunovale.com.br\/portal\/index.php?rest_route=%2Fwp%2Fv2%2Fcategories&post=154579"},{"taxonomy":"post_tag","embeddable":true,"href":"https:\/\/aconteceunovale.com.br\/portal\/index.php?rest_route=%2Fwp%2Fv2%2Ftags&post=154579"}],"curies":[{"name":"wp","href":"https:\/\/api.w.org\/{rel}","templated":true}]}}