{"id":154577,"date":"2019-11-11T22:34:19","date_gmt":"2019-11-12T01:34:19","guid":{"rendered":"http:\/\/aconteceunovale.com.br\/portal\/?p=154577"},"modified":"2026-09-02T12:10:56","modified_gmt":"2026-09-02T15:10:56","slug":"municipio-de-angelandia-e-condenado-a-pagar-indenizacao-por-morte-em-acidente-de-transito","status":"publish","type":"post","link":"https:\/\/aconteceunovale.com.br\/portal\/?p=154577","title":{"rendered":"Munic\u00edpio de Angel\u00e2ndia \u00e9 condenado a pagar indeniza\u00e7\u00e3o por morte em acidente de tr\u00e2nsito"},"content":{"rendered":"\n<p class=\"wp-block-paragraph\">A fam\u00edlia de um homem de 28 anos, que morreu atropelado por um ve\u00edculo conduzido por um servidor p\u00fablico, ser\u00e1 indenizada pelo Munic\u00edpio de Angel\u00e2ndia e pelo motorista. Pai, m\u00e3e e um irm\u00e3o da v\u00edtima v\u00e3o receber R$ 25 mil cada e mais uma pens\u00e3o mensal, por determina\u00e7\u00e3o da 4\u00aa C\u00e2mara C\u00edvel do Tribunal de Justi\u00e7a de Minas Gerais (TJMG).<\/p>\n\n\n\n<p class=\"wp-block-paragraph\">A decis\u00e3o atendeu a pedido dos familiares do pedestre, que recorreram contra a senten\u00e7a da Comarca de Capelinha. Eles defenderam que a v\u00edtima era arrimo de fam\u00edlia e pediram o aumento da quantia a ser paga pelo Executivo municipal e pelo respons\u00e1vel pelo acidente. Inicialmente, a indeniza\u00e7\u00e3o estipulada foi de R$ 12 mil.<\/p>\n\n\n\n<p class=\"wp-block-paragraph\">O grupo de lavradores argumentou que perdeu um ente querido porque um funcion\u00e1rio p\u00fablico agiu com imprud\u00eancia e imper\u00edcia, dirigindo em alta velocidade e sob efeito de \u00e1lcool. Segundo a fam\u00edlia, o condutor fugiu sem prestar socorro.<\/p>\n\n\n\n<p class=\"wp-block-paragraph\"><strong>Alega\u00e7\u00f5es<\/strong><\/p>\n\n\n\n<p class=\"wp-block-paragraph\">O Munic\u00edpio de Angel\u00e2ndia tamb\u00e9m questionou a decis\u00e3o de primeira inst\u00e2ncia, alegando que o acidente ocorreu por culpa exclusiva da v\u00edtima, que desobedeceu \u00e0s normas de tr\u00e2nsito ao transitar no meio da rua. A prefeitura sustentou, al\u00e9m disso, que o valor fixado era muito alto e deveria ser reduzido para R$ 2 mil.<\/p>\n\n\n\n<p class=\"wp-block-paragraph\">O motorista, por sua vez, confessou o atropelamento, mas argumentou que a v\u00edtima foi a \u00fanica culpada. Ele disse, ainda, que o local do acidente \u00e9 escuro, cheio de \u00e1rvores, obstruindo a vis\u00e3o, e n\u00e3o tem faixa de pedestre.<\/p>\n\n\n\n<p class=\"wp-block-paragraph\">De acordo com o condutor, a velocidade do carro era de cerca de 50 km\/h quando o jovem, inesperadamente, saiu de tr\u00e1s de uma \u00e1rvore. Ele ainda negou estar embriagado e declarou que n\u00e3o deu tempo de frear.<\/p>\n\n\n\n<p class=\"wp-block-paragraph\"><strong>Recurso<\/strong><\/p>\n\n\n\n<p class=\"wp-block-paragraph\">A quest\u00e3o foi analisada pelo desembargador Renato Dresch. O relator do recurso considerou que a v\u00edtima adotou comportamento que contribuiu para o acidente, pois caminhava a aproximadamente um metro do meio-fio. Utilizando como par\u00e2metro a indeniza\u00e7\u00e3o arbitrada em casos semelhantes, R$ 50 mil, ele a reduziu pela metade.<\/p>\n\n\n\n<p class=\"wp-block-paragraph\">Quanto aos danos materiais, o magistrado concedeu a pens\u00e3o mensal \u00fanica de 1\/3 do sal\u00e1rio m\u00ednimo, desde a data da morte do rapaz at\u00e9 o dia em que completaria 65 anos de idade.<\/p>\n\n\n\n<p class=\"wp-block-paragraph\">Os desembargadores Kildare Carvalho e Moreira Diniz acompanharam o posicionamento do relator.<\/p>\n\n\n\n<p class=\"has-text-color has-background has-very-light-gray-color has-very-dark-gray-background-color wp-block-paragraph\"><strong>VER PRIMEIRO: <\/strong>Receba as not\u00edcias do Aconteceu no Vale em primeira m\u00e3o. Clique em curtir no endere\u00e7o <a href=\"https:\/\/www.facebook.com\/aconteceunovale\" target=\"_blank\" rel=\"noreferrer noopener\">www.facebook.com\/aconteceunovale<\/a>.<\/p>\n","protected":false},"excerpt":{"rendered":"<p>A fam\u00edlia de um homem de 28 anos, que morreu atropelado por um ve\u00edculo conduzido por um servidor p\u00fablico, ser\u00e1 indenizada pelo Munic\u00edpio de Angel\u00e2ndia e pelo motorista. Pai, m\u00e3e e um irm\u00e3o da v\u00edtima v\u00e3o receber R$ 25 mil cada e mais uma pens\u00e3o mensal, por determina\u00e7\u00e3o da 4\u00aa C\u00e2mara C\u00edvel do Tribunal de [&hellip;]<\/p>\n","protected":false},"author":1,"featured_media":153854,"comment_status":"open","ping_status":"closed","sticky":false,"template":"","format":"standard","meta":{"amp_status":"","footnotes":""},"categories":[272529,120],"tags":[162141,657,210049,132,210044,1018,210045,210043,210048,210046,270,92646,210047],"class_list":["post-154577","post","type-post","status-publish","format-standard","has-post-thumbnail","hentry","category-angelandia","category-jequi","tag-acidente-em-angelandia","tag-angelandia","tag-atropelamento-em-angelandia","tag-capelinha","tag-condenacao-municipio-de-angelandia","tag-destaque","tag-indenizacao-municipio-de-angelandia","tag-municipio-de-angelandia","tag-municipio-de-angelandia-e-condenado-a-pagar-indenizacao-por-morte-em-acidente-de-transito","tag-processo-municipio-de-angelandia","tag-tjmg","tag-tribunal-de-justica-de-minas-gerais","tag-valdinei-lima-martins"],"yoast_head":"<!-- This site is optimized with the Yoast SEO plugin v28.3 - https:\/\/yoast.com\/product\/yoast-seo-wordpress\/ -->\n<title>Munic\u00edpio de Angel\u00e2ndia \u00e9 condenado a pagar indeniza\u00e7\u00e3o por morte em acidente de tr\u00e2nsito - Aconteceu no Vale<\/title>\n<meta name=\"robots\" content=\"index, follow, max-snippet:-1, max-image-preview:large, max-video-preview:-1\" \/>\n<link rel=\"canonical\" href=\"https:\/\/aconteceunovale.com.br\/portal\/?p=154577\" \/>\n<meta property=\"og:locale\" content=\"pt_BR\" \/>\n<meta property=\"og:type\" content=\"article\" \/>\n<meta property=\"og:title\" content=\"Munic\u00edpio de Angel\u00e2ndia \u00e9 condenado a pagar indeniza\u00e7\u00e3o por morte em acidente de tr\u00e2nsito - Aconteceu no Vale\" \/>\n<meta property=\"og:description\" content=\"A fam\u00edlia de um homem de 28 anos, que morreu atropelado por um ve\u00edculo conduzido por um servidor p\u00fablico, ser\u00e1 indenizada pelo Munic\u00edpio de Angel\u00e2ndia e pelo motorista. Pai, m\u00e3e e um irm\u00e3o da v\u00edtima v\u00e3o receber R$ 25 mil cada e mais uma pens\u00e3o mensal, por determina\u00e7\u00e3o da 4\u00aa C\u00e2mara C\u00edvel do Tribunal de [&hellip;]\" \/>\n<meta property=\"og:url\" content=\"https:\/\/aconteceunovale.com.br\/portal\/?p=154577\" \/>\n<meta property=\"og:site_name\" content=\"Aconteceu no Vale\" \/>\n<meta property=\"article:publisher\" content=\"https:\/\/www.facebook.com\/aconteceunovale\/\" \/>\n<meta property=\"article:published_time\" content=\"2019-11-12T01:34:19+00:00\" \/>\n<meta property=\"article:modified_time\" content=\"2026-09-02T15:10:56+00:00\" \/>\n<meta property=\"og:image\" content=\"https:\/\/aconteceunovale.com.br\/portal\/wp-content\/uploads\/2019\/10\/dinheiro.png\" \/>\n\t<meta property=\"og:image:width\" content=\"678\" \/>\n\t<meta property=\"og:image:height\" content=\"427\" \/>\n\t<meta property=\"og:image:type\" content=\"image\/png\" \/>\n<meta name=\"author\" content=\"Aconteceu no Vale\" \/>\n<meta name=\"twitter:card\" content=\"summary_large_image\" \/>\n<meta name=\"twitter:creator\" content=\"@noticiadosvales\" \/>\n<meta name=\"twitter:site\" content=\"@noticiadosvales\" \/>\n<meta name=\"twitter:label1\" content=\"Escrito por\" \/>\n\t<meta name=\"twitter:data1\" content=\"Aconteceu no Vale\" \/>\n\t<meta name=\"twitter:label2\" content=\"Est. tempo de leitura\" \/>\n\t<meta name=\"twitter:data2\" content=\"2 minutos\" \/>\n<script type=\"application\/ld+json\" class=\"yoast-schema-graph\">{\"@context\":\"https:\\\/\\\/schema.org\",\"@graph\":[{\"@type\":\"Article\",\"@id\":\"https:\\\/\\\/aconteceunovale.com.br\\\/portal\\\/?p=154577#article\",\"isPartOf\":{\"@id\":\"https:\\\/\\\/aconteceunovale.com.br\\\/portal\\\/?p=154577\"},\"author\":{\"name\":\"Aconteceu no Vale\",\"@id\":\"https:\\\/\\\/aconteceunovale.com.br\\\/portal\\\/#\\\/schema\\\/person\\\/633529146f2c94272bef50ac2953d589\"},\"headline\":\"Munic\u00edpio de Angel\u00e2ndia \u00e9 condenado a pagar indeniza\u00e7\u00e3o por morte em acidente de tr\u00e2nsito\",\"datePublished\":\"2019-11-12T01:34:19+00:00\",\"dateModified\":\"2026-09-02T15:10:56+00:00\",\"mainEntityOfPage\":{\"@id\":\"https:\\\/\\\/aconteceunovale.com.br\\\/portal\\\/?p=154577\"},\"wordCount\":453,\"commentCount\":0,\"image\":{\"@id\":\"https:\\\/\\\/aconteceunovale.com.br\\\/portal\\\/?p=154577#primaryimage\"},\"thumbnailUrl\":\"https:\\\/\\\/aconteceunovale.com.br\\\/portal\\\/wp-content\\\/uploads\\\/2019\\\/10\\\/dinheiro.png\",\"keywords\":[\"Acidente em Angel\u00e2ndia\",\"Angel\u00e2ndia\",\"Atropelamento em Angel\u00e2ndia\",\"Capelinha\",\"Condena\u00e7\u00e3o Munic\u00edpio de Angel\u00e2ndia\",\"destaque\",\"Indeniza\u00e7\u00e3o Munic\u00edpio de Angel\u00e2ndia\",\"Munic\u00edpio de Angel\u00e2ndia\",\"Munic\u00edpio de Angel\u00e2ndia \u00e9 condenado a pagar indeniza\u00e7\u00e3o por morte em acidente de tr\u00e2nsito\",\"Processo Munic\u00edpio de Angel\u00e2ndia\",\"TJMG\",\"Tribunal de Justi\u00e7a de Minas Gerais\",\"Valdinei Lima Martins\"],\"articleSection\":[\"Angel\u00e2ndia\",\"Vale do Jequitinhonha\"],\"inLanguage\":\"pt-BR\",\"potentialAction\":[{\"@type\":\"CommentAction\",\"name\":\"Comment\",\"target\":[\"https:\\\/\\\/aconteceunovale.com.br\\\/portal\\\/?p=154577#respond\"]}]},{\"@type\":\"WebPage\",\"@id\":\"https:\\\/\\\/aconteceunovale.com.br\\\/portal\\\/?p=154577\",\"url\":\"https:\\\/\\\/aconteceunovale.com.br\\\/portal\\\/?p=154577\",\"name\":\"Munic\u00edpio de Angel\u00e2ndia \u00e9 condenado a pagar indeniza\u00e7\u00e3o por morte em acidente de tr\u00e2nsito - Aconteceu no Vale\",\"isPartOf\":{\"@id\":\"https:\\\/\\\/aconteceunovale.com.br\\\/portal\\\/#website\"},\"primaryImageOfPage\":{\"@id\":\"https:\\\/\\\/aconteceunovale.com.br\\\/portal\\\/?p=154577#primaryimage\"},\"image\":{\"@id\":\"https:\\\/\\\/aconteceunovale.com.br\\\/portal\\\/?p=154577#primaryimage\"},\"thumbnailUrl\":\"https:\\\/\\\/aconteceunovale.com.br\\\/portal\\\/wp-content\\\/uploads\\\/2019\\\/10\\\/dinheiro.png\",\"datePublished\":\"2019-11-12T01:34:19+00:00\",\"dateModified\":\"2026-09-02T15:10:56+00:00\",\"author\":{\"@id\":\"https:\\\/\\\/aconteceunovale.com.br\\\/portal\\\/#\\\/schema\\\/person\\\/633529146f2c94272bef50ac2953d589\"},\"breadcrumb\":{\"@id\":\"https:\\\/\\\/aconteceunovale.com.br\\\/portal\\\/?p=154577#breadcrumb\"},\"inLanguage\":\"pt-BR\",\"potentialAction\":[{\"@type\":\"ReadAction\",\"target\":[\"https:\\\/\\\/aconteceunovale.com.br\\\/portal\\\/?p=154577\"]}]},{\"@type\":\"ImageObject\",\"inLanguage\":\"pt-BR\",\"@id\":\"https:\\\/\\\/aconteceunovale.com.br\\\/portal\\\/?p=154577#primaryimage\",\"url\":\"https:\\\/\\\/aconteceunovale.com.br\\\/portal\\\/wp-content\\\/uploads\\\/2019\\\/10\\\/dinheiro.png\",\"contentUrl\":\"https:\\\/\\\/aconteceunovale.com.br\\\/portal\\\/wp-content\\\/uploads\\\/2019\\\/10\\\/dinheiro.png\",\"width\":678,\"height\":427},{\"@type\":\"BreadcrumbList\",\"@id\":\"https:\\\/\\\/aconteceunovale.com.br\\\/portal\\\/?p=154577#breadcrumb\",\"itemListElement\":[{\"@type\":\"ListItem\",\"position\":1,\"name\":\"In\u00edcio\",\"item\":\"https:\\\/\\\/aconteceunovale.com.br\\\/portal\\\/\"},{\"@type\":\"ListItem\",\"position\":2,\"name\":\"Munic\u00edpio de Angel\u00e2ndia \u00e9 condenado a pagar indeniza\u00e7\u00e3o por morte em acidente de tr\u00e2nsito\"}]},{\"@type\":\"WebSite\",\"@id\":\"https:\\\/\\\/aconteceunovale.com.br\\\/portal\\\/#website\",\"url\":\"https:\\\/\\\/aconteceunovale.com.br\\\/portal\\\/\",\"name\":\"Aconteceu no Vale\",\"description\":\"Portal de Not\u00edcias\",\"potentialAction\":[{\"@type\":\"SearchAction\",\"target\":{\"@type\":\"EntryPoint\",\"urlTemplate\":\"https:\\\/\\\/aconteceunovale.com.br\\\/portal\\\/?s={search_term_string}\"},\"query-input\":{\"@type\":\"PropertyValueSpecification\",\"valueRequired\":true,\"valueName\":\"search_term_string\"}}],\"inLanguage\":\"pt-BR\"},{\"@type\":\"Person\",\"@id\":\"https:\\\/\\\/aconteceunovale.com.br\\\/portal\\\/#\\\/schema\\\/person\\\/633529146f2c94272bef50ac2953d589\",\"name\":\"Aconteceu no Vale\",\"description\":\"Equipe de reportagem do Aconteceu no Vale, portal de not\u00edcias do Vale do Jequitinhonha, em Minas Gerais. Cobrimos as 51 cidades do Vale desde 2013. Sugest\u00f5es de pauta e pedidos de corre\u00e7\u00e3o: contato@aconteceunovale.com.br\",\"sameAs\":[\"http:\\\/\\\/www.aconteceunovale.com.br\"],\"url\":\"https:\\\/\\\/aconteceunovale.com.br\\\/portal\\\/?author=1\"}]}<\/script>\n<!-- \/ Yoast SEO plugin. -->","yoast_head_json":{"title":"Munic\u00edpio de Angel\u00e2ndia \u00e9 condenado a pagar indeniza\u00e7\u00e3o por morte em acidente de tr\u00e2nsito - Aconteceu no Vale","robots":{"index":"index","follow":"follow","max-snippet":"max-snippet:-1","max-image-preview":"max-image-preview:large","max-video-preview":"max-video-preview:-1"},"canonical":"https:\/\/aconteceunovale.com.br\/portal\/?p=154577","og_locale":"pt_BR","og_type":"article","og_title":"Munic\u00edpio de Angel\u00e2ndia \u00e9 condenado a pagar indeniza\u00e7\u00e3o por morte em acidente de tr\u00e2nsito - Aconteceu no Vale","og_description":"A fam\u00edlia de um homem de 28 anos, que morreu atropelado por um ve\u00edculo conduzido por um servidor p\u00fablico, ser\u00e1 indenizada pelo Munic\u00edpio de Angel\u00e2ndia e pelo motorista. Pai, m\u00e3e e um irm\u00e3o da v\u00edtima v\u00e3o receber R$ 25 mil cada e mais uma pens\u00e3o mensal, por determina\u00e7\u00e3o da 4\u00aa C\u00e2mara C\u00edvel do Tribunal de [&hellip;]","og_url":"https:\/\/aconteceunovale.com.br\/portal\/?p=154577","og_site_name":"Aconteceu no Vale","article_publisher":"https:\/\/www.facebook.com\/aconteceunovale\/","article_published_time":"2019-11-12T01:34:19+00:00","article_modified_time":"2026-09-02T15:10:56+00:00","og_image":[{"width":678,"height":427,"url":"https:\/\/aconteceunovale.com.br\/portal\/wp-content\/uploads\/2019\/10\/dinheiro.png","type":"image\/png"}],"author":"Aconteceu no Vale","twitter_card":"summary_large_image","twitter_creator":"@noticiadosvales","twitter_site":"@noticiadosvales","twitter_misc":{"Escrito por":"Aconteceu no Vale","Est. tempo de leitura":"2 minutos"},"schema":{"@context":"https:\/\/schema.org","@graph":[{"@type":"Article","@id":"https:\/\/aconteceunovale.com.br\/portal\/?p=154577#article","isPartOf":{"@id":"https:\/\/aconteceunovale.com.br\/portal\/?p=154577"},"author":{"name":"Aconteceu no Vale","@id":"https:\/\/aconteceunovale.com.br\/portal\/#\/schema\/person\/633529146f2c94272bef50ac2953d589"},"headline":"Munic\u00edpio de Angel\u00e2ndia \u00e9 condenado a pagar indeniza\u00e7\u00e3o por morte em acidente de tr\u00e2nsito","datePublished":"2019-11-12T01:34:19+00:00","dateModified":"2026-09-02T15:10:56+00:00","mainEntityOfPage":{"@id":"https:\/\/aconteceunovale.com.br\/portal\/?p=154577"},"wordCount":453,"commentCount":0,"image":{"@id":"https:\/\/aconteceunovale.com.br\/portal\/?p=154577#primaryimage"},"thumbnailUrl":"https:\/\/aconteceunovale.com.br\/portal\/wp-content\/uploads\/2019\/10\/dinheiro.png","keywords":["Acidente em Angel\u00e2ndia","Angel\u00e2ndia","Atropelamento em Angel\u00e2ndia","Capelinha","Condena\u00e7\u00e3o Munic\u00edpio de Angel\u00e2ndia","destaque","Indeniza\u00e7\u00e3o Munic\u00edpio de Angel\u00e2ndia","Munic\u00edpio de Angel\u00e2ndia","Munic\u00edpio de Angel\u00e2ndia \u00e9 condenado a pagar indeniza\u00e7\u00e3o por morte em acidente de tr\u00e2nsito","Processo Munic\u00edpio de Angel\u00e2ndia","TJMG","Tribunal de Justi\u00e7a de Minas Gerais","Valdinei Lima Martins"],"articleSection":["Angel\u00e2ndia","Vale do Jequitinhonha"],"inLanguage":"pt-BR","potentialAction":[{"@type":"CommentAction","name":"Comment","target":["https:\/\/aconteceunovale.com.br\/portal\/?p=154577#respond"]}]},{"@type":"WebPage","@id":"https:\/\/aconteceunovale.com.br\/portal\/?p=154577","url":"https:\/\/aconteceunovale.com.br\/portal\/?p=154577","name":"Munic\u00edpio de Angel\u00e2ndia \u00e9 condenado a pagar indeniza\u00e7\u00e3o por morte em acidente de tr\u00e2nsito - Aconteceu no Vale","isPartOf":{"@id":"https:\/\/aconteceunovale.com.br\/portal\/#website"},"primaryImageOfPage":{"@id":"https:\/\/aconteceunovale.com.br\/portal\/?p=154577#primaryimage"},"image":{"@id":"https:\/\/aconteceunovale.com.br\/portal\/?p=154577#primaryimage"},"thumbnailUrl":"https:\/\/aconteceunovale.com.br\/portal\/wp-content\/uploads\/2019\/10\/dinheiro.png","datePublished":"2019-11-12T01:34:19+00:00","dateModified":"2026-09-02T15:10:56+00:00","author":{"@id":"https:\/\/aconteceunovale.com.br\/portal\/#\/schema\/person\/633529146f2c94272bef50ac2953d589"},"breadcrumb":{"@id":"https:\/\/aconteceunovale.com.br\/portal\/?p=154577#breadcrumb"},"inLanguage":"pt-BR","potentialAction":[{"@type":"ReadAction","target":["https:\/\/aconteceunovale.com.br\/portal\/?p=154577"]}]},{"@type":"ImageObject","inLanguage":"pt-BR","@id":"https:\/\/aconteceunovale.com.br\/portal\/?p=154577#primaryimage","url":"https:\/\/aconteceunovale.com.br\/portal\/wp-content\/uploads\/2019\/10\/dinheiro.png","contentUrl":"https:\/\/aconteceunovale.com.br\/portal\/wp-content\/uploads\/2019\/10\/dinheiro.png","width":678,"height":427},{"@type":"BreadcrumbList","@id":"https:\/\/aconteceunovale.com.br\/portal\/?p=154577#breadcrumb","itemListElement":[{"@type":"ListItem","position":1,"name":"In\u00edcio","item":"https:\/\/aconteceunovale.com.br\/portal\/"},{"@type":"ListItem","position":2,"name":"Munic\u00edpio de Angel\u00e2ndia \u00e9 condenado a pagar indeniza\u00e7\u00e3o por morte em acidente de tr\u00e2nsito"}]},{"@type":"WebSite","@id":"https:\/\/aconteceunovale.com.br\/portal\/#website","url":"https:\/\/aconteceunovale.com.br\/portal\/","name":"Aconteceu no Vale","description":"Portal de Not\u00edcias","potentialAction":[{"@type":"SearchAction","target":{"@type":"EntryPoint","urlTemplate":"https:\/\/aconteceunovale.com.br\/portal\/?s={search_term_string}"},"query-input":{"@type":"PropertyValueSpecification","valueRequired":true,"valueName":"search_term_string"}}],"inLanguage":"pt-BR"},{"@type":"Person","@id":"https:\/\/aconteceunovale.com.br\/portal\/#\/schema\/person\/633529146f2c94272bef50ac2953d589","name":"Aconteceu no Vale","description":"Equipe de reportagem do Aconteceu no Vale, portal de not\u00edcias do Vale do Jequitinhonha, em Minas Gerais. Cobrimos as 51 cidades do Vale desde 2013. Sugest\u00f5es de pauta e pedidos de corre\u00e7\u00e3o: contato@aconteceunovale.com.br","sameAs":["http:\/\/www.aconteceunovale.com.br"],"url":"https:\/\/aconteceunovale.com.br\/portal\/?author=1"}]}},"_links":{"self":[{"href":"https:\/\/aconteceunovale.com.br\/portal\/index.php?rest_route=\/wp\/v2\/posts\/154577","targetHints":{"allow":["GET"]}}],"collection":[{"href":"https:\/\/aconteceunovale.com.br\/portal\/index.php?rest_route=\/wp\/v2\/posts"}],"about":[{"href":"https:\/\/aconteceunovale.com.br\/portal\/index.php?rest_route=\/wp\/v2\/types\/post"}],"author":[{"embeddable":true,"href":"https:\/\/aconteceunovale.com.br\/portal\/index.php?rest_route=\/wp\/v2\/users\/1"}],"replies":[{"embeddable":true,"href":"https:\/\/aconteceunovale.com.br\/portal\/index.php?rest_route=%2Fwp%2Fv2%2Fcomments&post=154577"}],"version-history":[{"count":1,"href":"https:\/\/aconteceunovale.com.br\/portal\/index.php?rest_route=\/wp\/v2\/posts\/154577\/revisions"}],"predecessor-version":[{"id":154578,"href":"https:\/\/aconteceunovale.com.br\/portal\/index.php?rest_route=\/wp\/v2\/posts\/154577\/revisions\/154578"}],"wp:featuredmedia":[{"embeddable":true,"href":"https:\/\/aconteceunovale.com.br\/portal\/index.php?rest_route=\/wp\/v2\/media\/153854"}],"wp:attachment":[{"href":"https:\/\/aconteceunovale.com.br\/portal\/index.php?rest_route=%2Fwp%2Fv2%2Fmedia&parent=154577"}],"wp:term":[{"taxonomy":"category","embeddable":true,"href":"https:\/\/aconteceunovale.com.br\/portal\/index.php?rest_route=%2Fwp%2Fv2%2Fcategories&post=154577"},{"taxonomy":"post_tag","embeddable":true,"href":"https:\/\/aconteceunovale.com.br\/portal\/index.php?rest_route=%2Fwp%2Fv2%2Ftags&post=154577"}],"curies":[{"name":"wp","href":"https:\/\/api.w.org\/{rel}","templated":true}]}}