{"id":154572,"date":"2019-11-11T20:19:27","date_gmt":"2019-11-11T23:19:27","guid":{"rendered":"http:\/\/aconteceunovale.com.br\/portal\/?p=154572"},"modified":"2019-11-11T20:21:04","modified_gmt":"2019-11-11T23:21:04","slug":"mexico-concede-asilo-politico-a-evo-morales","status":"publish","type":"post","link":"https:\/\/aconteceunovale.com.br\/portal\/?p=154572","title":{"rendered":"M\u00e9xico concede asilo pol\u00edtico a Evo Morales"},"content":{"rendered":"\n<p class=\"wp-block-paragraph\">O M\u00e9xico concedeu hoje (11) asilo pol\u00edtico ao ex-presidente da Bol\u00edvia Evo Morales. Por meio de sua conta na rede social Twitter, o chanceler mexicano, Marcelo Ebrard, confirmou a informa\u00e7\u00e3o. O l\u00edder boliviano\u00a0<a href=\"http:\/\/aconteceunovale.com.br\/portal\/?p=154554\" target=\"_blank\" rel=\"noreferrer noopener\" aria-label=\" (abre numa nova aba)\">renunciou ao cargo<\/a>\u00a0ontem (10) ap\u00f3s uma onda de protestos que j\u00e1 durava 21 dias.<\/p>\n\n\n\n<p class=\"wp-block-paragraph\">\u201cFaremos valer o direito de asilo que o M\u00e9xico sempre promoveu e exerceu em diferentes circunst\u00e2ncias hist\u00f3ricas que caracterizam nossa pol\u00edtica externa\u201d, destacou nota divulgada pelo governo mexicano. O comunicado cita que o pa\u00eds vai pedir uma reuni\u00e3o urgente com a Organiza\u00e7\u00e3o dos Estados Americanos (OEA) para tratar dos recentes acontecimentos na Bol\u00edvia.<\/p>\n\n\n\n<p class=\"wp-block-paragraph\">Al\u00e9m de Evo, tamb\u00e9m renunciaram ao cargo o vice-presidente do pa\u00eds, \u00c1lvaro Garc\u00eda Linera, o presidente da C\u00e2mara de Deputados, V\u00edctor Borda, e a presidente do Senado, Adriana Salvatierra. Cabe agora ao Legislativo escolher um novo presidente do Senado, para que possa acatar a ren\u00fancia de Morales e dar in\u00edcio ao processo de novas elei\u00e7\u00f5es.\u00a0<\/p>\n\n\n\n<p class=\"has-text-color has-background has-very-light-gray-color has-very-dark-gray-background-color wp-block-paragraph\"><strong>VER PRIMEIRO: <\/strong>Receba as not\u00edcias do Aconteceu no Vale em primeira m\u00e3o. Clique em curtir no endere\u00e7o <a href=\"https:\/\/www.facebook.com\/aconteceunovale\" target=\"_blank\" rel=\"noreferrer noopener\">www.facebook.com\/aconteceunovale<\/a>.<\/p>\n","protected":false},"excerpt":{"rendered":"<p>O M\u00e9xico concedeu hoje (11) asilo pol\u00edtico ao ex-presidente da Bol\u00edvia Evo Morales. Por meio de sua conta na rede social Twitter, o chanceler mexicano, Marcelo Ebrard, confirmou a informa\u00e7\u00e3o. O l\u00edder boliviano\u00a0renunciou ao cargo\u00a0ontem (10) ap\u00f3s uma onda de protestos que j\u00e1 durava 21 dias. \u201cFaremos valer o direito de asilo que o M\u00e9xico [&hellip;]<\/p>\n","protected":false},"author":1,"featured_media":154555,"comment_status":"open","ping_status":"closed","sticky":false,"template":"","format":"standard","meta":{"amp_status":"","footnotes":""},"categories":[28848],"tags":[210010,210011,155349,210007,210008,210014,127906,210012,127908,210037,210006,18543,210009,210013,210015],"class_list":["post-154572","post","type-post","status-publish","format-standard","has-post-thumbnail","hentry","category-mundo","tag-alvaro-garcia-linera","tag-carlos-mesa","tag-cochabamba","tag-crise-politica-na-bolivia","tag-eleicoes-na-bolivia","tag-eleicoes-presidenciais-bolivarianas","tag-evo-morales","tag-focas-armadas-bolivarianas","tag-la-paz","tag-mexico-concede-asilo-politico-a-evo-morales","tag-morales-renuncia-ao-cargo-de-presidente-da-bolivia","tag-presidente-da-bolivia","tag-queda-do-presidente-da-bolivia","tag-victor-borda","tag-william-kaiman"],"yoast_head":"<!-- This site is optimized with the Yoast SEO plugin v28.3 - https:\/\/yoast.com\/product\/yoast-seo-wordpress\/ -->\n<title>M\u00e9xico concede asilo pol\u00edtico a Evo Morales - Aconteceu no Vale<\/title>\n<meta name=\"robots\" content=\"index, follow, max-snippet:-1, max-image-preview:large, max-video-preview:-1\" \/>\n<link rel=\"canonical\" href=\"https:\/\/aconteceunovale.com.br\/portal\/?p=154572\" \/>\n<meta property=\"og:locale\" content=\"pt_BR\" \/>\n<meta property=\"og:type\" content=\"article\" \/>\n<meta property=\"og:title\" content=\"M\u00e9xico concede asilo pol\u00edtico a Evo Morales - Aconteceu no Vale\" \/>\n<meta property=\"og:description\" content=\"O M\u00e9xico concedeu hoje (11) asilo pol\u00edtico ao ex-presidente da Bol\u00edvia Evo Morales. Por meio de sua conta na rede social Twitter, o chanceler mexicano, Marcelo Ebrard, confirmou a informa\u00e7\u00e3o. O l\u00edder boliviano\u00a0renunciou ao cargo\u00a0ontem (10) ap\u00f3s uma onda de protestos que j\u00e1 durava 21 dias. \u201cFaremos valer o direito de asilo que o M\u00e9xico [&hellip;]\" \/>\n<meta property=\"og:url\" content=\"https:\/\/aconteceunovale.com.br\/portal\/?p=154572\" \/>\n<meta property=\"og:site_name\" content=\"Aconteceu no Vale\" \/>\n<meta property=\"article:publisher\" content=\"https:\/\/www.facebook.com\/aconteceunovale\/\" \/>\n<meta property=\"article:published_time\" content=\"2019-11-11T23:19:27+00:00\" \/>\n<meta property=\"article:modified_time\" content=\"2019-11-11T23:21:04+00:00\" \/>\n<meta property=\"og:image\" content=\"https:\/\/aconteceunovale.com.br\/portal\/wp-content\/uploads\/2019\/11\/evo_morales.jpg\" \/>\n\t<meta property=\"og:image:width\" content=\"675\" \/>\n\t<meta property=\"og:image:height\" content=\"450\" \/>\n\t<meta property=\"og:image:type\" content=\"image\/jpeg\" \/>\n<meta name=\"author\" content=\"Aconteceu no Vale\" \/>\n<meta name=\"twitter:card\" content=\"summary_large_image\" \/>\n<meta name=\"twitter:creator\" content=\"@noticiadosvales\" \/>\n<meta name=\"twitter:site\" content=\"@noticiadosvales\" \/>\n<meta name=\"twitter:label1\" content=\"Escrito por\" \/>\n\t<meta name=\"twitter:data1\" content=\"Aconteceu no Vale\" \/>\n\t<meta name=\"twitter:label2\" content=\"Est. tempo de leitura\" \/>\n\t<meta name=\"twitter:data2\" content=\"1 minuto\" \/>\n<script type=\"application\/ld+json\" class=\"yoast-schema-graph\">{\"@context\":\"https:\\\/\\\/schema.org\",\"@graph\":[{\"@type\":\"Article\",\"@id\":\"https:\\\/\\\/aconteceunovale.com.br\\\/portal\\\/?p=154572#article\",\"isPartOf\":{\"@id\":\"https:\\\/\\\/aconteceunovale.com.br\\\/portal\\\/?p=154572\"},\"author\":{\"name\":\"Aconteceu no Vale\",\"@id\":\"https:\\\/\\\/aconteceunovale.com.br\\\/portal\\\/#\\\/schema\\\/person\\\/633529146f2c94272bef50ac2953d589\"},\"headline\":\"M\u00e9xico concede asilo pol\u00edtico a Evo Morales\",\"datePublished\":\"2019-11-11T23:19:27+00:00\",\"dateModified\":\"2019-11-11T23:21:04+00:00\",\"mainEntityOfPage\":{\"@id\":\"https:\\\/\\\/aconteceunovale.com.br\\\/portal\\\/?p=154572\"},\"wordCount\":209,\"commentCount\":0,\"image\":{\"@id\":\"https:\\\/\\\/aconteceunovale.com.br\\\/portal\\\/?p=154572#primaryimage\"},\"thumbnailUrl\":\"https:\\\/\\\/aconteceunovale.com.br\\\/portal\\\/wp-content\\\/uploads\\\/2019\\\/11\\\/evo_morales.jpg\",\"keywords\":[\"Alvaro Garc\u00eda Linera\",\"Carlos Mesa\",\"Cochabamba\",\"Crise pol\u00edtica na Bol\u00edvia\",\"Elei\u00e7\u00f5es na Bol\u00edvia\",\"Elei\u00e7\u00f5es Presidenciais Bolivarianas\",\"Evo Morales\",\"Fo\u00e7as Armadas Bolivarianas\",\"La Paz\",\"M\u00e9xico concede asilo pol\u00edtico a Evo Morales\",\"Morales renuncia ao cargo de presidente da Bol\u00edvia\",\"presidente da Bol\u00edvia\",\"Queda do presidente da Bol\u00edvia\",\"V\u00edctor Borda\",\"William Kaiman\"],\"articleSection\":[\"Mundo\"],\"inLanguage\":\"pt-BR\",\"potentialAction\":[{\"@type\":\"CommentAction\",\"name\":\"Comment\",\"target\":[\"https:\\\/\\\/aconteceunovale.com.br\\\/portal\\\/?p=154572#respond\"]}]},{\"@type\":\"WebPage\",\"@id\":\"https:\\\/\\\/aconteceunovale.com.br\\\/portal\\\/?p=154572\",\"url\":\"https:\\\/\\\/aconteceunovale.com.br\\\/portal\\\/?p=154572\",\"name\":\"M\u00e9xico concede asilo pol\u00edtico a Evo Morales - Aconteceu no Vale\",\"isPartOf\":{\"@id\":\"https:\\\/\\\/aconteceunovale.com.br\\\/portal\\\/#website\"},\"primaryImageOfPage\":{\"@id\":\"https:\\\/\\\/aconteceunovale.com.br\\\/portal\\\/?p=154572#primaryimage\"},\"image\":{\"@id\":\"https:\\\/\\\/aconteceunovale.com.br\\\/portal\\\/?p=154572#primaryimage\"},\"thumbnailUrl\":\"https:\\\/\\\/aconteceunovale.com.br\\\/portal\\\/wp-content\\\/uploads\\\/2019\\\/11\\\/evo_morales.jpg\",\"datePublished\":\"2019-11-11T23:19:27+00:00\",\"dateModified\":\"2019-11-11T23:21:04+00:00\",\"author\":{\"@id\":\"https:\\\/\\\/aconteceunovale.com.br\\\/portal\\\/#\\\/schema\\\/person\\\/633529146f2c94272bef50ac2953d589\"},\"breadcrumb\":{\"@id\":\"https:\\\/\\\/aconteceunovale.com.br\\\/portal\\\/?p=154572#breadcrumb\"},\"inLanguage\":\"pt-BR\",\"potentialAction\":[{\"@type\":\"ReadAction\",\"target\":[\"https:\\\/\\\/aconteceunovale.com.br\\\/portal\\\/?p=154572\"]}]},{\"@type\":\"ImageObject\",\"inLanguage\":\"pt-BR\",\"@id\":\"https:\\\/\\\/aconteceunovale.com.br\\\/portal\\\/?p=154572#primaryimage\",\"url\":\"https:\\\/\\\/aconteceunovale.com.br\\\/portal\\\/wp-content\\\/uploads\\\/2019\\\/11\\\/evo_morales.jpg\",\"contentUrl\":\"https:\\\/\\\/aconteceunovale.com.br\\\/portal\\\/wp-content\\\/uploads\\\/2019\\\/11\\\/evo_morales.jpg\",\"width\":675,\"height\":450},{\"@type\":\"BreadcrumbList\",\"@id\":\"https:\\\/\\\/aconteceunovale.com.br\\\/portal\\\/?p=154572#breadcrumb\",\"itemListElement\":[{\"@type\":\"ListItem\",\"position\":1,\"name\":\"In\u00edcio\",\"item\":\"https:\\\/\\\/aconteceunovale.com.br\\\/portal\\\/\"},{\"@type\":\"ListItem\",\"position\":2,\"name\":\"M\u00e9xico concede asilo pol\u00edtico a Evo Morales\"}]},{\"@type\":\"WebSite\",\"@id\":\"https:\\\/\\\/aconteceunovale.com.br\\\/portal\\\/#website\",\"url\":\"https:\\\/\\\/aconteceunovale.com.br\\\/portal\\\/\",\"name\":\"Aconteceu no Vale\",\"description\":\"Portal de Not\u00edcias\",\"potentialAction\":[{\"@type\":\"SearchAction\",\"target\":{\"@type\":\"EntryPoint\",\"urlTemplate\":\"https:\\\/\\\/aconteceunovale.com.br\\\/portal\\\/?s={search_term_string}\"},\"query-input\":{\"@type\":\"PropertyValueSpecification\",\"valueRequired\":true,\"valueName\":\"search_term_string\"}}],\"inLanguage\":\"pt-BR\"},{\"@type\":\"Person\",\"@id\":\"https:\\\/\\\/aconteceunovale.com.br\\\/portal\\\/#\\\/schema\\\/person\\\/633529146f2c94272bef50ac2953d589\",\"name\":\"Aconteceu no Vale\",\"description\":\"Equipe de reportagem do Aconteceu no Vale, portal de not\u00edcias do Vale do Jequitinhonha, em Minas Gerais. Cobrimos as 51 cidades do Vale desde 2013. Sugest\u00f5es de pauta e pedidos de corre\u00e7\u00e3o: contato@aconteceunovale.com.br\",\"sameAs\":[\"http:\\\/\\\/www.aconteceunovale.com.br\"],\"url\":\"https:\\\/\\\/aconteceunovale.com.br\\\/portal\\\/?author=1\"}]}<\/script>\n<!-- \/ Yoast SEO plugin. -->","yoast_head_json":{"title":"M\u00e9xico concede asilo pol\u00edtico a Evo Morales - Aconteceu no Vale","robots":{"index":"index","follow":"follow","max-snippet":"max-snippet:-1","max-image-preview":"max-image-preview:large","max-video-preview":"max-video-preview:-1"},"canonical":"https:\/\/aconteceunovale.com.br\/portal\/?p=154572","og_locale":"pt_BR","og_type":"article","og_title":"M\u00e9xico concede asilo pol\u00edtico a Evo Morales - Aconteceu no Vale","og_description":"O M\u00e9xico concedeu hoje (11) asilo pol\u00edtico ao ex-presidente da Bol\u00edvia Evo Morales. Por meio de sua conta na rede social Twitter, o chanceler mexicano, Marcelo Ebrard, confirmou a informa\u00e7\u00e3o. O l\u00edder boliviano\u00a0renunciou ao cargo\u00a0ontem (10) ap\u00f3s uma onda de protestos que j\u00e1 durava 21 dias. \u201cFaremos valer o direito de asilo que o M\u00e9xico [&hellip;]","og_url":"https:\/\/aconteceunovale.com.br\/portal\/?p=154572","og_site_name":"Aconteceu no Vale","article_publisher":"https:\/\/www.facebook.com\/aconteceunovale\/","article_published_time":"2019-11-11T23:19:27+00:00","article_modified_time":"2019-11-11T23:21:04+00:00","og_image":[{"width":675,"height":450,"url":"https:\/\/aconteceunovale.com.br\/portal\/wp-content\/uploads\/2019\/11\/evo_morales.jpg","type":"image\/jpeg"}],"author":"Aconteceu no Vale","twitter_card":"summary_large_image","twitter_creator":"@noticiadosvales","twitter_site":"@noticiadosvales","twitter_misc":{"Escrito por":"Aconteceu no Vale","Est. tempo de leitura":"1 minuto"},"schema":{"@context":"https:\/\/schema.org","@graph":[{"@type":"Article","@id":"https:\/\/aconteceunovale.com.br\/portal\/?p=154572#article","isPartOf":{"@id":"https:\/\/aconteceunovale.com.br\/portal\/?p=154572"},"author":{"name":"Aconteceu no Vale","@id":"https:\/\/aconteceunovale.com.br\/portal\/#\/schema\/person\/633529146f2c94272bef50ac2953d589"},"headline":"M\u00e9xico concede asilo pol\u00edtico a Evo Morales","datePublished":"2019-11-11T23:19:27+00:00","dateModified":"2019-11-11T23:21:04+00:00","mainEntityOfPage":{"@id":"https:\/\/aconteceunovale.com.br\/portal\/?p=154572"},"wordCount":209,"commentCount":0,"image":{"@id":"https:\/\/aconteceunovale.com.br\/portal\/?p=154572#primaryimage"},"thumbnailUrl":"https:\/\/aconteceunovale.com.br\/portal\/wp-content\/uploads\/2019\/11\/evo_morales.jpg","keywords":["Alvaro Garc\u00eda Linera","Carlos Mesa","Cochabamba","Crise pol\u00edtica na Bol\u00edvia","Elei\u00e7\u00f5es na Bol\u00edvia","Elei\u00e7\u00f5es Presidenciais Bolivarianas","Evo Morales","Fo\u00e7as Armadas Bolivarianas","La Paz","M\u00e9xico concede asilo pol\u00edtico a Evo Morales","Morales renuncia ao cargo de presidente da Bol\u00edvia","presidente da Bol\u00edvia","Queda do presidente da Bol\u00edvia","V\u00edctor Borda","William Kaiman"],"articleSection":["Mundo"],"inLanguage":"pt-BR","potentialAction":[{"@type":"CommentAction","name":"Comment","target":["https:\/\/aconteceunovale.com.br\/portal\/?p=154572#respond"]}]},{"@type":"WebPage","@id":"https:\/\/aconteceunovale.com.br\/portal\/?p=154572","url":"https:\/\/aconteceunovale.com.br\/portal\/?p=154572","name":"M\u00e9xico concede asilo pol\u00edtico a Evo Morales - Aconteceu no Vale","isPartOf":{"@id":"https:\/\/aconteceunovale.com.br\/portal\/#website"},"primaryImageOfPage":{"@id":"https:\/\/aconteceunovale.com.br\/portal\/?p=154572#primaryimage"},"image":{"@id":"https:\/\/aconteceunovale.com.br\/portal\/?p=154572#primaryimage"},"thumbnailUrl":"https:\/\/aconteceunovale.com.br\/portal\/wp-content\/uploads\/2019\/11\/evo_morales.jpg","datePublished":"2019-11-11T23:19:27+00:00","dateModified":"2019-11-11T23:21:04+00:00","author":{"@id":"https:\/\/aconteceunovale.com.br\/portal\/#\/schema\/person\/633529146f2c94272bef50ac2953d589"},"breadcrumb":{"@id":"https:\/\/aconteceunovale.com.br\/portal\/?p=154572#breadcrumb"},"inLanguage":"pt-BR","potentialAction":[{"@type":"ReadAction","target":["https:\/\/aconteceunovale.com.br\/portal\/?p=154572"]}]},{"@type":"ImageObject","inLanguage":"pt-BR","@id":"https:\/\/aconteceunovale.com.br\/portal\/?p=154572#primaryimage","url":"https:\/\/aconteceunovale.com.br\/portal\/wp-content\/uploads\/2019\/11\/evo_morales.jpg","contentUrl":"https:\/\/aconteceunovale.com.br\/portal\/wp-content\/uploads\/2019\/11\/evo_morales.jpg","width":675,"height":450},{"@type":"BreadcrumbList","@id":"https:\/\/aconteceunovale.com.br\/portal\/?p=154572#breadcrumb","itemListElement":[{"@type":"ListItem","position":1,"name":"In\u00edcio","item":"https:\/\/aconteceunovale.com.br\/portal\/"},{"@type":"ListItem","position":2,"name":"M\u00e9xico concede asilo pol\u00edtico a Evo Morales"}]},{"@type":"WebSite","@id":"https:\/\/aconteceunovale.com.br\/portal\/#website","url":"https:\/\/aconteceunovale.com.br\/portal\/","name":"Aconteceu no Vale","description":"Portal de Not\u00edcias","potentialAction":[{"@type":"SearchAction","target":{"@type":"EntryPoint","urlTemplate":"https:\/\/aconteceunovale.com.br\/portal\/?s={search_term_string}"},"query-input":{"@type":"PropertyValueSpecification","valueRequired":true,"valueName":"search_term_string"}}],"inLanguage":"pt-BR"},{"@type":"Person","@id":"https:\/\/aconteceunovale.com.br\/portal\/#\/schema\/person\/633529146f2c94272bef50ac2953d589","name":"Aconteceu no Vale","description":"Equipe de reportagem do Aconteceu no Vale, portal de not\u00edcias do Vale do Jequitinhonha, em Minas Gerais. Cobrimos as 51 cidades do Vale desde 2013. Sugest\u00f5es de pauta e pedidos de corre\u00e7\u00e3o: contato@aconteceunovale.com.br","sameAs":["http:\/\/www.aconteceunovale.com.br"],"url":"https:\/\/aconteceunovale.com.br\/portal\/?author=1"}]}},"_links":{"self":[{"href":"https:\/\/aconteceunovale.com.br\/portal\/index.php?rest_route=\/wp\/v2\/posts\/154572","targetHints":{"allow":["GET"]}}],"collection":[{"href":"https:\/\/aconteceunovale.com.br\/portal\/index.php?rest_route=\/wp\/v2\/posts"}],"about":[{"href":"https:\/\/aconteceunovale.com.br\/portal\/index.php?rest_route=\/wp\/v2\/types\/post"}],"author":[{"embeddable":true,"href":"https:\/\/aconteceunovale.com.br\/portal\/index.php?rest_route=\/wp\/v2\/users\/1"}],"replies":[{"embeddable":true,"href":"https:\/\/aconteceunovale.com.br\/portal\/index.php?rest_route=%2Fwp%2Fv2%2Fcomments&post=154572"}],"version-history":[{"count":1,"href":"https:\/\/aconteceunovale.com.br\/portal\/index.php?rest_route=\/wp\/v2\/posts\/154572\/revisions"}],"predecessor-version":[{"id":154573,"href":"https:\/\/aconteceunovale.com.br\/portal\/index.php?rest_route=\/wp\/v2\/posts\/154572\/revisions\/154573"}],"wp:featuredmedia":[{"embeddable":true,"href":"https:\/\/aconteceunovale.com.br\/portal\/index.php?rest_route=\/wp\/v2\/media\/154555"}],"wp:attachment":[{"href":"https:\/\/aconteceunovale.com.br\/portal\/index.php?rest_route=%2Fwp%2Fv2%2Fmedia&parent=154572"}],"wp:term":[{"taxonomy":"category","embeddable":true,"href":"https:\/\/aconteceunovale.com.br\/portal\/index.php?rest_route=%2Fwp%2Fv2%2Fcategories&post=154572"},{"taxonomy":"post_tag","embeddable":true,"href":"https:\/\/aconteceunovale.com.br\/portal\/index.php?rest_route=%2Fwp%2Fv2%2Ftags&post=154572"}],"curies":[{"name":"wp","href":"https:\/\/api.w.org\/{rel}","templated":true}]}}