{"id":153932,"date":"2019-10-23T11:13:04","date_gmt":"2019-10-23T14:13:04","guid":{"rendered":"http:\/\/aconteceunovale.com.br\/portal\/?p=153932"},"modified":"2019-10-23T11:21:21","modified_gmt":"2019-10-23T14:21:21","slug":"ciclista-morre-apos-ser-atropelado-por-carreta-em-mantena-no-leste-de-minas","status":"publish","type":"post","link":"https:\/\/aconteceunovale.com.br\/portal\/?p=153932","title":{"rendered":"Ciclista morre ap\u00f3s ser atropelado por carreta em Mantena, no Leste de Minas"},"content":{"rendered":"\n<p class=\"wp-block-paragraph\">Um ciclista de 64 anos morreu ap\u00f3s ser atropelado na Pra\u00e7a\nFrei Paulo, no Bairro Vila Nova, em Mantena (MG), na noite de ter\u00e7a-feira\n(22\/10\/2019). Segundo a Pol\u00edcia Militar, testemunhas contaram que o motorista de\numa carreta errou a via onde deveria entrar e parou para pedir informa\u00e7\u00f5es. Ao\nsair do local, sem perceber, atingiu a v\u00edtima Waltinho Milita de Souza.<\/p>\n\n\n\n<p class=\"wp-block-paragraph\">O idoso caiu pr\u00f3ximo ao meio fio e foi atropelado pelas\nrodas traseiras da carreta. Ele n\u00e3o resistiu aos graves ferimentos e veio a\n\u00f3bito no local. O corpo foi encaminhado ao Instituto M\u00e9dico Legal (IML) de Governador\nValadares. <\/p>\n\n\n\n<p class=\"wp-block-paragraph\">O motorista da carreta foi submetido ao teste do etil\u00f4metro, que deu negativo para o uso de bebidas alco\u00f3licas. As causas do acidente ser\u00e3o apuradas pelas autoridades locais.<\/p>\n\n\n\n<figure class=\"wp-block-image\"><img loading=\"lazy\" decoding=\"async\" width=\"640\" height=\"384\" src=\"http:\/\/aconteceunovale.com.br\/portal\/wp-content\/uploads\/2019\/10\/atropelamento_mantena_1.jpg\" alt=\"\" class=\"wp-image-153933\" srcset=\"https:\/\/aconteceunovale.com.br\/portal\/wp-content\/uploads\/2019\/10\/atropelamento_mantena_1.jpg 640w, https:\/\/aconteceunovale.com.br\/portal\/wp-content\/uploads\/2019\/10\/atropelamento_mantena_1-300x180.jpg 300w\" sizes=\"auto, (max-width: 640px) 100vw, 640px\" \/><figcaption><em>Foto: Rog\u00e9rio Augusto \/ Mantena online<\/em><\/figcaption><\/figure>\n\n\n\n<figure class=\"wp-block-image\"><img loading=\"lazy\" decoding=\"async\" width=\"640\" height=\"384\" src=\"http:\/\/aconteceunovale.com.br\/portal\/wp-content\/uploads\/2019\/10\/atropelamento_mantena_2.jpg\" alt=\"\" class=\"wp-image-153934\" srcset=\"https:\/\/aconteceunovale.com.br\/portal\/wp-content\/uploads\/2019\/10\/atropelamento_mantena_2.jpg 640w, https:\/\/aconteceunovale.com.br\/portal\/wp-content\/uploads\/2019\/10\/atropelamento_mantena_2-300x180.jpg 300w\" sizes=\"auto, (max-width: 640px) 100vw, 640px\" \/><figcaption> <em>Foto: Rog\u00e9rio Augusto \/ Mantena online<\/em> <\/figcaption><\/figure>\n\n\n\n<p class=\"has-text-color has-background has-very-light-gray-color has-very-dark-gray-background-color wp-block-paragraph\"><strong>VER PRIMEIRO: <\/strong>Receba as not\u00edcias do Aconteceu no Vale em primeira m\u00e3o. Clique em curtir no endere\u00e7o <a href=\"https:\/\/www.facebook.com\/aconteceunovale\" target=\"_blank\" rel=\"noreferrer noopener\">www.facebook.com\/aconteceunovale<\/a>.<\/p>\n","protected":false},"excerpt":{"rendered":"<p>Um ciclista de 64 anos morreu ap\u00f3s ser atropelado na Pra\u00e7a Frei Paulo, no Bairro Vila Nova, em Mantena (MG), na noite de ter\u00e7a-feira (22\/10\/2019). Segundo a Pol\u00edcia Militar, testemunhas contaram que o motorista de uma carreta errou a via onde deveria entrar e parou para pedir informa\u00e7\u00f5es. Ao sair do local, sem perceber, atingiu [&hellip;]<\/p>\n","protected":false},"author":1,"featured_media":153935,"comment_status":"open","ping_status":"closed","sticky":false,"template":"","format":"standard","meta":{"amp_status":"","footnotes":""},"categories":[121],"tags":[197410,148045,209019,209018,209017,247,1516,209020,209021],"class_list":["post-153932","post","type-post","status-publish","format-standard","has-post-thumbnail","hentry","category-leste","tag-acidente-de-transito-em-mantena","tag-acidente-em-mantena","tag-atropelado-em-mantena","tag-ciclista-atropelado-em-mantena","tag-ciclista-morre-apos-ser-atropelado-por-carreta-em-mantena","tag-governador-valadares","tag-mantena","tag-valtinho-milita-de-souza","tag-waltinho-milita-de-souza"],"yoast_head":"<!-- This site is optimized with the Yoast SEO plugin v28.3 - https:\/\/yoast.com\/product\/yoast-seo-wordpress\/ -->\n<title>Ciclista morre ap\u00f3s ser atropelado por carreta em Mantena, no Leste de Minas - Aconteceu no Vale<\/title>\n<meta name=\"robots\" content=\"index, follow, max-snippet:-1, max-image-preview:large, max-video-preview:-1\" \/>\n<link rel=\"canonical\" href=\"https:\/\/aconteceunovale.com.br\/portal\/?p=153932\" \/>\n<meta property=\"og:locale\" content=\"pt_BR\" \/>\n<meta property=\"og:type\" content=\"article\" \/>\n<meta property=\"og:title\" content=\"Ciclista morre ap\u00f3s ser atropelado por carreta em Mantena, no Leste de Minas - Aconteceu no Vale\" \/>\n<meta property=\"og:description\" content=\"Um ciclista de 64 anos morreu ap\u00f3s ser atropelado na Pra\u00e7a Frei Paulo, no Bairro Vila Nova, em Mantena (MG), na noite de ter\u00e7a-feira (22\/10\/2019). Segundo a Pol\u00edcia Militar, testemunhas contaram que o motorista de uma carreta errou a via onde deveria entrar e parou para pedir informa\u00e7\u00f5es. Ao sair do local, sem perceber, atingiu [&hellip;]\" \/>\n<meta property=\"og:url\" content=\"https:\/\/aconteceunovale.com.br\/portal\/?p=153932\" \/>\n<meta property=\"og:site_name\" content=\"Aconteceu no Vale\" \/>\n<meta property=\"article:publisher\" content=\"https:\/\/www.facebook.com\/aconteceunovale\/\" \/>\n<meta property=\"article:published_time\" content=\"2019-10-23T14:13:04+00:00\" \/>\n<meta property=\"article:modified_time\" content=\"2019-10-23T14:21:21+00:00\" \/>\n<meta property=\"og:image\" content=\"https:\/\/aconteceunovale.com.br\/portal\/wp-content\/uploads\/2019\/10\/atropelamento_mantena_3.jpg\" \/>\n\t<meta property=\"og:image:width\" content=\"640\" \/>\n\t<meta property=\"og:image:height\" content=\"384\" \/>\n\t<meta property=\"og:image:type\" content=\"image\/jpeg\" \/>\n<meta name=\"author\" content=\"Aconteceu no Vale\" \/>\n<meta name=\"twitter:card\" content=\"summary_large_image\" \/>\n<meta name=\"twitter:creator\" content=\"@noticiadosvales\" \/>\n<meta name=\"twitter:site\" content=\"@noticiadosvales\" \/>\n<meta name=\"twitter:label1\" content=\"Escrito por\" \/>\n\t<meta name=\"twitter:data1\" content=\"Aconteceu no Vale\" \/>\n\t<meta name=\"twitter:label2\" content=\"Est. tempo de leitura\" \/>\n\t<meta name=\"twitter:data2\" content=\"1 minuto\" \/>\n<script type=\"application\/ld+json\" class=\"yoast-schema-graph\">{\"@context\":\"https:\\\/\\\/schema.org\",\"@graph\":[{\"@type\":\"Article\",\"@id\":\"https:\\\/\\\/aconteceunovale.com.br\\\/portal\\\/?p=153932#article\",\"isPartOf\":{\"@id\":\"https:\\\/\\\/aconteceunovale.com.br\\\/portal\\\/?p=153932\"},\"author\":{\"name\":\"Aconteceu no Vale\",\"@id\":\"https:\\\/\\\/aconteceunovale.com.br\\\/portal\\\/#\\\/schema\\\/person\\\/633529146f2c94272bef50ac2953d589\"},\"headline\":\"Ciclista morre ap\u00f3s ser atropelado por carreta em Mantena, no Leste de Minas\",\"datePublished\":\"2019-10-23T14:13:04+00:00\",\"dateModified\":\"2019-10-23T14:21:21+00:00\",\"mainEntityOfPage\":{\"@id\":\"https:\\\/\\\/aconteceunovale.com.br\\\/portal\\\/?p=153932\"},\"wordCount\":188,\"commentCount\":0,\"image\":{\"@id\":\"https:\\\/\\\/aconteceunovale.com.br\\\/portal\\\/?p=153932#primaryimage\"},\"thumbnailUrl\":\"https:\\\/\\\/aconteceunovale.com.br\\\/portal\\\/wp-content\\\/uploads\\\/2019\\\/10\\\/atropelamento_mantena_3.jpg\",\"keywords\":[\"Acidente de tr\u00e2nsito em Mantena\",\"Acidente em Mantena\",\"Atropelado em Mantena\",\"Ciclista atropelado em Mantena\",\"Ciclista morre ap\u00f3s ser atropelado por carreta em Mantena\",\"Governador Valadares\",\"Mantena\",\"Valtinho Milita de Souza\",\"Waltinho Milita de Souza\"],\"articleSection\":[\"Leste de Minas\"],\"inLanguage\":\"pt-BR\",\"potentialAction\":[{\"@type\":\"CommentAction\",\"name\":\"Comment\",\"target\":[\"https:\\\/\\\/aconteceunovale.com.br\\\/portal\\\/?p=153932#respond\"]}]},{\"@type\":\"WebPage\",\"@id\":\"https:\\\/\\\/aconteceunovale.com.br\\\/portal\\\/?p=153932\",\"url\":\"https:\\\/\\\/aconteceunovale.com.br\\\/portal\\\/?p=153932\",\"name\":\"Ciclista morre ap\u00f3s ser atropelado por carreta em Mantena, no Leste de Minas - Aconteceu no Vale\",\"isPartOf\":{\"@id\":\"https:\\\/\\\/aconteceunovale.com.br\\\/portal\\\/#website\"},\"primaryImageOfPage\":{\"@id\":\"https:\\\/\\\/aconteceunovale.com.br\\\/portal\\\/?p=153932#primaryimage\"},\"image\":{\"@id\":\"https:\\\/\\\/aconteceunovale.com.br\\\/portal\\\/?p=153932#primaryimage\"},\"thumbnailUrl\":\"https:\\\/\\\/aconteceunovale.com.br\\\/portal\\\/wp-content\\\/uploads\\\/2019\\\/10\\\/atropelamento_mantena_3.jpg\",\"datePublished\":\"2019-10-23T14:13:04+00:00\",\"dateModified\":\"2019-10-23T14:21:21+00:00\",\"author\":{\"@id\":\"https:\\\/\\\/aconteceunovale.com.br\\\/portal\\\/#\\\/schema\\\/person\\\/633529146f2c94272bef50ac2953d589\"},\"breadcrumb\":{\"@id\":\"https:\\\/\\\/aconteceunovale.com.br\\\/portal\\\/?p=153932#breadcrumb\"},\"inLanguage\":\"pt-BR\",\"potentialAction\":[{\"@type\":\"ReadAction\",\"target\":[\"https:\\\/\\\/aconteceunovale.com.br\\\/portal\\\/?p=153932\"]}]},{\"@type\":\"ImageObject\",\"inLanguage\":\"pt-BR\",\"@id\":\"https:\\\/\\\/aconteceunovale.com.br\\\/portal\\\/?p=153932#primaryimage\",\"url\":\"https:\\\/\\\/aconteceunovale.com.br\\\/portal\\\/wp-content\\\/uploads\\\/2019\\\/10\\\/atropelamento_mantena_3.jpg\",\"contentUrl\":\"https:\\\/\\\/aconteceunovale.com.br\\\/portal\\\/wp-content\\\/uploads\\\/2019\\\/10\\\/atropelamento_mantena_3.jpg\",\"width\":640,\"height\":384},{\"@type\":\"BreadcrumbList\",\"@id\":\"https:\\\/\\\/aconteceunovale.com.br\\\/portal\\\/?p=153932#breadcrumb\",\"itemListElement\":[{\"@type\":\"ListItem\",\"position\":1,\"name\":\"In\u00edcio\",\"item\":\"https:\\\/\\\/aconteceunovale.com.br\\\/portal\\\/\"},{\"@type\":\"ListItem\",\"position\":2,\"name\":\"Ciclista morre ap\u00f3s ser atropelado por carreta em Mantena, no Leste de Minas\"}]},{\"@type\":\"WebSite\",\"@id\":\"https:\\\/\\\/aconteceunovale.com.br\\\/portal\\\/#website\",\"url\":\"https:\\\/\\\/aconteceunovale.com.br\\\/portal\\\/\",\"name\":\"Aconteceu no Vale\",\"description\":\"Portal de Not\u00edcias\",\"potentialAction\":[{\"@type\":\"SearchAction\",\"target\":{\"@type\":\"EntryPoint\",\"urlTemplate\":\"https:\\\/\\\/aconteceunovale.com.br\\\/portal\\\/?s={search_term_string}\"},\"query-input\":{\"@type\":\"PropertyValueSpecification\",\"valueRequired\":true,\"valueName\":\"search_term_string\"}}],\"inLanguage\":\"pt-BR\"},{\"@type\":\"Person\",\"@id\":\"https:\\\/\\\/aconteceunovale.com.br\\\/portal\\\/#\\\/schema\\\/person\\\/633529146f2c94272bef50ac2953d589\",\"name\":\"Aconteceu no Vale\",\"description\":\"Equipe de reportagem do Aconteceu no Vale, portal de not\u00edcias do Vale do Jequitinhonha, em Minas Gerais. Cobrimos as 51 cidades do Vale desde 2013. Sugest\u00f5es de pauta e pedidos de corre\u00e7\u00e3o: contato@aconteceunovale.com.br\",\"sameAs\":[\"http:\\\/\\\/www.aconteceunovale.com.br\"],\"url\":\"https:\\\/\\\/aconteceunovale.com.br\\\/portal\\\/?author=1\"}]}<\/script>\n<!-- \/ Yoast SEO plugin. -->","yoast_head_json":{"title":"Ciclista morre ap\u00f3s ser atropelado por carreta em Mantena, no Leste de Minas - Aconteceu no Vale","robots":{"index":"index","follow":"follow","max-snippet":"max-snippet:-1","max-image-preview":"max-image-preview:large","max-video-preview":"max-video-preview:-1"},"canonical":"https:\/\/aconteceunovale.com.br\/portal\/?p=153932","og_locale":"pt_BR","og_type":"article","og_title":"Ciclista morre ap\u00f3s ser atropelado por carreta em Mantena, no Leste de Minas - Aconteceu no Vale","og_description":"Um ciclista de 64 anos morreu ap\u00f3s ser atropelado na Pra\u00e7a Frei Paulo, no Bairro Vila Nova, em Mantena (MG), na noite de ter\u00e7a-feira (22\/10\/2019). Segundo a Pol\u00edcia Militar, testemunhas contaram que o motorista de uma carreta errou a via onde deveria entrar e parou para pedir informa\u00e7\u00f5es. Ao sair do local, sem perceber, atingiu [&hellip;]","og_url":"https:\/\/aconteceunovale.com.br\/portal\/?p=153932","og_site_name":"Aconteceu no Vale","article_publisher":"https:\/\/www.facebook.com\/aconteceunovale\/","article_published_time":"2019-10-23T14:13:04+00:00","article_modified_time":"2019-10-23T14:21:21+00:00","og_image":[{"width":640,"height":384,"url":"https:\/\/aconteceunovale.com.br\/portal\/wp-content\/uploads\/2019\/10\/atropelamento_mantena_3.jpg","type":"image\/jpeg"}],"author":"Aconteceu no Vale","twitter_card":"summary_large_image","twitter_creator":"@noticiadosvales","twitter_site":"@noticiadosvales","twitter_misc":{"Escrito por":"Aconteceu no Vale","Est. tempo de leitura":"1 minuto"},"schema":{"@context":"https:\/\/schema.org","@graph":[{"@type":"Article","@id":"https:\/\/aconteceunovale.com.br\/portal\/?p=153932#article","isPartOf":{"@id":"https:\/\/aconteceunovale.com.br\/portal\/?p=153932"},"author":{"name":"Aconteceu no Vale","@id":"https:\/\/aconteceunovale.com.br\/portal\/#\/schema\/person\/633529146f2c94272bef50ac2953d589"},"headline":"Ciclista morre ap\u00f3s ser atropelado por carreta em Mantena, no Leste de Minas","datePublished":"2019-10-23T14:13:04+00:00","dateModified":"2019-10-23T14:21:21+00:00","mainEntityOfPage":{"@id":"https:\/\/aconteceunovale.com.br\/portal\/?p=153932"},"wordCount":188,"commentCount":0,"image":{"@id":"https:\/\/aconteceunovale.com.br\/portal\/?p=153932#primaryimage"},"thumbnailUrl":"https:\/\/aconteceunovale.com.br\/portal\/wp-content\/uploads\/2019\/10\/atropelamento_mantena_3.jpg","keywords":["Acidente de tr\u00e2nsito em Mantena","Acidente em Mantena","Atropelado em Mantena","Ciclista atropelado em Mantena","Ciclista morre ap\u00f3s ser atropelado por carreta em Mantena","Governador Valadares","Mantena","Valtinho Milita de Souza","Waltinho Milita de Souza"],"articleSection":["Leste de Minas"],"inLanguage":"pt-BR","potentialAction":[{"@type":"CommentAction","name":"Comment","target":["https:\/\/aconteceunovale.com.br\/portal\/?p=153932#respond"]}]},{"@type":"WebPage","@id":"https:\/\/aconteceunovale.com.br\/portal\/?p=153932","url":"https:\/\/aconteceunovale.com.br\/portal\/?p=153932","name":"Ciclista morre ap\u00f3s ser atropelado por carreta em Mantena, no Leste de Minas - Aconteceu no Vale","isPartOf":{"@id":"https:\/\/aconteceunovale.com.br\/portal\/#website"},"primaryImageOfPage":{"@id":"https:\/\/aconteceunovale.com.br\/portal\/?p=153932#primaryimage"},"image":{"@id":"https:\/\/aconteceunovale.com.br\/portal\/?p=153932#primaryimage"},"thumbnailUrl":"https:\/\/aconteceunovale.com.br\/portal\/wp-content\/uploads\/2019\/10\/atropelamento_mantena_3.jpg","datePublished":"2019-10-23T14:13:04+00:00","dateModified":"2019-10-23T14:21:21+00:00","author":{"@id":"https:\/\/aconteceunovale.com.br\/portal\/#\/schema\/person\/633529146f2c94272bef50ac2953d589"},"breadcrumb":{"@id":"https:\/\/aconteceunovale.com.br\/portal\/?p=153932#breadcrumb"},"inLanguage":"pt-BR","potentialAction":[{"@type":"ReadAction","target":["https:\/\/aconteceunovale.com.br\/portal\/?p=153932"]}]},{"@type":"ImageObject","inLanguage":"pt-BR","@id":"https:\/\/aconteceunovale.com.br\/portal\/?p=153932#primaryimage","url":"https:\/\/aconteceunovale.com.br\/portal\/wp-content\/uploads\/2019\/10\/atropelamento_mantena_3.jpg","contentUrl":"https:\/\/aconteceunovale.com.br\/portal\/wp-content\/uploads\/2019\/10\/atropelamento_mantena_3.jpg","width":640,"height":384},{"@type":"BreadcrumbList","@id":"https:\/\/aconteceunovale.com.br\/portal\/?p=153932#breadcrumb","itemListElement":[{"@type":"ListItem","position":1,"name":"In\u00edcio","item":"https:\/\/aconteceunovale.com.br\/portal\/"},{"@type":"ListItem","position":2,"name":"Ciclista morre ap\u00f3s ser atropelado por carreta em Mantena, no Leste de Minas"}]},{"@type":"WebSite","@id":"https:\/\/aconteceunovale.com.br\/portal\/#website","url":"https:\/\/aconteceunovale.com.br\/portal\/","name":"Aconteceu no Vale","description":"Portal de Not\u00edcias","potentialAction":[{"@type":"SearchAction","target":{"@type":"EntryPoint","urlTemplate":"https:\/\/aconteceunovale.com.br\/portal\/?s={search_term_string}"},"query-input":{"@type":"PropertyValueSpecification","valueRequired":true,"valueName":"search_term_string"}}],"inLanguage":"pt-BR"},{"@type":"Person","@id":"https:\/\/aconteceunovale.com.br\/portal\/#\/schema\/person\/633529146f2c94272bef50ac2953d589","name":"Aconteceu no Vale","description":"Equipe de reportagem do Aconteceu no Vale, portal de not\u00edcias do Vale do Jequitinhonha, em Minas Gerais. Cobrimos as 51 cidades do Vale desde 2013. Sugest\u00f5es de pauta e pedidos de corre\u00e7\u00e3o: contato@aconteceunovale.com.br","sameAs":["http:\/\/www.aconteceunovale.com.br"],"url":"https:\/\/aconteceunovale.com.br\/portal\/?author=1"}]}},"_links":{"self":[{"href":"https:\/\/aconteceunovale.com.br\/portal\/index.php?rest_route=\/wp\/v2\/posts\/153932","targetHints":{"allow":["GET"]}}],"collection":[{"href":"https:\/\/aconteceunovale.com.br\/portal\/index.php?rest_route=\/wp\/v2\/posts"}],"about":[{"href":"https:\/\/aconteceunovale.com.br\/portal\/index.php?rest_route=\/wp\/v2\/types\/post"}],"author":[{"embeddable":true,"href":"https:\/\/aconteceunovale.com.br\/portal\/index.php?rest_route=\/wp\/v2\/users\/1"}],"replies":[{"embeddable":true,"href":"https:\/\/aconteceunovale.com.br\/portal\/index.php?rest_route=%2Fwp%2Fv2%2Fcomments&post=153932"}],"version-history":[{"count":1,"href":"https:\/\/aconteceunovale.com.br\/portal\/index.php?rest_route=\/wp\/v2\/posts\/153932\/revisions"}],"predecessor-version":[{"id":153936,"href":"https:\/\/aconteceunovale.com.br\/portal\/index.php?rest_route=\/wp\/v2\/posts\/153932\/revisions\/153936"}],"wp:featuredmedia":[{"embeddable":true,"href":"https:\/\/aconteceunovale.com.br\/portal\/index.php?rest_route=\/wp\/v2\/media\/153935"}],"wp:attachment":[{"href":"https:\/\/aconteceunovale.com.br\/portal\/index.php?rest_route=%2Fwp%2Fv2%2Fmedia&parent=153932"}],"wp:term":[{"taxonomy":"category","embeddable":true,"href":"https:\/\/aconteceunovale.com.br\/portal\/index.php?rest_route=%2Fwp%2Fv2%2Fcategories&post=153932"},{"taxonomy":"post_tag","embeddable":true,"href":"https:\/\/aconteceunovale.com.br\/portal\/index.php?rest_route=%2Fwp%2Fv2%2Ftags&post=153932"}],"curies":[{"name":"wp","href":"https:\/\/api.w.org\/{rel}","templated":true}]}}