{"id":153923,"date":"2019-10-23T09:50:38","date_gmt":"2019-10-23T12:50:38","guid":{"rendered":"http:\/\/aconteceunovale.com.br\/portal\/?p=153923"},"modified":"2019-10-23T10:00:55","modified_gmt":"2019-10-23T13:00:55","slug":"jovem-morre-apos-ser-atingido-por-raio-no-municipio-de-januaria","status":"publish","type":"post","link":"https:\/\/aconteceunovale.com.br\/portal\/?p=153923","title":{"rendered":"Jovem morre ap\u00f3s ser atingido por raio no munic\u00edpio de Janu\u00e1ria"},"content":{"rendered":"\n<p class=\"wp-block-paragraph\">Um jovem de 29 anos morreu v\u00edtima de uma descarga atmosf\u00e9rica\nno munic\u00edpio de Janu\u00e1ria, no Norte de Minas, na tarde de ter\u00e7a-feira (22\/10\/2019).\nSegundo o Corpo de Bombeiros, Jo\u00e3o Paulo Gon\u00e7alves dos Santos e uma mulher estavam\nsentados em um banco na \u00e1rea de uma casa na comunidade dos Cochos, na zona\nrural, quando come\u00e7ou a chover e os dois foram atingidos pelo raio.<\/p>\n\n\n\n<p class=\"wp-block-paragraph\">Equipes do SAMU (Servi\u00e7o de Atendimento M\u00f3vel de Urg\u00eancia) e\ndo Corpo de Bombeiros foram ao local, mas j\u00e1 encontraram Jo\u00e3o Paulo sem sinais\nvitais. A mulher, de 68 anos, foi socorrida ao hospital de Janu\u00e1ria consciente,\nmas com crise nervosa.<\/p>\n\n\n\n<p class=\"wp-block-paragraph\">O corpo de Jo\u00e3o Paulo foi encaminhado ao Instituto M\u00e9dico\nLegal (IML) de Janu\u00e1ria.<\/p>\n\n\n\n<p class=\"wp-block-paragraph\"><strong>Dicas importantes<\/strong><\/p>\n\n\n\n<p class=\"wp-block-paragraph\">Confira abaixo as orienta\u00e7\u00f5es do Corpo de Bombeiros de Minas Gerais para se proteger dos raios durante as tempestades:<\/p>\n\n\n\n<ul class=\"wp-block-list\"><li>Desligue aparelhos el\u00e9tricos das tomadas;<\/li><\/ul>\n\n\n\n<ul class=\"wp-block-list\"><li>Fique longe de janelas;<\/li><\/ul>\n\n\n\n<ul class=\"wp-block-list\"><li>N\u00e3o fique pr\u00f3ximo de \u00e1rvores ou postes, porque eles atraem raios;<\/li><\/ul>\n\n\n\n<ul class=\"wp-block-list\"><li>N\u00e3o fique em p\u00e9 em campo aberto;<\/li><\/ul>\n\n\n\n<ul class=\"wp-block-list\"><li>Evite campos de futebol, praias e outros locais abertos;<\/li><\/ul>\n\n\n\n<ul class=\"wp-block-list\"><li>N\u00e3o retire roupas de varais de arame durante as chuvas fortes;<\/li><\/ul>\n\n\n\n<ul class=\"wp-block-list\"><li>Mantenha dist\u00e2ncia de alambrados, cercas, linhas telef\u00f4nicas e el\u00e9tricas, assim como estruturas met\u00e1licas em geral;<\/li><\/ul>\n\n\n\n<ul class=\"wp-block-list\"><li>Permane\u00e7a dentro do carro, j\u00e1 que autom\u00f3veis oferecem excelente prote\u00e7\u00e3o contra raios;<\/li><\/ul>\n\n\n\n<ul class=\"wp-block-list\"><li>N\u00e3o fique dentro da \u00e1gua;<\/li><\/ul>\n\n\n\n<ul class=\"wp-block-list\"><li>Use o telefone somente em casos de emerg\u00eancia.<\/li><\/ul>\n\n\n\n<p class=\"has-text-color has-background has-very-light-gray-color has-very-dark-gray-background-color wp-block-paragraph\"><strong>VER PRIMEIRO: <\/strong>Receba as not\u00edcias do Aconteceu no Vale em primeira m\u00e3o. Clique em curtir no endere\u00e7o <a href=\"https:\/\/www.facebook.com\/aconteceunovale\" target=\"_blank\" rel=\"noreferrer noopener\">www.facebook.com\/aconteceunovale<\/a>.<\/p>\n","protected":false},"excerpt":{"rendered":"<p>Um jovem de 29 anos morreu v\u00edtima de uma descarga atmosf\u00e9rica no munic\u00edpio de Janu\u00e1ria, no Norte de Minas, na tarde de ter\u00e7a-feira (22\/10\/2019). Segundo o Corpo de Bombeiros, Jo\u00e3o Paulo Gon\u00e7alves dos Santos e uma mulher estavam sentados em um banco na \u00e1rea de uma casa na comunidade dos Cochos, na zona rural, quando [&hellip;]<\/p>\n","protected":false},"author":1,"featured_media":73326,"comment_status":"open","ping_status":"closed","sticky":false,"template":"","format":"standard","meta":{"amp_status":"","footnotes":""},"categories":[1236],"tags":[209010,205,209012,209009,209011],"class_list":["post-153923","post","type-post","status-publish","format-standard","has-post-thumbnail","hentry","category-norte_de_minas","tag-atingido-por-raio-em-januaria","tag-januaria","tag-joao-paulo-goncalves-dos-santos","tag-jovem-morre-apos-ser-atingido-por-raio-no-municipio-de-januaria","tag-vitima-de-raio-em-januaria"],"yoast_head":"<!-- This site is optimized with the Yoast SEO plugin v28.3 - https:\/\/yoast.com\/product\/yoast-seo-wordpress\/ -->\n<title>Jovem morre ap\u00f3s ser atingido por raio no munic\u00edpio de Janu\u00e1ria - Aconteceu no Vale<\/title>\n<meta name=\"robots\" content=\"index, follow, max-snippet:-1, max-image-preview:large, max-video-preview:-1\" \/>\n<link rel=\"canonical\" href=\"https:\/\/aconteceunovale.com.br\/portal\/?p=153923\" \/>\n<meta property=\"og:locale\" content=\"pt_BR\" \/>\n<meta property=\"og:type\" content=\"article\" \/>\n<meta property=\"og:title\" content=\"Jovem morre ap\u00f3s ser atingido por raio no munic\u00edpio de Janu\u00e1ria - Aconteceu no Vale\" \/>\n<meta property=\"og:description\" content=\"Um jovem de 29 anos morreu v\u00edtima de uma descarga atmosf\u00e9rica no munic\u00edpio de Janu\u00e1ria, no Norte de Minas, na tarde de ter\u00e7a-feira (22\/10\/2019). Segundo o Corpo de Bombeiros, Jo\u00e3o Paulo Gon\u00e7alves dos Santos e uma mulher estavam sentados em um banco na \u00e1rea de uma casa na comunidade dos Cochos, na zona rural, quando [&hellip;]\" \/>\n<meta property=\"og:url\" content=\"https:\/\/aconteceunovale.com.br\/portal\/?p=153923\" \/>\n<meta property=\"og:site_name\" content=\"Aconteceu no Vale\" \/>\n<meta property=\"article:publisher\" content=\"https:\/\/www.facebook.com\/aconteceunovale\/\" \/>\n<meta property=\"article:published_time\" content=\"2019-10-23T12:50:38+00:00\" \/>\n<meta property=\"article:modified_time\" content=\"2019-10-23T13:00:55+00:00\" \/>\n<meta property=\"og:image\" content=\"https:\/\/aconteceunovale.com.br\/portal\/wp-content\/uploads\/2015\/11\/raios1.jpg\" \/>\n\t<meta property=\"og:image:width\" content=\"652\" \/>\n\t<meta property=\"og:image:height\" content=\"325\" \/>\n\t<meta property=\"og:image:type\" content=\"image\/jpeg\" \/>\n<meta name=\"author\" content=\"Aconteceu no Vale\" \/>\n<meta name=\"twitter:card\" content=\"summary_large_image\" \/>\n<meta name=\"twitter:creator\" content=\"@noticiadosvales\" \/>\n<meta name=\"twitter:site\" content=\"@noticiadosvales\" \/>\n<meta name=\"twitter:label1\" content=\"Escrito por\" \/>\n\t<meta name=\"twitter:data1\" content=\"Aconteceu no Vale\" \/>\n\t<meta name=\"twitter:label2\" content=\"Est. tempo de leitura\" \/>\n\t<meta name=\"twitter:data2\" content=\"1 minuto\" \/>\n<script type=\"application\/ld+json\" class=\"yoast-schema-graph\">{\"@context\":\"https:\\\/\\\/schema.org\",\"@graph\":[{\"@type\":\"Article\",\"@id\":\"https:\\\/\\\/aconteceunovale.com.br\\\/portal\\\/?p=153923#article\",\"isPartOf\":{\"@id\":\"https:\\\/\\\/aconteceunovale.com.br\\\/portal\\\/?p=153923\"},\"author\":{\"name\":\"Aconteceu no Vale\",\"@id\":\"https:\\\/\\\/aconteceunovale.com.br\\\/portal\\\/#\\\/schema\\\/person\\\/633529146f2c94272bef50ac2953d589\"},\"headline\":\"Jovem morre ap\u00f3s ser atingido por raio no munic\u00edpio de Janu\u00e1ria\",\"datePublished\":\"2019-10-23T12:50:38+00:00\",\"dateModified\":\"2019-10-23T13:00:55+00:00\",\"mainEntityOfPage\":{\"@id\":\"https:\\\/\\\/aconteceunovale.com.br\\\/portal\\\/?p=153923\"},\"wordCount\":294,\"commentCount\":0,\"image\":{\"@id\":\"https:\\\/\\\/aconteceunovale.com.br\\\/portal\\\/?p=153923#primaryimage\"},\"thumbnailUrl\":\"https:\\\/\\\/aconteceunovale.com.br\\\/portal\\\/wp-content\\\/uploads\\\/2015\\\/11\\\/raios1.jpg\",\"keywords\":[\"Atingido por raio em Janu\u00e1ria\",\"Janu\u00e1ria\",\"Jo\u00e3o Paulo Gon\u00e7alves dos Santos\",\"Jovem morre ap\u00f3s ser atingido por raio no munic\u00edpio de Janu\u00e1ria\",\"V\u00edtima de raio em Janu\u00e1ria\"],\"articleSection\":[\"Norte de Minas\"],\"inLanguage\":\"pt-BR\",\"potentialAction\":[{\"@type\":\"CommentAction\",\"name\":\"Comment\",\"target\":[\"https:\\\/\\\/aconteceunovale.com.br\\\/portal\\\/?p=153923#respond\"]}]},{\"@type\":\"WebPage\",\"@id\":\"https:\\\/\\\/aconteceunovale.com.br\\\/portal\\\/?p=153923\",\"url\":\"https:\\\/\\\/aconteceunovale.com.br\\\/portal\\\/?p=153923\",\"name\":\"Jovem morre ap\u00f3s ser atingido por raio no munic\u00edpio de Janu\u00e1ria - Aconteceu no Vale\",\"isPartOf\":{\"@id\":\"https:\\\/\\\/aconteceunovale.com.br\\\/portal\\\/#website\"},\"primaryImageOfPage\":{\"@id\":\"https:\\\/\\\/aconteceunovale.com.br\\\/portal\\\/?p=153923#primaryimage\"},\"image\":{\"@id\":\"https:\\\/\\\/aconteceunovale.com.br\\\/portal\\\/?p=153923#primaryimage\"},\"thumbnailUrl\":\"https:\\\/\\\/aconteceunovale.com.br\\\/portal\\\/wp-content\\\/uploads\\\/2015\\\/11\\\/raios1.jpg\",\"datePublished\":\"2019-10-23T12:50:38+00:00\",\"dateModified\":\"2019-10-23T13:00:55+00:00\",\"author\":{\"@id\":\"https:\\\/\\\/aconteceunovale.com.br\\\/portal\\\/#\\\/schema\\\/person\\\/633529146f2c94272bef50ac2953d589\"},\"breadcrumb\":{\"@id\":\"https:\\\/\\\/aconteceunovale.com.br\\\/portal\\\/?p=153923#breadcrumb\"},\"inLanguage\":\"pt-BR\",\"potentialAction\":[{\"@type\":\"ReadAction\",\"target\":[\"https:\\\/\\\/aconteceunovale.com.br\\\/portal\\\/?p=153923\"]}]},{\"@type\":\"ImageObject\",\"inLanguage\":\"pt-BR\",\"@id\":\"https:\\\/\\\/aconteceunovale.com.br\\\/portal\\\/?p=153923#primaryimage\",\"url\":\"https:\\\/\\\/aconteceunovale.com.br\\\/portal\\\/wp-content\\\/uploads\\\/2015\\\/11\\\/raios1.jpg\",\"contentUrl\":\"https:\\\/\\\/aconteceunovale.com.br\\\/portal\\\/wp-content\\\/uploads\\\/2015\\\/11\\\/raios1.jpg\",\"width\":652,\"height\":325},{\"@type\":\"BreadcrumbList\",\"@id\":\"https:\\\/\\\/aconteceunovale.com.br\\\/portal\\\/?p=153923#breadcrumb\",\"itemListElement\":[{\"@type\":\"ListItem\",\"position\":1,\"name\":\"In\u00edcio\",\"item\":\"https:\\\/\\\/aconteceunovale.com.br\\\/portal\\\/\"},{\"@type\":\"ListItem\",\"position\":2,\"name\":\"Jovem morre ap\u00f3s ser atingido por raio no munic\u00edpio de Janu\u00e1ria\"}]},{\"@type\":\"WebSite\",\"@id\":\"https:\\\/\\\/aconteceunovale.com.br\\\/portal\\\/#website\",\"url\":\"https:\\\/\\\/aconteceunovale.com.br\\\/portal\\\/\",\"name\":\"Aconteceu no Vale\",\"description\":\"Portal de Not\u00edcias\",\"potentialAction\":[{\"@type\":\"SearchAction\",\"target\":{\"@type\":\"EntryPoint\",\"urlTemplate\":\"https:\\\/\\\/aconteceunovale.com.br\\\/portal\\\/?s={search_term_string}\"},\"query-input\":{\"@type\":\"PropertyValueSpecification\",\"valueRequired\":true,\"valueName\":\"search_term_string\"}}],\"inLanguage\":\"pt-BR\"},{\"@type\":\"Person\",\"@id\":\"https:\\\/\\\/aconteceunovale.com.br\\\/portal\\\/#\\\/schema\\\/person\\\/633529146f2c94272bef50ac2953d589\",\"name\":\"Aconteceu no Vale\",\"description\":\"Equipe de reportagem do Aconteceu no Vale, portal de not\u00edcias do Vale do Jequitinhonha, em Minas Gerais. Cobrimos as 51 cidades do Vale desde 2013. Sugest\u00f5es de pauta e pedidos de corre\u00e7\u00e3o: contato@aconteceunovale.com.br\",\"sameAs\":[\"http:\\\/\\\/www.aconteceunovale.com.br\"],\"url\":\"https:\\\/\\\/aconteceunovale.com.br\\\/portal\\\/?author=1\"}]}<\/script>\n<!-- \/ Yoast SEO plugin. -->","yoast_head_json":{"title":"Jovem morre ap\u00f3s ser atingido por raio no munic\u00edpio de Janu\u00e1ria - Aconteceu no Vale","robots":{"index":"index","follow":"follow","max-snippet":"max-snippet:-1","max-image-preview":"max-image-preview:large","max-video-preview":"max-video-preview:-1"},"canonical":"https:\/\/aconteceunovale.com.br\/portal\/?p=153923","og_locale":"pt_BR","og_type":"article","og_title":"Jovem morre ap\u00f3s ser atingido por raio no munic\u00edpio de Janu\u00e1ria - Aconteceu no Vale","og_description":"Um jovem de 29 anos morreu v\u00edtima de uma descarga atmosf\u00e9rica no munic\u00edpio de Janu\u00e1ria, no Norte de Minas, na tarde de ter\u00e7a-feira (22\/10\/2019). Segundo o Corpo de Bombeiros, Jo\u00e3o Paulo Gon\u00e7alves dos Santos e uma mulher estavam sentados em um banco na \u00e1rea de uma casa na comunidade dos Cochos, na zona rural, quando [&hellip;]","og_url":"https:\/\/aconteceunovale.com.br\/portal\/?p=153923","og_site_name":"Aconteceu no Vale","article_publisher":"https:\/\/www.facebook.com\/aconteceunovale\/","article_published_time":"2019-10-23T12:50:38+00:00","article_modified_time":"2019-10-23T13:00:55+00:00","og_image":[{"width":652,"height":325,"url":"https:\/\/aconteceunovale.com.br\/portal\/wp-content\/uploads\/2015\/11\/raios1.jpg","type":"image\/jpeg"}],"author":"Aconteceu no Vale","twitter_card":"summary_large_image","twitter_creator":"@noticiadosvales","twitter_site":"@noticiadosvales","twitter_misc":{"Escrito por":"Aconteceu no Vale","Est. tempo de leitura":"1 minuto"},"schema":{"@context":"https:\/\/schema.org","@graph":[{"@type":"Article","@id":"https:\/\/aconteceunovale.com.br\/portal\/?p=153923#article","isPartOf":{"@id":"https:\/\/aconteceunovale.com.br\/portal\/?p=153923"},"author":{"name":"Aconteceu no Vale","@id":"https:\/\/aconteceunovale.com.br\/portal\/#\/schema\/person\/633529146f2c94272bef50ac2953d589"},"headline":"Jovem morre ap\u00f3s ser atingido por raio no munic\u00edpio de Janu\u00e1ria","datePublished":"2019-10-23T12:50:38+00:00","dateModified":"2019-10-23T13:00:55+00:00","mainEntityOfPage":{"@id":"https:\/\/aconteceunovale.com.br\/portal\/?p=153923"},"wordCount":294,"commentCount":0,"image":{"@id":"https:\/\/aconteceunovale.com.br\/portal\/?p=153923#primaryimage"},"thumbnailUrl":"https:\/\/aconteceunovale.com.br\/portal\/wp-content\/uploads\/2015\/11\/raios1.jpg","keywords":["Atingido por raio em Janu\u00e1ria","Janu\u00e1ria","Jo\u00e3o Paulo Gon\u00e7alves dos Santos","Jovem morre ap\u00f3s ser atingido por raio no munic\u00edpio de Janu\u00e1ria","V\u00edtima de raio em Janu\u00e1ria"],"articleSection":["Norte de Minas"],"inLanguage":"pt-BR","potentialAction":[{"@type":"CommentAction","name":"Comment","target":["https:\/\/aconteceunovale.com.br\/portal\/?p=153923#respond"]}]},{"@type":"WebPage","@id":"https:\/\/aconteceunovale.com.br\/portal\/?p=153923","url":"https:\/\/aconteceunovale.com.br\/portal\/?p=153923","name":"Jovem morre ap\u00f3s ser atingido por raio no munic\u00edpio de Janu\u00e1ria - Aconteceu no Vale","isPartOf":{"@id":"https:\/\/aconteceunovale.com.br\/portal\/#website"},"primaryImageOfPage":{"@id":"https:\/\/aconteceunovale.com.br\/portal\/?p=153923#primaryimage"},"image":{"@id":"https:\/\/aconteceunovale.com.br\/portal\/?p=153923#primaryimage"},"thumbnailUrl":"https:\/\/aconteceunovale.com.br\/portal\/wp-content\/uploads\/2015\/11\/raios1.jpg","datePublished":"2019-10-23T12:50:38+00:00","dateModified":"2019-10-23T13:00:55+00:00","author":{"@id":"https:\/\/aconteceunovale.com.br\/portal\/#\/schema\/person\/633529146f2c94272bef50ac2953d589"},"breadcrumb":{"@id":"https:\/\/aconteceunovale.com.br\/portal\/?p=153923#breadcrumb"},"inLanguage":"pt-BR","potentialAction":[{"@type":"ReadAction","target":["https:\/\/aconteceunovale.com.br\/portal\/?p=153923"]}]},{"@type":"ImageObject","inLanguage":"pt-BR","@id":"https:\/\/aconteceunovale.com.br\/portal\/?p=153923#primaryimage","url":"https:\/\/aconteceunovale.com.br\/portal\/wp-content\/uploads\/2015\/11\/raios1.jpg","contentUrl":"https:\/\/aconteceunovale.com.br\/portal\/wp-content\/uploads\/2015\/11\/raios1.jpg","width":652,"height":325},{"@type":"BreadcrumbList","@id":"https:\/\/aconteceunovale.com.br\/portal\/?p=153923#breadcrumb","itemListElement":[{"@type":"ListItem","position":1,"name":"In\u00edcio","item":"https:\/\/aconteceunovale.com.br\/portal\/"},{"@type":"ListItem","position":2,"name":"Jovem morre ap\u00f3s ser atingido por raio no munic\u00edpio de Janu\u00e1ria"}]},{"@type":"WebSite","@id":"https:\/\/aconteceunovale.com.br\/portal\/#website","url":"https:\/\/aconteceunovale.com.br\/portal\/","name":"Aconteceu no Vale","description":"Portal de Not\u00edcias","potentialAction":[{"@type":"SearchAction","target":{"@type":"EntryPoint","urlTemplate":"https:\/\/aconteceunovale.com.br\/portal\/?s={search_term_string}"},"query-input":{"@type":"PropertyValueSpecification","valueRequired":true,"valueName":"search_term_string"}}],"inLanguage":"pt-BR"},{"@type":"Person","@id":"https:\/\/aconteceunovale.com.br\/portal\/#\/schema\/person\/633529146f2c94272bef50ac2953d589","name":"Aconteceu no Vale","description":"Equipe de reportagem do Aconteceu no Vale, portal de not\u00edcias do Vale do Jequitinhonha, em Minas Gerais. Cobrimos as 51 cidades do Vale desde 2013. Sugest\u00f5es de pauta e pedidos de corre\u00e7\u00e3o: contato@aconteceunovale.com.br","sameAs":["http:\/\/www.aconteceunovale.com.br"],"url":"https:\/\/aconteceunovale.com.br\/portal\/?author=1"}]}},"_links":{"self":[{"href":"https:\/\/aconteceunovale.com.br\/portal\/index.php?rest_route=\/wp\/v2\/posts\/153923","targetHints":{"allow":["GET"]}}],"collection":[{"href":"https:\/\/aconteceunovale.com.br\/portal\/index.php?rest_route=\/wp\/v2\/posts"}],"about":[{"href":"https:\/\/aconteceunovale.com.br\/portal\/index.php?rest_route=\/wp\/v2\/types\/post"}],"author":[{"embeddable":true,"href":"https:\/\/aconteceunovale.com.br\/portal\/index.php?rest_route=\/wp\/v2\/users\/1"}],"replies":[{"embeddable":true,"href":"https:\/\/aconteceunovale.com.br\/portal\/index.php?rest_route=%2Fwp%2Fv2%2Fcomments&post=153923"}],"version-history":[{"count":1,"href":"https:\/\/aconteceunovale.com.br\/portal\/index.php?rest_route=\/wp\/v2\/posts\/153923\/revisions"}],"predecessor-version":[{"id":153924,"href":"https:\/\/aconteceunovale.com.br\/portal\/index.php?rest_route=\/wp\/v2\/posts\/153923\/revisions\/153924"}],"wp:featuredmedia":[{"embeddable":true,"href":"https:\/\/aconteceunovale.com.br\/portal\/index.php?rest_route=\/wp\/v2\/media\/73326"}],"wp:attachment":[{"href":"https:\/\/aconteceunovale.com.br\/portal\/index.php?rest_route=%2Fwp%2Fv2%2Fmedia&parent=153923"}],"wp:term":[{"taxonomy":"category","embeddable":true,"href":"https:\/\/aconteceunovale.com.br\/portal\/index.php?rest_route=%2Fwp%2Fv2%2Fcategories&post=153923"},{"taxonomy":"post_tag","embeddable":true,"href":"https:\/\/aconteceunovale.com.br\/portal\/index.php?rest_route=%2Fwp%2Fv2%2Ftags&post=153923"}],"curies":[{"name":"wp","href":"https:\/\/api.w.org\/{rel}","templated":true}]}}