{"id":153920,"date":"2019-10-23T09:24:36","date_gmt":"2019-10-23T12:24:36","guid":{"rendered":"http:\/\/aconteceunovale.com.br\/portal\/?p=153920"},"modified":"2026-08-31T22:54:52","modified_gmt":"2026-09-01T01:54:52","slug":"policia-militar-prende-suspeito-de-esfaquear-vitimas-durante-assaltos-em-capelinha","status":"publish","type":"post","link":"https:\/\/aconteceunovale.com.br\/portal\/?p=153920","title":{"rendered":"Pol\u00edcia Militar prende suspeito de esfaquear v\u00edtimas durante assaltos em Capelinha"},"content":{"rendered":"\n<p class=\"wp-block-paragraph\">Um homem preso no final da tarde dessa ter\u00e7a-feira\n(22\/10\/2019), em Capelinha, no Vale do Jequitinhonha, foi reconhecido por uma\ndas v\u00edtimas como sendo o autor de um roubo tentado e outro consumado\nregistrados na cidade. &nbsp;Na ocasi\u00e3o,\nsegundo a pol\u00edcia, as duas v\u00edtimas foram esfaqueadas.<\/p>\n\n\n\n<p class=\"wp-block-paragraph\">M.H.S.S, de 22 anos, estava na garupa de uma motocicleta Honda\nCG 160 Fan, licenciada em Santa Teresa (ES), quando foi abordado pela Pol\u00edcia Militar\ndurante uma opera\u00e7\u00e3o Batida Policial. O ve\u00edculo, que era conduzido por A.R.M,\nde 24 anos, estava com a placa de identifica\u00e7\u00e3o dobrada e com os pneus carecas,\nmotivos pelos quais foi removido ao p\u00e1tio credenciado.<\/p>\n\n\n\n<p class=\"wp-block-paragraph\">De acordo com a PM, no momento da pris\u00e3o, A.R.M estava com um canivete. Os dois homens foram conduzidos \u00e0 Delegacia de Pol\u00edcia Civil.<\/p>\n\n\n\n<figure class=\"wp-block-image\"><img loading=\"lazy\" decoding=\"async\" width=\"678\" height=\"426\" src=\"http:\/\/aconteceunovale.com.br\/portal\/wp-content\/uploads\/2019\/10\/presos_capelinha.jpg\" alt=\"\" class=\"wp-image-153921\" srcset=\"https:\/\/aconteceunovale.com.br\/portal\/wp-content\/uploads\/2019\/10\/presos_capelinha.jpg 678w, https:\/\/aconteceunovale.com.br\/portal\/wp-content\/uploads\/2019\/10\/presos_capelinha-300x188.jpg 300w, https:\/\/aconteceunovale.com.br\/portal\/wp-content\/uploads\/2019\/10\/presos_capelinha-668x420.jpg 668w\" sizes=\"auto, (max-width: 678px) 100vw, 678px\" \/><figcaption><em>Fotos: Divulga\u00e7\u00e3o \/ Pol\u00edcia Militar<\/em><\/figcaption><\/figure>\n\n\n\n<h2 class=\"wp-block-heading\"><strong>Roubos com viol\u00eancia na cidade<\/strong><\/h2>\n\n\n\n<p class=\"wp-block-paragraph\">Em menos de uma semana, segundo a pol\u00edcia, duas mulheres\nforam esfaqueadas durante roubos na cidade. O \u00faltimo caso ocorreu na noite de\nsegunda-feira (21\/10) na Rua Augusto Barbosa, no Bairro Cidade Nova. Uma jovem 24\nanos foi\nabordada por dois indiv\u00edduos em uma motocicleta e, ap\u00f3s recusar entregar a\nbolsa, foi violentamente agredida. <\/p>\n\n\n\n<p class=\"wp-block-paragraph\">A v\u00edtima foi encaminhada ao hospital da cidade com perfura\u00e7\u00f5es na cabe\u00e7a e no bra\u00e7o esquerdo, al\u00e9m de v\u00e1rias escoria\u00e7\u00f5es nas costas.<\/p>\n\n\n\n<p class=\"has-text-color has-background has-very-light-gray-color has-very-dark-gray-background-color wp-block-paragraph\"><strong>VER PRIMEIRO: <\/strong>Receba as not\u00edcias do Aconteceu no Vale em primeira m\u00e3o. Clique em curtir no endere\u00e7o <a href=\"https:\/\/www.facebook.com\/aconteceunovale\" target=\"_blank\" rel=\"noreferrer noopener\">www.facebook.com\/aconteceunovale<\/a>.<\/p>\n","protected":false},"excerpt":{"rendered":"<p>Um homem preso no final da tarde dessa ter\u00e7a-feira (22\/10\/2019), em Capelinha, no Vale do Jequitinhonha, foi reconhecido por uma das v\u00edtimas como sendo o autor de um roubo tentado e outro consumado registrados na cidade. &nbsp;Na ocasi\u00e3o, segundo a pol\u00edcia, as duas v\u00edtimas foram esfaqueadas. M.H.S.S, de 22 anos, estava na garupa de uma [&hellip;]<\/p>\n","protected":false},"author":1,"featured_media":153921,"comment_status":"open","ping_status":"closed","sticky":false,"template":"","format":"standard","meta":{"amp_status":"","footnotes":""},"categories":[272535,120],"tags":[56702,146649,132,208972,208970,146653,208973,208971,209008,69964,56699],"class_list":["post-153920","post","type-post","status-publish","format-standard","has-post-thumbnail","hentry","category-capelinha","category-jequi","tag-assaltantes-presos-em-capelinha","tag-assalto-em-capelinha","tag-capelinha","tag-esfaqueada-durante-assalto-em-capelinha","tag-jovem-e-esfaqueada-durante-tentativa-de-assalto-em-capelinha","tag-ladroes-presos-em-capelinha","tag-mulher-esfaqueada-durante-assalto-em-capelinha","tag-mulher-roubada-em-capelinha","tag-policia-militar-prende-suspeito-de-esfaquear-vitimas-durante-assaltos-em-capelinha","tag-presos-em-capelinha","tag-roubo-em-capelinha"],"yoast_head":"<!-- This site is optimized with the Yoast SEO plugin v28.3 - https:\/\/yoast.com\/product\/yoast-seo-wordpress\/ -->\n<title>Pol\u00edcia Militar prende suspeito de esfaquear v\u00edtimas durante assaltos em Capelinha - Aconteceu no Vale<\/title>\n<meta name=\"robots\" content=\"index, follow, max-snippet:-1, max-image-preview:large, max-video-preview:-1\" \/>\n<link rel=\"canonical\" href=\"https:\/\/aconteceunovale.com.br\/portal\/?p=153920\" \/>\n<meta property=\"og:locale\" content=\"pt_BR\" \/>\n<meta property=\"og:type\" content=\"article\" \/>\n<meta property=\"og:title\" content=\"Pol\u00edcia Militar prende suspeito de esfaquear v\u00edtimas durante assaltos em Capelinha - Aconteceu no Vale\" \/>\n<meta property=\"og:description\" content=\"Um homem preso no final da tarde dessa ter\u00e7a-feira (22\/10\/2019), em Capelinha, no Vale do Jequitinhonha, foi reconhecido por uma das v\u00edtimas como sendo o autor de um roubo tentado e outro consumado registrados na cidade. &nbsp;Na ocasi\u00e3o, segundo a pol\u00edcia, as duas v\u00edtimas foram esfaqueadas. M.H.S.S, de 22 anos, estava na garupa de uma [&hellip;]\" \/>\n<meta property=\"og:url\" content=\"https:\/\/aconteceunovale.com.br\/portal\/?p=153920\" \/>\n<meta property=\"og:site_name\" content=\"Aconteceu no Vale\" \/>\n<meta property=\"article:publisher\" content=\"https:\/\/www.facebook.com\/aconteceunovale\/\" \/>\n<meta property=\"article:published_time\" content=\"2019-10-23T12:24:36+00:00\" \/>\n<meta property=\"article:modified_time\" content=\"2026-09-01T01:54:52+00:00\" \/>\n<meta property=\"og:image\" content=\"https:\/\/aconteceunovale.com.br\/portal\/wp-content\/uploads\/2019\/10\/presos_capelinha.jpg\" \/>\n\t<meta property=\"og:image:width\" content=\"678\" \/>\n\t<meta property=\"og:image:height\" content=\"426\" \/>\n\t<meta property=\"og:image:type\" content=\"image\/jpeg\" \/>\n<meta name=\"author\" content=\"Aconteceu no Vale\" \/>\n<meta name=\"twitter:card\" content=\"summary_large_image\" \/>\n<meta name=\"twitter:creator\" content=\"@noticiadosvales\" \/>\n<meta name=\"twitter:site\" content=\"@noticiadosvales\" \/>\n<meta name=\"twitter:label1\" content=\"Escrito por\" \/>\n\t<meta name=\"twitter:data1\" content=\"Aconteceu no Vale\" \/>\n\t<meta name=\"twitter:label2\" content=\"Est. tempo de leitura\" \/>\n\t<meta name=\"twitter:data2\" content=\"1 minuto\" \/>\n<script type=\"application\/ld+json\" class=\"yoast-schema-graph\">{\"@context\":\"https:\\\/\\\/schema.org\",\"@graph\":[{\"@type\":\"Article\",\"@id\":\"https:\\\/\\\/aconteceunovale.com.br\\\/portal\\\/?p=153920#article\",\"isPartOf\":{\"@id\":\"https:\\\/\\\/aconteceunovale.com.br\\\/portal\\\/?p=153920\"},\"author\":{\"name\":\"Aconteceu no Vale\",\"@id\":\"https:\\\/\\\/aconteceunovale.com.br\\\/portal\\\/#\\\/schema\\\/person\\\/633529146f2c94272bef50ac2953d589\"},\"headline\":\"Pol\u00edcia Militar prende suspeito de esfaquear v\u00edtimas durante assaltos em Capelinha\",\"datePublished\":\"2019-10-23T12:24:36+00:00\",\"dateModified\":\"2026-09-01T01:54:52+00:00\",\"mainEntityOfPage\":{\"@id\":\"https:\\\/\\\/aconteceunovale.com.br\\\/portal\\\/?p=153920\"},\"wordCount\":278,\"commentCount\":0,\"image\":{\"@id\":\"https:\\\/\\\/aconteceunovale.com.br\\\/portal\\\/?p=153920#primaryimage\"},\"thumbnailUrl\":\"https:\\\/\\\/aconteceunovale.com.br\\\/portal\\\/wp-content\\\/uploads\\\/2019\\\/10\\\/presos_capelinha.jpg\",\"keywords\":[\"assaltantes presos em capelinha\",\"Assalto em Capelinha\",\"Capelinha\",\"Esfaqueada durante assalto em Capelinha\",\"Jovem \u00e9 esfaqueada durante tentativa de assalto em Capelinha\",\"Ladr\u00f5es presos em Capelinha\",\"Mulher esfaqueada durante assalto em Capelinha\",\"Mulher roubada em Capelinha\",\"Pol\u00edcia Militar prende suspeito de esfaquear v\u00edtimas durante assaltos em Capelinha\",\"presos em capelinha\",\"roubo em capelinha\"],\"articleSection\":[\"Capelinha\",\"Vale do Jequitinhonha\"],\"inLanguage\":\"pt-BR\",\"potentialAction\":[{\"@type\":\"CommentAction\",\"name\":\"Comment\",\"target\":[\"https:\\\/\\\/aconteceunovale.com.br\\\/portal\\\/?p=153920#respond\"]}]},{\"@type\":\"WebPage\",\"@id\":\"https:\\\/\\\/aconteceunovale.com.br\\\/portal\\\/?p=153920\",\"url\":\"https:\\\/\\\/aconteceunovale.com.br\\\/portal\\\/?p=153920\",\"name\":\"Pol\u00edcia Militar prende suspeito de esfaquear v\u00edtimas durante assaltos em Capelinha - Aconteceu no Vale\",\"isPartOf\":{\"@id\":\"https:\\\/\\\/aconteceunovale.com.br\\\/portal\\\/#website\"},\"primaryImageOfPage\":{\"@id\":\"https:\\\/\\\/aconteceunovale.com.br\\\/portal\\\/?p=153920#primaryimage\"},\"image\":{\"@id\":\"https:\\\/\\\/aconteceunovale.com.br\\\/portal\\\/?p=153920#primaryimage\"},\"thumbnailUrl\":\"https:\\\/\\\/aconteceunovale.com.br\\\/portal\\\/wp-content\\\/uploads\\\/2019\\\/10\\\/presos_capelinha.jpg\",\"datePublished\":\"2019-10-23T12:24:36+00:00\",\"dateModified\":\"2026-09-01T01:54:52+00:00\",\"author\":{\"@id\":\"https:\\\/\\\/aconteceunovale.com.br\\\/portal\\\/#\\\/schema\\\/person\\\/633529146f2c94272bef50ac2953d589\"},\"breadcrumb\":{\"@id\":\"https:\\\/\\\/aconteceunovale.com.br\\\/portal\\\/?p=153920#breadcrumb\"},\"inLanguage\":\"pt-BR\",\"potentialAction\":[{\"@type\":\"ReadAction\",\"target\":[\"https:\\\/\\\/aconteceunovale.com.br\\\/portal\\\/?p=153920\"]}]},{\"@type\":\"ImageObject\",\"inLanguage\":\"pt-BR\",\"@id\":\"https:\\\/\\\/aconteceunovale.com.br\\\/portal\\\/?p=153920#primaryimage\",\"url\":\"https:\\\/\\\/aconteceunovale.com.br\\\/portal\\\/wp-content\\\/uploads\\\/2019\\\/10\\\/presos_capelinha.jpg\",\"contentUrl\":\"https:\\\/\\\/aconteceunovale.com.br\\\/portal\\\/wp-content\\\/uploads\\\/2019\\\/10\\\/presos_capelinha.jpg\",\"width\":678,\"height\":426},{\"@type\":\"BreadcrumbList\",\"@id\":\"https:\\\/\\\/aconteceunovale.com.br\\\/portal\\\/?p=153920#breadcrumb\",\"itemListElement\":[{\"@type\":\"ListItem\",\"position\":1,\"name\":\"In\u00edcio\",\"item\":\"https:\\\/\\\/aconteceunovale.com.br\\\/portal\\\/\"},{\"@type\":\"ListItem\",\"position\":2,\"name\":\"Pol\u00edcia Militar prende suspeito de esfaquear v\u00edtimas durante assaltos em Capelinha\"}]},{\"@type\":\"WebSite\",\"@id\":\"https:\\\/\\\/aconteceunovale.com.br\\\/portal\\\/#website\",\"url\":\"https:\\\/\\\/aconteceunovale.com.br\\\/portal\\\/\",\"name\":\"Aconteceu no Vale\",\"description\":\"Portal de Not\u00edcias\",\"potentialAction\":[{\"@type\":\"SearchAction\",\"target\":{\"@type\":\"EntryPoint\",\"urlTemplate\":\"https:\\\/\\\/aconteceunovale.com.br\\\/portal\\\/?s={search_term_string}\"},\"query-input\":{\"@type\":\"PropertyValueSpecification\",\"valueRequired\":true,\"valueName\":\"search_term_string\"}}],\"inLanguage\":\"pt-BR\"},{\"@type\":\"Person\",\"@id\":\"https:\\\/\\\/aconteceunovale.com.br\\\/portal\\\/#\\\/schema\\\/person\\\/633529146f2c94272bef50ac2953d589\",\"name\":\"Aconteceu no Vale\",\"description\":\"Equipe de reportagem do Aconteceu no Vale, portal de not\u00edcias do Vale do Jequitinhonha, em Minas Gerais. Cobrimos as 51 cidades do Vale desde 2013. Sugest\u00f5es de pauta e pedidos de corre\u00e7\u00e3o: contato@aconteceunovale.com.br\",\"sameAs\":[\"http:\\\/\\\/www.aconteceunovale.com.br\"],\"url\":\"https:\\\/\\\/aconteceunovale.com.br\\\/portal\\\/?author=1\"}]}<\/script>\n<!-- \/ Yoast SEO plugin. -->","yoast_head_json":{"title":"Pol\u00edcia Militar prende suspeito de esfaquear v\u00edtimas durante assaltos em Capelinha - Aconteceu no Vale","robots":{"index":"index","follow":"follow","max-snippet":"max-snippet:-1","max-image-preview":"max-image-preview:large","max-video-preview":"max-video-preview:-1"},"canonical":"https:\/\/aconteceunovale.com.br\/portal\/?p=153920","og_locale":"pt_BR","og_type":"article","og_title":"Pol\u00edcia Militar prende suspeito de esfaquear v\u00edtimas durante assaltos em Capelinha - Aconteceu no Vale","og_description":"Um homem preso no final da tarde dessa ter\u00e7a-feira (22\/10\/2019), em Capelinha, no Vale do Jequitinhonha, foi reconhecido por uma das v\u00edtimas como sendo o autor de um roubo tentado e outro consumado registrados na cidade. &nbsp;Na ocasi\u00e3o, segundo a pol\u00edcia, as duas v\u00edtimas foram esfaqueadas. M.H.S.S, de 22 anos, estava na garupa de uma [&hellip;]","og_url":"https:\/\/aconteceunovale.com.br\/portal\/?p=153920","og_site_name":"Aconteceu no Vale","article_publisher":"https:\/\/www.facebook.com\/aconteceunovale\/","article_published_time":"2019-10-23T12:24:36+00:00","article_modified_time":"2026-09-01T01:54:52+00:00","og_image":[{"width":678,"height":426,"url":"https:\/\/aconteceunovale.com.br\/portal\/wp-content\/uploads\/2019\/10\/presos_capelinha.jpg","type":"image\/jpeg"}],"author":"Aconteceu no Vale","twitter_card":"summary_large_image","twitter_creator":"@noticiadosvales","twitter_site":"@noticiadosvales","twitter_misc":{"Escrito por":"Aconteceu no Vale","Est. tempo de leitura":"1 minuto"},"schema":{"@context":"https:\/\/schema.org","@graph":[{"@type":"Article","@id":"https:\/\/aconteceunovale.com.br\/portal\/?p=153920#article","isPartOf":{"@id":"https:\/\/aconteceunovale.com.br\/portal\/?p=153920"},"author":{"name":"Aconteceu no Vale","@id":"https:\/\/aconteceunovale.com.br\/portal\/#\/schema\/person\/633529146f2c94272bef50ac2953d589"},"headline":"Pol\u00edcia Militar prende suspeito de esfaquear v\u00edtimas durante assaltos em Capelinha","datePublished":"2019-10-23T12:24:36+00:00","dateModified":"2026-09-01T01:54:52+00:00","mainEntityOfPage":{"@id":"https:\/\/aconteceunovale.com.br\/portal\/?p=153920"},"wordCount":278,"commentCount":0,"image":{"@id":"https:\/\/aconteceunovale.com.br\/portal\/?p=153920#primaryimage"},"thumbnailUrl":"https:\/\/aconteceunovale.com.br\/portal\/wp-content\/uploads\/2019\/10\/presos_capelinha.jpg","keywords":["assaltantes presos em capelinha","Assalto em Capelinha","Capelinha","Esfaqueada durante assalto em Capelinha","Jovem \u00e9 esfaqueada durante tentativa de assalto em Capelinha","Ladr\u00f5es presos em Capelinha","Mulher esfaqueada durante assalto em Capelinha","Mulher roubada em Capelinha","Pol\u00edcia Militar prende suspeito de esfaquear v\u00edtimas durante assaltos em Capelinha","presos em capelinha","roubo em capelinha"],"articleSection":["Capelinha","Vale do Jequitinhonha"],"inLanguage":"pt-BR","potentialAction":[{"@type":"CommentAction","name":"Comment","target":["https:\/\/aconteceunovale.com.br\/portal\/?p=153920#respond"]}]},{"@type":"WebPage","@id":"https:\/\/aconteceunovale.com.br\/portal\/?p=153920","url":"https:\/\/aconteceunovale.com.br\/portal\/?p=153920","name":"Pol\u00edcia Militar prende suspeito de esfaquear v\u00edtimas durante assaltos em Capelinha - Aconteceu no Vale","isPartOf":{"@id":"https:\/\/aconteceunovale.com.br\/portal\/#website"},"primaryImageOfPage":{"@id":"https:\/\/aconteceunovale.com.br\/portal\/?p=153920#primaryimage"},"image":{"@id":"https:\/\/aconteceunovale.com.br\/portal\/?p=153920#primaryimage"},"thumbnailUrl":"https:\/\/aconteceunovale.com.br\/portal\/wp-content\/uploads\/2019\/10\/presos_capelinha.jpg","datePublished":"2019-10-23T12:24:36+00:00","dateModified":"2026-09-01T01:54:52+00:00","author":{"@id":"https:\/\/aconteceunovale.com.br\/portal\/#\/schema\/person\/633529146f2c94272bef50ac2953d589"},"breadcrumb":{"@id":"https:\/\/aconteceunovale.com.br\/portal\/?p=153920#breadcrumb"},"inLanguage":"pt-BR","potentialAction":[{"@type":"ReadAction","target":["https:\/\/aconteceunovale.com.br\/portal\/?p=153920"]}]},{"@type":"ImageObject","inLanguage":"pt-BR","@id":"https:\/\/aconteceunovale.com.br\/portal\/?p=153920#primaryimage","url":"https:\/\/aconteceunovale.com.br\/portal\/wp-content\/uploads\/2019\/10\/presos_capelinha.jpg","contentUrl":"https:\/\/aconteceunovale.com.br\/portal\/wp-content\/uploads\/2019\/10\/presos_capelinha.jpg","width":678,"height":426},{"@type":"BreadcrumbList","@id":"https:\/\/aconteceunovale.com.br\/portal\/?p=153920#breadcrumb","itemListElement":[{"@type":"ListItem","position":1,"name":"In\u00edcio","item":"https:\/\/aconteceunovale.com.br\/portal\/"},{"@type":"ListItem","position":2,"name":"Pol\u00edcia Militar prende suspeito de esfaquear v\u00edtimas durante assaltos em Capelinha"}]},{"@type":"WebSite","@id":"https:\/\/aconteceunovale.com.br\/portal\/#website","url":"https:\/\/aconteceunovale.com.br\/portal\/","name":"Aconteceu no Vale","description":"Portal de Not\u00edcias","potentialAction":[{"@type":"SearchAction","target":{"@type":"EntryPoint","urlTemplate":"https:\/\/aconteceunovale.com.br\/portal\/?s={search_term_string}"},"query-input":{"@type":"PropertyValueSpecification","valueRequired":true,"valueName":"search_term_string"}}],"inLanguage":"pt-BR"},{"@type":"Person","@id":"https:\/\/aconteceunovale.com.br\/portal\/#\/schema\/person\/633529146f2c94272bef50ac2953d589","name":"Aconteceu no Vale","description":"Equipe de reportagem do Aconteceu no Vale, portal de not\u00edcias do Vale do Jequitinhonha, em Minas Gerais. Cobrimos as 51 cidades do Vale desde 2013. Sugest\u00f5es de pauta e pedidos de corre\u00e7\u00e3o: contato@aconteceunovale.com.br","sameAs":["http:\/\/www.aconteceunovale.com.br"],"url":"https:\/\/aconteceunovale.com.br\/portal\/?author=1"}]}},"_links":{"self":[{"href":"https:\/\/aconteceunovale.com.br\/portal\/index.php?rest_route=\/wp\/v2\/posts\/153920","targetHints":{"allow":["GET"]}}],"collection":[{"href":"https:\/\/aconteceunovale.com.br\/portal\/index.php?rest_route=\/wp\/v2\/posts"}],"about":[{"href":"https:\/\/aconteceunovale.com.br\/portal\/index.php?rest_route=\/wp\/v2\/types\/post"}],"author":[{"embeddable":true,"href":"https:\/\/aconteceunovale.com.br\/portal\/index.php?rest_route=\/wp\/v2\/users\/1"}],"replies":[{"embeddable":true,"href":"https:\/\/aconteceunovale.com.br\/portal\/index.php?rest_route=%2Fwp%2Fv2%2Fcomments&post=153920"}],"version-history":[{"count":1,"href":"https:\/\/aconteceunovale.com.br\/portal\/index.php?rest_route=\/wp\/v2\/posts\/153920\/revisions"}],"predecessor-version":[{"id":153922,"href":"https:\/\/aconteceunovale.com.br\/portal\/index.php?rest_route=\/wp\/v2\/posts\/153920\/revisions\/153922"}],"wp:featuredmedia":[{"embeddable":true,"href":"https:\/\/aconteceunovale.com.br\/portal\/index.php?rest_route=\/wp\/v2\/media\/153921"}],"wp:attachment":[{"href":"https:\/\/aconteceunovale.com.br\/portal\/index.php?rest_route=%2Fwp%2Fv2%2Fmedia&parent=153920"}],"wp:term":[{"taxonomy":"category","embeddable":true,"href":"https:\/\/aconteceunovale.com.br\/portal\/index.php?rest_route=%2Fwp%2Fv2%2Fcategories&post=153920"},{"taxonomy":"post_tag","embeddable":true,"href":"https:\/\/aconteceunovale.com.br\/portal\/index.php?rest_route=%2Fwp%2Fv2%2Ftags&post=153920"}],"curies":[{"name":"wp","href":"https:\/\/api.w.org\/{rel}","templated":true}]}}