{"id":153719,"date":"2019-10-19T19:51:38","date_gmt":"2019-10-19T22:51:38","guid":{"rendered":"http:\/\/aconteceunovale.com.br\/portal\/?p=153719"},"modified":"2019-10-19T20:27:04","modified_gmt":"2019-10-19T23:27:04","slug":"bombeiros-encontram-mais-um-corpo-de-vitima-da-tragedia-em-brumadinho","status":"publish","type":"post","link":"https:\/\/aconteceunovale.com.br\/portal\/?p=153719","title":{"rendered":"Bombeiros encontram mais um corpo de v\u00edtima da trag\u00e9dia em Brumadinho"},"content":{"rendered":"\n<p class=\"wp-block-paragraph\">O Corpo de Bombeiros de Minas Gerais informou hoje (19\/10\/2019) que encontrou o corpo de mais uma v\u00edtima do rompimento da barragem da Mina C\u00f3rrego do Feij\u00e3o, em Brumadinho, na regi\u00e3o metropolitana de Belo Horizonte. O desastre ocorreu em janeiro deste ano.<\/p>\n\n\n\n<p class=\"wp-block-paragraph\">De acordo com a corpora\u00e7\u00e3o, por volta das 10h30, as equipes retiraram o corpo de um homem, identificado como Robert Ruan Oliveira Teodoro, trabalhador terceirizado da Vale, que estava soterrado a 3 metros de profundidade na lama de rejeitos t\u00f3xicos que vazaram da barragem.<\/p>\n\n\n\n<p class=\"wp-block-paragraph\">Segundo o mais recente balan\u00e7o divulgado pelo Corpo de Bombeiros, desde a trag\u00e9dia, 252 corpos j\u00e1 foram resgatados e 18 pessoas ainda est\u00e3o desaparecidas. As equipes de trabalho est\u00e3o h\u00e1 268 dias na miss\u00e3o de resgate dos corpos.<\/p>\n\n\n\n<figure class=\"wp-block-image\"><img loading=\"lazy\" decoding=\"async\" width=\"675\" height=\"450\" src=\"http:\/\/aconteceunovale.com.br\/portal\/wp-content\/uploads\/2019\/10\/resgate_brumadinho.jpg\" alt=\"\" class=\"wp-image-153720\" srcset=\"https:\/\/aconteceunovale.com.br\/portal\/wp-content\/uploads\/2019\/10\/resgate_brumadinho.jpg 675w, https:\/\/aconteceunovale.com.br\/portal\/wp-content\/uploads\/2019\/10\/resgate_brumadinho-300x200.jpg 300w, https:\/\/aconteceunovale.com.br\/portal\/wp-content\/uploads\/2019\/10\/resgate_brumadinho-630x420.jpg 630w\" sizes=\"auto, (max-width: 675px) 100vw, 675px\" \/><figcaption><em>Foto:  Divulga\u00e7\u00e3o \/ Corpo de Bombeiros de Minas Gerais<\/em><\/figcaption><\/figure>\n\n\n\n<p class=\"has-text-color has-background has-very-light-gray-color has-very-dark-gray-background-color wp-block-paragraph\"><strong>VER PRIMEIRO: <\/strong>Receba as not\u00edcias do Aconteceu no Vale em primeira m\u00e3o. Clique em curtir no endere\u00e7o <a href=\"https:\/\/www.facebook.com\/aconteceunovale\" target=\"_blank\" rel=\"noreferrer noopener\">www.facebook.com\/aconteceunovale<\/a>.<\/p>\n","protected":false},"excerpt":{"rendered":"<p>O Corpo de Bombeiros de Minas Gerais informou hoje (19\/10\/2019) que encontrou o corpo de mais uma v\u00edtima do rompimento da barragem da Mina C\u00f3rrego do Feij\u00e3o, em Brumadinho, na regi\u00e3o metropolitana de Belo Horizonte. O desastre ocorreu em janeiro deste ano. De acordo com a corpora\u00e7\u00e3o, por volta das 10h30, as equipes retiraram o [&hellip;]<\/p>\n","protected":false},"author":1,"featured_media":153720,"comment_status":"open","ping_status":"closed","sticky":false,"template":"","format":"standard","meta":{"amp_status":"","footnotes":""},"categories":[123],"tags":[192803,208674,31706,207951,193008,208682,192688,198826,203381,201543],"class_list":["post-153719","post","type-post","status-publish","format-standard","has-post-thumbnail","hentry","category-gerais","tag-barragem-de-brumadinho","tag-bombeiros-encontram-mais-um-corpo-de-vitima-da-tragedia-em-brumadinho","tag-corpo-de-bombeiros-de-minas-gerais","tag-corpo-encontrado-em-brumadinho","tag-mina-corrego-do-feijao","tag-robert-ruan-oliveira-teodoro","tag-rompimento-de-barragem-em-brumadinho","tag-tragedia-de-brumadinho","tag-vale-brumadinho","tag-vitimas-de-brumadinho"],"yoast_head":"<!-- This site is optimized with the Yoast SEO plugin v28.3 - https:\/\/yoast.com\/product\/yoast-seo-wordpress\/ -->\n<title>Bombeiros encontram mais um corpo de v\u00edtima da trag\u00e9dia em Brumadinho - Aconteceu no Vale<\/title>\n<meta name=\"robots\" content=\"index, follow, max-snippet:-1, max-image-preview:large, max-video-preview:-1\" \/>\n<link rel=\"canonical\" href=\"https:\/\/aconteceunovale.com.br\/portal\/?p=153719\" \/>\n<meta property=\"og:locale\" content=\"pt_BR\" \/>\n<meta property=\"og:type\" content=\"article\" \/>\n<meta property=\"og:title\" content=\"Bombeiros encontram mais um corpo de v\u00edtima da trag\u00e9dia em Brumadinho - Aconteceu no Vale\" \/>\n<meta property=\"og:description\" content=\"O Corpo de Bombeiros de Minas Gerais informou hoje (19\/10\/2019) que encontrou o corpo de mais uma v\u00edtima do rompimento da barragem da Mina C\u00f3rrego do Feij\u00e3o, em Brumadinho, na regi\u00e3o metropolitana de Belo Horizonte. O desastre ocorreu em janeiro deste ano. De acordo com a corpora\u00e7\u00e3o, por volta das 10h30, as equipes retiraram o [&hellip;]\" \/>\n<meta property=\"og:url\" content=\"https:\/\/aconteceunovale.com.br\/portal\/?p=153719\" \/>\n<meta property=\"og:site_name\" content=\"Aconteceu no Vale\" \/>\n<meta property=\"article:publisher\" content=\"https:\/\/www.facebook.com\/aconteceunovale\/\" \/>\n<meta property=\"article:published_time\" content=\"2019-10-19T22:51:38+00:00\" \/>\n<meta property=\"article:modified_time\" content=\"2019-10-19T23:27:04+00:00\" \/>\n<meta property=\"og:image\" content=\"https:\/\/aconteceunovale.com.br\/portal\/wp-content\/uploads\/2019\/10\/resgate_brumadinho.jpg\" \/>\n\t<meta property=\"og:image:width\" content=\"675\" \/>\n\t<meta property=\"og:image:height\" content=\"450\" \/>\n\t<meta property=\"og:image:type\" content=\"image\/jpeg\" \/>\n<meta name=\"author\" content=\"Aconteceu no Vale\" \/>\n<meta name=\"twitter:card\" content=\"summary_large_image\" \/>\n<meta name=\"twitter:creator\" content=\"@noticiadosvales\" \/>\n<meta name=\"twitter:site\" content=\"@noticiadosvales\" \/>\n<meta name=\"twitter:label1\" content=\"Escrito por\" \/>\n\t<meta name=\"twitter:data1\" content=\"Aconteceu no Vale\" \/>\n\t<meta name=\"twitter:label2\" content=\"Est. tempo de leitura\" \/>\n\t<meta name=\"twitter:data2\" content=\"1 minuto\" \/>\n<script type=\"application\/ld+json\" class=\"yoast-schema-graph\">{\"@context\":\"https:\\\/\\\/schema.org\",\"@graph\":[{\"@type\":\"Article\",\"@id\":\"https:\\\/\\\/aconteceunovale.com.br\\\/portal\\\/?p=153719#article\",\"isPartOf\":{\"@id\":\"https:\\\/\\\/aconteceunovale.com.br\\\/portal\\\/?p=153719\"},\"author\":{\"name\":\"Aconteceu no Vale\",\"@id\":\"https:\\\/\\\/aconteceunovale.com.br\\\/portal\\\/#\\\/schema\\\/person\\\/633529146f2c94272bef50ac2953d589\"},\"headline\":\"Bombeiros encontram mais um corpo de v\u00edtima da trag\u00e9dia em Brumadinho\",\"datePublished\":\"2019-10-19T22:51:38+00:00\",\"dateModified\":\"2019-10-19T23:27:04+00:00\",\"mainEntityOfPage\":{\"@id\":\"https:\\\/\\\/aconteceunovale.com.br\\\/portal\\\/?p=153719\"},\"wordCount\":176,\"commentCount\":0,\"image\":{\"@id\":\"https:\\\/\\\/aconteceunovale.com.br\\\/portal\\\/?p=153719#primaryimage\"},\"thumbnailUrl\":\"https:\\\/\\\/aconteceunovale.com.br\\\/portal\\\/wp-content\\\/uploads\\\/2019\\\/10\\\/resgate_brumadinho.jpg\",\"keywords\":[\"barragem de Brumadinho\",\"Bombeiros encontram mais um corpo de v\u00edtima da trag\u00e9dia em Brumadinho\",\"Corpo de bombeiros de minas gerais\",\"Corpo encontrado em Brumadinho\",\"Mina C\u00f3rrego do Feij\u00e3o\",\"Robert Ruan Oliveira Teodoro\",\"Rompimento de barragem em Brumadinho\",\"Trag\u00e9dia de Brumadinho\",\"Vale Brumadinho\",\"V\u00edtimas de Brumadinho\"],\"articleSection\":[\"Minas Gerais\"],\"inLanguage\":\"pt-BR\",\"potentialAction\":[{\"@type\":\"CommentAction\",\"name\":\"Comment\",\"target\":[\"https:\\\/\\\/aconteceunovale.com.br\\\/portal\\\/?p=153719#respond\"]}]},{\"@type\":\"WebPage\",\"@id\":\"https:\\\/\\\/aconteceunovale.com.br\\\/portal\\\/?p=153719\",\"url\":\"https:\\\/\\\/aconteceunovale.com.br\\\/portal\\\/?p=153719\",\"name\":\"Bombeiros encontram mais um corpo de v\u00edtima da trag\u00e9dia em Brumadinho - Aconteceu no Vale\",\"isPartOf\":{\"@id\":\"https:\\\/\\\/aconteceunovale.com.br\\\/portal\\\/#website\"},\"primaryImageOfPage\":{\"@id\":\"https:\\\/\\\/aconteceunovale.com.br\\\/portal\\\/?p=153719#primaryimage\"},\"image\":{\"@id\":\"https:\\\/\\\/aconteceunovale.com.br\\\/portal\\\/?p=153719#primaryimage\"},\"thumbnailUrl\":\"https:\\\/\\\/aconteceunovale.com.br\\\/portal\\\/wp-content\\\/uploads\\\/2019\\\/10\\\/resgate_brumadinho.jpg\",\"datePublished\":\"2019-10-19T22:51:38+00:00\",\"dateModified\":\"2019-10-19T23:27:04+00:00\",\"author\":{\"@id\":\"https:\\\/\\\/aconteceunovale.com.br\\\/portal\\\/#\\\/schema\\\/person\\\/633529146f2c94272bef50ac2953d589\"},\"breadcrumb\":{\"@id\":\"https:\\\/\\\/aconteceunovale.com.br\\\/portal\\\/?p=153719#breadcrumb\"},\"inLanguage\":\"pt-BR\",\"potentialAction\":[{\"@type\":\"ReadAction\",\"target\":[\"https:\\\/\\\/aconteceunovale.com.br\\\/portal\\\/?p=153719\"]}]},{\"@type\":\"ImageObject\",\"inLanguage\":\"pt-BR\",\"@id\":\"https:\\\/\\\/aconteceunovale.com.br\\\/portal\\\/?p=153719#primaryimage\",\"url\":\"https:\\\/\\\/aconteceunovale.com.br\\\/portal\\\/wp-content\\\/uploads\\\/2019\\\/10\\\/resgate_brumadinho.jpg\",\"contentUrl\":\"https:\\\/\\\/aconteceunovale.com.br\\\/portal\\\/wp-content\\\/uploads\\\/2019\\\/10\\\/resgate_brumadinho.jpg\",\"width\":675,\"height\":450},{\"@type\":\"BreadcrumbList\",\"@id\":\"https:\\\/\\\/aconteceunovale.com.br\\\/portal\\\/?p=153719#breadcrumb\",\"itemListElement\":[{\"@type\":\"ListItem\",\"position\":1,\"name\":\"In\u00edcio\",\"item\":\"https:\\\/\\\/aconteceunovale.com.br\\\/portal\\\/\"},{\"@type\":\"ListItem\",\"position\":2,\"name\":\"Bombeiros encontram mais um corpo de v\u00edtima da trag\u00e9dia em Brumadinho\"}]},{\"@type\":\"WebSite\",\"@id\":\"https:\\\/\\\/aconteceunovale.com.br\\\/portal\\\/#website\",\"url\":\"https:\\\/\\\/aconteceunovale.com.br\\\/portal\\\/\",\"name\":\"Aconteceu no Vale\",\"description\":\"Portal de Not\u00edcias\",\"potentialAction\":[{\"@type\":\"SearchAction\",\"target\":{\"@type\":\"EntryPoint\",\"urlTemplate\":\"https:\\\/\\\/aconteceunovale.com.br\\\/portal\\\/?s={search_term_string}\"},\"query-input\":{\"@type\":\"PropertyValueSpecification\",\"valueRequired\":true,\"valueName\":\"search_term_string\"}}],\"inLanguage\":\"pt-BR\"},{\"@type\":\"Person\",\"@id\":\"https:\\\/\\\/aconteceunovale.com.br\\\/portal\\\/#\\\/schema\\\/person\\\/633529146f2c94272bef50ac2953d589\",\"name\":\"Aconteceu no Vale\",\"description\":\"Equipe de reportagem do Aconteceu no Vale, portal de not\u00edcias do Vale do Jequitinhonha, em Minas Gerais. Cobrimos as 51 cidades do Vale desde 2013. Sugest\u00f5es de pauta e pedidos de corre\u00e7\u00e3o: contato@aconteceunovale.com.br\",\"sameAs\":[\"http:\\\/\\\/www.aconteceunovale.com.br\"],\"url\":\"https:\\\/\\\/aconteceunovale.com.br\\\/portal\\\/?author=1\"}]}<\/script>\n<!-- \/ Yoast SEO plugin. -->","yoast_head_json":{"title":"Bombeiros encontram mais um corpo de v\u00edtima da trag\u00e9dia em Brumadinho - Aconteceu no Vale","robots":{"index":"index","follow":"follow","max-snippet":"max-snippet:-1","max-image-preview":"max-image-preview:large","max-video-preview":"max-video-preview:-1"},"canonical":"https:\/\/aconteceunovale.com.br\/portal\/?p=153719","og_locale":"pt_BR","og_type":"article","og_title":"Bombeiros encontram mais um corpo de v\u00edtima da trag\u00e9dia em Brumadinho - Aconteceu no Vale","og_description":"O Corpo de Bombeiros de Minas Gerais informou hoje (19\/10\/2019) que encontrou o corpo de mais uma v\u00edtima do rompimento da barragem da Mina C\u00f3rrego do Feij\u00e3o, em Brumadinho, na regi\u00e3o metropolitana de Belo Horizonte. O desastre ocorreu em janeiro deste ano. De acordo com a corpora\u00e7\u00e3o, por volta das 10h30, as equipes retiraram o [&hellip;]","og_url":"https:\/\/aconteceunovale.com.br\/portal\/?p=153719","og_site_name":"Aconteceu no Vale","article_publisher":"https:\/\/www.facebook.com\/aconteceunovale\/","article_published_time":"2019-10-19T22:51:38+00:00","article_modified_time":"2019-10-19T23:27:04+00:00","og_image":[{"width":675,"height":450,"url":"https:\/\/aconteceunovale.com.br\/portal\/wp-content\/uploads\/2019\/10\/resgate_brumadinho.jpg","type":"image\/jpeg"}],"author":"Aconteceu no Vale","twitter_card":"summary_large_image","twitter_creator":"@noticiadosvales","twitter_site":"@noticiadosvales","twitter_misc":{"Escrito por":"Aconteceu no Vale","Est. tempo de leitura":"1 minuto"},"schema":{"@context":"https:\/\/schema.org","@graph":[{"@type":"Article","@id":"https:\/\/aconteceunovale.com.br\/portal\/?p=153719#article","isPartOf":{"@id":"https:\/\/aconteceunovale.com.br\/portal\/?p=153719"},"author":{"name":"Aconteceu no Vale","@id":"https:\/\/aconteceunovale.com.br\/portal\/#\/schema\/person\/633529146f2c94272bef50ac2953d589"},"headline":"Bombeiros encontram mais um corpo de v\u00edtima da trag\u00e9dia em Brumadinho","datePublished":"2019-10-19T22:51:38+00:00","dateModified":"2019-10-19T23:27:04+00:00","mainEntityOfPage":{"@id":"https:\/\/aconteceunovale.com.br\/portal\/?p=153719"},"wordCount":176,"commentCount":0,"image":{"@id":"https:\/\/aconteceunovale.com.br\/portal\/?p=153719#primaryimage"},"thumbnailUrl":"https:\/\/aconteceunovale.com.br\/portal\/wp-content\/uploads\/2019\/10\/resgate_brumadinho.jpg","keywords":["barragem de Brumadinho","Bombeiros encontram mais um corpo de v\u00edtima da trag\u00e9dia em Brumadinho","Corpo de bombeiros de minas gerais","Corpo encontrado em Brumadinho","Mina C\u00f3rrego do Feij\u00e3o","Robert Ruan Oliveira Teodoro","Rompimento de barragem em Brumadinho","Trag\u00e9dia de Brumadinho","Vale Brumadinho","V\u00edtimas de Brumadinho"],"articleSection":["Minas Gerais"],"inLanguage":"pt-BR","potentialAction":[{"@type":"CommentAction","name":"Comment","target":["https:\/\/aconteceunovale.com.br\/portal\/?p=153719#respond"]}]},{"@type":"WebPage","@id":"https:\/\/aconteceunovale.com.br\/portal\/?p=153719","url":"https:\/\/aconteceunovale.com.br\/portal\/?p=153719","name":"Bombeiros encontram mais um corpo de v\u00edtima da trag\u00e9dia em Brumadinho - Aconteceu no Vale","isPartOf":{"@id":"https:\/\/aconteceunovale.com.br\/portal\/#website"},"primaryImageOfPage":{"@id":"https:\/\/aconteceunovale.com.br\/portal\/?p=153719#primaryimage"},"image":{"@id":"https:\/\/aconteceunovale.com.br\/portal\/?p=153719#primaryimage"},"thumbnailUrl":"https:\/\/aconteceunovale.com.br\/portal\/wp-content\/uploads\/2019\/10\/resgate_brumadinho.jpg","datePublished":"2019-10-19T22:51:38+00:00","dateModified":"2019-10-19T23:27:04+00:00","author":{"@id":"https:\/\/aconteceunovale.com.br\/portal\/#\/schema\/person\/633529146f2c94272bef50ac2953d589"},"breadcrumb":{"@id":"https:\/\/aconteceunovale.com.br\/portal\/?p=153719#breadcrumb"},"inLanguage":"pt-BR","potentialAction":[{"@type":"ReadAction","target":["https:\/\/aconteceunovale.com.br\/portal\/?p=153719"]}]},{"@type":"ImageObject","inLanguage":"pt-BR","@id":"https:\/\/aconteceunovale.com.br\/portal\/?p=153719#primaryimage","url":"https:\/\/aconteceunovale.com.br\/portal\/wp-content\/uploads\/2019\/10\/resgate_brumadinho.jpg","contentUrl":"https:\/\/aconteceunovale.com.br\/portal\/wp-content\/uploads\/2019\/10\/resgate_brumadinho.jpg","width":675,"height":450},{"@type":"BreadcrumbList","@id":"https:\/\/aconteceunovale.com.br\/portal\/?p=153719#breadcrumb","itemListElement":[{"@type":"ListItem","position":1,"name":"In\u00edcio","item":"https:\/\/aconteceunovale.com.br\/portal\/"},{"@type":"ListItem","position":2,"name":"Bombeiros encontram mais um corpo de v\u00edtima da trag\u00e9dia em Brumadinho"}]},{"@type":"WebSite","@id":"https:\/\/aconteceunovale.com.br\/portal\/#website","url":"https:\/\/aconteceunovale.com.br\/portal\/","name":"Aconteceu no Vale","description":"Portal de Not\u00edcias","potentialAction":[{"@type":"SearchAction","target":{"@type":"EntryPoint","urlTemplate":"https:\/\/aconteceunovale.com.br\/portal\/?s={search_term_string}"},"query-input":{"@type":"PropertyValueSpecification","valueRequired":true,"valueName":"search_term_string"}}],"inLanguage":"pt-BR"},{"@type":"Person","@id":"https:\/\/aconteceunovale.com.br\/portal\/#\/schema\/person\/633529146f2c94272bef50ac2953d589","name":"Aconteceu no Vale","description":"Equipe de reportagem do Aconteceu no Vale, portal de not\u00edcias do Vale do Jequitinhonha, em Minas Gerais. Cobrimos as 51 cidades do Vale desde 2013. Sugest\u00f5es de pauta e pedidos de corre\u00e7\u00e3o: contato@aconteceunovale.com.br","sameAs":["http:\/\/www.aconteceunovale.com.br"],"url":"https:\/\/aconteceunovale.com.br\/portal\/?author=1"}]}},"_links":{"self":[{"href":"https:\/\/aconteceunovale.com.br\/portal\/index.php?rest_route=\/wp\/v2\/posts\/153719","targetHints":{"allow":["GET"]}}],"collection":[{"href":"https:\/\/aconteceunovale.com.br\/portal\/index.php?rest_route=\/wp\/v2\/posts"}],"about":[{"href":"https:\/\/aconteceunovale.com.br\/portal\/index.php?rest_route=\/wp\/v2\/types\/post"}],"author":[{"embeddable":true,"href":"https:\/\/aconteceunovale.com.br\/portal\/index.php?rest_route=\/wp\/v2\/users\/1"}],"replies":[{"embeddable":true,"href":"https:\/\/aconteceunovale.com.br\/portal\/index.php?rest_route=%2Fwp%2Fv2%2Fcomments&post=153719"}],"version-history":[{"count":2,"href":"https:\/\/aconteceunovale.com.br\/portal\/index.php?rest_route=\/wp\/v2\/posts\/153719\/revisions"}],"predecessor-version":[{"id":153727,"href":"https:\/\/aconteceunovale.com.br\/portal\/index.php?rest_route=\/wp\/v2\/posts\/153719\/revisions\/153727"}],"wp:featuredmedia":[{"embeddable":true,"href":"https:\/\/aconteceunovale.com.br\/portal\/index.php?rest_route=\/wp\/v2\/media\/153720"}],"wp:attachment":[{"href":"https:\/\/aconteceunovale.com.br\/portal\/index.php?rest_route=%2Fwp%2Fv2%2Fmedia&parent=153719"}],"wp:term":[{"taxonomy":"category","embeddable":true,"href":"https:\/\/aconteceunovale.com.br\/portal\/index.php?rest_route=%2Fwp%2Fv2%2Fcategories&post=153719"},{"taxonomy":"post_tag","embeddable":true,"href":"https:\/\/aconteceunovale.com.br\/portal\/index.php?rest_route=%2Fwp%2Fv2%2Ftags&post=153719"}],"curies":[{"name":"wp","href":"https:\/\/api.w.org\/{rel}","templated":true}]}}