{"id":153710,"date":"2019-10-19T19:12:20","date_gmt":"2019-10-19T22:12:20","guid":{"rendered":"http:\/\/aconteceunovale.com.br\/portal\/?p=153710"},"modified":"2026-09-02T13:20:17","modified_gmt":"2026-09-02T16:20:17","slug":"dois-homens-morrem-apos-acidente-na-br-367-em-jequitinhonha","status":"publish","type":"post","link":"https:\/\/aconteceunovale.com.br\/portal\/?p=153710","title":{"rendered":"Dois homens morrem ap\u00f3s acidente na BR-367, em Jequitinhonha"},"content":{"rendered":"\n<p class=\"wp-block-paragraph\">Duas pessoas morreram em um acidente na BR-367, munic\u00edpio de\nJequitinhonha (MG), na manh\u00e3 de sexta-feira (18\/10\/2019). Segundo a Pol\u00edcia\nMilitar Rodovi\u00e1ria (PMRv), o autom\u00f3vel era conduzido por Welington Ferreira da\nCruz, de 37 anos, quando saiu da pista e capotou.<\/p>\n\n\n\n<p class=\"wp-block-paragraph\">Welington Ferreira e o passageiro Jarbas Costa Santos, de 45\nanos, foram socorridos com vida pelo SAMU (Servi\u00e7o de Atendimento M\u00f3vel de\nUrg\u00eancia) ao Hospital S\u00e3o Miguel, em Jequitinhonha, mas ambos n\u00e3o resistiram\naos ferimentos e morreram. <\/p>\n\n\n\n<p class=\"wp-block-paragraph\">Os corpos foram encaminhados ao Instituto M\u00e9dico Legal (IML) da regi\u00e3o. As causas do acidente ser\u00e3o investigadas<\/p>\n\n\n\n<figure class=\"wp-block-image\"><img loading=\"lazy\" decoding=\"async\" width=\"636\" height=\"450\" src=\"http:\/\/aconteceunovale.com.br\/portal\/wp-content\/uploads\/2019\/10\/acidente_jequitinhonha.jpg\" alt=\"\" class=\"wp-image-153711\" srcset=\"https:\/\/aconteceunovale.com.br\/portal\/wp-content\/uploads\/2019\/10\/acidente_jequitinhonha.jpg 636w, https:\/\/aconteceunovale.com.br\/portal\/wp-content\/uploads\/2019\/10\/acidente_jequitinhonha-300x212.jpg 300w, https:\/\/aconteceunovale.com.br\/portal\/wp-content\/uploads\/2019\/10\/acidente_jequitinhonha-100x70.jpg 100w, https:\/\/aconteceunovale.com.br\/portal\/wp-content\/uploads\/2019\/10\/acidente_jequitinhonha-594x420.jpg 594w\" sizes=\"auto, (max-width: 636px) 100vw, 636px\" \/><figcaption><em>Foto: Reprodu\u00e7\u00e3o \/ WhatsApp<\/em><\/figcaption><\/figure>\n\n\n\n<p class=\"has-text-color has-background has-very-light-gray-color has-very-dark-gray-background-color wp-block-paragraph\"><strong>VER PRIMEIRO: <\/strong>Receba as not\u00edcias do Aconteceu no Vale em primeira m\u00e3o. Clique em curtir no endere\u00e7o <a href=\"https:\/\/www.facebook.com\/aconteceunovale\" target=\"_blank\" rel=\"noreferrer noopener\">www.facebook.com\/aconteceunovale<\/a>.<\/p>\n","protected":false},"excerpt":{"rendered":"<p>Duas pessoas morreram em um acidente na BR-367, munic\u00edpio de Jequitinhonha (MG), na manh\u00e3 de sexta-feira (18\/10\/2019). Segundo a Pol\u00edcia Militar Rodovi\u00e1ria (PMRv), o autom\u00f3vel era conduzido por Welington Ferreira da Cruz, de 37 anos, quando saiu da pista e capotou. Welington Ferreira e o passageiro Jarbas Costa Santos, de 45 anos, foram socorridos com [&hellip;]<\/p>\n","protected":false},"author":4,"featured_media":153711,"comment_status":"open","ping_status":"closed","sticky":false,"template":"","format":"standard","meta":{"amp_status":"","footnotes":""},"categories":[272554,120],"tags":[52963,23013,2016,1018,208664,208666,208667,34252,208668],"class_list":["post-153710","post","type-post","status-publish","format-standard","has-post-thumbnail","hentry","category-jequitinhonha-cidade","category-jequi","tag-acidente-em-jequitinhonha","tag-acidente-na-br-367","tag-br-367","tag-destaque","tag-dois-homens-morrem-apos-acidente-na-br-367","tag-dois-homens-morrem-apos-acidente-na-br-367-em-jequitinhonha","tag-jarbas-costa-santos","tag-jequitinhonha","tag-welington-ferreira-da-cruz"],"yoast_head":"<!-- This site is optimized with the Yoast SEO plugin v28.3 - https:\/\/yoast.com\/product\/yoast-seo-wordpress\/ -->\n<title>Dois homens morrem ap\u00f3s acidente na BR-367, em Jequitinhonha - Aconteceu no Vale<\/title>\n<meta name=\"robots\" content=\"index, follow, max-snippet:-1, max-image-preview:large, max-video-preview:-1\" \/>\n<link rel=\"canonical\" href=\"https:\/\/aconteceunovale.com.br\/portal\/?p=153710\" \/>\n<meta property=\"og:locale\" content=\"pt_BR\" \/>\n<meta property=\"og:type\" content=\"article\" \/>\n<meta property=\"og:title\" content=\"Dois homens morrem ap\u00f3s acidente na BR-367, em Jequitinhonha - Aconteceu no Vale\" \/>\n<meta property=\"og:description\" content=\"Duas pessoas morreram em um acidente na BR-367, munic\u00edpio de Jequitinhonha (MG), na manh\u00e3 de sexta-feira (18\/10\/2019). Segundo a Pol\u00edcia Militar Rodovi\u00e1ria (PMRv), o autom\u00f3vel era conduzido por Welington Ferreira da Cruz, de 37 anos, quando saiu da pista e capotou. Welington Ferreira e o passageiro Jarbas Costa Santos, de 45 anos, foram socorridos com [&hellip;]\" \/>\n<meta property=\"og:url\" content=\"https:\/\/aconteceunovale.com.br\/portal\/?p=153710\" \/>\n<meta property=\"og:site_name\" content=\"Aconteceu no Vale\" \/>\n<meta property=\"article:publisher\" content=\"https:\/\/www.facebook.com\/aconteceunovale\/\" \/>\n<meta property=\"article:published_time\" content=\"2019-10-19T22:12:20+00:00\" \/>\n<meta property=\"article:modified_time\" content=\"2026-09-02T16:20:17+00:00\" \/>\n<meta property=\"og:image\" content=\"https:\/\/aconteceunovale.com.br\/portal\/wp-content\/uploads\/2019\/10\/acidente_jequitinhonha.jpg\" \/>\n\t<meta property=\"og:image:width\" content=\"636\" \/>\n\t<meta property=\"og:image:height\" content=\"450\" \/>\n\t<meta property=\"og:image:type\" content=\"image\/jpeg\" \/>\n<meta name=\"author\" content=\"Reda\u00e7\u00e3o Aconteceu no Vale\" \/>\n<meta name=\"twitter:card\" content=\"summary_large_image\" \/>\n<meta name=\"twitter:creator\" content=\"@noticiadosvales\" \/>\n<meta name=\"twitter:site\" content=\"@noticiadosvales\" \/>\n<meta name=\"twitter:label1\" content=\"Escrito por\" \/>\n\t<meta name=\"twitter:data1\" content=\"Reda\u00e7\u00e3o Aconteceu no Vale\" \/>\n\t<meta name=\"twitter:label2\" content=\"Est. tempo de leitura\" \/>\n\t<meta name=\"twitter:data2\" content=\"1 minuto\" \/>\n<script type=\"application\/ld+json\" class=\"yoast-schema-graph\">{\"@context\":\"https:\\\/\\\/schema.org\",\"@graph\":[{\"@type\":\"Article\",\"@id\":\"https:\\\/\\\/aconteceunovale.com.br\\\/portal\\\/?p=153710#article\",\"isPartOf\":{\"@id\":\"https:\\\/\\\/aconteceunovale.com.br\\\/portal\\\/?p=153710\"},\"author\":{\"name\":\"Reda\u00e7\u00e3o Aconteceu no Vale\",\"@id\":\"https:\\\/\\\/aconteceunovale.com.br\\\/portal\\\/#\\\/schema\\\/person\\\/7d2f26d1483f8a63de73da1ee0754d35\"},\"headline\":\"Dois homens morrem ap\u00f3s acidente na BR-367, em Jequitinhonha\",\"datePublished\":\"2019-10-19T22:12:20+00:00\",\"dateModified\":\"2026-09-02T16:20:17+00:00\",\"mainEntityOfPage\":{\"@id\":\"https:\\\/\\\/aconteceunovale.com.br\\\/portal\\\/?p=153710\"},\"wordCount\":142,\"commentCount\":0,\"image\":{\"@id\":\"https:\\\/\\\/aconteceunovale.com.br\\\/portal\\\/?p=153710#primaryimage\"},\"thumbnailUrl\":\"https:\\\/\\\/aconteceunovale.com.br\\\/portal\\\/wp-content\\\/uploads\\\/2019\\\/10\\\/acidente_jequitinhonha.jpg\",\"keywords\":[\"acidente em Jequitinhonha\",\"acidente na br 367\",\"br-367\",\"destaque\",\"Dois homens morrem ap\u00f3s acidente na BR-367\",\"Dois homens morrem ap\u00f3s acidente na BR-367 em Jequitinhonha\",\"Jarbas Costa Santos\",\"Jequitinhonha\",\"Welington Ferreira da Cruz\"],\"articleSection\":[\"Jequitinhonha\",\"Vale do Jequitinhonha\"],\"inLanguage\":\"pt-BR\",\"potentialAction\":[{\"@type\":\"CommentAction\",\"name\":\"Comment\",\"target\":[\"https:\\\/\\\/aconteceunovale.com.br\\\/portal\\\/?p=153710#respond\"]}]},{\"@type\":\"WebPage\",\"@id\":\"https:\\\/\\\/aconteceunovale.com.br\\\/portal\\\/?p=153710\",\"url\":\"https:\\\/\\\/aconteceunovale.com.br\\\/portal\\\/?p=153710\",\"name\":\"Dois homens morrem ap\u00f3s acidente na BR-367, em Jequitinhonha - Aconteceu no Vale\",\"isPartOf\":{\"@id\":\"https:\\\/\\\/aconteceunovale.com.br\\\/portal\\\/#website\"},\"primaryImageOfPage\":{\"@id\":\"https:\\\/\\\/aconteceunovale.com.br\\\/portal\\\/?p=153710#primaryimage\"},\"image\":{\"@id\":\"https:\\\/\\\/aconteceunovale.com.br\\\/portal\\\/?p=153710#primaryimage\"},\"thumbnailUrl\":\"https:\\\/\\\/aconteceunovale.com.br\\\/portal\\\/wp-content\\\/uploads\\\/2019\\\/10\\\/acidente_jequitinhonha.jpg\",\"datePublished\":\"2019-10-19T22:12:20+00:00\",\"dateModified\":\"2026-09-02T16:20:17+00:00\",\"author\":{\"@id\":\"https:\\\/\\\/aconteceunovale.com.br\\\/portal\\\/#\\\/schema\\\/person\\\/7d2f26d1483f8a63de73da1ee0754d35\"},\"breadcrumb\":{\"@id\":\"https:\\\/\\\/aconteceunovale.com.br\\\/portal\\\/?p=153710#breadcrumb\"},\"inLanguage\":\"pt-BR\",\"potentialAction\":[{\"@type\":\"ReadAction\",\"target\":[\"https:\\\/\\\/aconteceunovale.com.br\\\/portal\\\/?p=153710\"]}]},{\"@type\":\"ImageObject\",\"inLanguage\":\"pt-BR\",\"@id\":\"https:\\\/\\\/aconteceunovale.com.br\\\/portal\\\/?p=153710#primaryimage\",\"url\":\"https:\\\/\\\/aconteceunovale.com.br\\\/portal\\\/wp-content\\\/uploads\\\/2019\\\/10\\\/acidente_jequitinhonha.jpg\",\"contentUrl\":\"https:\\\/\\\/aconteceunovale.com.br\\\/portal\\\/wp-content\\\/uploads\\\/2019\\\/10\\\/acidente_jequitinhonha.jpg\",\"width\":636,\"height\":450},{\"@type\":\"BreadcrumbList\",\"@id\":\"https:\\\/\\\/aconteceunovale.com.br\\\/portal\\\/?p=153710#breadcrumb\",\"itemListElement\":[{\"@type\":\"ListItem\",\"position\":1,\"name\":\"In\u00edcio\",\"item\":\"https:\\\/\\\/aconteceunovale.com.br\\\/portal\\\/\"},{\"@type\":\"ListItem\",\"position\":2,\"name\":\"Dois homens morrem ap\u00f3s acidente na BR-367, em Jequitinhonha\"}]},{\"@type\":\"WebSite\",\"@id\":\"https:\\\/\\\/aconteceunovale.com.br\\\/portal\\\/#website\",\"url\":\"https:\\\/\\\/aconteceunovale.com.br\\\/portal\\\/\",\"name\":\"Aconteceu no Vale\",\"description\":\"Portal de Not\u00edcias\",\"potentialAction\":[{\"@type\":\"SearchAction\",\"target\":{\"@type\":\"EntryPoint\",\"urlTemplate\":\"https:\\\/\\\/aconteceunovale.com.br\\\/portal\\\/?s={search_term_string}\"},\"query-input\":{\"@type\":\"PropertyValueSpecification\",\"valueRequired\":true,\"valueName\":\"search_term_string\"}}],\"inLanguage\":\"pt-BR\"},{\"@type\":\"Person\",\"@id\":\"https:\\\/\\\/aconteceunovale.com.br\\\/portal\\\/#\\\/schema\\\/person\\\/7d2f26d1483f8a63de73da1ee0754d35\",\"name\":\"Reda\u00e7\u00e3o Aconteceu no Vale\",\"description\":\"Equipe de reportagem do Aconteceu no Vale, portal de not\u00edcias do Vale do Jequitinhonha, em Minas Gerais. Cobrimos as 51 cidades do Vale desde 2013. Sugest\u00f5es de pauta e pedidos de corre\u00e7\u00e3o: contato@aconteceunovale.com.br\",\"url\":\"https:\\\/\\\/aconteceunovale.com.br\\\/portal\\\/?author=4\"}]}<\/script>\n<!-- \/ Yoast SEO plugin. -->","yoast_head_json":{"title":"Dois homens morrem ap\u00f3s acidente na BR-367, em Jequitinhonha - Aconteceu no Vale","robots":{"index":"index","follow":"follow","max-snippet":"max-snippet:-1","max-image-preview":"max-image-preview:large","max-video-preview":"max-video-preview:-1"},"canonical":"https:\/\/aconteceunovale.com.br\/portal\/?p=153710","og_locale":"pt_BR","og_type":"article","og_title":"Dois homens morrem ap\u00f3s acidente na BR-367, em Jequitinhonha - Aconteceu no Vale","og_description":"Duas pessoas morreram em um acidente na BR-367, munic\u00edpio de Jequitinhonha (MG), na manh\u00e3 de sexta-feira (18\/10\/2019). Segundo a Pol\u00edcia Militar Rodovi\u00e1ria (PMRv), o autom\u00f3vel era conduzido por Welington Ferreira da Cruz, de 37 anos, quando saiu da pista e capotou. Welington Ferreira e o passageiro Jarbas Costa Santos, de 45 anos, foram socorridos com [&hellip;]","og_url":"https:\/\/aconteceunovale.com.br\/portal\/?p=153710","og_site_name":"Aconteceu no Vale","article_publisher":"https:\/\/www.facebook.com\/aconteceunovale\/","article_published_time":"2019-10-19T22:12:20+00:00","article_modified_time":"2026-09-02T16:20:17+00:00","og_image":[{"width":636,"height":450,"url":"https:\/\/aconteceunovale.com.br\/portal\/wp-content\/uploads\/2019\/10\/acidente_jequitinhonha.jpg","type":"image\/jpeg"}],"author":"Reda\u00e7\u00e3o Aconteceu no Vale","twitter_card":"summary_large_image","twitter_creator":"@noticiadosvales","twitter_site":"@noticiadosvales","twitter_misc":{"Escrito por":"Reda\u00e7\u00e3o Aconteceu no Vale","Est. tempo de leitura":"1 minuto"},"schema":{"@context":"https:\/\/schema.org","@graph":[{"@type":"Article","@id":"https:\/\/aconteceunovale.com.br\/portal\/?p=153710#article","isPartOf":{"@id":"https:\/\/aconteceunovale.com.br\/portal\/?p=153710"},"author":{"name":"Reda\u00e7\u00e3o Aconteceu no Vale","@id":"https:\/\/aconteceunovale.com.br\/portal\/#\/schema\/person\/7d2f26d1483f8a63de73da1ee0754d35"},"headline":"Dois homens morrem ap\u00f3s acidente na BR-367, em Jequitinhonha","datePublished":"2019-10-19T22:12:20+00:00","dateModified":"2026-09-02T16:20:17+00:00","mainEntityOfPage":{"@id":"https:\/\/aconteceunovale.com.br\/portal\/?p=153710"},"wordCount":142,"commentCount":0,"image":{"@id":"https:\/\/aconteceunovale.com.br\/portal\/?p=153710#primaryimage"},"thumbnailUrl":"https:\/\/aconteceunovale.com.br\/portal\/wp-content\/uploads\/2019\/10\/acidente_jequitinhonha.jpg","keywords":["acidente em Jequitinhonha","acidente na br 367","br-367","destaque","Dois homens morrem ap\u00f3s acidente na BR-367","Dois homens morrem ap\u00f3s acidente na BR-367 em Jequitinhonha","Jarbas Costa Santos","Jequitinhonha","Welington Ferreira da Cruz"],"articleSection":["Jequitinhonha","Vale do Jequitinhonha"],"inLanguage":"pt-BR","potentialAction":[{"@type":"CommentAction","name":"Comment","target":["https:\/\/aconteceunovale.com.br\/portal\/?p=153710#respond"]}]},{"@type":"WebPage","@id":"https:\/\/aconteceunovale.com.br\/portal\/?p=153710","url":"https:\/\/aconteceunovale.com.br\/portal\/?p=153710","name":"Dois homens morrem ap\u00f3s acidente na BR-367, em Jequitinhonha - Aconteceu no Vale","isPartOf":{"@id":"https:\/\/aconteceunovale.com.br\/portal\/#website"},"primaryImageOfPage":{"@id":"https:\/\/aconteceunovale.com.br\/portal\/?p=153710#primaryimage"},"image":{"@id":"https:\/\/aconteceunovale.com.br\/portal\/?p=153710#primaryimage"},"thumbnailUrl":"https:\/\/aconteceunovale.com.br\/portal\/wp-content\/uploads\/2019\/10\/acidente_jequitinhonha.jpg","datePublished":"2019-10-19T22:12:20+00:00","dateModified":"2026-09-02T16:20:17+00:00","author":{"@id":"https:\/\/aconteceunovale.com.br\/portal\/#\/schema\/person\/7d2f26d1483f8a63de73da1ee0754d35"},"breadcrumb":{"@id":"https:\/\/aconteceunovale.com.br\/portal\/?p=153710#breadcrumb"},"inLanguage":"pt-BR","potentialAction":[{"@type":"ReadAction","target":["https:\/\/aconteceunovale.com.br\/portal\/?p=153710"]}]},{"@type":"ImageObject","inLanguage":"pt-BR","@id":"https:\/\/aconteceunovale.com.br\/portal\/?p=153710#primaryimage","url":"https:\/\/aconteceunovale.com.br\/portal\/wp-content\/uploads\/2019\/10\/acidente_jequitinhonha.jpg","contentUrl":"https:\/\/aconteceunovale.com.br\/portal\/wp-content\/uploads\/2019\/10\/acidente_jequitinhonha.jpg","width":636,"height":450},{"@type":"BreadcrumbList","@id":"https:\/\/aconteceunovale.com.br\/portal\/?p=153710#breadcrumb","itemListElement":[{"@type":"ListItem","position":1,"name":"In\u00edcio","item":"https:\/\/aconteceunovale.com.br\/portal\/"},{"@type":"ListItem","position":2,"name":"Dois homens morrem ap\u00f3s acidente na BR-367, em Jequitinhonha"}]},{"@type":"WebSite","@id":"https:\/\/aconteceunovale.com.br\/portal\/#website","url":"https:\/\/aconteceunovale.com.br\/portal\/","name":"Aconteceu no Vale","description":"Portal de Not\u00edcias","potentialAction":[{"@type":"SearchAction","target":{"@type":"EntryPoint","urlTemplate":"https:\/\/aconteceunovale.com.br\/portal\/?s={search_term_string}"},"query-input":{"@type":"PropertyValueSpecification","valueRequired":true,"valueName":"search_term_string"}}],"inLanguage":"pt-BR"},{"@type":"Person","@id":"https:\/\/aconteceunovale.com.br\/portal\/#\/schema\/person\/7d2f26d1483f8a63de73da1ee0754d35","name":"Reda\u00e7\u00e3o Aconteceu no Vale","description":"Equipe de reportagem do Aconteceu no Vale, portal de not\u00edcias do Vale do Jequitinhonha, em Minas Gerais. Cobrimos as 51 cidades do Vale desde 2013. Sugest\u00f5es de pauta e pedidos de corre\u00e7\u00e3o: contato@aconteceunovale.com.br","url":"https:\/\/aconteceunovale.com.br\/portal\/?author=4"}]}},"_links":{"self":[{"href":"https:\/\/aconteceunovale.com.br\/portal\/index.php?rest_route=\/wp\/v2\/posts\/153710","targetHints":{"allow":["GET"]}}],"collection":[{"href":"https:\/\/aconteceunovale.com.br\/portal\/index.php?rest_route=\/wp\/v2\/posts"}],"about":[{"href":"https:\/\/aconteceunovale.com.br\/portal\/index.php?rest_route=\/wp\/v2\/types\/post"}],"author":[{"embeddable":true,"href":"https:\/\/aconteceunovale.com.br\/portal\/index.php?rest_route=\/wp\/v2\/users\/4"}],"replies":[{"embeddable":true,"href":"https:\/\/aconteceunovale.com.br\/portal\/index.php?rest_route=%2Fwp%2Fv2%2Fcomments&post=153710"}],"version-history":[{"count":1,"href":"https:\/\/aconteceunovale.com.br\/portal\/index.php?rest_route=\/wp\/v2\/posts\/153710\/revisions"}],"predecessor-version":[{"id":153712,"href":"https:\/\/aconteceunovale.com.br\/portal\/index.php?rest_route=\/wp\/v2\/posts\/153710\/revisions\/153712"}],"wp:featuredmedia":[{"embeddable":true,"href":"https:\/\/aconteceunovale.com.br\/portal\/index.php?rest_route=\/wp\/v2\/media\/153711"}],"wp:attachment":[{"href":"https:\/\/aconteceunovale.com.br\/portal\/index.php?rest_route=%2Fwp%2Fv2%2Fmedia&parent=153710"}],"wp:term":[{"taxonomy":"category","embeddable":true,"href":"https:\/\/aconteceunovale.com.br\/portal\/index.php?rest_route=%2Fwp%2Fv2%2Fcategories&post=153710"},{"taxonomy":"post_tag","embeddable":true,"href":"https:\/\/aconteceunovale.com.br\/portal\/index.php?rest_route=%2Fwp%2Fv2%2Ftags&post=153710"}],"curies":[{"name":"wp","href":"https:\/\/api.w.org\/{rel}","templated":true}]}}