{"id":153690,"date":"2019-10-18T16:00:53","date_gmt":"2019-10-18T19:00:53","guid":{"rendered":"http:\/\/aconteceunovale.com.br\/portal\/?p=153690"},"modified":"2019-10-18T16:02:25","modified_gmt":"2019-10-18T19:02:25","slug":"oms-comemora-aprovacao-da-primeira-vacina-contra-o-virus-ebola","status":"publish","type":"post","link":"https:\/\/aconteceunovale.com.br\/portal\/?p=153690","title":{"rendered":"OMS comemora aprova\u00e7\u00e3o da primeira vacina contra o v\u00edrus ebola"},"content":{"rendered":"\n<p class=\"wp-block-paragraph\">A Organiza\u00e7\u00e3o Mundial da Sa\u00fade (OMS) est\u00e1 comemorando a recente aprova\u00e7\u00e3o, por reguladores europeus de medicamentos, da primeira vacina contra o v\u00edrus ebola. Trata-se de \u201cum triunfo para a sa\u00fade p\u00fablica e um testemunho da colabora\u00e7\u00e3o sem precedentes entre dezenas de especialistas em todo o mundo,\u201d segundo a ag\u00eancia das Na\u00e7\u00f5es Unidas.<\/p>\n\n\n\n<p class=\"wp-block-paragraph\">A Ag\u00eancia Europeia de Medicamentos (EMA, na sigla em ingl\u00eas) liberou, pela primeira vez, uma vacina testada contra o ebola na Guin\u00e9-Conacri (\u00c1frica), pa\u00eds que tem a maior epidemia da hist\u00f3ria causada pelo v\u00edrus. O produto autorizado pela EMA foi inicialmente desenvolvido com a marca&nbsp;pela empresa norte-americana Merck &amp; Co.<\/p>\n\n\n\n<p class=\"wp-block-paragraph\">Mais de 236 mil pessoas j\u00e1 foram vacinadas. O n\u00famero inclui mais de 60 mil profissionais de sa\u00fade de linha de frente em territ\u00f3rio congol\u00eas e nos &nbsp;pa\u00edses vizinhos Uganda, Sud\u00e3o do Sul, Ruanda e Burundi.<\/p>\n\n\n\n<h2 class=\"wp-block-heading\">Regulamentos<\/h2>\n\n\n\n<p class=\"wp-block-paragraph\">A nova vacina j\u00e1 \u00e9 aplicada com as diretrizes de emerg\u00eancia da OMS para proteger as pessoas contra a propaga\u00e7\u00e3o do v\u00edrus ebola, que desde agosto do ano passado j\u00e1 matou mais de 2,1 mil pessoas em territ\u00f3rio congol\u00eas.<\/p>\n\n\n\n<p class=\"wp-block-paragraph\">Para o diretor-geral da OMS, Tedros Ghebreyesus, o produto j\u00e1 \u201csalvou muitas vidas no atual surto de ebola, e a decis\u00e3o do regulador europeu vai, finalmente, ajudar a salvar muitas mais.\u201d<\/p>\n\n\n\n<h2 class=\"wp-block-heading\">Apoio \u00e0 pesquisa<\/h2>\n\n\n\n<p class=\"wp-block-paragraph\">O chefe da ag\u00eancia da ONU disse estar orgulhoso do papel que a OMS desempenhou no processo de desenvolvimento da vacina, \u201cdesde o apoio dado \u00e0 pesquisa, at\u00e9 a realiza\u00e7\u00e3o dos testes\u201d na Guin\u00e9-Conacri em 2015. O atual surto de ebola \u00e9 o segundo maior da hist\u00f3ria, ap\u00f3s a epidemia que matou mais de 11,3 mil pessoas na \u00c1frica Ocidental entre 2013 e 2016.<\/p>\n\n\n\n<p class=\"wp-block-paragraph\">A OMS anunciou que atua com a Alian\u00e7a Global para as Vacinas e o Fundo das Na\u00e7\u00f5es Unidas para a Inf\u00e2ncia (Unicef) nesta \u00e1rea, antevendo que nos pr\u00f3ximos anos haver\u00e1 maior demanda de vacinas contra o ebola durante e entre surtos.<\/p>\n\n\n\n<h2 class=\"wp-block-heading\">Plano Global de Seguran\u00e7a<\/h2>\n\n\n\n<p class=\"wp-block-paragraph\">A meta \u00e9 criar um Plano Global de Seguran\u00e7a de Vacinas contra a doen\u00e7a, porque \u201cser\u00e1 necess\u00e1ria uma maior capacidade de oferta e v\u00e1rios fabricantes a curto e m\u00e9dio prazos para atender a essa demanda e garantir a seguran\u00e7a do medicamento\u201d, diz a ag\u00eancia da ONU.<\/p>\n\n\n\n<p class=\"wp-block-paragraph\">Atualmente existem oito vacinas contra o ebola em processo de avalia\u00e7\u00e3o cl\u00ednica. A OMS trabalha com parceiros para criar um mecanismo governamental coordenado em n\u00edvel internacional para garantir o acesso ao produto de acordo com os crit\u00e9rios de risco.<\/p>\n\n\n\n<p class=\"wp-block-paragraph\">A OMS tamb\u00e9m dever\u00e1 gerenciar as reservas \u201cporque o fornecimento permanecer\u00e1 limitado at\u00e9 que seja criada uma maior capacidade de fabrica\u00e7\u00e3o ou outras vacinas sejam licenciadas.\u201d<\/p>\n\n\n\n<p class=\"has-text-color has-background has-very-light-gray-color has-very-dark-gray-background-color wp-block-paragraph\"><strong>VER PRIMEIRO: <\/strong>Receba as not\u00edcias do Aconteceu no Vale em primeira m\u00e3o. Clique em curtir no endere\u00e7o <a href=\"https:\/\/www.facebook.com\/aconteceunovale\" target=\"_blank\" rel=\"noreferrer noopener\">www.facebook.com\/aconteceunovale<\/a>.<\/p>\n","protected":false},"excerpt":{"rendered":"<p>A Organiza\u00e7\u00e3o Mundial da Sa\u00fade (OMS) est\u00e1 comemorando a recente aprova\u00e7\u00e3o, por reguladores europeus de medicamentos, da primeira vacina contra o v\u00edrus ebola. Trata-se de \u201cum triunfo para a sa\u00fade p\u00fablica e um testemunho da colabora\u00e7\u00e3o sem precedentes entre dezenas de especialistas em todo o mundo,\u201d segundo a ag\u00eancia das Na\u00e7\u00f5es Unidas. A Ag\u00eancia Europeia [&hellip;]<\/p>\n","protected":false},"author":1,"featured_media":153691,"comment_status":"open","ping_status":"closed","sticky":false,"template":"","format":"standard","meta":{"amp_status":"","footnotes":""},"categories":[28848,40242],"tags":[13321,208635,208636,208633,23476,208634,23479,208632,208631,431,13396],"class_list":["post-153690","post","type-post","status-publish","format-standard","has-post-thumbnail","hentry","category-mundo","category-saude-2","tag-ebola","tag-ema","tag-guine-conacri","tag-merck-co","tag-oms","tag-oms-comemora-aprovacao-da-primeira-vacina-contra-o-virus-ebola","tag-organizacao-mundial-da-saude","tag-primeira-vacina-contra-ebola","tag-tedros-ghebreyesus","tag-unicef","tag-vacina-contra-ebola"],"yoast_head":"<!-- This site is optimized with the Yoast SEO plugin v28.3 - https:\/\/yoast.com\/product\/yoast-seo-wordpress\/ -->\n<title>OMS comemora aprova\u00e7\u00e3o da primeira vacina contra o v\u00edrus ebola - Aconteceu no Vale<\/title>\n<meta name=\"robots\" content=\"index, follow, max-snippet:-1, max-image-preview:large, max-video-preview:-1\" \/>\n<link rel=\"canonical\" href=\"https:\/\/aconteceunovale.com.br\/portal\/?p=153690\" \/>\n<meta property=\"og:locale\" content=\"pt_BR\" \/>\n<meta property=\"og:type\" content=\"article\" \/>\n<meta property=\"og:title\" content=\"OMS comemora aprova\u00e7\u00e3o da primeira vacina contra o v\u00edrus ebola - Aconteceu no Vale\" \/>\n<meta property=\"og:description\" content=\"A Organiza\u00e7\u00e3o Mundial da Sa\u00fade (OMS) est\u00e1 comemorando a recente aprova\u00e7\u00e3o, por reguladores europeus de medicamentos, da primeira vacina contra o v\u00edrus ebola. Trata-se de \u201cum triunfo para a sa\u00fade p\u00fablica e um testemunho da colabora\u00e7\u00e3o sem precedentes entre dezenas de especialistas em todo o mundo,\u201d segundo a ag\u00eancia das Na\u00e7\u00f5es Unidas. A Ag\u00eancia Europeia [&hellip;]\" \/>\n<meta property=\"og:url\" content=\"https:\/\/aconteceunovale.com.br\/portal\/?p=153690\" \/>\n<meta property=\"og:site_name\" content=\"Aconteceu no Vale\" \/>\n<meta property=\"article:publisher\" content=\"https:\/\/www.facebook.com\/aconteceunovale\/\" \/>\n<meta property=\"article:published_time\" content=\"2019-10-18T19:00:53+00:00\" \/>\n<meta property=\"article:modified_time\" content=\"2019-10-18T19:02:25+00:00\" \/>\n<meta property=\"og:image\" content=\"https:\/\/aconteceunovale.com.br\/portal\/wp-content\/uploads\/2019\/10\/vacina_ebola.jpg\" \/>\n\t<meta property=\"og:image:width\" content=\"675\" \/>\n\t<meta property=\"og:image:height\" content=\"450\" \/>\n\t<meta property=\"og:image:type\" content=\"image\/jpeg\" \/>\n<meta name=\"author\" content=\"Aconteceu no Vale\" \/>\n<meta name=\"twitter:card\" content=\"summary_large_image\" \/>\n<meta name=\"twitter:creator\" content=\"@noticiadosvales\" \/>\n<meta name=\"twitter:site\" content=\"@noticiadosvales\" \/>\n<meta name=\"twitter:label1\" content=\"Escrito por\" \/>\n\t<meta name=\"twitter:data1\" content=\"Aconteceu no Vale\" \/>\n\t<meta name=\"twitter:label2\" content=\"Est. tempo de leitura\" \/>\n\t<meta name=\"twitter:data2\" content=\"2 minutos\" \/>\n<script type=\"application\/ld+json\" class=\"yoast-schema-graph\">{\"@context\":\"https:\\\/\\\/schema.org\",\"@graph\":[{\"@type\":\"Article\",\"@id\":\"https:\\\/\\\/aconteceunovale.com.br\\\/portal\\\/?p=153690#article\",\"isPartOf\":{\"@id\":\"https:\\\/\\\/aconteceunovale.com.br\\\/portal\\\/?p=153690\"},\"author\":{\"name\":\"Aconteceu no Vale\",\"@id\":\"https:\\\/\\\/aconteceunovale.com.br\\\/portal\\\/#\\\/schema\\\/person\\\/633529146f2c94272bef50ac2953d589\"},\"headline\":\"OMS comemora aprova\u00e7\u00e3o da primeira vacina contra o v\u00edrus ebola\",\"datePublished\":\"2019-10-18T19:00:53+00:00\",\"dateModified\":\"2019-10-18T19:02:25+00:00\",\"mainEntityOfPage\":{\"@id\":\"https:\\\/\\\/aconteceunovale.com.br\\\/portal\\\/?p=153690\"},\"wordCount\":509,\"commentCount\":0,\"image\":{\"@id\":\"https:\\\/\\\/aconteceunovale.com.br\\\/portal\\\/?p=153690#primaryimage\"},\"thumbnailUrl\":\"https:\\\/\\\/aconteceunovale.com.br\\\/portal\\\/wp-content\\\/uploads\\\/2019\\\/10\\\/vacina_ebola.jpg\",\"keywords\":[\"Ebola\",\"EMA\",\"Guin\u00e9-Conacri\",\"Merck &amp; Co\",\"OMS\",\"OMS comemora aprova\u00e7\u00e3o da primeira vacina contra o v\u00edrus ebola\",\"Organiza\u00e7\u00e3o Mundial da Sa\u00fade\",\"Primeira Vacina contra Ebola\",\"Tedros Ghebreyesus\",\"UNICEF\",\"vacina contra ebola\"],\"articleSection\":[\"Mundo\",\"Sa\u00fade\"],\"inLanguage\":\"pt-BR\",\"potentialAction\":[{\"@type\":\"CommentAction\",\"name\":\"Comment\",\"target\":[\"https:\\\/\\\/aconteceunovale.com.br\\\/portal\\\/?p=153690#respond\"]}]},{\"@type\":\"WebPage\",\"@id\":\"https:\\\/\\\/aconteceunovale.com.br\\\/portal\\\/?p=153690\",\"url\":\"https:\\\/\\\/aconteceunovale.com.br\\\/portal\\\/?p=153690\",\"name\":\"OMS comemora aprova\u00e7\u00e3o da primeira vacina contra o v\u00edrus ebola - Aconteceu no Vale\",\"isPartOf\":{\"@id\":\"https:\\\/\\\/aconteceunovale.com.br\\\/portal\\\/#website\"},\"primaryImageOfPage\":{\"@id\":\"https:\\\/\\\/aconteceunovale.com.br\\\/portal\\\/?p=153690#primaryimage\"},\"image\":{\"@id\":\"https:\\\/\\\/aconteceunovale.com.br\\\/portal\\\/?p=153690#primaryimage\"},\"thumbnailUrl\":\"https:\\\/\\\/aconteceunovale.com.br\\\/portal\\\/wp-content\\\/uploads\\\/2019\\\/10\\\/vacina_ebola.jpg\",\"datePublished\":\"2019-10-18T19:00:53+00:00\",\"dateModified\":\"2019-10-18T19:02:25+00:00\",\"author\":{\"@id\":\"https:\\\/\\\/aconteceunovale.com.br\\\/portal\\\/#\\\/schema\\\/person\\\/633529146f2c94272bef50ac2953d589\"},\"breadcrumb\":{\"@id\":\"https:\\\/\\\/aconteceunovale.com.br\\\/portal\\\/?p=153690#breadcrumb\"},\"inLanguage\":\"pt-BR\",\"potentialAction\":[{\"@type\":\"ReadAction\",\"target\":[\"https:\\\/\\\/aconteceunovale.com.br\\\/portal\\\/?p=153690\"]}]},{\"@type\":\"ImageObject\",\"inLanguage\":\"pt-BR\",\"@id\":\"https:\\\/\\\/aconteceunovale.com.br\\\/portal\\\/?p=153690#primaryimage\",\"url\":\"https:\\\/\\\/aconteceunovale.com.br\\\/portal\\\/wp-content\\\/uploads\\\/2019\\\/10\\\/vacina_ebola.jpg\",\"contentUrl\":\"https:\\\/\\\/aconteceunovale.com.br\\\/portal\\\/wp-content\\\/uploads\\\/2019\\\/10\\\/vacina_ebola.jpg\",\"width\":675,\"height\":450},{\"@type\":\"BreadcrumbList\",\"@id\":\"https:\\\/\\\/aconteceunovale.com.br\\\/portal\\\/?p=153690#breadcrumb\",\"itemListElement\":[{\"@type\":\"ListItem\",\"position\":1,\"name\":\"In\u00edcio\",\"item\":\"https:\\\/\\\/aconteceunovale.com.br\\\/portal\\\/\"},{\"@type\":\"ListItem\",\"position\":2,\"name\":\"OMS comemora aprova\u00e7\u00e3o da primeira vacina contra o v\u00edrus ebola\"}]},{\"@type\":\"WebSite\",\"@id\":\"https:\\\/\\\/aconteceunovale.com.br\\\/portal\\\/#website\",\"url\":\"https:\\\/\\\/aconteceunovale.com.br\\\/portal\\\/\",\"name\":\"Aconteceu no Vale\",\"description\":\"Portal de Not\u00edcias\",\"potentialAction\":[{\"@type\":\"SearchAction\",\"target\":{\"@type\":\"EntryPoint\",\"urlTemplate\":\"https:\\\/\\\/aconteceunovale.com.br\\\/portal\\\/?s={search_term_string}\"},\"query-input\":{\"@type\":\"PropertyValueSpecification\",\"valueRequired\":true,\"valueName\":\"search_term_string\"}}],\"inLanguage\":\"pt-BR\"},{\"@type\":\"Person\",\"@id\":\"https:\\\/\\\/aconteceunovale.com.br\\\/portal\\\/#\\\/schema\\\/person\\\/633529146f2c94272bef50ac2953d589\",\"name\":\"Aconteceu no Vale\",\"description\":\"Equipe de reportagem do Aconteceu no Vale, portal de not\u00edcias do Vale do Jequitinhonha, em Minas Gerais. Cobrimos as 51 cidades do Vale desde 2013. Sugest\u00f5es de pauta e pedidos de corre\u00e7\u00e3o: contato@aconteceunovale.com.br\",\"sameAs\":[\"http:\\\/\\\/www.aconteceunovale.com.br\"],\"url\":\"https:\\\/\\\/aconteceunovale.com.br\\\/portal\\\/?author=1\"}]}<\/script>\n<!-- \/ Yoast SEO plugin. -->","yoast_head_json":{"title":"OMS comemora aprova\u00e7\u00e3o da primeira vacina contra o v\u00edrus ebola - Aconteceu no Vale","robots":{"index":"index","follow":"follow","max-snippet":"max-snippet:-1","max-image-preview":"max-image-preview:large","max-video-preview":"max-video-preview:-1"},"canonical":"https:\/\/aconteceunovale.com.br\/portal\/?p=153690","og_locale":"pt_BR","og_type":"article","og_title":"OMS comemora aprova\u00e7\u00e3o da primeira vacina contra o v\u00edrus ebola - Aconteceu no Vale","og_description":"A Organiza\u00e7\u00e3o Mundial da Sa\u00fade (OMS) est\u00e1 comemorando a recente aprova\u00e7\u00e3o, por reguladores europeus de medicamentos, da primeira vacina contra o v\u00edrus ebola. Trata-se de \u201cum triunfo para a sa\u00fade p\u00fablica e um testemunho da colabora\u00e7\u00e3o sem precedentes entre dezenas de especialistas em todo o mundo,\u201d segundo a ag\u00eancia das Na\u00e7\u00f5es Unidas. A Ag\u00eancia Europeia [&hellip;]","og_url":"https:\/\/aconteceunovale.com.br\/portal\/?p=153690","og_site_name":"Aconteceu no Vale","article_publisher":"https:\/\/www.facebook.com\/aconteceunovale\/","article_published_time":"2019-10-18T19:00:53+00:00","article_modified_time":"2019-10-18T19:02:25+00:00","og_image":[{"width":675,"height":450,"url":"https:\/\/aconteceunovale.com.br\/portal\/wp-content\/uploads\/2019\/10\/vacina_ebola.jpg","type":"image\/jpeg"}],"author":"Aconteceu no Vale","twitter_card":"summary_large_image","twitter_creator":"@noticiadosvales","twitter_site":"@noticiadosvales","twitter_misc":{"Escrito por":"Aconteceu no Vale","Est. tempo de leitura":"2 minutos"},"schema":{"@context":"https:\/\/schema.org","@graph":[{"@type":"Article","@id":"https:\/\/aconteceunovale.com.br\/portal\/?p=153690#article","isPartOf":{"@id":"https:\/\/aconteceunovale.com.br\/portal\/?p=153690"},"author":{"name":"Aconteceu no Vale","@id":"https:\/\/aconteceunovale.com.br\/portal\/#\/schema\/person\/633529146f2c94272bef50ac2953d589"},"headline":"OMS comemora aprova\u00e7\u00e3o da primeira vacina contra o v\u00edrus ebola","datePublished":"2019-10-18T19:00:53+00:00","dateModified":"2019-10-18T19:02:25+00:00","mainEntityOfPage":{"@id":"https:\/\/aconteceunovale.com.br\/portal\/?p=153690"},"wordCount":509,"commentCount":0,"image":{"@id":"https:\/\/aconteceunovale.com.br\/portal\/?p=153690#primaryimage"},"thumbnailUrl":"https:\/\/aconteceunovale.com.br\/portal\/wp-content\/uploads\/2019\/10\/vacina_ebola.jpg","keywords":["Ebola","EMA","Guin\u00e9-Conacri","Merck &amp; Co","OMS","OMS comemora aprova\u00e7\u00e3o da primeira vacina contra o v\u00edrus ebola","Organiza\u00e7\u00e3o Mundial da Sa\u00fade","Primeira Vacina contra Ebola","Tedros Ghebreyesus","UNICEF","vacina contra ebola"],"articleSection":["Mundo","Sa\u00fade"],"inLanguage":"pt-BR","potentialAction":[{"@type":"CommentAction","name":"Comment","target":["https:\/\/aconteceunovale.com.br\/portal\/?p=153690#respond"]}]},{"@type":"WebPage","@id":"https:\/\/aconteceunovale.com.br\/portal\/?p=153690","url":"https:\/\/aconteceunovale.com.br\/portal\/?p=153690","name":"OMS comemora aprova\u00e7\u00e3o da primeira vacina contra o v\u00edrus ebola - Aconteceu no Vale","isPartOf":{"@id":"https:\/\/aconteceunovale.com.br\/portal\/#website"},"primaryImageOfPage":{"@id":"https:\/\/aconteceunovale.com.br\/portal\/?p=153690#primaryimage"},"image":{"@id":"https:\/\/aconteceunovale.com.br\/portal\/?p=153690#primaryimage"},"thumbnailUrl":"https:\/\/aconteceunovale.com.br\/portal\/wp-content\/uploads\/2019\/10\/vacina_ebola.jpg","datePublished":"2019-10-18T19:00:53+00:00","dateModified":"2019-10-18T19:02:25+00:00","author":{"@id":"https:\/\/aconteceunovale.com.br\/portal\/#\/schema\/person\/633529146f2c94272bef50ac2953d589"},"breadcrumb":{"@id":"https:\/\/aconteceunovale.com.br\/portal\/?p=153690#breadcrumb"},"inLanguage":"pt-BR","potentialAction":[{"@type":"ReadAction","target":["https:\/\/aconteceunovale.com.br\/portal\/?p=153690"]}]},{"@type":"ImageObject","inLanguage":"pt-BR","@id":"https:\/\/aconteceunovale.com.br\/portal\/?p=153690#primaryimage","url":"https:\/\/aconteceunovale.com.br\/portal\/wp-content\/uploads\/2019\/10\/vacina_ebola.jpg","contentUrl":"https:\/\/aconteceunovale.com.br\/portal\/wp-content\/uploads\/2019\/10\/vacina_ebola.jpg","width":675,"height":450},{"@type":"BreadcrumbList","@id":"https:\/\/aconteceunovale.com.br\/portal\/?p=153690#breadcrumb","itemListElement":[{"@type":"ListItem","position":1,"name":"In\u00edcio","item":"https:\/\/aconteceunovale.com.br\/portal\/"},{"@type":"ListItem","position":2,"name":"OMS comemora aprova\u00e7\u00e3o da primeira vacina contra o v\u00edrus ebola"}]},{"@type":"WebSite","@id":"https:\/\/aconteceunovale.com.br\/portal\/#website","url":"https:\/\/aconteceunovale.com.br\/portal\/","name":"Aconteceu no Vale","description":"Portal de Not\u00edcias","potentialAction":[{"@type":"SearchAction","target":{"@type":"EntryPoint","urlTemplate":"https:\/\/aconteceunovale.com.br\/portal\/?s={search_term_string}"},"query-input":{"@type":"PropertyValueSpecification","valueRequired":true,"valueName":"search_term_string"}}],"inLanguage":"pt-BR"},{"@type":"Person","@id":"https:\/\/aconteceunovale.com.br\/portal\/#\/schema\/person\/633529146f2c94272bef50ac2953d589","name":"Aconteceu no Vale","description":"Equipe de reportagem do Aconteceu no Vale, portal de not\u00edcias do Vale do Jequitinhonha, em Minas Gerais. Cobrimos as 51 cidades do Vale desde 2013. Sugest\u00f5es de pauta e pedidos de corre\u00e7\u00e3o: contato@aconteceunovale.com.br","sameAs":["http:\/\/www.aconteceunovale.com.br"],"url":"https:\/\/aconteceunovale.com.br\/portal\/?author=1"}]}},"_links":{"self":[{"href":"https:\/\/aconteceunovale.com.br\/portal\/index.php?rest_route=\/wp\/v2\/posts\/153690","targetHints":{"allow":["GET"]}}],"collection":[{"href":"https:\/\/aconteceunovale.com.br\/portal\/index.php?rest_route=\/wp\/v2\/posts"}],"about":[{"href":"https:\/\/aconteceunovale.com.br\/portal\/index.php?rest_route=\/wp\/v2\/types\/post"}],"author":[{"embeddable":true,"href":"https:\/\/aconteceunovale.com.br\/portal\/index.php?rest_route=\/wp\/v2\/users\/1"}],"replies":[{"embeddable":true,"href":"https:\/\/aconteceunovale.com.br\/portal\/index.php?rest_route=%2Fwp%2Fv2%2Fcomments&post=153690"}],"version-history":[{"count":1,"href":"https:\/\/aconteceunovale.com.br\/portal\/index.php?rest_route=\/wp\/v2\/posts\/153690\/revisions"}],"predecessor-version":[{"id":153692,"href":"https:\/\/aconteceunovale.com.br\/portal\/index.php?rest_route=\/wp\/v2\/posts\/153690\/revisions\/153692"}],"wp:featuredmedia":[{"embeddable":true,"href":"https:\/\/aconteceunovale.com.br\/portal\/index.php?rest_route=\/wp\/v2\/media\/153691"}],"wp:attachment":[{"href":"https:\/\/aconteceunovale.com.br\/portal\/index.php?rest_route=%2Fwp%2Fv2%2Fmedia&parent=153690"}],"wp:term":[{"taxonomy":"category","embeddable":true,"href":"https:\/\/aconteceunovale.com.br\/portal\/index.php?rest_route=%2Fwp%2Fv2%2Fcategories&post=153690"},{"taxonomy":"post_tag","embeddable":true,"href":"https:\/\/aconteceunovale.com.br\/portal\/index.php?rest_route=%2Fwp%2Fv2%2Ftags&post=153690"}],"curies":[{"name":"wp","href":"https:\/\/api.w.org\/{rel}","templated":true}]}}