{"id":153681,"date":"2019-10-18T15:36:39","date_gmt":"2019-10-18T18:36:39","guid":{"rendered":"http:\/\/aconteceunovale.com.br\/portal\/?p=153681"},"modified":"2019-10-18T15:37:50","modified_gmt":"2019-10-18T18:37:50","slug":"unidades-de-conservacao-do-projeto-jaiba-cumprem-papel-de-grande-relevancia-ambiental","status":"publish","type":"post","link":"https:\/\/aconteceunovale.com.br\/portal\/?p=153681","title":{"rendered":"Unidades de conserva\u00e7\u00e3o do Projeto Ja\u00edba cumprem papel de grande relev\u00e2ncia ambiental"},"content":{"rendered":"\n<p class=\"wp-block-paragraph\">O ano de 2019 ficar\u00e1 marcado para as sete unidades de conserva\u00e7\u00e3o que integram o Sistema de \u00c1reas Protegidas (SAP) do Projeto Ja\u00edba, que completa duas d\u00e9cadas. Essa \u00e9 a maior iniciativa de irriga\u00e7\u00e3o da Am\u00e9rica Latina e a primeira do tipo em Minas Gerais, distribu\u00edda\u00a0por cerca de 70 mil hectares. <\/p>\n\n\n\n<p class=\"wp-block-paragraph\">As reservas ambientais localizadas no Norte do estado, na margem direita do rio S\u00e3o Francisco, t\u00eam uma trajet\u00f3ria de \u00eaxitos a partir de educa\u00e7\u00e3o, preserva\u00e7\u00e3o e gest\u00e3o ambiental. O projeto se iniciou nos anos 1970, envolvendo os poderes federal, estadual, prefeituras e a iniciativa privada.\u00a0<\/p>\n\n\n\n<p class=\"wp-block-paragraph\">O supervisor da Unidade Regional de Florestas e Biodiversidade (URFBio) Alto M\u00e9dio S\u00e3o Francisco do&nbsp;<a href=\"http:\/\/www.ief.mg.gov.br\/\" target=\"_blank\" rel=\"noreferrer noopener\">Instituto Estadual de Florestas (IEF)<\/a>, Mario L\u00facio dos Santos, explica que quando o SAP foi criado, em 1998, j\u00e1 existia a Reserva Biol\u00f3gica Ja\u00edba, no munic\u00edpio de Matias Cardoso.<\/p>\n\n\n\n<p class=\"wp-block-paragraph\">A ela se juntaram&nbsp;a Reserva Biol\u00f3gica Serra Azul, os Parques Estaduais Verde Grande e Lagoa do Cajueiro e as \u00c1reas de Prote\u00e7\u00e3o Ambiental (APAs) Serra do Sabonetal e Laged\u00e3o. Em 2000, foi criado o Parque Estadual da Mata Seca, completando o sistema.<\/p>\n\n\n\n<p class=\"wp-block-paragraph\">Santos lembra que o trabalho em uma \u00e1rea t\u00e3o extensa \u2014 quase 220 mil hectares se inclu\u00eddas as \u00e1reas de reserva legal de empresas e de propriedades particulares \u2014 exige um esfor\u00e7o para garantir a participa\u00e7\u00e3o de comunidades. Um dos meios mais eficientes \u00e9 a utiliza\u00e7\u00e3o do Conselho Consultivo de unidade de conserva\u00e7\u00e3o que re\u00fane lideran\u00e7as locais, de \u00f3rg\u00e3os p\u00fablicos e privados para discutir as quest\u00f5es da \u00e1rea.<\/p>\n\n\n\n<p class=\"wp-block-paragraph\">\u201cNos pr\u00f3ximos dias, integrantes dos conselhos destas unidades de conserva\u00e7\u00e3o tomar\u00e3o posse, at\u00e9 o final do ano, teremos tr\u00eas. Essa divis\u00e3o visa melhorar a gest\u00e3o das unidades e aumentar a participa\u00e7\u00e3o dos atores envolvidos\u201d, diz o supervisor.&nbsp;<\/p>\n\n\n\n<p class=\"wp-block-paragraph\">A elabora\u00e7\u00e3o dos planos de manejo para todas as unidades de conserva\u00e7\u00e3o tamb\u00e9m est\u00e1 em curso. O estudo t\u00e9cnico \u00e9 necess\u00e1rio para listar as caracter\u00edsticas da unidade e o zoneamento, sendo um instrumento de consulta sobre as quest\u00f5es ambientais, socioecon\u00f4micas, hist\u00f3ricas e culturais das reservas. As APAs Serra do Sabonetal e Laged\u00e3o j\u00e1 t\u00eam os documentos prontos.<\/p>\n\n\n\n<figure class=\"wp-block-image\"><img loading=\"lazy\" decoding=\"async\" width=\"678\" height=\"450\" src=\"http:\/\/aconteceunovale.com.br\/portal\/wp-content\/uploads\/2019\/10\/sap_jaiba_1.jpg\" alt=\"\" class=\"wp-image-153682\" srcset=\"https:\/\/aconteceunovale.com.br\/portal\/wp-content\/uploads\/2019\/10\/sap_jaiba_1.jpg 678w, https:\/\/aconteceunovale.com.br\/portal\/wp-content\/uploads\/2019\/10\/sap_jaiba_1-300x199.jpg 300w, https:\/\/aconteceunovale.com.br\/portal\/wp-content\/uploads\/2019\/10\/sap_jaiba_1-633x420.jpg 633w\" sizes=\"auto, (max-width: 678px) 100vw, 678px\" \/><figcaption><em>O Parque Estadual da Mata Seca completou o sistema de irriga\u00e7\u00e3o no ano 2000 &#8211; Foto: Evandro Rodney \/ Divulga\u00e7\u00e3o<\/em><\/figcaption><\/figure>\n\n\n\n<p class=\"wp-block-paragraph\"><strong>Revitaliza\u00e7\u00e3o<\/strong><\/p>\n\n\n\n<p class=\"wp-block-paragraph\">As unidades de conserva\u00e7\u00e3o do SAP Ja\u00edba cumprem papel de grande relev\u00e2ncia ambiental, protegendo a maior parte do bioma Caatinga existente no territ\u00f3rio. Tamb\u00e9m s\u00e3o reposit\u00f3rio da fauna aqu\u00e1tica, abrigando cursos d\u00b4\u00e1gua menores que desaguam no rio S\u00e3o Francisco.<\/p>\n\n\n\n<p class=\"wp-block-paragraph\">Mario L\u00facio dos Santos explica que as lagoas marginais, que se formam \u00e0 medida que o rio S\u00e3o Francisco ganha volume com as chuvas, tamb\u00e9m armazenam grande n\u00famero de peixes. \u201cO IEF realiza um trabalho de revitaliza\u00e7\u00e3o dos lagos para permitir que o ecossistema do rio permane\u00e7a sustent\u00e1vel\u201d, afirma.<\/p>\n\n\n\n<p class=\"wp-block-paragraph\">Constantemente, as equipes do IEF promovem a\u00e7\u00f5es de recupera\u00e7\u00e3o em cursos d\u2019\u00e1gua e nas lagoas marginais, promovendo mutir\u00f5es de limpeza, al\u00e9m do cercamento e recupera\u00e7\u00e3o de nascentes. Tamb\u00e9m s\u00e3o realizados trabalhos de sensibiliza\u00e7\u00e3o com professores e alunos de escolas locais e moradores das comunidades locais sobre a import\u00e2ncia da preserva\u00e7\u00e3o da fauna e flora da regi\u00e3o.<\/p>\n\n\n\n<p class=\"wp-block-paragraph\"><strong>Unidades<\/strong><\/p>\n\n\n\n<p class=\"wp-block-paragraph\">O Parque Estadual da Mata Seca \u00e9 a ca\u00e7ula das unidades de conserva\u00e7\u00e3o do Sistema de \u00c1reas Protegidas (SAP) do Projeto Ja\u00edba. Ele est\u00e1 localizado no munic\u00edpio de Manga e tem \u00e1rea de cerca de 15 mil hectares, abrigando grandes remanescentes da mata que d\u00e1 nome ao Parque, cujo s\u00edmbolo \u00e9 a Barriguda, uma \u00e1rvore paineira.<\/p>\n\n\n\n<p class=\"wp-block-paragraph\">Em Matias Cardoso, o Parque Estadual da Lagoa do Cajueiro tamb\u00e9m abriga grandes lagoas marginais formadas pelas cheias do rio S\u00e3o Francisco, al\u00e9m da ilha do Cajueiro. Ele foi criado em 1998 e tem \u00e1rea de 20.500 hectares. No local \u00e9 poss\u00edvel encontrar esp\u00e9cies como a anta, a on\u00e7a pintada, o jacar\u00e9-de-papo-amarelo e o tamandu\u00e1.<\/p>\n\n\n\n<p class=\"wp-block-paragraph\">No mesmo munic\u00edpio, o Parque Estadual Verde Grande possui cerca de 25 mil hectares e tamb\u00e9m foi criado em 1998. A parte norte da unidade se localiza \u00e0s margens do Rio Verde Grande, divisa de Minas Gerais com a Bahia. As lagoas recebem a visita de diversas aves migrat\u00f3rias para reprodu\u00e7\u00e3o, formando os chamados ninhais.<\/p>\n\n\n\n<figure class=\"wp-block-image\"><img loading=\"lazy\" decoding=\"async\" width=\"678\" height=\"450\" src=\"http:\/\/aconteceunovale.com.br\/portal\/wp-content\/uploads\/2019\/10\/sap_jaiba_2.jpg\" alt=\"\" class=\"wp-image-153683\" srcset=\"https:\/\/aconteceunovale.com.br\/portal\/wp-content\/uploads\/2019\/10\/sap_jaiba_2.jpg 678w, https:\/\/aconteceunovale.com.br\/portal\/wp-content\/uploads\/2019\/10\/sap_jaiba_2-300x199.jpg 300w, https:\/\/aconteceunovale.com.br\/portal\/wp-content\/uploads\/2019\/10\/sap_jaiba_2-633x420.jpg 633w\" sizes=\"auto, (max-width: 678px) 100vw, 678px\" \/><figcaption><em>Parque Estadual da Mata Seca &#8211; Foto: Evandro Rodney \/ Divulga\u00e7\u00e3o<\/em><\/figcaption><\/figure>\n\n\n\n<p class=\"wp-block-paragraph\">Unidades que formam o SAP do Projeto Ja\u00edba:<\/p>\n\n\n\n<p class=\"wp-block-paragraph\"><strong>Reserva Biol\u00f3gica Serra Azul<\/strong><br>Data de cria\u00e7\u00e3o: 8 de outubro de 1998<br>\u00c1rea: 3.840,95 hectares<br>Munic\u00edpio: Ja\u00edba<\/p>\n\n\n\n<p class=\"wp-block-paragraph\"><strong>Reserva Biol\u00f3gica Ja\u00edba<\/strong><br>Data de cria\u00e7\u00e3o: 4 de julho 1973<br>\u00c1rea: 6.358,00 hectares<br>Munic\u00edpio: Matias Cardoso<\/p>\n\n\n\n<p class=\"wp-block-paragraph\"><strong>\u00c1rea de Prote\u00e7\u00e3o Ambiental (APA) Serra do Sabonetal<\/strong><br>Data de cria\u00e7\u00e3o: 8 de outubro 1998<br>\u00c1rea: 82.500,00 hectares<br>Munic\u00edpio: Itacarambi, Ja\u00edba e Pedras de Maria da Cruz<\/p>\n\n\n\n<p class=\"wp-block-paragraph\"><strong>\u00c1rea de Prote\u00e7\u00e3o Ambiental (APA) Laged\u00e3o<\/strong><br>Data de cria\u00e7\u00e3o: 8 de outubro de 1998<br>\u00c1rea: 12.000 hectares<br>Munic\u00edpio: Matias Cardoso<\/p>\n\n\n\n<p class=\"wp-block-paragraph\"><strong>Parque Estadual da Mata Seca<\/strong><br>Data de cria\u00e7\u00e3o: 20 de dezembro de 2000<br>\u00c1rea: 15.360,07 hectares<br>Munic\u00edpio: Manga<\/p>\n\n\n\n<p class=\"wp-block-paragraph\"><strong>Parque Estadual Verde Grande<\/strong><br>Data de cria\u00e7\u00e3o: 8 de outubro de 1998<br>\u00c1rea: 25.570 hectares<br>Munic\u00edpio: Matias Cardoso<\/p>\n\n\n\n<p class=\"wp-block-paragraph\"><strong>Parque Estadual da Lagoa do Cajueiro<\/strong><br>Data de cria\u00e7\u00e3o: 8 de outubro de 1998<br>\u00c1rea: 20.500 hectares<br>Munic\u00edpio: Matias Cardoso <\/p>\n\n\n\n<p class=\"has-text-color has-background has-very-light-gray-color has-very-dark-gray-background-color wp-block-paragraph\"><strong>VER PRIMEIRO: <\/strong>Receba as not\u00edcias do Aconteceu no Vale em primeira m\u00e3o. Clique em curtir no endere\u00e7o <a href=\"https:\/\/www.facebook.com\/aconteceunovale\" target=\"_blank\" rel=\"noreferrer noopener\">www.facebook.com\/aconteceunovale<\/a>.<\/p>\n","protected":false},"excerpt":{"rendered":"<p>O ano de 2019 ficar\u00e1 marcado para as sete unidades de conserva\u00e7\u00e3o que integram o Sistema de \u00c1reas Protegidas (SAP) do Projeto Ja\u00edba, que completa duas d\u00e9cadas. Essa \u00e9 a maior iniciativa de irriga\u00e7\u00e3o da Am\u00e9rica Latina e a primeira do tipo em Minas Gerais, distribu\u00edda\u00a0por cerca de 70 mil hectares. As reservas ambientais localizadas [&hellip;]<\/p>\n","protected":false},"author":1,"featured_media":153683,"comment_status":"open","ping_status":"closed","sticky":false,"template":"","format":"standard","meta":{"amp_status":"","footnotes":""},"categories":[1236],"tags":[208614,208616,208608,748,38221,1705,1058,208610,208609,1356,54027,1708,208615,176331,208617,3723,93609,93610,208607,208606,208619,208618,208611,208612],"class_list":["post-153681","post","type-post","status-publish","format-standard","has-post-thumbnail","hentry","category-norte_de_minas","tag-area-de-protecao-da-serra-do-sabonetal","tag-area-de-protecao-do-lagedao","tag-areas-protegidas-do-projeto-jaiba","tag-ief","tag-instituto-estadual-de-florestas","tag-itacarambi","tag-jaiba","tag-maior-iniciativa-de-irrigacao-da-america-latina","tag-maior-iniciativa-de-irrigacao-de-minas-gerais","tag-manga","tag-mario-lucio-dos-santos","tag-matias-cardoso","tag-parque-estadual-da-lagoa-do-cajueiro","tag-parque-estadual-da-mata-seca","tag-parque-estadual-do-verde-grande","tag-pedras-de-maria-da-cruz","tag-reserva-biologica-jaiba","tag-reserva-biologica-serra-azul","tag-sap-do-projeto-jaiba","tag-sistema-de-areas-protegidas-do-projeto-jaiba","tag-unidades-de-conservacao-do-projeto-jaiba-cumprem-papel-de-grande-relevancia-ambiental","tag-unidades-de-conservacao-que-integram-o-projeto-jaiba-cumprem-papel-de-grande-relevancia-ambiental","tag-urfbio","tag-urfbio-alto-medio-sao-francisco"],"yoast_head":"<!-- This site is optimized with the Yoast SEO plugin v28.3 - https:\/\/yoast.com\/product\/yoast-seo-wordpress\/ -->\n<title>Unidades de conserva\u00e7\u00e3o do Projeto Ja\u00edba cumprem papel de grande relev\u00e2ncia ambiental - Aconteceu no Vale<\/title>\n<meta name=\"robots\" content=\"index, follow, max-snippet:-1, max-image-preview:large, max-video-preview:-1\" \/>\n<link rel=\"canonical\" href=\"https:\/\/aconteceunovale.com.br\/portal\/?p=153681\" \/>\n<meta property=\"og:locale\" content=\"pt_BR\" \/>\n<meta property=\"og:type\" content=\"article\" \/>\n<meta property=\"og:title\" content=\"Unidades de conserva\u00e7\u00e3o do Projeto Ja\u00edba cumprem papel de grande relev\u00e2ncia ambiental - Aconteceu no Vale\" \/>\n<meta property=\"og:description\" content=\"O ano de 2019 ficar\u00e1 marcado para as sete unidades de conserva\u00e7\u00e3o que integram o Sistema de \u00c1reas Protegidas (SAP) do Projeto Ja\u00edba, que completa duas d\u00e9cadas. Essa \u00e9 a maior iniciativa de irriga\u00e7\u00e3o da Am\u00e9rica Latina e a primeira do tipo em Minas Gerais, distribu\u00edda\u00a0por cerca de 70 mil hectares. As reservas ambientais localizadas [&hellip;]\" \/>\n<meta property=\"og:url\" content=\"https:\/\/aconteceunovale.com.br\/portal\/?p=153681\" \/>\n<meta property=\"og:site_name\" content=\"Aconteceu no Vale\" \/>\n<meta property=\"article:publisher\" content=\"https:\/\/www.facebook.com\/aconteceunovale\/\" \/>\n<meta property=\"article:published_time\" content=\"2019-10-18T18:36:39+00:00\" \/>\n<meta property=\"article:modified_time\" content=\"2019-10-18T18:37:50+00:00\" \/>\n<meta property=\"og:image\" content=\"https:\/\/aconteceunovale.com.br\/portal\/wp-content\/uploads\/2019\/10\/sap_jaiba_2.jpg\" \/>\n\t<meta property=\"og:image:width\" content=\"678\" \/>\n\t<meta property=\"og:image:height\" content=\"450\" \/>\n\t<meta property=\"og:image:type\" content=\"image\/jpeg\" \/>\n<meta name=\"author\" content=\"Aconteceu no Vale\" \/>\n<meta name=\"twitter:card\" content=\"summary_large_image\" \/>\n<meta name=\"twitter:creator\" content=\"@noticiadosvales\" \/>\n<meta name=\"twitter:site\" content=\"@noticiadosvales\" \/>\n<meta name=\"twitter:label1\" content=\"Escrito por\" \/>\n\t<meta name=\"twitter:data1\" content=\"Aconteceu no Vale\" \/>\n\t<meta name=\"twitter:label2\" content=\"Est. tempo de leitura\" \/>\n\t<meta name=\"twitter:data2\" content=\"5 minutos\" \/>\n<script type=\"application\/ld+json\" class=\"yoast-schema-graph\">{\"@context\":\"https:\\\/\\\/schema.org\",\"@graph\":[{\"@type\":\"Article\",\"@id\":\"https:\\\/\\\/aconteceunovale.com.br\\\/portal\\\/?p=153681#article\",\"isPartOf\":{\"@id\":\"https:\\\/\\\/aconteceunovale.com.br\\\/portal\\\/?p=153681\"},\"author\":{\"name\":\"Aconteceu no Vale\",\"@id\":\"https:\\\/\\\/aconteceunovale.com.br\\\/portal\\\/#\\\/schema\\\/person\\\/633529146f2c94272bef50ac2953d589\"},\"headline\":\"Unidades de conserva\u00e7\u00e3o do Projeto Ja\u00edba cumprem papel de grande relev\u00e2ncia ambiental\",\"datePublished\":\"2019-10-18T18:36:39+00:00\",\"dateModified\":\"2019-10-18T18:37:50+00:00\",\"mainEntityOfPage\":{\"@id\":\"https:\\\/\\\/aconteceunovale.com.br\\\/portal\\\/?p=153681\"},\"wordCount\":946,\"commentCount\":0,\"image\":{\"@id\":\"https:\\\/\\\/aconteceunovale.com.br\\\/portal\\\/?p=153681#primaryimage\"},\"thumbnailUrl\":\"https:\\\/\\\/aconteceunovale.com.br\\\/portal\\\/wp-content\\\/uploads\\\/2019\\\/10\\\/sap_jaiba_2.jpg\",\"keywords\":[\"\u00c1rea de Prote\u00e7\u00e3o da Serra do Sabonetal\",\"\u00c1rea de Prote\u00e7\u00e3o do Laged\u00e3o\",\"\u00c1reas protegidas do Projeto Ja\u00edba\",\"IEF\",\"Instituto Estadual de Florestas\",\"Itacarambi\",\"ja\u00edba\",\"Maior iniciativa de irriga\u00e7\u00e3o da Am\u00e9rica Latina\",\"Maior iniciativa de irriga\u00e7\u00e3o de Minas Gerais\",\"manga\",\"M\u00e1rio L\u00facio dos Santos\",\"Matias Cardoso\",\"Parque Estadual da Lagoa do Cajueiro\",\"Parque Estadual da Mata Seca\",\"Parque Estadual do Verde Grande\",\"Pedras de Maria da Cruz\",\"Reserva Biol\u00f3gica Ja\u00edba\",\"Reserva Biol\u00f3gica Serra Azul\",\"SAP do Projeto Ja\u00edba\",\"Sistema de \u00c1reas Protegidas do Projeto Ja\u00edba\",\"Unidades de conserva\u00e7\u00e3o do Projeto Ja\u00edba cumprem papel de grande relev\u00e2ncia ambiental\",\"Unidades de conserva\u00e7\u00e3o que integram o Projeto Ja\u00edba cumprem papel de grande relev\u00e2ncia ambiental\",\"URFBio\",\"URFBio Alto M\u00e9dio S\u00e3o Francisco\"],\"articleSection\":[\"Norte de Minas\"],\"inLanguage\":\"pt-BR\",\"potentialAction\":[{\"@type\":\"CommentAction\",\"name\":\"Comment\",\"target\":[\"https:\\\/\\\/aconteceunovale.com.br\\\/portal\\\/?p=153681#respond\"]}]},{\"@type\":\"WebPage\",\"@id\":\"https:\\\/\\\/aconteceunovale.com.br\\\/portal\\\/?p=153681\",\"url\":\"https:\\\/\\\/aconteceunovale.com.br\\\/portal\\\/?p=153681\",\"name\":\"Unidades de conserva\u00e7\u00e3o do Projeto Ja\u00edba cumprem papel de grande relev\u00e2ncia ambiental - Aconteceu no Vale\",\"isPartOf\":{\"@id\":\"https:\\\/\\\/aconteceunovale.com.br\\\/portal\\\/#website\"},\"primaryImageOfPage\":{\"@id\":\"https:\\\/\\\/aconteceunovale.com.br\\\/portal\\\/?p=153681#primaryimage\"},\"image\":{\"@id\":\"https:\\\/\\\/aconteceunovale.com.br\\\/portal\\\/?p=153681#primaryimage\"},\"thumbnailUrl\":\"https:\\\/\\\/aconteceunovale.com.br\\\/portal\\\/wp-content\\\/uploads\\\/2019\\\/10\\\/sap_jaiba_2.jpg\",\"datePublished\":\"2019-10-18T18:36:39+00:00\",\"dateModified\":\"2019-10-18T18:37:50+00:00\",\"author\":{\"@id\":\"https:\\\/\\\/aconteceunovale.com.br\\\/portal\\\/#\\\/schema\\\/person\\\/633529146f2c94272bef50ac2953d589\"},\"breadcrumb\":{\"@id\":\"https:\\\/\\\/aconteceunovale.com.br\\\/portal\\\/?p=153681#breadcrumb\"},\"inLanguage\":\"pt-BR\",\"potentialAction\":[{\"@type\":\"ReadAction\",\"target\":[\"https:\\\/\\\/aconteceunovale.com.br\\\/portal\\\/?p=153681\"]}]},{\"@type\":\"ImageObject\",\"inLanguage\":\"pt-BR\",\"@id\":\"https:\\\/\\\/aconteceunovale.com.br\\\/portal\\\/?p=153681#primaryimage\",\"url\":\"https:\\\/\\\/aconteceunovale.com.br\\\/portal\\\/wp-content\\\/uploads\\\/2019\\\/10\\\/sap_jaiba_2.jpg\",\"contentUrl\":\"https:\\\/\\\/aconteceunovale.com.br\\\/portal\\\/wp-content\\\/uploads\\\/2019\\\/10\\\/sap_jaiba_2.jpg\",\"width\":678,\"height\":450},{\"@type\":\"BreadcrumbList\",\"@id\":\"https:\\\/\\\/aconteceunovale.com.br\\\/portal\\\/?p=153681#breadcrumb\",\"itemListElement\":[{\"@type\":\"ListItem\",\"position\":1,\"name\":\"In\u00edcio\",\"item\":\"https:\\\/\\\/aconteceunovale.com.br\\\/portal\\\/\"},{\"@type\":\"ListItem\",\"position\":2,\"name\":\"Unidades de conserva\u00e7\u00e3o do Projeto Ja\u00edba cumprem papel de grande relev\u00e2ncia ambiental\"}]},{\"@type\":\"WebSite\",\"@id\":\"https:\\\/\\\/aconteceunovale.com.br\\\/portal\\\/#website\",\"url\":\"https:\\\/\\\/aconteceunovale.com.br\\\/portal\\\/\",\"name\":\"Aconteceu no Vale\",\"description\":\"Portal de Not\u00edcias\",\"potentialAction\":[{\"@type\":\"SearchAction\",\"target\":{\"@type\":\"EntryPoint\",\"urlTemplate\":\"https:\\\/\\\/aconteceunovale.com.br\\\/portal\\\/?s={search_term_string}\"},\"query-input\":{\"@type\":\"PropertyValueSpecification\",\"valueRequired\":true,\"valueName\":\"search_term_string\"}}],\"inLanguage\":\"pt-BR\"},{\"@type\":\"Person\",\"@id\":\"https:\\\/\\\/aconteceunovale.com.br\\\/portal\\\/#\\\/schema\\\/person\\\/633529146f2c94272bef50ac2953d589\",\"name\":\"Aconteceu no Vale\",\"description\":\"Equipe de reportagem do Aconteceu no Vale, portal de not\u00edcias do Vale do Jequitinhonha, em Minas Gerais. Cobrimos as 51 cidades do Vale desde 2013. Sugest\u00f5es de pauta e pedidos de corre\u00e7\u00e3o: contato@aconteceunovale.com.br\",\"sameAs\":[\"http:\\\/\\\/www.aconteceunovale.com.br\"],\"url\":\"https:\\\/\\\/aconteceunovale.com.br\\\/portal\\\/?author=1\"}]}<\/script>\n<!-- \/ Yoast SEO plugin. -->","yoast_head_json":{"title":"Unidades de conserva\u00e7\u00e3o do Projeto Ja\u00edba cumprem papel de grande relev\u00e2ncia ambiental - Aconteceu no Vale","robots":{"index":"index","follow":"follow","max-snippet":"max-snippet:-1","max-image-preview":"max-image-preview:large","max-video-preview":"max-video-preview:-1"},"canonical":"https:\/\/aconteceunovale.com.br\/portal\/?p=153681","og_locale":"pt_BR","og_type":"article","og_title":"Unidades de conserva\u00e7\u00e3o do Projeto Ja\u00edba cumprem papel de grande relev\u00e2ncia ambiental - Aconteceu no Vale","og_description":"O ano de 2019 ficar\u00e1 marcado para as sete unidades de conserva\u00e7\u00e3o que integram o Sistema de \u00c1reas Protegidas (SAP) do Projeto Ja\u00edba, que completa duas d\u00e9cadas. Essa \u00e9 a maior iniciativa de irriga\u00e7\u00e3o da Am\u00e9rica Latina e a primeira do tipo em Minas Gerais, distribu\u00edda\u00a0por cerca de 70 mil hectares. As reservas ambientais localizadas [&hellip;]","og_url":"https:\/\/aconteceunovale.com.br\/portal\/?p=153681","og_site_name":"Aconteceu no Vale","article_publisher":"https:\/\/www.facebook.com\/aconteceunovale\/","article_published_time":"2019-10-18T18:36:39+00:00","article_modified_time":"2019-10-18T18:37:50+00:00","og_image":[{"width":678,"height":450,"url":"https:\/\/aconteceunovale.com.br\/portal\/wp-content\/uploads\/2019\/10\/sap_jaiba_2.jpg","type":"image\/jpeg"}],"author":"Aconteceu no Vale","twitter_card":"summary_large_image","twitter_creator":"@noticiadosvales","twitter_site":"@noticiadosvales","twitter_misc":{"Escrito por":"Aconteceu no Vale","Est. tempo de leitura":"5 minutos"},"schema":{"@context":"https:\/\/schema.org","@graph":[{"@type":"Article","@id":"https:\/\/aconteceunovale.com.br\/portal\/?p=153681#article","isPartOf":{"@id":"https:\/\/aconteceunovale.com.br\/portal\/?p=153681"},"author":{"name":"Aconteceu no Vale","@id":"https:\/\/aconteceunovale.com.br\/portal\/#\/schema\/person\/633529146f2c94272bef50ac2953d589"},"headline":"Unidades de conserva\u00e7\u00e3o do Projeto Ja\u00edba cumprem papel de grande relev\u00e2ncia ambiental","datePublished":"2019-10-18T18:36:39+00:00","dateModified":"2019-10-18T18:37:50+00:00","mainEntityOfPage":{"@id":"https:\/\/aconteceunovale.com.br\/portal\/?p=153681"},"wordCount":946,"commentCount":0,"image":{"@id":"https:\/\/aconteceunovale.com.br\/portal\/?p=153681#primaryimage"},"thumbnailUrl":"https:\/\/aconteceunovale.com.br\/portal\/wp-content\/uploads\/2019\/10\/sap_jaiba_2.jpg","keywords":["\u00c1rea de Prote\u00e7\u00e3o da Serra do Sabonetal","\u00c1rea de Prote\u00e7\u00e3o do Laged\u00e3o","\u00c1reas protegidas do Projeto Ja\u00edba","IEF","Instituto Estadual de Florestas","Itacarambi","ja\u00edba","Maior iniciativa de irriga\u00e7\u00e3o da Am\u00e9rica Latina","Maior iniciativa de irriga\u00e7\u00e3o de Minas Gerais","manga","M\u00e1rio L\u00facio dos Santos","Matias Cardoso","Parque Estadual da Lagoa do Cajueiro","Parque Estadual da Mata Seca","Parque Estadual do Verde Grande","Pedras de Maria da Cruz","Reserva Biol\u00f3gica Ja\u00edba","Reserva Biol\u00f3gica Serra Azul","SAP do Projeto Ja\u00edba","Sistema de \u00c1reas Protegidas do Projeto Ja\u00edba","Unidades de conserva\u00e7\u00e3o do Projeto Ja\u00edba cumprem papel de grande relev\u00e2ncia ambiental","Unidades de conserva\u00e7\u00e3o que integram o Projeto Ja\u00edba cumprem papel de grande relev\u00e2ncia ambiental","URFBio","URFBio Alto M\u00e9dio S\u00e3o Francisco"],"articleSection":["Norte de Minas"],"inLanguage":"pt-BR","potentialAction":[{"@type":"CommentAction","name":"Comment","target":["https:\/\/aconteceunovale.com.br\/portal\/?p=153681#respond"]}]},{"@type":"WebPage","@id":"https:\/\/aconteceunovale.com.br\/portal\/?p=153681","url":"https:\/\/aconteceunovale.com.br\/portal\/?p=153681","name":"Unidades de conserva\u00e7\u00e3o do Projeto Ja\u00edba cumprem papel de grande relev\u00e2ncia ambiental - Aconteceu no Vale","isPartOf":{"@id":"https:\/\/aconteceunovale.com.br\/portal\/#website"},"primaryImageOfPage":{"@id":"https:\/\/aconteceunovale.com.br\/portal\/?p=153681#primaryimage"},"image":{"@id":"https:\/\/aconteceunovale.com.br\/portal\/?p=153681#primaryimage"},"thumbnailUrl":"https:\/\/aconteceunovale.com.br\/portal\/wp-content\/uploads\/2019\/10\/sap_jaiba_2.jpg","datePublished":"2019-10-18T18:36:39+00:00","dateModified":"2019-10-18T18:37:50+00:00","author":{"@id":"https:\/\/aconteceunovale.com.br\/portal\/#\/schema\/person\/633529146f2c94272bef50ac2953d589"},"breadcrumb":{"@id":"https:\/\/aconteceunovale.com.br\/portal\/?p=153681#breadcrumb"},"inLanguage":"pt-BR","potentialAction":[{"@type":"ReadAction","target":["https:\/\/aconteceunovale.com.br\/portal\/?p=153681"]}]},{"@type":"ImageObject","inLanguage":"pt-BR","@id":"https:\/\/aconteceunovale.com.br\/portal\/?p=153681#primaryimage","url":"https:\/\/aconteceunovale.com.br\/portal\/wp-content\/uploads\/2019\/10\/sap_jaiba_2.jpg","contentUrl":"https:\/\/aconteceunovale.com.br\/portal\/wp-content\/uploads\/2019\/10\/sap_jaiba_2.jpg","width":678,"height":450},{"@type":"BreadcrumbList","@id":"https:\/\/aconteceunovale.com.br\/portal\/?p=153681#breadcrumb","itemListElement":[{"@type":"ListItem","position":1,"name":"In\u00edcio","item":"https:\/\/aconteceunovale.com.br\/portal\/"},{"@type":"ListItem","position":2,"name":"Unidades de conserva\u00e7\u00e3o do Projeto Ja\u00edba cumprem papel de grande relev\u00e2ncia ambiental"}]},{"@type":"WebSite","@id":"https:\/\/aconteceunovale.com.br\/portal\/#website","url":"https:\/\/aconteceunovale.com.br\/portal\/","name":"Aconteceu no Vale","description":"Portal de Not\u00edcias","potentialAction":[{"@type":"SearchAction","target":{"@type":"EntryPoint","urlTemplate":"https:\/\/aconteceunovale.com.br\/portal\/?s={search_term_string}"},"query-input":{"@type":"PropertyValueSpecification","valueRequired":true,"valueName":"search_term_string"}}],"inLanguage":"pt-BR"},{"@type":"Person","@id":"https:\/\/aconteceunovale.com.br\/portal\/#\/schema\/person\/633529146f2c94272bef50ac2953d589","name":"Aconteceu no Vale","description":"Equipe de reportagem do Aconteceu no Vale, portal de not\u00edcias do Vale do Jequitinhonha, em Minas Gerais. Cobrimos as 51 cidades do Vale desde 2013. Sugest\u00f5es de pauta e pedidos de corre\u00e7\u00e3o: contato@aconteceunovale.com.br","sameAs":["http:\/\/www.aconteceunovale.com.br"],"url":"https:\/\/aconteceunovale.com.br\/portal\/?author=1"}]}},"_links":{"self":[{"href":"https:\/\/aconteceunovale.com.br\/portal\/index.php?rest_route=\/wp\/v2\/posts\/153681","targetHints":{"allow":["GET"]}}],"collection":[{"href":"https:\/\/aconteceunovale.com.br\/portal\/index.php?rest_route=\/wp\/v2\/posts"}],"about":[{"href":"https:\/\/aconteceunovale.com.br\/portal\/index.php?rest_route=\/wp\/v2\/types\/post"}],"author":[{"embeddable":true,"href":"https:\/\/aconteceunovale.com.br\/portal\/index.php?rest_route=\/wp\/v2\/users\/1"}],"replies":[{"embeddable":true,"href":"https:\/\/aconteceunovale.com.br\/portal\/index.php?rest_route=%2Fwp%2Fv2%2Fcomments&post=153681"}],"version-history":[{"count":1,"href":"https:\/\/aconteceunovale.com.br\/portal\/index.php?rest_route=\/wp\/v2\/posts\/153681\/revisions"}],"predecessor-version":[{"id":153684,"href":"https:\/\/aconteceunovale.com.br\/portal\/index.php?rest_route=\/wp\/v2\/posts\/153681\/revisions\/153684"}],"wp:featuredmedia":[{"embeddable":true,"href":"https:\/\/aconteceunovale.com.br\/portal\/index.php?rest_route=\/wp\/v2\/media\/153683"}],"wp:attachment":[{"href":"https:\/\/aconteceunovale.com.br\/portal\/index.php?rest_route=%2Fwp%2Fv2%2Fmedia&parent=153681"}],"wp:term":[{"taxonomy":"category","embeddable":true,"href":"https:\/\/aconteceunovale.com.br\/portal\/index.php?rest_route=%2Fwp%2Fv2%2Fcategories&post=153681"},{"taxonomy":"post_tag","embeddable":true,"href":"https:\/\/aconteceunovale.com.br\/portal\/index.php?rest_route=%2Fwp%2Fv2%2Ftags&post=153681"}],"curies":[{"name":"wp","href":"https:\/\/api.w.org\/{rel}","templated":true}]}}