{"id":153504,"date":"2019-10-10T20:31:26","date_gmt":"2019-10-10T23:31:26","guid":{"rendered":"http:\/\/aconteceunovale.com.br\/portal\/?p=153504"},"modified":"2019-10-10T20:31:37","modified_gmt":"2019-10-10T23:31:37","slug":"tribunal-de-contas-suspende-licitacao-de-medicamentos-em-padre-paraiso","status":"publish","type":"post","link":"https:\/\/aconteceunovale.com.br\/portal\/?p=153504","title":{"rendered":"Tribunal de Contas suspende licita\u00e7\u00e3o de medicamentos em Padre Para\u00edso"},"content":{"rendered":"\n<p>A Segunda C\u00e2mara do Tribunal de Contas de Minas Gerais referendou hoje (10\/10\/2019) a decis\u00e3o monocr\u00e1tica do conselheiro substituto Victor Meyer, que suspendeu o preg\u00e3o presencial n\u00ba 038\/2019 da Prefeitura Municipal de Padre Para\u00edso, cidade do Vale do Jequitinhonha, com a finalidade de adquirir medicamentos. A sess\u00e3o de abertura das propostas estava marcada para o dia anterior, o que motivou a decis\u00e3o liminar.<\/p>\n\n\n\n<p>O processo n\u00ba 1.077.075 foi aberto a partir de uma den\u00fancia apresentada pela empresa Minas Med Distribuidora de Medicamentos Ltda. que alegou a exist\u00eancia de \u201cposs\u00edveis irregularidades\u201d no procedimento licitat\u00f3rio, destacando a falta de acesso \u00e0 \u00edntegra do edital de licita\u00e7\u00e3o do preg\u00e3o \u201cem ofensa ao princ\u00edpio da publicidade e aos ditames da Lei de Acesso \u00e0 Informa\u00e7\u00e3o\u201d. A denunciante encaminhou ao Tribunal c\u00f3pias das mensagens de solicita\u00e7\u00e3o e de boletim de ocorr\u00eancia.<\/p>\n\n\n\n<p>O Tribunal determinou que os respons\u00e1veis pela licita\u00e7\u00e3o devem se abster de promover o seu prosseguimento at\u00e9 uma decis\u00e3o definitiva, sob pena de multa. Al\u00e9m disso, fixou o prazo de cinco dias para que o prefeito e o pregoeiro de Padre Para\u00edso comprovem a ado\u00e7\u00e3o da medida ordenada, atrav\u00e9s da publica\u00e7\u00e3o do ato de suspens\u00e3o e da remessa de c\u00f3pia de todo o procedimento licitat\u00f3rio \u00e0 Corte de Contas.<\/p>\n\n\n\n<p class=\"has-text-color has-background has-very-light-gray-color has-very-dark-gray-background-color\"><strong>VER PRIMEIRO: <\/strong>Receba as not\u00edcias do Aconteceu no Vale em primeira m\u00e3o. Clique em curtir no endere\u00e7o <a href=\"https:\/\/www.facebook.com\/aconteceunovale\" target=\"_blank\" rel=\"noreferrer noopener\">www.facebook.com\/aconteceunovale<\/a>.<\/p>\n","protected":false},"excerpt":{"rendered":"<p>A Segunda C\u00e2mara do Tribunal de Contas de Minas Gerais referendou hoje (10\/10\/2019) a decis\u00e3o monocr\u00e1tica do conselheiro substituto Victor Meyer, que suspendeu o preg\u00e3o presencial n\u00ba 038\/2019 da Prefeitura Municipal de Padre Para\u00edso, cidade do Vale do Jequitinhonha, com a finalidade de adquirir medicamentos. A sess\u00e3o de abertura das propostas estava marcada para o [&hellip;]<\/p>\n","protected":false},"author":1,"featured_media":141127,"comment_status":"open","ping_status":"closed","sticky":false,"template":"","format":"standard","meta":{"amp_status":"","footnotes":""},"categories":[120],"tags":[208358,208356,208357,185939,208355,206245,208359,201480],"class_list":["post-153504","post","type-post","status-publish","format-standard","has-post-thumbnail","hentry","category-jequi","tag-licitacao-de-medicamentos-prefeitura-de-padre-paraiso","tag-licitacao-prefeitura-de-padre-paraiso","tag-minas-med-distribuidora-de-medicamentos","tag-prefeitura-de-padre-paraiso","tag-prefeitura-municipal-de-padre-paraiso","tag-tribunal-de-contas-de-minas-gerais","tag-tribunal-de-contas-suspende-licitacao-de-medicamentos-em-padre-paraiso","tag-victor-meyer"],"_links":{"self":[{"href":"https:\/\/aconteceunovale.com.br\/portal\/index.php?rest_route=\/wp\/v2\/posts\/153504","targetHints":{"allow":["GET"]}}],"collection":[{"href":"https:\/\/aconteceunovale.com.br\/portal\/index.php?rest_route=\/wp\/v2\/posts"}],"about":[{"href":"https:\/\/aconteceunovale.com.br\/portal\/index.php?rest_route=\/wp\/v2\/types\/post"}],"author":[{"embeddable":true,"href":"https:\/\/aconteceunovale.com.br\/portal\/index.php?rest_route=\/wp\/v2\/users\/1"}],"replies":[{"embeddable":true,"href":"https:\/\/aconteceunovale.com.br\/portal\/index.php?rest_route=%2Fwp%2Fv2%2Fcomments&post=153504"}],"version-history":[{"count":1,"href":"https:\/\/aconteceunovale.com.br\/portal\/index.php?rest_route=\/wp\/v2\/posts\/153504\/revisions"}],"predecessor-version":[{"id":153505,"href":"https:\/\/aconteceunovale.com.br\/portal\/index.php?rest_route=\/wp\/v2\/posts\/153504\/revisions\/153505"}],"wp:featuredmedia":[{"embeddable":true,"href":"https:\/\/aconteceunovale.com.br\/portal\/index.php?rest_route=\/wp\/v2\/media\/141127"}],"wp:attachment":[{"href":"https:\/\/aconteceunovale.com.br\/portal\/index.php?rest_route=%2Fwp%2Fv2%2Fmedia&parent=153504"}],"wp:term":[{"taxonomy":"category","embeddable":true,"href":"https:\/\/aconteceunovale.com.br\/portal\/index.php?rest_route=%2Fwp%2Fv2%2Fcategories&post=153504"},{"taxonomy":"post_tag","embeddable":true,"href":"https:\/\/aconteceunovale.com.br\/portal\/index.php?rest_route=%2Fwp%2Fv2%2Ftags&post=153504"}],"curies":[{"name":"wp","href":"https:\/\/api.w.org\/{rel}","templated":true}]}}