{"id":153490,"date":"2019-10-10T11:38:46","date_gmt":"2019-10-10T14:38:46","guid":{"rendered":"http:\/\/aconteceunovale.com.br\/portal\/?p=153490"},"modified":"2019-10-10T11:40:26","modified_gmt":"2019-10-10T14:40:26","slug":"mortes-por-sarampo-chegam-a-12-em-sp","status":"publish","type":"post","link":"https:\/\/aconteceunovale.com.br\/portal\/?p=153490","title":{"rendered":"Mortes por sarampo chegam a 12 em SP"},"content":{"rendered":"\n<p>O n\u00famero de mortes no estado de S\u00e3o Paulo em decorr\u00eancia de complica\u00e7\u00f5es do sarampo chegou a 12 neste ano. As tr\u00eas \u00faltimas v\u00edtimas foram um menina de 10 meses, de Itapevi, que n\u00e3o estava vacinada; um homem de 53 anos, de Santo Andr\u00e9, e um menino de 1 ano, de Francisco Morato, ambos com precondi\u00e7\u00f5es de risco \u2013 portadores de doen\u00e7as cr\u00f4nicas, como diabetes, hipertens\u00e3o e imunodeprimidos, que podem ficar mais vulner\u00e1veis \u00e0 infec\u00e7\u00e3o.<\/p>\n\n\n\n<p>Os dados, divulgados nesta quarta-feira (9) pela Secretaria de Estado da Sa\u00fade, mostram ainda que, at\u00e9 o momento, h\u00e1 6.177 casos da doen\u00e7a confirmados laboratorialmente e 1.472, por meio de avalia\u00e7\u00e3o m\u00e9dica. Segundo a secretaria, 57% do total de casos se concentram na capital.<\/p>\n\n\n\n<p>Doses da vacina tr\u00edplice (que protege contra sarampo, rub\u00e9ola e caxumba est\u00e3o dispon\u00edveis desde segunda-feira (7) em todos os postos de vacina\u00e7\u00e3o do estado para crian\u00e7as a partir de 6 meses e com menos de 5 anos, e poder\u00e3o ser aplicadas at\u00e9 o dia 25 deste m\u00eas. O dia 19, um s\u00e1bado, ser\u00e1 o Dia D de combate \u00e0 doen\u00e7a, com os postos de sa\u00fade abertos para vacina\u00e7\u00e3o.<\/p>\n\n\n\n<p>A Secretaria da Sa\u00fade ressalva que a vacina \u00e9 contraindicada para beb\u00eas com menos de 6 meses. A recomenda\u00e7\u00e3o para quem tem crian\u00e7as nessa faixa et\u00e1ria \u00e9 evitar exposi\u00e7\u00e3o a aglomera\u00e7\u00f5es e manter higieniza\u00e7\u00e3o e ventila\u00e7\u00e3o adequadas nos ambientes onde o beb\u00ea permanece.<\/p>\n\n\n\n<p>Diante de qualquer sintoma da doen\u00e7a, como manchas vermelhas pelo corpo, febre, coriza, conjuntivite, e manchas brancas na mucosa bucal, os respons\u00e1veis pela crian\u00e7a dever\u00e3o buscar um servi\u00e7o de sa\u00fade. Apenas o profissional de sa\u00fade poder\u00e1 avaliar e dar as recomenda\u00e7\u00f5es necess\u00e1rias.<\/p>\n\n\n\n<p class=\"has-text-color has-background has-very-light-gray-color has-very-dark-gray-background-color\"><strong>VER PRIMEIRO: <\/strong>Receba as not\u00edcias do Aconteceu no Vale em primeira m\u00e3o. Clique em curtir no endere\u00e7o <a href=\"https:\/\/www.facebook.com\/aconteceunovale\" target=\"_blank\" rel=\"noreferrer noopener\">www.facebook.com\/aconteceunovale<\/a>.<\/p>\n","protected":false},"excerpt":{"rendered":"<p>O n\u00famero de mortes no estado de S\u00e3o Paulo em decorr\u00eancia de complica\u00e7\u00f5es do sarampo chegou a 12 neste ano. As tr\u00eas \u00faltimas v\u00edtimas foram um menina de 10 meses, de Itapevi, que n\u00e3o estava vacinada; um homem de 53 anos, de Santo Andr\u00e9, e um menino de 1 ano, de Francisco Morato, ambos com [&hellip;]<\/p>\n","protected":false},"author":1,"featured_media":153491,"comment_status":"open","ping_status":"closed","sticky":false,"template":"","format":"standard","meta":{"amp_status":"","footnotes":""},"categories":[6,40242],"tags":[82137,208327,208326,27713,208325,208329,208330,208328],"class_list":["post-153490","post","type-post","status-publish","format-standard","has-post-thumbnail","hentry","category-br","category-saude-2","tag-itapevi","tag-mortes-por-sarampo-chegam-a-12-em-sp","tag-mortes-por-sarampo-em-sp","tag-santo-andre","tag-sarampo-em-sao-paulo","tag-sarampo-em-sp","tag-vitimas-do-sarampo-em-sao-paulo","tag-vitimas-do-sarampo-em-sp"],"_links":{"self":[{"href":"https:\/\/aconteceunovale.com.br\/portal\/index.php?rest_route=\/wp\/v2\/posts\/153490","targetHints":{"allow":["GET"]}}],"collection":[{"href":"https:\/\/aconteceunovale.com.br\/portal\/index.php?rest_route=\/wp\/v2\/posts"}],"about":[{"href":"https:\/\/aconteceunovale.com.br\/portal\/index.php?rest_route=\/wp\/v2\/types\/post"}],"author":[{"embeddable":true,"href":"https:\/\/aconteceunovale.com.br\/portal\/index.php?rest_route=\/wp\/v2\/users\/1"}],"replies":[{"embeddable":true,"href":"https:\/\/aconteceunovale.com.br\/portal\/index.php?rest_route=%2Fwp%2Fv2%2Fcomments&post=153490"}],"version-history":[{"count":1,"href":"https:\/\/aconteceunovale.com.br\/portal\/index.php?rest_route=\/wp\/v2\/posts\/153490\/revisions"}],"predecessor-version":[{"id":153492,"href":"https:\/\/aconteceunovale.com.br\/portal\/index.php?rest_route=\/wp\/v2\/posts\/153490\/revisions\/153492"}],"wp:featuredmedia":[{"embeddable":true,"href":"https:\/\/aconteceunovale.com.br\/portal\/index.php?rest_route=\/wp\/v2\/media\/153491"}],"wp:attachment":[{"href":"https:\/\/aconteceunovale.com.br\/portal\/index.php?rest_route=%2Fwp%2Fv2%2Fmedia&parent=153490"}],"wp:term":[{"taxonomy":"category","embeddable":true,"href":"https:\/\/aconteceunovale.com.br\/portal\/index.php?rest_route=%2Fwp%2Fv2%2Fcategories&post=153490"},{"taxonomy":"post_tag","embeddable":true,"href":"https:\/\/aconteceunovale.com.br\/portal\/index.php?rest_route=%2Fwp%2Fv2%2Ftags&post=153490"}],"curies":[{"name":"wp","href":"https:\/\/api.w.org\/{rel}","templated":true}]}}