{"id":153482,"date":"2019-10-09T21:24:25","date_gmt":"2019-10-10T00:24:25","guid":{"rendered":"http:\/\/aconteceunovale.com.br\/portal\/?p=153482"},"modified":"2019-10-09T21:24:56","modified_gmt":"2019-10-10T00:24:56","slug":"justica-de-governador-valadares-condena-empresa-de-onibus-a-indenizar-ciclista","status":"publish","type":"post","link":"https:\/\/aconteceunovale.com.br\/portal\/?p=153482","title":{"rendered":"Justi\u00e7a de Governador Valadares condena empresa de \u00f4nibus a indenizar ciclista"},"content":{"rendered":"\n<p>A 13\u00aa C\u00e2mara C\u00edvel do Tribunal de Justi\u00e7a de Minas Gerais (TJMG) condenou a empresa Gontijo a indenizar uma mulher em R$ 50 mil, por danos morais. Um dos ve\u00edculos da empresa atingiu a&nbsp;bicicleta que ela conduzia, com&nbsp;o filho na garupa. O garoto morreu em decorr\u00eancia do acidente.<\/p>\n\n\n\n<p>Al\u00e9m da indeniza\u00e7\u00e3o, a via\u00e7\u00e3o ter\u00e1 de pagar mensalmente \u00e0 m\u00e3e da v\u00edtima 1\/3 do sal\u00e1rio m\u00ednimo, da data em que o menino completaria 16 anos at\u00e9 o dia em que completaria&nbsp;25 anos. A decis\u00e3o do TJMG confirmou senten\u00e7a do juiz Amaury Silva, da Comarca de Governador Valadares.<\/p>\n\n\n\n<p>O acidente aconteceu na v\u00e9spera do Natal de 2011. Quando transitava na&nbsp;Avenida Juscelino Kubitschek, sentido bairro, a ciclista foi atingida pelo \u00f4nibus e perdeu o equil\u00edbrio, batendo na lateral do ve\u00edculo. Com a queda, o menino faleceu.<\/p>\n\n\n\n<p>A ciclista pleiteou indeniza\u00e7\u00e3o por danos morais e materiais. O entendimento da Justi\u00e7a foi que, embora a m\u00e3e tivesse responsabilidade no ocorrido (culpa concorrente), a perda de um filho com 5 anos de idade gerava \u201cabalo de ordem ps\u00edquica e emocional inquestion\u00e1vel\u201d.<\/p>\n\n\n\n<p><strong>Recurso<\/strong><\/p>\n\n\n\n<p>A empresa recorreu ao Tribunal, tentando modificar a senten\u00e7a, sob o argumento de que a ciclista foi a \u00fanica respons\u00e1vel pelo acidente, por n\u00e3o ter utilizado a faixa espec\u00edfica destinada a bicicletas. A Gontijo alega ainda que a m\u00e3e portava consigo uma garrafa de vodca, o que indicaria que ela estava alcoolizada.<\/p>\n\n\n\n<p>Tais argumentos foram recha\u00e7ados pelo relator, desembargador Luiz Carlos Gomes da Mata. O magistrado considerou que a condutora teve culpa concorrente por n\u00e3o utilizar a via destinada a ciclistas, mas destacou que o fato de ela portar uma garrafa de bebida n\u00e3o poderia ser usado contra ela. A&nbsp;per\u00edcia constatou que o lacre da bebida estava intacto.<\/p>\n\n\n\n<p>O relator lembrou, ainda, que ficou demonstrado que o \u00f4nibus trafegava acima da velocidade permitida para a via, o que caracterizava a imper\u00edcia do condutor.<\/p>\n\n\n\n<p>Os desembargadores Jos\u00e9 de Carvalho Barbosa e Newton Teixeira de Carvalho votaram de acordo.<\/p>\n\n\n\n<p class=\"has-text-color has-background has-very-light-gray-color has-very-dark-gray-background-color\"><strong>VER PRIMEIRO: <\/strong>Receba as not\u00edcias do Aconteceu no Vale em primeira m\u00e3o. Clique em curtir no endere\u00e7o <a href=\"https:\/\/www.facebook.com\/aconteceunovale\" target=\"_blank\" rel=\"noreferrer noopener\">www.facebook.com\/aconteceunovale<\/a>.<\/p>\n","protected":false},"excerpt":{"rendered":"<p>A 13\u00aa C\u00e2mara C\u00edvel do Tribunal de Justi\u00e7a de Minas Gerais (TJMG) condenou a empresa Gontijo a indenizar uma mulher em R$ 50 mil, por danos morais. Um dos ve\u00edculos da empresa atingiu a&nbsp;bicicleta que ela conduzia, com&nbsp;o filho na garupa. O garoto morreu em decorr\u00eancia do acidente. Al\u00e9m da indeniza\u00e7\u00e3o, a via\u00e7\u00e3o ter\u00e1 de [&hellip;]<\/p>\n","protected":false},"author":1,"featured_media":153483,"comment_status":"open","ping_status":"closed","sticky":false,"template":"","format":"standard","meta":{"amp_status":"","footnotes":""},"categories":[121],"tags":[208316,208312,208311,208313,1018,247,208315,208314,270,92646],"class_list":["post-153482","post","type-post","status-publish","format-standard","has-post-thumbnail","hentry","category-leste","tag-amaury-silva","tag-atropelado-pela-gontijo-em-governador-valadares","tag-atropelado-por-onibus-da-gontijo-em-governador-valadares","tag-ciclista-atropelado-por-onibus-da-gontijo-em-governador-valadares","tag-destaque","tag-governador-valadares","tag-juiz-amaury-silva","tag-justica-condena-empresa-de-onibus-a-indenizar-ciclista-em-governador-valadares","tag-tjmg","tag-tribunal-de-justica-de-minas-gerais"],"_links":{"self":[{"href":"https:\/\/aconteceunovale.com.br\/portal\/index.php?rest_route=\/wp\/v2\/posts\/153482","targetHints":{"allow":["GET"]}}],"collection":[{"href":"https:\/\/aconteceunovale.com.br\/portal\/index.php?rest_route=\/wp\/v2\/posts"}],"about":[{"href":"https:\/\/aconteceunovale.com.br\/portal\/index.php?rest_route=\/wp\/v2\/types\/post"}],"author":[{"embeddable":true,"href":"https:\/\/aconteceunovale.com.br\/portal\/index.php?rest_route=\/wp\/v2\/users\/1"}],"replies":[{"embeddable":true,"href":"https:\/\/aconteceunovale.com.br\/portal\/index.php?rest_route=%2Fwp%2Fv2%2Fcomments&post=153482"}],"version-history":[{"count":1,"href":"https:\/\/aconteceunovale.com.br\/portal\/index.php?rest_route=\/wp\/v2\/posts\/153482\/revisions"}],"predecessor-version":[{"id":153484,"href":"https:\/\/aconteceunovale.com.br\/portal\/index.php?rest_route=\/wp\/v2\/posts\/153482\/revisions\/153484"}],"wp:featuredmedia":[{"embeddable":true,"href":"https:\/\/aconteceunovale.com.br\/portal\/index.php?rest_route=\/wp\/v2\/media\/153483"}],"wp:attachment":[{"href":"https:\/\/aconteceunovale.com.br\/portal\/index.php?rest_route=%2Fwp%2Fv2%2Fmedia&parent=153482"}],"wp:term":[{"taxonomy":"category","embeddable":true,"href":"https:\/\/aconteceunovale.com.br\/portal\/index.php?rest_route=%2Fwp%2Fv2%2Fcategories&post=153482"},{"taxonomy":"post_tag","embeddable":true,"href":"https:\/\/aconteceunovale.com.br\/portal\/index.php?rest_route=%2Fwp%2Fv2%2Ftags&post=153482"}],"curies":[{"name":"wp","href":"https:\/\/api.w.org\/{rel}","templated":true}]}}