{"id":153476,"date":"2019-10-09T21:09:04","date_gmt":"2019-10-10T00:09:04","guid":{"rendered":"http:\/\/aconteceunovale.com.br\/portal\/?p=153476"},"modified":"2019-10-09T21:09:56","modified_gmt":"2019-10-10T00:09:56","slug":"justica-condena-policial-em-jacinto-no-vale-do-jequitinhonha","status":"publish","type":"post","link":"https:\/\/aconteceunovale.com.br\/portal\/?p=153476","title":{"rendered":"Justi\u00e7a condena policial em Jacinto, no Vale do Jequitinhonha"},"content":{"rendered":"\n<p>Um policial militar de Jacinto foi considerado culpado, pelo Tribunal do J\u00fari da comarca, da morte de um motociclista em setembro de 2017. Os jurados tamb\u00e9m entenderam que o acusado, que disparou arma de fogo em via p\u00fablica, surpreendeu a v\u00edtima, impedindo que ela reagisse.<\/p>\n\n\n\n<p>A ju\u00edza Paula Ozi Silva Rosalin de Oliveira arbitrou a pena pelo homic\u00eddio qualificado de Alessandro Viana Cidral em 12 anos de reclus\u00e3o em regime fechado.<\/p>\n\n\n\n<p>A magistrada considerou que, embora o r\u00e9u tivesse bons antecedentes,&nbsp; personalidade e conduta social corretas, as circunst\u00e2ncias do crime eram desfavor\u00e1veis, pois o militar estava de folga quando atirou no motociclista, que havia recebido dele ordem de parar.<\/p>\n\n\n\n<p>A ju\u00edza levou em conta que, de acordo com v\u00e1rias testemunhas, o condutor n\u00e3o percebeu que o policial havia levantado a m\u00e3o, fazendo sinal para que ele parasse, pois a rua estava movimentada.<\/p>\n\n\n\n<p>Por outro lado, a magistrada reconheceu, como atenuante, o fato de que o acusado confessou espontaneamente o crime.<\/p>\n\n\n\n<p>O r\u00e9u, que foi preso em flagrante em 11 de setembro de 2017, n\u00e3o poder\u00e1 recorrer em liberdade. Como ele j\u00e1 est\u00e1 encarcerado desde ent\u00e3o, cumprir\u00e1 a pena restante, de nove anos, 11 meses e dois dias.<\/p>\n\n\n\n<p><strong>Hist\u00f3rico<\/strong><\/p>\n\n\n\n<p>Conforme a den\u00fancia do Minist\u00e9rio P\u00fablico de Minas Gerais (MPMG), na data dos fatos, o policial n\u00e3o estava em servi\u00e7o. Ele consumia bebidas alco\u00f3licas em um bar, na companhia de um colega da corpora\u00e7\u00e3o quando identificou indiv\u00edduos em atitude suspeita e decidiu abord\u00e1-los.<\/p>\n\n\n\n<p>Saindo do local, o acusado passou por detr\u00e1s de um carro estacionado e deu ordem de parada para o motociclista. Como o rapaz n\u00e3o obedeceu, o policial atirou. A a\u00e7\u00e3o, de acordo com o MPMG, exp\u00f4s os frequentadores do estabelecimento, pedestres e outros motoristas a risco.<\/p>\n\n\n\n<p>Em 25 de outubro de 2017, o \u00f3rg\u00e3o pediu a condena\u00e7\u00e3o do r\u00e9u por homic\u00eddio duplamente qualificado, alegando que ele, al\u00e9m de criar perigo para a coletividade, agiu de forma a impossibilitar a defesa da v\u00edtima. O r\u00e9u foi pronunciado em 5 de mar\u00e7o de 2018.<\/p>\n\n\n\n<p class=\"has-text-color has-background has-very-light-gray-color has-very-dark-gray-background-color\"><strong>VER PRIMEIRO: <\/strong>Receba as not\u00edcias do Aconteceu no Vale em primeira m\u00e3o. Clique em curtir no endere\u00e7o <a href=\"https:\/\/www.facebook.com\/aconteceunovale\" target=\"_blank\" rel=\"noreferrer noopener\">www.facebook.com\/aconteceunovale<\/a>.<\/p>\n","protected":false},"excerpt":{"rendered":"<p>Um policial militar de Jacinto foi considerado culpado, pelo Tribunal do J\u00fari da comarca, da morte de um motociclista em setembro de 2017. Os jurados tamb\u00e9m entenderam que o acusado, que disparou arma de fogo em via p\u00fablica, surpreendeu a v\u00edtima, impedindo que ela reagisse. A ju\u00edza Paula Ozi Silva Rosalin de Oliveira arbitrou a [&hellip;]<\/p>\n","protected":false},"author":1,"featured_media":153477,"comment_status":"open","ping_status":"closed","sticky":false,"template":"","format":"standard","meta":{"amp_status":"","footnotes":""},"categories":[120],"tags":[208301,208298,408,208299,208300,208302,208303,19674,19675,204418,208297],"class_list":["post-153476","post","type-post","status-publish","format-standard","has-post-thumbnail","hentry","category-jequi","tag-alessandro-viana-cidral","tag-condenacao-de-policial-em-jacinto","tag-jacinto","tag-juiza-paula-ozi-silva-rosalin-de-oliveira","tag-julgamento-de-policial-em-jacinto","tag-justica-condena-policial-em-jacinto","tag-justica-condena-policial-em-jacinto-no-vale-do-jequitinhonha","tag-ministerio-publico-de-minas-gerais","tag-mpmg","tag-paula-ozi-silva-rosalin-de-oliveira","tag-policial-condenado-em-jacinto"],"_links":{"self":[{"href":"https:\/\/aconteceunovale.com.br\/portal\/index.php?rest_route=\/wp\/v2\/posts\/153476","targetHints":{"allow":["GET"]}}],"collection":[{"href":"https:\/\/aconteceunovale.com.br\/portal\/index.php?rest_route=\/wp\/v2\/posts"}],"about":[{"href":"https:\/\/aconteceunovale.com.br\/portal\/index.php?rest_route=\/wp\/v2\/types\/post"}],"author":[{"embeddable":true,"href":"https:\/\/aconteceunovale.com.br\/portal\/index.php?rest_route=\/wp\/v2\/users\/1"}],"replies":[{"embeddable":true,"href":"https:\/\/aconteceunovale.com.br\/portal\/index.php?rest_route=%2Fwp%2Fv2%2Fcomments&post=153476"}],"version-history":[{"count":1,"href":"https:\/\/aconteceunovale.com.br\/portal\/index.php?rest_route=\/wp\/v2\/posts\/153476\/revisions"}],"predecessor-version":[{"id":153478,"href":"https:\/\/aconteceunovale.com.br\/portal\/index.php?rest_route=\/wp\/v2\/posts\/153476\/revisions\/153478"}],"wp:featuredmedia":[{"embeddable":true,"href":"https:\/\/aconteceunovale.com.br\/portal\/index.php?rest_route=\/wp\/v2\/media\/153477"}],"wp:attachment":[{"href":"https:\/\/aconteceunovale.com.br\/portal\/index.php?rest_route=%2Fwp%2Fv2%2Fmedia&parent=153476"}],"wp:term":[{"taxonomy":"category","embeddable":true,"href":"https:\/\/aconteceunovale.com.br\/portal\/index.php?rest_route=%2Fwp%2Fv2%2Fcategories&post=153476"},{"taxonomy":"post_tag","embeddable":true,"href":"https:\/\/aconteceunovale.com.br\/portal\/index.php?rest_route=%2Fwp%2Fv2%2Ftags&post=153476"}],"curies":[{"name":"wp","href":"https:\/\/api.w.org\/{rel}","templated":true}]}}