{"id":153469,"date":"2019-10-09T20:48:35","date_gmt":"2019-10-09T23:48:35","guid":{"rendered":"http:\/\/aconteceunovale.com.br\/portal\/?p=153469"},"modified":"2019-10-09T20:49:04","modified_gmt":"2019-10-09T23:49:04","slug":"operacao-katharsis-combate-crime-organizado-em-aimores-e-governador-valadares","status":"publish","type":"post","link":"https:\/\/aconteceunovale.com.br\/portal\/?p=153469","title":{"rendered":"Opera\u00e7\u00e3o Katharsis combate crime organizado em Aimor\u00e9s e Governador Valadares"},"content":{"rendered":"\n<p>O Minist\u00e9rio P\u00fablico de Minas Gerais (MPMG) realizou hoje, 9 de outubro de 2019, em conjunto com as pol\u00edcias Civil e Militar, uma opera\u00e7\u00e3o em Aimor\u00e9s e Governador Valadares, no Rio Doce, para combater organiza\u00e7\u00f5es criminosas envolvidas com tr\u00e1fico de drogas e homic\u00eddios na regi\u00e3o.<\/p>\n\n\n\n<p>Batizada de Katharsis, que significa purifica\u00e7\u00e3o em Grego, a opera\u00e7\u00e3o cumpriu 25 mandados de busca e apreens\u00e3o e dez de pris\u00e3o preventiva. Al\u00e9m disso, uma pessoa foi presa em flagrante por porte de arma de fogo e um adolescente foi apreendido por desacato. Durante as buscas, foram apreendidas uma pistola 380, um simulacro de arma, r\u00e1dios comunicadores, muni\u00e7\u00f5es e drogas.<\/p>\n\n\n\n<p>Pelo MPMG, participaram da a\u00e7\u00e3o o Grupo de Atua\u00e7\u00e3o Especial de Combate ao Crime Organizado (Gaeco) e a Promotoria de Justi\u00e7a de Aimor\u00e9s. A opera\u00e7\u00e3o \u00e9 resultado de mais de um ano de acompanhamento e investiga\u00e7\u00e3o. Ao todo, foram expedidos 43 mandados de busca e apreens\u00e3o e 14 de pris\u00e3o contra integrantes de tr\u00eas organiza\u00e7\u00f5es criminosas.<\/p>\n\n\n\n<figure class=\"wp-block-image\"><img loading=\"lazy\" decoding=\"async\" width=\"678\" height=\"381\" src=\"http:\/\/aconteceunovale.com.br\/portal\/wp-content\/uploads\/2019\/10\/operacao_gv_1.jpg\" alt=\"\" class=\"wp-image-153470\" srcset=\"https:\/\/aconteceunovale.com.br\/portal\/wp-content\/uploads\/2019\/10\/operacao_gv_1.jpg 678w, https:\/\/aconteceunovale.com.br\/portal\/wp-content\/uploads\/2019\/10\/operacao_gv_1-300x169.jpg 300w\" sizes=\"auto, (max-width: 678px) 100vw, 678px\" \/><figcaption><em>Foto: Pol\u00edcia Militar \/ Divulga\u00e7\u00e3o<\/em><\/figcaption><\/figure>\n\n\n\n<figure class=\"wp-block-image\"><img loading=\"lazy\" decoding=\"async\" width=\"678\" height=\"381\" src=\"http:\/\/aconteceunovale.com.br\/portal\/wp-content\/uploads\/2019\/10\/operacao_gv_2.jpg\" alt=\"\" class=\"wp-image-153471\" srcset=\"https:\/\/aconteceunovale.com.br\/portal\/wp-content\/uploads\/2019\/10\/operacao_gv_2.jpg 678w, https:\/\/aconteceunovale.com.br\/portal\/wp-content\/uploads\/2019\/10\/operacao_gv_2-300x169.jpg 300w\" sizes=\"auto, (max-width: 678px) 100vw, 678px\" \/><figcaption><em> Foto: Pol\u00edcia Militar \/ Divulga\u00e7\u00e3o <\/em><\/figcaption><\/figure>\n\n\n\n<figure class=\"wp-block-image\"><img loading=\"lazy\" decoding=\"async\" width=\"678\" height=\"424\" src=\"http:\/\/aconteceunovale.com.br\/portal\/wp-content\/uploads\/2019\/10\/operacao_gv_3.jpg\" alt=\"\" class=\"wp-image-153472\" srcset=\"https:\/\/aconteceunovale.com.br\/portal\/wp-content\/uploads\/2019\/10\/operacao_gv_3.jpg 678w, https:\/\/aconteceunovale.com.br\/portal\/wp-content\/uploads\/2019\/10\/operacao_gv_3-300x188.jpg 300w, https:\/\/aconteceunovale.com.br\/portal\/wp-content\/uploads\/2019\/10\/operacao_gv_3-672x420.jpg 672w\" sizes=\"auto, (max-width: 678px) 100vw, 678px\" \/><figcaption> <em> Foto: Pol\u00edcia Militar \/ Divulga\u00e7\u00e3o <\/em> <\/figcaption><\/figure>\n\n\n\n<figure class=\"wp-block-image\"><img loading=\"lazy\" decoding=\"async\" width=\"678\" height=\"417\" src=\"http:\/\/aconteceunovale.com.br\/portal\/wp-content\/uploads\/2019\/10\/operacao_gv_4.jpg\" alt=\"\" class=\"wp-image-153473\" srcset=\"https:\/\/aconteceunovale.com.br\/portal\/wp-content\/uploads\/2019\/10\/operacao_gv_4.jpg 678w, https:\/\/aconteceunovale.com.br\/portal\/wp-content\/uploads\/2019\/10\/operacao_gv_4-300x185.jpg 300w, https:\/\/aconteceunovale.com.br\/portal\/wp-content\/uploads\/2019\/10\/operacao_gv_4-356x220.jpg 356w\" sizes=\"auto, (max-width: 678px) 100vw, 678px\" \/><figcaption> <em> Foto: Pol\u00edcia Militar \/ Divulga\u00e7\u00e3o <\/em> <\/figcaption><\/figure>\n\n\n\n<figure class=\"wp-block-image\"><img loading=\"lazy\" decoding=\"async\" width=\"678\" height=\"417\" src=\"http:\/\/aconteceunovale.com.br\/portal\/wp-content\/uploads\/2019\/10\/operacao_gv_5.jpg\" alt=\"\" class=\"wp-image-153474\" srcset=\"https:\/\/aconteceunovale.com.br\/portal\/wp-content\/uploads\/2019\/10\/operacao_gv_5.jpg 678w, https:\/\/aconteceunovale.com.br\/portal\/wp-content\/uploads\/2019\/10\/operacao_gv_5-300x185.jpg 300w, https:\/\/aconteceunovale.com.br\/portal\/wp-content\/uploads\/2019\/10\/operacao_gv_5-356x220.jpg 356w\" sizes=\"auto, (max-width: 678px) 100vw, 678px\" \/><figcaption> <em> Foto: Pol\u00edcia Militar \/ Divulga\u00e7\u00e3o <\/em> <\/figcaption><\/figure>\n\n\n\n<p class=\"has-text-color has-background has-very-light-gray-color has-very-dark-gray-background-color\"><strong>VER PRIMEIRO: <\/strong>Receba as not\u00edcias do Aconteceu no Vale em primeira m\u00e3o. Clique em curtir no endere\u00e7o <a href=\"https:\/\/www.facebook.com\/aconteceunovale\" target=\"_blank\" rel=\"noreferrer noopener\">www.facebook.com\/aconteceunovale<\/a>.<\/p>\n","protected":false},"excerpt":{"rendered":"<p>O Minist\u00e9rio P\u00fablico de Minas Gerais (MPMG) realizou hoje, 9 de outubro de 2019, em conjunto com as pol\u00edcias Civil e Militar, uma opera\u00e7\u00e3o em Aimor\u00e9s e Governador Valadares, no Rio Doce, para combater organiza\u00e7\u00f5es criminosas envolvidas com tr\u00e1fico de drogas e homic\u00eddios na regi\u00e3o. Batizada de Katharsis, que significa purifica\u00e7\u00e3o em Grego, a opera\u00e7\u00e3o [&hellip;]<\/p>\n","protected":false},"author":1,"featured_media":153470,"comment_status":"open","ping_status":"closed","sticky":false,"template":"","format":"standard","meta":{"amp_status":"","footnotes":""},"categories":[121],"tags":[273,247,4167,19674,19675,208294,208296,208295,174123,46661,62424],"class_list":["post-153469","post","type-post","status-publish","format-standard","has-post-thumbnail","hentry","category-leste","tag-aimores","tag-governador-valadares","tag-homicidios-em-governador-valadares","tag-ministerio-publico-de-minas-gerais","tag-mpmg","tag-operacao-katharsis","tag-operacao-katharsis-combate-crime-organizado-em-aimores-e-governador-valadares","tag-operacao-katharsis-em-governador-valadares","tag-promotoria-de-justica-de-aimores","tag-trafico-de-drogas-em-governador-valadares","tag-trafico-em-governador-valadares"],"_links":{"self":[{"href":"https:\/\/aconteceunovale.com.br\/portal\/index.php?rest_route=\/wp\/v2\/posts\/153469","targetHints":{"allow":["GET"]}}],"collection":[{"href":"https:\/\/aconteceunovale.com.br\/portal\/index.php?rest_route=\/wp\/v2\/posts"}],"about":[{"href":"https:\/\/aconteceunovale.com.br\/portal\/index.php?rest_route=\/wp\/v2\/types\/post"}],"author":[{"embeddable":true,"href":"https:\/\/aconteceunovale.com.br\/portal\/index.php?rest_route=\/wp\/v2\/users\/1"}],"replies":[{"embeddable":true,"href":"https:\/\/aconteceunovale.com.br\/portal\/index.php?rest_route=%2Fwp%2Fv2%2Fcomments&post=153469"}],"version-history":[{"count":1,"href":"https:\/\/aconteceunovale.com.br\/portal\/index.php?rest_route=\/wp\/v2\/posts\/153469\/revisions"}],"predecessor-version":[{"id":153475,"href":"https:\/\/aconteceunovale.com.br\/portal\/index.php?rest_route=\/wp\/v2\/posts\/153469\/revisions\/153475"}],"wp:featuredmedia":[{"embeddable":true,"href":"https:\/\/aconteceunovale.com.br\/portal\/index.php?rest_route=\/wp\/v2\/media\/153470"}],"wp:attachment":[{"href":"https:\/\/aconteceunovale.com.br\/portal\/index.php?rest_route=%2Fwp%2Fv2%2Fmedia&parent=153469"}],"wp:term":[{"taxonomy":"category","embeddable":true,"href":"https:\/\/aconteceunovale.com.br\/portal\/index.php?rest_route=%2Fwp%2Fv2%2Fcategories&post=153469"},{"taxonomy":"post_tag","embeddable":true,"href":"https:\/\/aconteceunovale.com.br\/portal\/index.php?rest_route=%2Fwp%2Fv2%2Ftags&post=153469"}],"curies":[{"name":"wp","href":"https:\/\/api.w.org\/{rel}","templated":true}]}}