{"id":15325,"date":"2013-12-14T12:11:02","date_gmt":"2013-12-14T14:11:02","guid":{"rendered":"http:\/\/aconteceunovale.com.br\/portal\/?p=15325"},"modified":"2026-09-02T12:38:45","modified_gmt":"2026-09-02T15:38:45","slug":"carai-prefeitura-municipal-divulga-programacao-em-comemoracao-aos-65-anos-de-emancipacao","status":"publish","type":"post","link":"https:\/\/aconteceunovale.com.br\/portal\/?p=15325","title":{"rendered":"CARA\u00cd: Prefeitura Municipal divulga programa\u00e7\u00e3o em comemora\u00e7\u00e3o aos 65 anos de emancipa\u00e7\u00e3o"},"content":{"rendered":"<p><em><strong>Por Vicente Alves, Portal Aconteceu no Vale<\/strong><\/em><\/p>\n<p>No per\u00edodo de 28 a 31 de dezembro, Cara\u00ed, no Vale do Jequitinhonha, celebra 65 anos de emancipa\u00e7\u00e3o pol\u00edtica\/administrativa com uma grande festa.<\/p>\n<p>Ser\u00e3o quatro dias de festa com shows reconhecidos nacionalmente. No dia 28 (s\u00e1bado), programa\u00e7\u00e3o gospel e show com o Pastor Ronaldo Andr\u00e9 e Banda. No domingo (29), show com as Bandas RG7 e A Elite, na segunda-feira (30), show com o forrozeiro Sor\u00f3 Silva e banda Fuguet\u00e3o Baiano. E para encerrar na ter\u00e7a-feira (31), r\u00e9veillon com Alan &#038; Alex e o forr\u00f3 Balan\u00e7a\u00ea.<\/p>\n<p>Voc\u00ea n\u00e3o pode perder esse grande evento, Cara\u00ed espera por voc\u00ea!<\/p>\n<p><img decoding=\"async\" src=\"http:\/\/aconteceunovale.com.br\/portal\/wp-content\/uploads\/2013\/12\/carai_65_anos.jpg\" alt=\"\" \/><br \/>\n<em>Divulga\u00e7\u00e3o do evento.<\/em><\/p>\n","protected":false},"excerpt":{"rendered":"<p>Por Vicente Alves, Portal Aconteceu no Vale No per\u00edodo de 28 a 31 de dezembro, Cara\u00ed, no Vale do Jequitinhonha, celebra 65 anos de emancipa\u00e7\u00e3o pol\u00edtica\/administrativa com uma grande festa. Ser\u00e3o quatro dias de festa com shows reconhecidos nacionalmente. No dia 28 (s\u00e1bado), programa\u00e7\u00e3o gospel e show com o Pastor Ronaldo Andr\u00e9 e Banda. No [&hellip;]<\/p>\n","protected":false},"author":1,"featured_media":15326,"comment_status":"open","ping_status":"closed","sticky":false,"template":"","format":"standard","meta":{"amp_status":"","footnotes":""},"categories":[272536,125],"tags":[1407,1409,490,1410,1408,1327],"class_list":["post-15325","post","type-post","status-publish","format-standard","has-post-thumbnail","hentry","category-carai","category-noticias","tag-65-anos-de-carai","tag-allan-e-alex","tag-carai","tag-fuguetao-baiano","tag-reveillon-em-carai","tag-soro-silva"],"yoast_head":"<!-- This site is optimized with the Yoast SEO plugin v28.3 - https:\/\/yoast.com\/product\/yoast-seo-wordpress\/ -->\n<title>CARA\u00cd: Prefeitura Municipal divulga programa\u00e7\u00e3o em comemora\u00e7\u00e3o aos 65 anos de emancipa\u00e7\u00e3o - Aconteceu no Vale<\/title>\n<meta name=\"robots\" content=\"index, follow, max-snippet:-1, max-image-preview:large, max-video-preview:-1\" \/>\n<link rel=\"canonical\" href=\"https:\/\/aconteceunovale.com.br\/portal\/?p=15325\" \/>\n<meta property=\"og:locale\" content=\"pt_BR\" \/>\n<meta property=\"og:type\" content=\"article\" \/>\n<meta property=\"og:title\" content=\"CARA\u00cd: Prefeitura Municipal divulga programa\u00e7\u00e3o em comemora\u00e7\u00e3o aos 65 anos de emancipa\u00e7\u00e3o - Aconteceu no Vale\" \/>\n<meta property=\"og:description\" content=\"Por Vicente Alves, Portal Aconteceu no Vale No per\u00edodo de 28 a 31 de dezembro, Cara\u00ed, no Vale do Jequitinhonha, celebra 65 anos de emancipa\u00e7\u00e3o pol\u00edtica\/administrativa com uma grande festa. Ser\u00e3o quatro dias de festa com shows reconhecidos nacionalmente. No dia 28 (s\u00e1bado), programa\u00e7\u00e3o gospel e show com o Pastor Ronaldo Andr\u00e9 e Banda. No [&hellip;]\" \/>\n<meta property=\"og:url\" content=\"https:\/\/aconteceunovale.com.br\/portal\/?p=15325\" \/>\n<meta property=\"og:site_name\" content=\"Aconteceu no Vale\" \/>\n<meta property=\"article:publisher\" content=\"https:\/\/www.facebook.com\/aconteceunovale\/\" \/>\n<meta property=\"article:published_time\" content=\"2013-12-14T14:11:02+00:00\" \/>\n<meta property=\"article:modified_time\" content=\"2026-09-02T15:38:45+00:00\" \/>\n<meta property=\"og:image\" content=\"https:\/\/aconteceunovale.com.br\/portal\/wp-content\/uploads\/2013\/12\/carai_65_anos.jpg\" \/>\n\t<meta property=\"og:image:width\" content=\"636\" \/>\n\t<meta property=\"og:image:height\" content=\"450\" \/>\n\t<meta property=\"og:image:type\" content=\"image\/jpeg\" \/>\n<meta name=\"author\" content=\"Aconteceu no Vale\" \/>\n<meta name=\"twitter:card\" content=\"summary_large_image\" \/>\n<meta name=\"twitter:creator\" content=\"@noticiadosvales\" \/>\n<meta name=\"twitter:site\" content=\"@noticiadosvales\" \/>\n<meta name=\"twitter:label1\" content=\"Escrito por\" \/>\n\t<meta name=\"twitter:data1\" content=\"Aconteceu no Vale\" \/>\n\t<meta name=\"twitter:label2\" content=\"Est. tempo de leitura\" \/>\n\t<meta name=\"twitter:data2\" content=\"1 minuto\" \/>\n<script type=\"application\/ld+json\" class=\"yoast-schema-graph\">{\"@context\":\"https:\\\/\\\/schema.org\",\"@graph\":[{\"@type\":\"Article\",\"@id\":\"https:\\\/\\\/aconteceunovale.com.br\\\/portal\\\/?p=15325#article\",\"isPartOf\":{\"@id\":\"https:\\\/\\\/aconteceunovale.com.br\\\/portal\\\/?p=15325\"},\"author\":{\"name\":\"Aconteceu no Vale\",\"@id\":\"https:\\\/\\\/aconteceunovale.com.br\\\/portal\\\/#\\\/schema\\\/person\\\/633529146f2c94272bef50ac2953d589\"},\"headline\":\"CARA\u00cd: Prefeitura Municipal divulga programa\u00e7\u00e3o em comemora\u00e7\u00e3o aos 65 anos de emancipa\u00e7\u00e3o\",\"datePublished\":\"2013-12-14T14:11:02+00:00\",\"dateModified\":\"2026-09-02T15:38:45+00:00\",\"mainEntityOfPage\":{\"@id\":\"https:\\\/\\\/aconteceunovale.com.br\\\/portal\\\/?p=15325\"},\"wordCount\":126,\"commentCount\":0,\"image\":{\"@id\":\"https:\\\/\\\/aconteceunovale.com.br\\\/portal\\\/?p=15325#primaryimage\"},\"thumbnailUrl\":\"https:\\\/\\\/aconteceunovale.com.br\\\/portal\\\/wp-content\\\/uploads\\\/2013\\\/12\\\/carai_65_anos.jpg\",\"keywords\":[\"65 anos de cara\u00ed\",\"allan e alex\",\"Cara\u00ed\",\"fuguet\u00e3o baiano\",\"reveillon em cara\u00ed\",\"sor\u00f3 silva\"],\"articleSection\":[\"Cara\u00ed\",\"Eventos\"],\"inLanguage\":\"pt-BR\",\"potentialAction\":[{\"@type\":\"CommentAction\",\"name\":\"Comment\",\"target\":[\"https:\\\/\\\/aconteceunovale.com.br\\\/portal\\\/?p=15325#respond\"]}]},{\"@type\":\"WebPage\",\"@id\":\"https:\\\/\\\/aconteceunovale.com.br\\\/portal\\\/?p=15325\",\"url\":\"https:\\\/\\\/aconteceunovale.com.br\\\/portal\\\/?p=15325\",\"name\":\"CARA\u00cd: Prefeitura Municipal divulga programa\u00e7\u00e3o em comemora\u00e7\u00e3o aos 65 anos de emancipa\u00e7\u00e3o - Aconteceu no Vale\",\"isPartOf\":{\"@id\":\"https:\\\/\\\/aconteceunovale.com.br\\\/portal\\\/#website\"},\"primaryImageOfPage\":{\"@id\":\"https:\\\/\\\/aconteceunovale.com.br\\\/portal\\\/?p=15325#primaryimage\"},\"image\":{\"@id\":\"https:\\\/\\\/aconteceunovale.com.br\\\/portal\\\/?p=15325#primaryimage\"},\"thumbnailUrl\":\"https:\\\/\\\/aconteceunovale.com.br\\\/portal\\\/wp-content\\\/uploads\\\/2013\\\/12\\\/carai_65_anos.jpg\",\"datePublished\":\"2013-12-14T14:11:02+00:00\",\"dateModified\":\"2026-09-02T15:38:45+00:00\",\"author\":{\"@id\":\"https:\\\/\\\/aconteceunovale.com.br\\\/portal\\\/#\\\/schema\\\/person\\\/633529146f2c94272bef50ac2953d589\"},\"breadcrumb\":{\"@id\":\"https:\\\/\\\/aconteceunovale.com.br\\\/portal\\\/?p=15325#breadcrumb\"},\"inLanguage\":\"pt-BR\",\"potentialAction\":[{\"@type\":\"ReadAction\",\"target\":[\"https:\\\/\\\/aconteceunovale.com.br\\\/portal\\\/?p=15325\"]}]},{\"@type\":\"ImageObject\",\"inLanguage\":\"pt-BR\",\"@id\":\"https:\\\/\\\/aconteceunovale.com.br\\\/portal\\\/?p=15325#primaryimage\",\"url\":\"https:\\\/\\\/aconteceunovale.com.br\\\/portal\\\/wp-content\\\/uploads\\\/2013\\\/12\\\/carai_65_anos.jpg\",\"contentUrl\":\"https:\\\/\\\/aconteceunovale.com.br\\\/portal\\\/wp-content\\\/uploads\\\/2013\\\/12\\\/carai_65_anos.jpg\",\"width\":636,\"height\":450},{\"@type\":\"BreadcrumbList\",\"@id\":\"https:\\\/\\\/aconteceunovale.com.br\\\/portal\\\/?p=15325#breadcrumb\",\"itemListElement\":[{\"@type\":\"ListItem\",\"position\":1,\"name\":\"In\u00edcio\",\"item\":\"https:\\\/\\\/aconteceunovale.com.br\\\/portal\\\/\"},{\"@type\":\"ListItem\",\"position\":2,\"name\":\"CARA\u00cd: Prefeitura Municipal divulga programa\u00e7\u00e3o em comemora\u00e7\u00e3o aos 65 anos de emancipa\u00e7\u00e3o\"}]},{\"@type\":\"WebSite\",\"@id\":\"https:\\\/\\\/aconteceunovale.com.br\\\/portal\\\/#website\",\"url\":\"https:\\\/\\\/aconteceunovale.com.br\\\/portal\\\/\",\"name\":\"Aconteceu no Vale\",\"description\":\"Portal de Not\u00edcias\",\"potentialAction\":[{\"@type\":\"SearchAction\",\"target\":{\"@type\":\"EntryPoint\",\"urlTemplate\":\"https:\\\/\\\/aconteceunovale.com.br\\\/portal\\\/?s={search_term_string}\"},\"query-input\":{\"@type\":\"PropertyValueSpecification\",\"valueRequired\":true,\"valueName\":\"search_term_string\"}}],\"inLanguage\":\"pt-BR\"},{\"@type\":\"Person\",\"@id\":\"https:\\\/\\\/aconteceunovale.com.br\\\/portal\\\/#\\\/schema\\\/person\\\/633529146f2c94272bef50ac2953d589\",\"name\":\"Aconteceu no Vale\",\"description\":\"Equipe de reportagem do Aconteceu no Vale, portal de not\u00edcias do Vale do Jequitinhonha, em Minas Gerais. Cobrimos as 51 cidades do Vale desde 2013. Sugest\u00f5es de pauta e pedidos de corre\u00e7\u00e3o: contato@aconteceunovale.com.br\",\"sameAs\":[\"http:\\\/\\\/www.aconteceunovale.com.br\"],\"url\":\"https:\\\/\\\/aconteceunovale.com.br\\\/portal\\\/?author=1\"}]}<\/script>\n<!-- \/ Yoast SEO plugin. -->","yoast_head_json":{"title":"CARA\u00cd: Prefeitura Municipal divulga programa\u00e7\u00e3o em comemora\u00e7\u00e3o aos 65 anos de emancipa\u00e7\u00e3o - Aconteceu no Vale","robots":{"index":"index","follow":"follow","max-snippet":"max-snippet:-1","max-image-preview":"max-image-preview:large","max-video-preview":"max-video-preview:-1"},"canonical":"https:\/\/aconteceunovale.com.br\/portal\/?p=15325","og_locale":"pt_BR","og_type":"article","og_title":"CARA\u00cd: Prefeitura Municipal divulga programa\u00e7\u00e3o em comemora\u00e7\u00e3o aos 65 anos de emancipa\u00e7\u00e3o - Aconteceu no Vale","og_description":"Por Vicente Alves, Portal Aconteceu no Vale No per\u00edodo de 28 a 31 de dezembro, Cara\u00ed, no Vale do Jequitinhonha, celebra 65 anos de emancipa\u00e7\u00e3o pol\u00edtica\/administrativa com uma grande festa. Ser\u00e3o quatro dias de festa com shows reconhecidos nacionalmente. No dia 28 (s\u00e1bado), programa\u00e7\u00e3o gospel e show com o Pastor Ronaldo Andr\u00e9 e Banda. No [&hellip;]","og_url":"https:\/\/aconteceunovale.com.br\/portal\/?p=15325","og_site_name":"Aconteceu no Vale","article_publisher":"https:\/\/www.facebook.com\/aconteceunovale\/","article_published_time":"2013-12-14T14:11:02+00:00","article_modified_time":"2026-09-02T15:38:45+00:00","og_image":[{"width":636,"height":450,"url":"https:\/\/aconteceunovale.com.br\/portal\/wp-content\/uploads\/2013\/12\/carai_65_anos.jpg","type":"image\/jpeg"}],"author":"Aconteceu no Vale","twitter_card":"summary_large_image","twitter_creator":"@noticiadosvales","twitter_site":"@noticiadosvales","twitter_misc":{"Escrito por":"Aconteceu no Vale","Est. tempo de leitura":"1 minuto"},"schema":{"@context":"https:\/\/schema.org","@graph":[{"@type":"Article","@id":"https:\/\/aconteceunovale.com.br\/portal\/?p=15325#article","isPartOf":{"@id":"https:\/\/aconteceunovale.com.br\/portal\/?p=15325"},"author":{"name":"Aconteceu no Vale","@id":"https:\/\/aconteceunovale.com.br\/portal\/#\/schema\/person\/633529146f2c94272bef50ac2953d589"},"headline":"CARA\u00cd: Prefeitura Municipal divulga programa\u00e7\u00e3o em comemora\u00e7\u00e3o aos 65 anos de emancipa\u00e7\u00e3o","datePublished":"2013-12-14T14:11:02+00:00","dateModified":"2026-09-02T15:38:45+00:00","mainEntityOfPage":{"@id":"https:\/\/aconteceunovale.com.br\/portal\/?p=15325"},"wordCount":126,"commentCount":0,"image":{"@id":"https:\/\/aconteceunovale.com.br\/portal\/?p=15325#primaryimage"},"thumbnailUrl":"https:\/\/aconteceunovale.com.br\/portal\/wp-content\/uploads\/2013\/12\/carai_65_anos.jpg","keywords":["65 anos de cara\u00ed","allan e alex","Cara\u00ed","fuguet\u00e3o baiano","reveillon em cara\u00ed","sor\u00f3 silva"],"articleSection":["Cara\u00ed","Eventos"],"inLanguage":"pt-BR","potentialAction":[{"@type":"CommentAction","name":"Comment","target":["https:\/\/aconteceunovale.com.br\/portal\/?p=15325#respond"]}]},{"@type":"WebPage","@id":"https:\/\/aconteceunovale.com.br\/portal\/?p=15325","url":"https:\/\/aconteceunovale.com.br\/portal\/?p=15325","name":"CARA\u00cd: Prefeitura Municipal divulga programa\u00e7\u00e3o em comemora\u00e7\u00e3o aos 65 anos de emancipa\u00e7\u00e3o - Aconteceu no Vale","isPartOf":{"@id":"https:\/\/aconteceunovale.com.br\/portal\/#website"},"primaryImageOfPage":{"@id":"https:\/\/aconteceunovale.com.br\/portal\/?p=15325#primaryimage"},"image":{"@id":"https:\/\/aconteceunovale.com.br\/portal\/?p=15325#primaryimage"},"thumbnailUrl":"https:\/\/aconteceunovale.com.br\/portal\/wp-content\/uploads\/2013\/12\/carai_65_anos.jpg","datePublished":"2013-12-14T14:11:02+00:00","dateModified":"2026-09-02T15:38:45+00:00","author":{"@id":"https:\/\/aconteceunovale.com.br\/portal\/#\/schema\/person\/633529146f2c94272bef50ac2953d589"},"breadcrumb":{"@id":"https:\/\/aconteceunovale.com.br\/portal\/?p=15325#breadcrumb"},"inLanguage":"pt-BR","potentialAction":[{"@type":"ReadAction","target":["https:\/\/aconteceunovale.com.br\/portal\/?p=15325"]}]},{"@type":"ImageObject","inLanguage":"pt-BR","@id":"https:\/\/aconteceunovale.com.br\/portal\/?p=15325#primaryimage","url":"https:\/\/aconteceunovale.com.br\/portal\/wp-content\/uploads\/2013\/12\/carai_65_anos.jpg","contentUrl":"https:\/\/aconteceunovale.com.br\/portal\/wp-content\/uploads\/2013\/12\/carai_65_anos.jpg","width":636,"height":450},{"@type":"BreadcrumbList","@id":"https:\/\/aconteceunovale.com.br\/portal\/?p=15325#breadcrumb","itemListElement":[{"@type":"ListItem","position":1,"name":"In\u00edcio","item":"https:\/\/aconteceunovale.com.br\/portal\/"},{"@type":"ListItem","position":2,"name":"CARA\u00cd: Prefeitura Municipal divulga programa\u00e7\u00e3o em comemora\u00e7\u00e3o aos 65 anos de emancipa\u00e7\u00e3o"}]},{"@type":"WebSite","@id":"https:\/\/aconteceunovale.com.br\/portal\/#website","url":"https:\/\/aconteceunovale.com.br\/portal\/","name":"Aconteceu no Vale","description":"Portal de Not\u00edcias","potentialAction":[{"@type":"SearchAction","target":{"@type":"EntryPoint","urlTemplate":"https:\/\/aconteceunovale.com.br\/portal\/?s={search_term_string}"},"query-input":{"@type":"PropertyValueSpecification","valueRequired":true,"valueName":"search_term_string"}}],"inLanguage":"pt-BR"},{"@type":"Person","@id":"https:\/\/aconteceunovale.com.br\/portal\/#\/schema\/person\/633529146f2c94272bef50ac2953d589","name":"Aconteceu no Vale","description":"Equipe de reportagem do Aconteceu no Vale, portal de not\u00edcias do Vale do Jequitinhonha, em Minas Gerais. Cobrimos as 51 cidades do Vale desde 2013. Sugest\u00f5es de pauta e pedidos de corre\u00e7\u00e3o: contato@aconteceunovale.com.br","sameAs":["http:\/\/www.aconteceunovale.com.br"],"url":"https:\/\/aconteceunovale.com.br\/portal\/?author=1"}]}},"_links":{"self":[{"href":"https:\/\/aconteceunovale.com.br\/portal\/index.php?rest_route=\/wp\/v2\/posts\/15325","targetHints":{"allow":["GET"]}}],"collection":[{"href":"https:\/\/aconteceunovale.com.br\/portal\/index.php?rest_route=\/wp\/v2\/posts"}],"about":[{"href":"https:\/\/aconteceunovale.com.br\/portal\/index.php?rest_route=\/wp\/v2\/types\/post"}],"author":[{"embeddable":true,"href":"https:\/\/aconteceunovale.com.br\/portal\/index.php?rest_route=\/wp\/v2\/users\/1"}],"replies":[{"embeddable":true,"href":"https:\/\/aconteceunovale.com.br\/portal\/index.php?rest_route=%2Fwp%2Fv2%2Fcomments&post=15325"}],"version-history":[{"count":1,"href":"https:\/\/aconteceunovale.com.br\/portal\/index.php?rest_route=\/wp\/v2\/posts\/15325\/revisions"}],"predecessor-version":[{"id":200121,"href":"https:\/\/aconteceunovale.com.br\/portal\/index.php?rest_route=\/wp\/v2\/posts\/15325\/revisions\/200121"}],"wp:featuredmedia":[{"embeddable":true,"href":"https:\/\/aconteceunovale.com.br\/portal\/index.php?rest_route=\/wp\/v2\/media\/15326"}],"wp:attachment":[{"href":"https:\/\/aconteceunovale.com.br\/portal\/index.php?rest_route=%2Fwp%2Fv2%2Fmedia&parent=15325"}],"wp:term":[{"taxonomy":"category","embeddable":true,"href":"https:\/\/aconteceunovale.com.br\/portal\/index.php?rest_route=%2Fwp%2Fv2%2Fcategories&post=15325"},{"taxonomy":"post_tag","embeddable":true,"href":"https:\/\/aconteceunovale.com.br\/portal\/index.php?rest_route=%2Fwp%2Fv2%2Ftags&post=15325"}],"curies":[{"name":"wp","href":"https:\/\/api.w.org\/{rel}","templated":true}]}}